{"id":8469,"date":"2022-01-03T01:02:24","date_gmt":"2022-01-03T01:02:24","guid":{"rendered":"http:\/\/teatinos.org\/?p=8469"},"modified":"2022-01-03T01:02:24","modified_gmt":"2022-01-03T01:02:24","slug":"morte-do-pe-antonio-domenech-c-r","status":"publish","type":"post","link":"https:\/\/teatinos.org\/pt-br\/morte-do-pe-antonio-domenech-c-r\/","title":{"rendered":"Morte do Pe. Antonio Dom\u00e9nech, C.R."},"content":{"rendered":"<h3 style=\"text-align: center;\">Morte<br \/>\ndo Pe. Antonio Dom\u00e9nech, C.R.<\/h3>\n<p>Comunica\u00e7\u00e3o feita pelo Secret\u00e1rio Provincial dos Cl\u00e9rigos Regulares Teatinos da Espanha, R.P. Francisco Javier Delgado Delgado, C.R., em 2 de janeiro de 2022.<\/p>\n<p>Estimados Pais,<br \/>\nMais uma vez, escrevo para informar que nosso querido Pe. Antonio Mar\u00eda Dom\u00e9nech Font, C.R. ele partiu para a Casa do Pai.<br \/>\nUnamo-nos na ora\u00e7\u00e3o pela sua P\u00e1scoa eterna e pelo conforto e for\u00e7a no Cristo Ressuscitado para a nossa Comunidade, a sua fam\u00edlia e os amigos.<\/p>\n<p>Quando tudo estiver organizado, daremos mais informa\u00e7\u00f5es sobre o funeral e o sepultamento.<\/p>\n<p>Em anexo, um pequeno perfil de sua vida.<\/p>\n<p>Unidos em ora\u00e7\u00e3o.<br \/>\n&#8212;&#8212;&#8212;&#8212;&#8211;<br \/>\n<strong>Breve esbo\u00e7o da vida do Pe. Antonio Mar\u00eda Dom\u00e9nech Font, C.R.<\/strong><br \/>\nPadre Antonio Mar\u00eda Dom\u00e9nech Font, C.R. filho do sr. Jos\u00e9 e a Sra. Mar\u00eda nasceram em Cambrils (Tarragona) em 8 de maio de 1940.<br \/>\nIniciou o noviciado em 13 de setembro de 1992 na Casa de Nossa Senhora de Casta\u00f1ar de B\u00e9jar (Salamanca) e, nesta mesma casa, em 16 de outubro de 1993 emitiu a Primeira Profiss\u00e3o Religiosa. Em novembro de 1994 foi designado para a Casa de San Alfonso de Felanitx (Maiorca). Ent\u00e3o, em agosto de 1996, ele foi designado para a Casa de S\u00e3o Caetano em Madrid. Em 29 de novembro de 1998, foi ordenado di\u00e1cono permanente na Casa de Morlupo (It\u00e1lia). Em 30 de setembro de 2000, recebeu o sacramento do Presbit\u00e9rio na par\u00f3quia Virgen de la Providencia e S\u00e3o Caetano em Madrid.<br \/>\nDepois da ordena\u00e7\u00e3o sacerdotal, foi destinado \u00e0 Casa de S\u00e5o Alberto Magno em Cali (Col\u00f4mbia) para exercer o minist\u00e9rio sacerdotal e colaborar na grande atividade pastoral e social que a Comunidade havia come\u00e7ado a desenvolver nesta cidade. L\u00e1 permaneceu at\u00e9 2019, ano em que teve que se mudar para a Casa de S\u00e3o Caetano em Madrid devido a problemas de sa\u00fade.<\/p>\n<p>Francisco Javier Delgado Delgado, C.R.<br \/>\nSecret\u00e1rio Provincial<\/p>\n<hr \/>\n<p><a href=\"http:\/\/teatinos.org\/wp-content\/uploads\/2022\/01\/P.-Antonio-Maria-Domenech-Font-C.R.-.jpg\"><img loading=\"lazy\" decoding=\"async\" class=\"alignnone size-full wp-image-8460\" src=\"http:\/\/teatinos.org\/wp-content\/uploads\/2022\/01\/P.-Antonio-Maria-Domenech-Font-C.R.-.jpg\" alt=\"\" width=\"960\" height=\"640\" \/><\/a><\/p>\n","protected":false},"excerpt":{"rendered":"<p>Morte do Pe. Antonio Dom\u00e9nech, C.R. Comunica\u00e7\u00e3o feita pelo Secret\u00e1rio Provincial dos Cl\u00e9rigos Regulares Teatinos da Espanha, R.P. Francisco Javier Delgado Delgado, C.R., em 2 de janeiro de 2022. Estimados Pais, Mais uma vez, escrevo para informar que nosso querido Pe. Antonio Mar\u00eda Dom\u00e9nech Font, C.R. ele partiu para a&hellip;<\/p>\n","protected":false},"author":5,"featured_media":8465,"comment_status":"closed","ping_status":"open","sticky":false,"template":"","format":"standard","meta":{"_acf_changed":false,"footnotes":"","_links_to":"","_links_to_target":""},"categories":[49],"tags":[],"class_list":["post-8469","post","type-post","status-publish","format-standard","has-post-thumbnail","hentry","category-noticias"],"acf":[],"yoast_head":"<!-- This site is optimized with the Yoast SEO plugin v23.5 - https:\/\/yoast.com\/wordpress\/plugins\/seo\/ -->\n<title>Morte do Pe. Antonio Dom\u00e9nech, C.R. - Teatinos<\/title>\n<meta name=\"robots\" content=\"index, follow, max-snippet:-1, max-image-preview:large, max-video-preview:-1\" \/>\n<link rel=\"canonical\" href=\"https:\/\/teatinos.org\/pt-br\/morte-do-pe-antonio-domenech-c-r\/\" \/>\n<meta property=\"og:locale\" content=\"pt_BR\" \/>\n<meta property=\"og:type\" content=\"article\" \/>\n<meta property=\"og:title\" content=\"Morte do Pe. Antonio Dom\u00e9nech, C.R. - Teatinos\" \/>\n<meta property=\"og:description\" content=\"Morte do Pe. Antonio Dom\u00e9nech, C.R. Comunica\u00e7\u00e3o feita pelo Secret\u00e1rio Provincial dos Cl\u00e9rigos Regulares Teatinos da Espanha, R.P. Francisco Javier Delgado Delgado, C.R., em 2 de janeiro de 2022. Estimados Pais, Mais uma vez, escrevo para informar que nosso querido Pe. Antonio Mar\u00eda Dom\u00e9nech Font, C.R. ele partiu para a&hellip;\" \/>\n<meta property=\"og:url\" content=\"https:\/\/teatinos.org\/pt-br\/morte-do-pe-antonio-domenech-c-r\/\" \/>\n<meta property=\"og:site_name\" content=\"Teatinos\" \/>\n<meta property=\"article:published_time\" content=\"2022-01-03T01:02:24+00:00\" \/>\n<meta property=\"og:image\" content=\"https:\/\/teatinos.org\/wp-content\/uploads\/2022\/01\/P.-Antonio-Maria-Domenech-Font-C.R.-2022.png\" \/>\n\t<meta property=\"og:image:width\" content=\"1080\" \/>\n\t<meta property=\"og:image:height\" content=\"1080\" \/>\n\t<meta property=\"og:image:type\" content=\"image\/png\" \/>\n<meta name=\"author\" content=\"Community Manager\" \/>\n<meta name=\"twitter:card\" content=\"summary_large_image\" \/>\n<meta name=\"twitter:label1\" content=\"Escrito por\" \/>\n\t<meta name=\"twitter:data1\" content=\"Community Manager\" \/>\n\t<meta name=\"twitter:label2\" content=\"Est. tempo de leitura\" \/>\n\t<meta name=\"twitter:data2\" content=\"2 minutos\" \/>\n<script type=\"application\/ld+json\" class=\"yoast-schema-graph\">{\"@context\":\"https:\/\/schema.org\",\"@graph\":[{\"@type\":\"WebPage\",\"@id\":\"https:\/\/teatinos.org\/pt-br\/morte-do-pe-antonio-domenech-c-r\/\",\"url\":\"https:\/\/teatinos.org\/pt-br\/morte-do-pe-antonio-domenech-c-r\/\",\"name\":\"Morte do Pe. Antonio Dom\u00e9nech, C.R. - Teatinos\",\"isPartOf\":{\"@id\":\"https:\/\/teatinos.org\/pt-br\/#website\"},\"primaryImageOfPage\":{\"@id\":\"https:\/\/teatinos.org\/pt-br\/morte-do-pe-antonio-domenech-c-r\/#primaryimage\"},\"image\":{\"@id\":\"https:\/\/teatinos.org\/pt-br\/morte-do-pe-antonio-domenech-c-r\/#primaryimage\"},\"thumbnailUrl\":\"https:\/\/teatinos.org\/wp-content\/uploads\/2022\/01\/P.-Antonio-Maria-Domenech-Font-C.R.-2022.png\",\"datePublished\":\"2022-01-03T01:02:24+00:00\",\"dateModified\":\"2022-01-03T01:02:24+00:00\",\"author\":{\"@id\":\"https:\/\/teatinos.org\/pt-br\/#\/schema\/person\/10193cb8ac6f163661033cf7ce9006a5\"},\"breadcrumb\":{\"@id\":\"https:\/\/teatinos.org\/pt-br\/morte-do-pe-antonio-domenech-c-r\/#breadcrumb\"},\"inLanguage\":\"pt-BR\",\"potentialAction\":[{\"@type\":\"ReadAction\",\"target\":[\"https:\/\/teatinos.org\/pt-br\/morte-do-pe-antonio-domenech-c-r\/\"]}]},{\"@type\":\"ImageObject\",\"inLanguage\":\"pt-BR\",\"@id\":\"https:\/\/teatinos.org\/pt-br\/morte-do-pe-antonio-domenech-c-r\/#primaryimage\",\"url\":\"https:\/\/teatinos.org\/wp-content\/uploads\/2022\/01\/P.-Antonio-Maria-Domenech-Font-C.R.-2022.png\",\"contentUrl\":\"https:\/\/teatinos.org\/wp-content\/uploads\/2022\/01\/P.-Antonio-Maria-Domenech-Font-C.R.-2022.png\",\"width\":1080,\"height\":1080},{\"@type\":\"BreadcrumbList\",\"@id\":\"https:\/\/teatinos.org\/pt-br\/morte-do-pe-antonio-domenech-c-r\/#breadcrumb\",\"itemListElement\":[{\"@type\":\"ListItem\",\"position\":1,\"name\":\"Portada\",\"item\":\"https:\/\/teatinos.org\/pt-br\/\"},{\"@type\":\"ListItem\",\"position\":2,\"name\":\"Morte do Pe. Antonio Dom\u00e9nech, C.R.\"}]},{\"@type\":\"WebSite\",\"@id\":\"https:\/\/teatinos.org\/pt-br\/#website\",\"url\":\"https:\/\/teatinos.org\/pt-br\/\",\"name\":\"Teatinos\",\"description\":\"Orden de Cl\u00e9rigos Regulares\",\"potentialAction\":[{\"@type\":\"SearchAction\",\"target\":{\"@type\":\"EntryPoint\",\"urlTemplate\":\"https:\/\/teatinos.org\/pt-br\/?s={search_term_string}\"},\"query-input\":{\"@type\":\"PropertyValueSpecification\",\"valueRequired\":true,\"valueName\":\"search_term_string\"}}],\"inLanguage\":\"pt-BR\"},{\"@type\":\"Person\",\"@id\":\"https:\/\/teatinos.org\/pt-br\/#\/schema\/person\/10193cb8ac6f163661033cf7ce9006a5\",\"name\":\"Community Manager\",\"url\":\"https:\/\/teatinos.org\/pt-br\/author\/pascual\/\"}]}<\/script>\n<!-- \/ Yoast SEO plugin. -->","yoast_head_json":{"title":"Morte do Pe. Antonio Dom\u00e9nech, C.R. - Teatinos","robots":{"index":"index","follow":"follow","max-snippet":"max-snippet:-1","max-image-preview":"max-image-preview:large","max-video-preview":"max-video-preview:-1"},"canonical":"https:\/\/teatinos.org\/pt-br\/morte-do-pe-antonio-domenech-c-r\/","og_locale":"pt_BR","og_type":"article","og_title":"Morte do Pe. Antonio Dom\u00e9nech, C.R. - Teatinos","og_description":"Morte do Pe. Antonio Dom\u00e9nech, C.R. Comunica\u00e7\u00e3o feita pelo Secret\u00e1rio Provincial dos Cl\u00e9rigos Regulares Teatinos da Espanha, R.P. Francisco Javier Delgado Delgado, C.R., em 2 de janeiro de 2022. Estimados Pais, Mais uma vez, escrevo para informar que nosso querido Pe. Antonio Mar\u00eda Dom\u00e9nech Font, C.R. ele partiu para a&hellip;","og_url":"https:\/\/teatinos.org\/pt-br\/morte-do-pe-antonio-domenech-c-r\/","og_site_name":"Teatinos","article_published_time":"2022-01-03T01:02:24+00:00","og_image":[{"width":1080,"height":1080,"url":"https:\/\/teatinos.org\/wp-content\/uploads\/2022\/01\/P.-Antonio-Maria-Domenech-Font-C.R.-2022.png","type":"image\/png"}],"author":"Community Manager","twitter_card":"summary_large_image","twitter_misc":{"Escrito por":"Community Manager","Est. tempo de leitura":"2 minutos"},"schema":{"@context":"https:\/\/schema.org","@graph":[{"@type":"WebPage","@id":"https:\/\/teatinos.org\/pt-br\/morte-do-pe-antonio-domenech-c-r\/","url":"https:\/\/teatinos.org\/pt-br\/morte-do-pe-antonio-domenech-c-r\/","name":"Morte do Pe. Antonio Dom\u00e9nech, C.R. - Teatinos","isPartOf":{"@id":"https:\/\/teatinos.org\/pt-br\/#website"},"primaryImageOfPage":{"@id":"https:\/\/teatinos.org\/pt-br\/morte-do-pe-antonio-domenech-c-r\/#primaryimage"},"image":{"@id":"https:\/\/teatinos.org\/pt-br\/morte-do-pe-antonio-domenech-c-r\/#primaryimage"},"thumbnailUrl":"https:\/\/teatinos.org\/wp-content\/uploads\/2022\/01\/P.-Antonio-Maria-Domenech-Font-C.R.-2022.png","datePublished":"2022-01-03T01:02:24+00:00","dateModified":"2022-01-03T01:02:24+00:00","author":{"@id":"https:\/\/teatinos.org\/pt-br\/#\/schema\/person\/10193cb8ac6f163661033cf7ce9006a5"},"breadcrumb":{"@id":"https:\/\/teatinos.org\/pt-br\/morte-do-pe-antonio-domenech-c-r\/#breadcrumb"},"inLanguage":"pt-BR","potentialAction":[{"@type":"ReadAction","target":["https:\/\/teatinos.org\/pt-br\/morte-do-pe-antonio-domenech-c-r\/"]}]},{"@type":"ImageObject","inLanguage":"pt-BR","@id":"https:\/\/teatinos.org\/pt-br\/morte-do-pe-antonio-domenech-c-r\/#primaryimage","url":"https:\/\/teatinos.org\/wp-content\/uploads\/2022\/01\/P.-Antonio-Maria-Domenech-Font-C.R.-2022.png","contentUrl":"https:\/\/teatinos.org\/wp-content\/uploads\/2022\/01\/P.-Antonio-Maria-Domenech-Font-C.R.-2022.png","width":1080,"height":1080},{"@type":"BreadcrumbList","@id":"https:\/\/teatinos.org\/pt-br\/morte-do-pe-antonio-domenech-c-r\/#breadcrumb","itemListElement":[{"@type":"ListItem","position":1,"name":"Portada","item":"https:\/\/teatinos.org\/pt-br\/"},{"@type":"ListItem","position":2,"name":"Morte do Pe. Antonio Dom\u00e9nech, C.R."}]},{"@type":"WebSite","@id":"https:\/\/teatinos.org\/pt-br\/#website","url":"https:\/\/teatinos.org\/pt-br\/","name":"Teatinos","description":"Orden de Cl\u00e9rigos Regulares","potentialAction":[{"@type":"SearchAction","target":{"@type":"EntryPoint","urlTemplate":"https:\/\/teatinos.org\/pt-br\/?s={search_term_string}"},"query-input":{"@type":"PropertyValueSpecification","valueRequired":true,"valueName":"search_term_string"}}],"inLanguage":"pt-BR"},{"@type":"Person","@id":"https:\/\/teatinos.org\/pt-br\/#\/schema\/person\/10193cb8ac6f163661033cf7ce9006a5","name":"Community Manager","url":"https:\/\/teatinos.org\/pt-br\/author\/pascual\/"}]}},"rttpg_featured_image_url":{"full":["https:\/\/teatinos.org\/wp-content\/uploads\/2022\/01\/P.-Antonio-Maria-Domenech-Font-C.R.-2022.png",1080,1080,false],"landscape":["https:\/\/teatinos.org\/wp-content\/uploads\/2022\/01\/P.-Antonio-Maria-Domenech-Font-C.R.-2022.png",1080,1080,false],"portraits":["https:\/\/teatinos.org\/wp-content\/uploads\/2022\/01\/P.-Antonio-Maria-Domenech-Font-C.R.-2022.png",1080,1080,false],"thumbnail":["https:\/\/teatinos.org\/wp-content\/uploads\/2022\/01\/P.-Antonio-Maria-Domenech-Font-C.R.-2022-150x150.png",150,150,true],"medium":["https:\/\/teatinos.org\/wp-content\/uploads\/2022\/01\/P.-Antonio-Maria-Domenech-Font-C.R.-2022-300x300.png",300,300,true],"large":["https:\/\/teatinos.org\/wp-content\/uploads\/2022\/01\/P.-Antonio-Maria-Domenech-Font-C.R.-2022-1024x1024.png",1000,1000,true],"1536x1536":["https:\/\/teatinos.org\/wp-content\/uploads\/2022\/01\/P.-Antonio-Maria-Domenech-Font-C.R.-2022.png",1080,1080,false],"2048x2048":["https:\/\/teatinos.org\/wp-content\/uploads\/2022\/01\/P.-Antonio-Maria-Domenech-Font-C.R.-2022.png",1080,1080,false]},"rttpg_author":{"display_name":"Community Manager","author_link":"https:\/\/teatinos.org\/pt-br\/author\/pascual\/"},"rttpg_comment":0,"rttpg_category":"<a href=\"https:\/\/teatinos.org\/pt-br\/category\/noticias\/\" rel=\"category tag\">Not\u00edcias<\/a>","rttpg_excerpt":"Morte do Pe. Antonio Dom\u00e9nech, C.R. Comunica\u00e7\u00e3o feita pelo Secret\u00e1rio Provincial dos Cl\u00e9rigos Regulares Teatinos da Espanha, R.P. Francisco Javier Delgado Delgado, C.R., em 2 de janeiro de 2022. Estimados Pais, Mais uma vez, escrevo para informar que nosso querido Pe. Antonio Mar\u00eda Dom\u00e9nech Font, C.R. ele partiu para a&hellip;","_links":{"self":[{"href":"https:\/\/teatinos.org\/pt-br\/wp-json\/wp\/v2\/posts\/8469","targetHints":{"allow":["GET"]}}],"collection":[{"href":"https:\/\/teatinos.org\/pt-br\/wp-json\/wp\/v2\/posts"}],"about":[{"href":"https:\/\/teatinos.org\/pt-br\/wp-json\/wp\/v2\/types\/post"}],"author":[{"embeddable":true,"href":"https:\/\/teatinos.org\/pt-br\/wp-json\/wp\/v2\/users\/5"}],"replies":[{"embeddable":true,"href":"https:\/\/teatinos.org\/pt-br\/wp-json\/wp\/v2\/comments?post=8469"}],"version-history":[{"count":1,"href":"https:\/\/teatinos.org\/pt-br\/wp-json\/wp\/v2\/posts\/8469\/revisions"}],"predecessor-version":[{"id":8470,"href":"https:\/\/teatinos.org\/pt-br\/wp-json\/wp\/v2\/posts\/8469\/revisions\/8470"}],"wp:featuredmedia":[{"embeddable":true,"href":"https:\/\/teatinos.org\/pt-br\/wp-json\/wp\/v2\/media\/8465"}],"wp:attachment":[{"href":"https:\/\/teatinos.org\/pt-br\/wp-json\/wp\/v2\/media?parent=8469"}],"wp:term":[{"taxonomy":"category","embeddable":true,"href":"https:\/\/teatinos.org\/pt-br\/wp-json\/wp\/v2\/categories?post=8469"},{"taxonomy":"post_tag","embeddable":true,"href":"https:\/\/teatinos.org\/pt-br\/wp-json\/wp\/v2\/tags?post=8469"}],"curies":[{"name":"wp","href":"https:\/\/api.w.org\/{rel}","templated":true}]}}