{"id":6476,"date":"2020-12-05T15:12:48","date_gmt":"2020-12-05T15:12:48","guid":{"rendered":"http:\/\/teatinos.org\/?p=6476"},"modified":"2020-12-05T15:12:48","modified_gmt":"2020-12-05T15:12:48","slug":"2o-domingo-do-advento-reflexoes-fortalecidas-pelo-amor","status":"publish","type":"post","link":"https:\/\/teatinos.org\/pt-br\/2o-domingo-do-advento-reflexoes-fortalecidas-pelo-amor\/","title":{"rendered":"2\u00ba Domingo do Advento &#8211; Reflex\u00f5es fortalecidas pelo amor"},"content":{"rendered":"<p>Olhando para o futuro, iluminados pela f\u00e9, fortalecidos pelo amor, pela miseric\u00f3rdia de Nosso Senhor Jesus Cristo, e com um grande olhar na esperan\u00e7a de algo novo, diferente, melhor. Acompanhamos nossa Fam\u00edlia Teatina nestes tempos dif\u00edceis. Preparando-nos para viver o Natal, a chegada do Salvador na unidade de cada casa.<\/p>\n<p>O Di\u00e1cono Jo\u00e3o Victor Dos Santos Silva, C.R., convida-nos a reflectir sobre o 2\u00ba Domingo do Advento.<\/p>\n<p><a href=\"http:\/\/teatinos.org\/wp-content\/uploads\/2020\/12\/2do-Adviento-Joao-Victor.png\"><img loading=\"lazy\" decoding=\"async\" class=\"alignnone size-full wp-image-6455\" src=\"http:\/\/teatinos.org\/wp-content\/uploads\/2020\/12\/2do-Adviento-Joao-Victor.png\" alt=\"\" width=\"1196\" height=\"1710\" \/><\/a><\/p>\n<p>Voc\u00ea pode baixar o documento clicando no seguinte link: <a href=\"http:\/\/teatinos.org\/wp-content\/uploads\/2020\/12\/Reflex\u00e3o-2\u00b0-domingo-do-Advento-06.12.2020.pdf\">Reflex\u00e3o 2\u00b0 domingo do Advento &#8211; 06.12.2020<\/a><\/p>\n<p>Unidos em ora\u00e7\u00e3o,<br \/>\nOrdem dos Cl\u00e9rigos Regulares dos Teatinos<\/p>\n","protected":false},"excerpt":{"rendered":"<p>Olhando para o futuro, iluminados pela f\u00e9, fortalecidos pelo amor, pela miseric\u00f3rdia de Nosso Senhor Jesus Cristo, e com um grande olhar na esperan\u00e7a de algo novo, diferente, melhor. Acompanhamos nossa Fam\u00edlia Teatina nestes tempos dif\u00edceis. Preparando-nos para viver o Natal, a chegada do Salvador na unidade de cada casa.&hellip;<\/p>\n","protected":false},"author":5,"featured_media":6470,"comment_status":"closed","ping_status":"open","sticky":false,"template":"","format":"standard","meta":{"_acf_changed":false,"footnotes":"","_links_to":"","_links_to_target":""},"categories":[49],"tags":[],"class_list":["post-6476","post","type-post","status-publish","format-standard","has-post-thumbnail","hentry","category-noticias"],"acf":[],"yoast_head":"<!-- This site is optimized with the Yoast SEO plugin v23.5 - https:\/\/yoast.com\/wordpress\/plugins\/seo\/ -->\n<title>2\u00ba Domingo do Advento - Reflex\u00f5es fortalecidas pelo amor - Teatinos<\/title>\n<meta name=\"robots\" content=\"index, follow, max-snippet:-1, max-image-preview:large, max-video-preview:-1\" \/>\n<link rel=\"canonical\" href=\"https:\/\/teatinos.org\/pt-br\/2o-domingo-do-advento-reflexoes-fortalecidas-pelo-amor\/\" \/>\n<meta property=\"og:locale\" content=\"pt_BR\" \/>\n<meta property=\"og:type\" content=\"article\" \/>\n<meta property=\"og:title\" content=\"2\u00ba Domingo do Advento - Reflex\u00f5es fortalecidas pelo amor - Teatinos\" \/>\n<meta property=\"og:description\" content=\"Olhando para o futuro, iluminados pela f\u00e9, fortalecidos pelo amor, pela miseric\u00f3rdia de Nosso Senhor Jesus Cristo, e com um grande olhar na esperan\u00e7a de algo novo, diferente, melhor. Acompanhamos nossa Fam\u00edlia Teatina nestes tempos dif\u00edceis. Preparando-nos para viver o Natal, a chegada do Salvador na unidade de cada casa.&hellip;\" \/>\n<meta property=\"og:url\" content=\"https:\/\/teatinos.org\/pt-br\/2o-domingo-do-advento-reflexoes-fortalecidas-pelo-amor\/\" \/>\n<meta property=\"og:site_name\" content=\"Teatinos\" \/>\n<meta property=\"article:published_time\" content=\"2020-12-05T15:12:48+00:00\" \/>\n<meta property=\"og:image\" content=\"https:\/\/teatinos.org\/wp-content\/uploads\/2020\/12\/2-Adviento-JoaoVictor-2020.png\" \/>\n\t<meta property=\"og:image:width\" content=\"1080\" \/>\n\t<meta property=\"og:image:height\" content=\"1080\" \/>\n\t<meta property=\"og:image:type\" content=\"image\/png\" \/>\n<meta name=\"author\" content=\"Community Manager\" \/>\n<meta name=\"twitter:card\" content=\"summary_large_image\" \/>\n<meta name=\"twitter:label1\" content=\"Escrito por\" \/>\n\t<meta name=\"twitter:data1\" content=\"Community Manager\" \/>\n<script type=\"application\/ld+json\" class=\"yoast-schema-graph\">{\"@context\":\"https:\/\/schema.org\",\"@graph\":[{\"@type\":\"WebPage\",\"@id\":\"https:\/\/teatinos.org\/pt-br\/2o-domingo-do-advento-reflexoes-fortalecidas-pelo-amor\/\",\"url\":\"https:\/\/teatinos.org\/pt-br\/2o-domingo-do-advento-reflexoes-fortalecidas-pelo-amor\/\",\"name\":\"2\u00ba Domingo do Advento - Reflex\u00f5es fortalecidas pelo amor - Teatinos\",\"isPartOf\":{\"@id\":\"https:\/\/teatinos.org\/pt-br\/#website\"},\"primaryImageOfPage\":{\"@id\":\"https:\/\/teatinos.org\/pt-br\/2o-domingo-do-advento-reflexoes-fortalecidas-pelo-amor\/#primaryimage\"},\"image\":{\"@id\":\"https:\/\/teatinos.org\/pt-br\/2o-domingo-do-advento-reflexoes-fortalecidas-pelo-amor\/#primaryimage\"},\"thumbnailUrl\":\"https:\/\/teatinos.org\/wp-content\/uploads\/2020\/12\/2-Adviento-JoaoVictor-2020.png\",\"datePublished\":\"2020-12-05T15:12:48+00:00\",\"dateModified\":\"2020-12-05T15:12:48+00:00\",\"author\":{\"@id\":\"https:\/\/teatinos.org\/pt-br\/#\/schema\/person\/10193cb8ac6f163661033cf7ce9006a5\"},\"breadcrumb\":{\"@id\":\"https:\/\/teatinos.org\/pt-br\/2o-domingo-do-advento-reflexoes-fortalecidas-pelo-amor\/#breadcrumb\"},\"inLanguage\":\"pt-BR\",\"potentialAction\":[{\"@type\":\"ReadAction\",\"target\":[\"https:\/\/teatinos.org\/pt-br\/2o-domingo-do-advento-reflexoes-fortalecidas-pelo-amor\/\"]}]},{\"@type\":\"ImageObject\",\"inLanguage\":\"pt-BR\",\"@id\":\"https:\/\/teatinos.org\/pt-br\/2o-domingo-do-advento-reflexoes-fortalecidas-pelo-amor\/#primaryimage\",\"url\":\"https:\/\/teatinos.org\/wp-content\/uploads\/2020\/12\/2-Adviento-JoaoVictor-2020.png\",\"contentUrl\":\"https:\/\/teatinos.org\/wp-content\/uploads\/2020\/12\/2-Adviento-JoaoVictor-2020.png\",\"width\":1080,\"height\":1080},{\"@type\":\"BreadcrumbList\",\"@id\":\"https:\/\/teatinos.org\/pt-br\/2o-domingo-do-advento-reflexoes-fortalecidas-pelo-amor\/#breadcrumb\",\"itemListElement\":[{\"@type\":\"ListItem\",\"position\":1,\"name\":\"Portada\",\"item\":\"https:\/\/teatinos.org\/pt-br\/\"},{\"@type\":\"ListItem\",\"position\":2,\"name\":\"2\u00ba Domingo do Advento &#8211; Reflex\u00f5es fortalecidas pelo amor\"}]},{\"@type\":\"WebSite\",\"@id\":\"https:\/\/teatinos.org\/pt-br\/#website\",\"url\":\"https:\/\/teatinos.org\/pt-br\/\",\"name\":\"Teatinos\",\"description\":\"Orden de Cl\u00e9rigos Regulares\",\"potentialAction\":[{\"@type\":\"SearchAction\",\"target\":{\"@type\":\"EntryPoint\",\"urlTemplate\":\"https:\/\/teatinos.org\/pt-br\/?s={search_term_string}\"},\"query-input\":{\"@type\":\"PropertyValueSpecification\",\"valueRequired\":true,\"valueName\":\"search_term_string\"}}],\"inLanguage\":\"pt-BR\"},{\"@type\":\"Person\",\"@id\":\"https:\/\/teatinos.org\/pt-br\/#\/schema\/person\/10193cb8ac6f163661033cf7ce9006a5\",\"name\":\"Community Manager\",\"url\":\"https:\/\/teatinos.org\/pt-br\/author\/pascual\/\"}]}<\/script>\n<!-- \/ Yoast SEO plugin. -->","yoast_head_json":{"title":"2\u00ba Domingo do Advento - Reflex\u00f5es fortalecidas pelo amor - Teatinos","robots":{"index":"index","follow":"follow","max-snippet":"max-snippet:-1","max-image-preview":"max-image-preview:large","max-video-preview":"max-video-preview:-1"},"canonical":"https:\/\/teatinos.org\/pt-br\/2o-domingo-do-advento-reflexoes-fortalecidas-pelo-amor\/","og_locale":"pt_BR","og_type":"article","og_title":"2\u00ba Domingo do Advento - Reflex\u00f5es fortalecidas pelo amor - Teatinos","og_description":"Olhando para o futuro, iluminados pela f\u00e9, fortalecidos pelo amor, pela miseric\u00f3rdia de Nosso Senhor Jesus Cristo, e com um grande olhar na esperan\u00e7a de algo novo, diferente, melhor. Acompanhamos nossa Fam\u00edlia Teatina nestes tempos dif\u00edceis. Preparando-nos para viver o Natal, a chegada do Salvador na unidade de cada casa.&hellip;","og_url":"https:\/\/teatinos.org\/pt-br\/2o-domingo-do-advento-reflexoes-fortalecidas-pelo-amor\/","og_site_name":"Teatinos","article_published_time":"2020-12-05T15:12:48+00:00","og_image":[{"width":1080,"height":1080,"url":"https:\/\/teatinos.org\/wp-content\/uploads\/2020\/12\/2-Adviento-JoaoVictor-2020.png","type":"image\/png"}],"author":"Community Manager","twitter_card":"summary_large_image","twitter_misc":{"Escrito por":"Community Manager"},"schema":{"@context":"https:\/\/schema.org","@graph":[{"@type":"WebPage","@id":"https:\/\/teatinos.org\/pt-br\/2o-domingo-do-advento-reflexoes-fortalecidas-pelo-amor\/","url":"https:\/\/teatinos.org\/pt-br\/2o-domingo-do-advento-reflexoes-fortalecidas-pelo-amor\/","name":"2\u00ba Domingo do Advento - Reflex\u00f5es fortalecidas pelo amor - Teatinos","isPartOf":{"@id":"https:\/\/teatinos.org\/pt-br\/#website"},"primaryImageOfPage":{"@id":"https:\/\/teatinos.org\/pt-br\/2o-domingo-do-advento-reflexoes-fortalecidas-pelo-amor\/#primaryimage"},"image":{"@id":"https:\/\/teatinos.org\/pt-br\/2o-domingo-do-advento-reflexoes-fortalecidas-pelo-amor\/#primaryimage"},"thumbnailUrl":"https:\/\/teatinos.org\/wp-content\/uploads\/2020\/12\/2-Adviento-JoaoVictor-2020.png","datePublished":"2020-12-05T15:12:48+00:00","dateModified":"2020-12-05T15:12:48+00:00","author":{"@id":"https:\/\/teatinos.org\/pt-br\/#\/schema\/person\/10193cb8ac6f163661033cf7ce9006a5"},"breadcrumb":{"@id":"https:\/\/teatinos.org\/pt-br\/2o-domingo-do-advento-reflexoes-fortalecidas-pelo-amor\/#breadcrumb"},"inLanguage":"pt-BR","potentialAction":[{"@type":"ReadAction","target":["https:\/\/teatinos.org\/pt-br\/2o-domingo-do-advento-reflexoes-fortalecidas-pelo-amor\/"]}]},{"@type":"ImageObject","inLanguage":"pt-BR","@id":"https:\/\/teatinos.org\/pt-br\/2o-domingo-do-advento-reflexoes-fortalecidas-pelo-amor\/#primaryimage","url":"https:\/\/teatinos.org\/wp-content\/uploads\/2020\/12\/2-Adviento-JoaoVictor-2020.png","contentUrl":"https:\/\/teatinos.org\/wp-content\/uploads\/2020\/12\/2-Adviento-JoaoVictor-2020.png","width":1080,"height":1080},{"@type":"BreadcrumbList","@id":"https:\/\/teatinos.org\/pt-br\/2o-domingo-do-advento-reflexoes-fortalecidas-pelo-amor\/#breadcrumb","itemListElement":[{"@type":"ListItem","position":1,"name":"Portada","item":"https:\/\/teatinos.org\/pt-br\/"},{"@type":"ListItem","position":2,"name":"2\u00ba Domingo do Advento &#8211; Reflex\u00f5es fortalecidas pelo amor"}]},{"@type":"WebSite","@id":"https:\/\/teatinos.org\/pt-br\/#website","url":"https:\/\/teatinos.org\/pt-br\/","name":"Teatinos","description":"Orden de Cl\u00e9rigos Regulares","potentialAction":[{"@type":"SearchAction","target":{"@type":"EntryPoint","urlTemplate":"https:\/\/teatinos.org\/pt-br\/?s={search_term_string}"},"query-input":{"@type":"PropertyValueSpecification","valueRequired":true,"valueName":"search_term_string"}}],"inLanguage":"pt-BR"},{"@type":"Person","@id":"https:\/\/teatinos.org\/pt-br\/#\/schema\/person\/10193cb8ac6f163661033cf7ce9006a5","name":"Community Manager","url":"https:\/\/teatinos.org\/pt-br\/author\/pascual\/"}]}},"rttpg_featured_image_url":{"full":["https:\/\/teatinos.org\/wp-content\/uploads\/2020\/12\/2-Adviento-JoaoVictor-2020.png",1080,1080,false],"landscape":["https:\/\/teatinos.org\/wp-content\/uploads\/2020\/12\/2-Adviento-JoaoVictor-2020.png",1080,1080,false],"portraits":["https:\/\/teatinos.org\/wp-content\/uploads\/2020\/12\/2-Adviento-JoaoVictor-2020.png",1080,1080,false],"thumbnail":["https:\/\/teatinos.org\/wp-content\/uploads\/2020\/12\/2-Adviento-JoaoVictor-2020-150x150.png",150,150,true],"medium":["https:\/\/teatinos.org\/wp-content\/uploads\/2020\/12\/2-Adviento-JoaoVictor-2020-300x300.png",300,300,true],"large":["https:\/\/teatinos.org\/wp-content\/uploads\/2020\/12\/2-Adviento-JoaoVictor-2020-1024x1024.png",1000,1000,true],"1536x1536":["https:\/\/teatinos.org\/wp-content\/uploads\/2020\/12\/2-Adviento-JoaoVictor-2020.png",1080,1080,false],"2048x2048":["https:\/\/teatinos.org\/wp-content\/uploads\/2020\/12\/2-Adviento-JoaoVictor-2020.png",1080,1080,false]},"rttpg_author":{"display_name":"Community Manager","author_link":"https:\/\/teatinos.org\/pt-br\/author\/pascual\/"},"rttpg_comment":0,"rttpg_category":"<a href=\"https:\/\/teatinos.org\/pt-br\/category\/noticias\/\" rel=\"category tag\">Not\u00edcias<\/a>","rttpg_excerpt":"Olhando para o futuro, iluminados pela f\u00e9, fortalecidos pelo amor, pela miseric\u00f3rdia de Nosso Senhor Jesus Cristo, e com um grande olhar na esperan\u00e7a de algo novo, diferente, melhor. Acompanhamos nossa Fam\u00edlia Teatina nestes tempos dif\u00edceis. Preparando-nos para viver o Natal, a chegada do Salvador na unidade de cada casa.&hellip;","_links":{"self":[{"href":"https:\/\/teatinos.org\/pt-br\/wp-json\/wp\/v2\/posts\/6476","targetHints":{"allow":["GET"]}}],"collection":[{"href":"https:\/\/teatinos.org\/pt-br\/wp-json\/wp\/v2\/posts"}],"about":[{"href":"https:\/\/teatinos.org\/pt-br\/wp-json\/wp\/v2\/types\/post"}],"author":[{"embeddable":true,"href":"https:\/\/teatinos.org\/pt-br\/wp-json\/wp\/v2\/users\/5"}],"replies":[{"embeddable":true,"href":"https:\/\/teatinos.org\/pt-br\/wp-json\/wp\/v2\/comments?post=6476"}],"version-history":[{"count":1,"href":"https:\/\/teatinos.org\/pt-br\/wp-json\/wp\/v2\/posts\/6476\/revisions"}],"predecessor-version":[{"id":6477,"href":"https:\/\/teatinos.org\/pt-br\/wp-json\/wp\/v2\/posts\/6476\/revisions\/6477"}],"wp:featuredmedia":[{"embeddable":true,"href":"https:\/\/teatinos.org\/pt-br\/wp-json\/wp\/v2\/media\/6470"}],"wp:attachment":[{"href":"https:\/\/teatinos.org\/pt-br\/wp-json\/wp\/v2\/media?parent=6476"}],"wp:term":[{"taxonomy":"category","embeddable":true,"href":"https:\/\/teatinos.org\/pt-br\/wp-json\/wp\/v2\/categories?post=6476"},{"taxonomy":"post_tag","embeddable":true,"href":"https:\/\/teatinos.org\/pt-br\/wp-json\/wp\/v2\/tags?post=6476"}],"curies":[{"name":"wp","href":"https:\/\/api.w.org\/{rel}","templated":true}]}}