{"id":5250,"date":"2020-06-23T01:24:52","date_gmt":"2020-06-23T01:24:52","guid":{"rendered":"http:\/\/teatinos.org\/?p=5250"},"modified":"2020-06-23T01:24:52","modified_gmt":"2020-06-23T01:24:52","slug":"homilia-do-padre-geral-rvdmo-salvador-rodea-gonzalez-cr-por-ocasiao-da-profissao-religiosa-do-novico-jeremias-aguirre","status":"publish","type":"post","link":"https:\/\/teatinos.org\/pt-br\/homilia-do-padre-geral-rvdmo-salvador-rodea-gonzalez-cr-por-ocasiao-da-profissao-religiosa-do-novico-jeremias-aguirre\/","title":{"rendered":"Homilia do Padre Geral, Rvdmo. Salvador Rodea Gonz\u00e1lez, CR, por ocasi\u00e3o da profiss\u00e3o religiosa do novi\u00e7o Jerem\u00edas Aguirre"},"content":{"rendered":"<p>Jesus, como um bom judeu, ouviu e leu a Tor\u00e1. Ele estava familiarizado com isso, porque havia sido educado por trinta anos e se refletia nele, em virtude de sua autoconsci\u00eancia. Por esse motivo, ele ser\u00e1 capaz de dizer sem hesita\u00e7\u00e3o na sinagoga de Nazar\u00e9: &#8220;Hoje esta Escritura que voc\u00ea acabou de ouvir foi cumprida&#8221;<\/p>\n<p>Ap\u00f3s a ascens\u00e3o de Jesus ao c\u00e9u, os primeiros crist\u00e3os, gra\u00e7as \u00e0 maior compreens\u00e3o do mist\u00e9rio de Jesus pela obra do Esp\u00edrito, fizeram de Jesus o livro vivo, o Evangelho de nossa salva\u00e7\u00e3o. Dessa maneira, o cristianismo n\u00e3o \u00e9 primariamente a religi\u00e3o do livro, mas a religi\u00e3o da pessoa de Jesus Cristo, um livro sempre vivo que revela aos homens as vicissitudes e os caminhos tortuosos da hist\u00f3ria.<\/p>\n<p>Por essa raz\u00e3o, \u00e9 muito necess\u00e1rio que os crist\u00e3os, quando crian\u00e7as, da educa\u00e7\u00e3o b\u00e1sica, familiarizem-se com toda a B\u00edblia: com o Antigo e o Novo Testamento.<\/p>\n<p>Que grande tarefa os catequistas t\u00eam em m\u00e3os para preparar os filhos para a primeira comunh\u00e3o ou confirma\u00e7\u00e3o! Qu\u00e3o importante \u00e9 que jovens e adultos catequistas saibam como orient\u00e1-los para uma leitura crist\u00e3 da B\u00edblia!<\/p>\n<p>Voc\u00ea recebeu tudo isso de algu\u00e9m. Imagine o qu\u00e3o importante era e agora \u00e9 a sua vez de ser uma daquelas pessoas que far\u00e3o os outros se aproximarem de Deus. Seu testemunho, sua espiritualidade e sua paix\u00e3o por transmitir o amor de Deus.<\/p>\n<p>O dom de nossa voca\u00e7\u00e3o comum de seguir a Cristo &#8220;mais de perto&#8221; atrav\u00e9s dos conselhos evang\u00e9licos de obedi\u00eancia, sem nada pr\u00f3prio, mas tudo em comum e em castidade, tamb\u00e9m iluminado pela palavra e exemplo de tantos de nossos irm\u00e3os, nos serve para reviver, como o ap\u00f3stolo Paulo pede (cf. 2 Tm 1: 6-11) o dom da voca\u00e7\u00e3o a que fomos chamados.<\/p>\n<p>Coragem, seja forte! Persevere, seja fiel! E d\u00ea frutos, desperte o mundo!<\/p>\n<p>Coragem, seja forte! O Senhor tem sido generoso conosco, consagrados, olhando-nos com amor (cf. Mc 10, 17-30), chamando-nos a compartilhar sua vida e miss\u00e3o (cf. Mc 3, 13). Seja generoso com ele. N\u00e3o seja v\u00edtima da pregui\u00e7a que o leva a escolher a viagem mais confort\u00e1vel e f\u00e1cil. \u00c9 verdade que o que o Senhor pede de voc\u00ea, que o siga mais de perto (cf. Mt 19:21), e o que a vida consagrada vivida em plenitude exige, excede nossas for\u00e7as e capacidades. Mas talvez n\u00e3o tenhamos ouvido dizer que em nossa fraqueza o poder de Deus se manifesta? (2 Cor\u00edntios 12, 9) As Escrituras n\u00e3o dizem que para Deus &#8220;nada \u00e9 imposs\u00edvel&#8221;? (Lc 1:37), e &#8220;que podemos fazer tudo Nele que nos d\u00e1 for\u00e7a&#8221;? (Filipenses 4, 13)<\/p>\n<p>N\u00e3o se alinhe Jeremias, ao n\u00famero daqueles que ouvem a &#8220;Trombeta do Esp\u00edrito&#8221; (Santo Agostinho), que os chama a seguir o Senhor na vida consagrada, n\u00e3o podem responder a ela, devido ao barulho e \u00e0 dispers\u00e3o em que vivem. ou simplesmente porque est\u00e3o muito apegados aos seus planos e projetos para dar vida ao projeto de Deus.<\/p>\n<p>N\u00e3o fa\u00e7a da pergunta vocacional uma hist\u00f3ria intermin\u00e1vel, uma busca simples, sem desejar encontrar o Senhor e segui-lo com coragem, por medo de perder sua pr\u00f3pria liberdade ou autonomia. As escrituras dizem: &#8220;Se voc\u00ea ouviu a voz dele, n\u00e3o endure\u00e7a o seu cora\u00e7\u00e3o&#8221; (Salmo 95 7-8). Sim, se voc\u00ea ouvir a voz do Senhor, viva um discernimento vocacional sereno e s\u00e9rio, fazendo-se acompanhar de um aut\u00eantico professor de esp\u00edrito, e ore e ore sem cessar (cf. Lc 22, 46), para que o Senhor o fa\u00e7a conhecer seu santo Vai. E, conhecendo a vontade do Senhor, com f\u00e9 viva, certa esperan\u00e7a e perfeita caridade, n\u00e3o adie a resposta por muito tempo, n\u00e3o gaste sua vida na incerteza daqueles que n\u00e3o assumem corajosamente o risco de uma resposta generosa.<\/p>\n<p>Jeremias permanece. N\u00e3o tenha medo. Que voc\u00ea n\u00e3o tenha falta de f\u00e9 ou enfraque\u00e7a sua esperan\u00e7a. O Senhor, como Jeremias, um dia, hoje assegura a cada um de n\u00f3s: &#8220;Estou convosco para vos livrar&#8221; (Jeremias 1, 8). D\u00ea frutas, acorde o mundo!<\/p>\n<p>Jerem\u00edas, seja pai e m\u00e3e, N\u00c3O SOLTER\u00d3N (Papa Francisco). Fuja da tenta\u00e7\u00e3o de idolatrar sua imagem, a tenta\u00e7\u00e3o de Narciso, que o levar\u00e1, como o personagem mitol\u00f3gico, a morrer em suas pr\u00f3prias redes. Lembre-se sempre de que &#8220;a felicidade \u00e9 mais dar do que receber&#8221; (Atos 20, 35). E essa doa\u00e7\u00e3o \u00e9 recebida (S\u00e3o Francisco). N\u00e3o viva, trancado em si mesmo, em seus interesses, planos e projetos.<\/p>\n<p>A Ordem dos Cl\u00e9rigos Regulares (Teatinos) e toda a Igreja est\u00e3o comemorando. Mais uma vez celebramos a fidelidade de Deus, nosso Senhor, que nunca nos deixa em paz. Regozijamo-nos no Senhor por poder olhar para cima e ver jovens prontos para enfrentar o desafio de seguir a Jesus Cristo, de se apaixonar completamente por ele, de fazer os seus pr\u00f3prios desejos de salva\u00e7\u00e3o de todos os homens e de verificar que o carisma de S\u00e3o Caetano continua vivo.<\/p>\n<p>A caracter\u00edstica dos &#8220;seguidores&#8221; de San Caetano \u00e9 viver sempre em uma atitude de &#8220;reforma sacerdotal&#8221;. Deus lhe conceda redescobrir com um cora\u00e7\u00e3o apaixonado, a fundamentalidade do carisma com que o Esp\u00edrito do Senhor deseja que voc\u00ea apresente em sua Igreja: atrav\u00e9s de &#8220;comunidades constitu\u00eddas por padres reformados&#8221;.<\/p>\n<p><a href=\"http:\/\/teatinos.org\/wp-content\/uploads\/2020\/06\/5578822C-597E-4C36-9841-7A5890D82FF0.png\"><img loading=\"lazy\" decoding=\"async\" class=\"alignnone size-full wp-image-5241\" src=\"http:\/\/teatinos.org\/wp-content\/uploads\/2020\/06\/5578822C-597E-4C36-9841-7A5890D82FF0.png\" alt=\"\" width=\"800\" height=\"800\" \/><\/a><\/p>\n<p><a href=\"http:\/\/teatinos.org\/wp-content\/uploads\/2020\/06\/Jeremias2.png\"><img loading=\"lazy\" decoding=\"async\" class=\"alignnone size-full wp-image-5246\" src=\"http:\/\/teatinos.org\/wp-content\/uploads\/2020\/06\/Jeremias2.png\" alt=\"\" width=\"800\" height=\"800\" \/><\/a><\/p>\n","protected":false},"excerpt":{"rendered":"<p>Jesus, como um bom judeu, ouviu e leu a Tor\u00e1. Ele estava familiarizado com isso, porque havia sido educado por trinta anos e se refletia nele, em virtude de sua autoconsci\u00eancia. Por esse motivo, ele ser\u00e1 capaz de dizer sem hesita\u00e7\u00e3o na sinagoga de Nazar\u00e9: &#8220;Hoje esta Escritura que voc\u00ea&hellip;<\/p>\n","protected":false},"author":5,"featured_media":5241,"comment_status":"closed","ping_status":"open","sticky":false,"template":"","format":"standard","meta":{"_acf_changed":false,"footnotes":"","_links_to":"","_links_to_target":""},"categories":[49],"tags":[],"class_list":["post-5250","post","type-post","status-publish","format-standard","has-post-thumbnail","hentry","category-noticias"],"acf":[],"yoast_head":"<!-- This site is optimized with the Yoast SEO plugin v23.5 - https:\/\/yoast.com\/wordpress\/plugins\/seo\/ -->\n<title>Homilia do Padre Geral, Rvdmo. Salvador Rodea Gonz\u00e1lez, CR, por ocasi\u00e3o da profiss\u00e3o religiosa do novi\u00e7o Jerem\u00edas Aguirre - Teatinos<\/title>\n<meta name=\"robots\" content=\"index, follow, max-snippet:-1, max-image-preview:large, max-video-preview:-1\" \/>\n<link rel=\"canonical\" href=\"https:\/\/teatinos.org\/pt-br\/homilia-do-padre-geral-rvdmo-salvador-rodea-gonzalez-cr-por-ocasiao-da-profissao-religiosa-do-novico-jeremias-aguirre\/\" \/>\n<meta property=\"og:locale\" content=\"pt_BR\" \/>\n<meta property=\"og:type\" content=\"article\" \/>\n<meta property=\"og:title\" content=\"Homilia do Padre Geral, Rvdmo. Salvador Rodea Gonz\u00e1lez, CR, por ocasi\u00e3o da profiss\u00e3o religiosa do novi\u00e7o Jerem\u00edas Aguirre - Teatinos\" \/>\n<meta property=\"og:description\" content=\"Jesus, como um bom judeu, ouviu e leu a Tor\u00e1. Ele estava familiarizado com isso, porque havia sido educado por trinta anos e se refletia nele, em virtude de sua autoconsci\u00eancia. Por esse motivo, ele ser\u00e1 capaz de dizer sem hesita\u00e7\u00e3o na sinagoga de Nazar\u00e9: &#8220;Hoje esta Escritura que voc\u00ea&hellip;\" \/>\n<meta property=\"og:url\" content=\"https:\/\/teatinos.org\/pt-br\/homilia-do-padre-geral-rvdmo-salvador-rodea-gonzalez-cr-por-ocasiao-da-profissao-religiosa-do-novico-jeremias-aguirre\/\" \/>\n<meta property=\"og:site_name\" content=\"Teatinos\" \/>\n<meta property=\"article:published_time\" content=\"2020-06-23T01:24:52+00:00\" \/>\n<meta property=\"og:image\" content=\"https:\/\/teatinos.org\/wp-content\/uploads\/2020\/06\/5578822C-597E-4C36-9841-7A5890D82FF0.png\" \/>\n\t<meta property=\"og:image:width\" content=\"800\" \/>\n\t<meta property=\"og:image:height\" content=\"800\" \/>\n\t<meta property=\"og:image:type\" content=\"image\/png\" \/>\n<meta name=\"author\" content=\"Community Manager\" \/>\n<meta name=\"twitter:card\" content=\"summary_large_image\" \/>\n<meta name=\"twitter:label1\" content=\"Escrito por\" \/>\n\t<meta name=\"twitter:data1\" content=\"Community Manager\" \/>\n\t<meta name=\"twitter:label2\" content=\"Est. tempo de leitura\" \/>\n\t<meta name=\"twitter:data2\" content=\"5 minutos\" \/>\n<script type=\"application\/ld+json\" class=\"yoast-schema-graph\">{\"@context\":\"https:\/\/schema.org\",\"@graph\":[{\"@type\":\"WebPage\",\"@id\":\"https:\/\/teatinos.org\/pt-br\/homilia-do-padre-geral-rvdmo-salvador-rodea-gonzalez-cr-por-ocasiao-da-profissao-religiosa-do-novico-jeremias-aguirre\/\",\"url\":\"https:\/\/teatinos.org\/pt-br\/homilia-do-padre-geral-rvdmo-salvador-rodea-gonzalez-cr-por-ocasiao-da-profissao-religiosa-do-novico-jeremias-aguirre\/\",\"name\":\"Homilia do Padre Geral, Rvdmo. Salvador Rodea Gonz\u00e1lez, CR, por ocasi\u00e3o da profiss\u00e3o religiosa do novi\u00e7o Jerem\u00edas Aguirre - Teatinos\",\"isPartOf\":{\"@id\":\"https:\/\/teatinos.org\/pt-br\/#website\"},\"primaryImageOfPage\":{\"@id\":\"https:\/\/teatinos.org\/pt-br\/homilia-do-padre-geral-rvdmo-salvador-rodea-gonzalez-cr-por-ocasiao-da-profissao-religiosa-do-novico-jeremias-aguirre\/#primaryimage\"},\"image\":{\"@id\":\"https:\/\/teatinos.org\/pt-br\/homilia-do-padre-geral-rvdmo-salvador-rodea-gonzalez-cr-por-ocasiao-da-profissao-religiosa-do-novico-jeremias-aguirre\/#primaryimage\"},\"thumbnailUrl\":\"https:\/\/teatinos.org\/wp-content\/uploads\/2020\/06\/5578822C-597E-4C36-9841-7A5890D82FF0.png\",\"datePublished\":\"2020-06-23T01:24:52+00:00\",\"dateModified\":\"2020-06-23T01:24:52+00:00\",\"author\":{\"@id\":\"https:\/\/teatinos.org\/pt-br\/#\/schema\/person\/10193cb8ac6f163661033cf7ce9006a5\"},\"breadcrumb\":{\"@id\":\"https:\/\/teatinos.org\/pt-br\/homilia-do-padre-geral-rvdmo-salvador-rodea-gonzalez-cr-por-ocasiao-da-profissao-religiosa-do-novico-jeremias-aguirre\/#breadcrumb\"},\"inLanguage\":\"pt-BR\",\"potentialAction\":[{\"@type\":\"ReadAction\",\"target\":[\"https:\/\/teatinos.org\/pt-br\/homilia-do-padre-geral-rvdmo-salvador-rodea-gonzalez-cr-por-ocasiao-da-profissao-religiosa-do-novico-jeremias-aguirre\/\"]}]},{\"@type\":\"ImageObject\",\"inLanguage\":\"pt-BR\",\"@id\":\"https:\/\/teatinos.org\/pt-br\/homilia-do-padre-geral-rvdmo-salvador-rodea-gonzalez-cr-por-ocasiao-da-profissao-religiosa-do-novico-jeremias-aguirre\/#primaryimage\",\"url\":\"https:\/\/teatinos.org\/wp-content\/uploads\/2020\/06\/5578822C-597E-4C36-9841-7A5890D82FF0.png\",\"contentUrl\":\"https:\/\/teatinos.org\/wp-content\/uploads\/2020\/06\/5578822C-597E-4C36-9841-7A5890D82FF0.png\",\"width\":800,\"height\":800},{\"@type\":\"BreadcrumbList\",\"@id\":\"https:\/\/teatinos.org\/pt-br\/homilia-do-padre-geral-rvdmo-salvador-rodea-gonzalez-cr-por-ocasiao-da-profissao-religiosa-do-novico-jeremias-aguirre\/#breadcrumb\",\"itemListElement\":[{\"@type\":\"ListItem\",\"position\":1,\"name\":\"Portada\",\"item\":\"https:\/\/teatinos.org\/pt-br\/\"},{\"@type\":\"ListItem\",\"position\":2,\"name\":\"Homilia do Padre Geral, Rvdmo. Salvador Rodea Gonz\u00e1lez, CR, por ocasi\u00e3o da profiss\u00e3o religiosa do novi\u00e7o Jerem\u00edas Aguirre\"}]},{\"@type\":\"WebSite\",\"@id\":\"https:\/\/teatinos.org\/pt-br\/#website\",\"url\":\"https:\/\/teatinos.org\/pt-br\/\",\"name\":\"Teatinos\",\"description\":\"Orden de Cl\u00e9rigos Regulares\",\"potentialAction\":[{\"@type\":\"SearchAction\",\"target\":{\"@type\":\"EntryPoint\",\"urlTemplate\":\"https:\/\/teatinos.org\/pt-br\/?s={search_term_string}\"},\"query-input\":{\"@type\":\"PropertyValueSpecification\",\"valueRequired\":true,\"valueName\":\"search_term_string\"}}],\"inLanguage\":\"pt-BR\"},{\"@type\":\"Person\",\"@id\":\"https:\/\/teatinos.org\/pt-br\/#\/schema\/person\/10193cb8ac6f163661033cf7ce9006a5\",\"name\":\"Community Manager\",\"url\":\"https:\/\/teatinos.org\/pt-br\/author\/pascual\/\"}]}<\/script>\n<!-- \/ Yoast SEO plugin. -->","yoast_head_json":{"title":"Homilia do Padre Geral, Rvdmo. Salvador Rodea Gonz\u00e1lez, CR, por ocasi\u00e3o da profiss\u00e3o religiosa do novi\u00e7o Jerem\u00edas Aguirre - Teatinos","robots":{"index":"index","follow":"follow","max-snippet":"max-snippet:-1","max-image-preview":"max-image-preview:large","max-video-preview":"max-video-preview:-1"},"canonical":"https:\/\/teatinos.org\/pt-br\/homilia-do-padre-geral-rvdmo-salvador-rodea-gonzalez-cr-por-ocasiao-da-profissao-religiosa-do-novico-jeremias-aguirre\/","og_locale":"pt_BR","og_type":"article","og_title":"Homilia do Padre Geral, Rvdmo. Salvador Rodea Gonz\u00e1lez, CR, por ocasi\u00e3o da profiss\u00e3o religiosa do novi\u00e7o Jerem\u00edas Aguirre - Teatinos","og_description":"Jesus, como um bom judeu, ouviu e leu a Tor\u00e1. Ele estava familiarizado com isso, porque havia sido educado por trinta anos e se refletia nele, em virtude de sua autoconsci\u00eancia. Por esse motivo, ele ser\u00e1 capaz de dizer sem hesita\u00e7\u00e3o na sinagoga de Nazar\u00e9: &#8220;Hoje esta Escritura que voc\u00ea&hellip;","og_url":"https:\/\/teatinos.org\/pt-br\/homilia-do-padre-geral-rvdmo-salvador-rodea-gonzalez-cr-por-ocasiao-da-profissao-religiosa-do-novico-jeremias-aguirre\/","og_site_name":"Teatinos","article_published_time":"2020-06-23T01:24:52+00:00","og_image":[{"width":800,"height":800,"url":"https:\/\/teatinos.org\/wp-content\/uploads\/2020\/06\/5578822C-597E-4C36-9841-7A5890D82FF0.png","type":"image\/png"}],"author":"Community Manager","twitter_card":"summary_large_image","twitter_misc":{"Escrito por":"Community Manager","Est. tempo de leitura":"5 minutos"},"schema":{"@context":"https:\/\/schema.org","@graph":[{"@type":"WebPage","@id":"https:\/\/teatinos.org\/pt-br\/homilia-do-padre-geral-rvdmo-salvador-rodea-gonzalez-cr-por-ocasiao-da-profissao-religiosa-do-novico-jeremias-aguirre\/","url":"https:\/\/teatinos.org\/pt-br\/homilia-do-padre-geral-rvdmo-salvador-rodea-gonzalez-cr-por-ocasiao-da-profissao-religiosa-do-novico-jeremias-aguirre\/","name":"Homilia do Padre Geral, Rvdmo. Salvador Rodea Gonz\u00e1lez, CR, por ocasi\u00e3o da profiss\u00e3o religiosa do novi\u00e7o Jerem\u00edas Aguirre - Teatinos","isPartOf":{"@id":"https:\/\/teatinos.org\/pt-br\/#website"},"primaryImageOfPage":{"@id":"https:\/\/teatinos.org\/pt-br\/homilia-do-padre-geral-rvdmo-salvador-rodea-gonzalez-cr-por-ocasiao-da-profissao-religiosa-do-novico-jeremias-aguirre\/#primaryimage"},"image":{"@id":"https:\/\/teatinos.org\/pt-br\/homilia-do-padre-geral-rvdmo-salvador-rodea-gonzalez-cr-por-ocasiao-da-profissao-religiosa-do-novico-jeremias-aguirre\/#primaryimage"},"thumbnailUrl":"https:\/\/teatinos.org\/wp-content\/uploads\/2020\/06\/5578822C-597E-4C36-9841-7A5890D82FF0.png","datePublished":"2020-06-23T01:24:52+00:00","dateModified":"2020-06-23T01:24:52+00:00","author":{"@id":"https:\/\/teatinos.org\/pt-br\/#\/schema\/person\/10193cb8ac6f163661033cf7ce9006a5"},"breadcrumb":{"@id":"https:\/\/teatinos.org\/pt-br\/homilia-do-padre-geral-rvdmo-salvador-rodea-gonzalez-cr-por-ocasiao-da-profissao-religiosa-do-novico-jeremias-aguirre\/#breadcrumb"},"inLanguage":"pt-BR","potentialAction":[{"@type":"ReadAction","target":["https:\/\/teatinos.org\/pt-br\/homilia-do-padre-geral-rvdmo-salvador-rodea-gonzalez-cr-por-ocasiao-da-profissao-religiosa-do-novico-jeremias-aguirre\/"]}]},{"@type":"ImageObject","inLanguage":"pt-BR","@id":"https:\/\/teatinos.org\/pt-br\/homilia-do-padre-geral-rvdmo-salvador-rodea-gonzalez-cr-por-ocasiao-da-profissao-religiosa-do-novico-jeremias-aguirre\/#primaryimage","url":"https:\/\/teatinos.org\/wp-content\/uploads\/2020\/06\/5578822C-597E-4C36-9841-7A5890D82FF0.png","contentUrl":"https:\/\/teatinos.org\/wp-content\/uploads\/2020\/06\/5578822C-597E-4C36-9841-7A5890D82FF0.png","width":800,"height":800},{"@type":"BreadcrumbList","@id":"https:\/\/teatinos.org\/pt-br\/homilia-do-padre-geral-rvdmo-salvador-rodea-gonzalez-cr-por-ocasiao-da-profissao-religiosa-do-novico-jeremias-aguirre\/#breadcrumb","itemListElement":[{"@type":"ListItem","position":1,"name":"Portada","item":"https:\/\/teatinos.org\/pt-br\/"},{"@type":"ListItem","position":2,"name":"Homilia do Padre Geral, Rvdmo. Salvador Rodea Gonz\u00e1lez, CR, por ocasi\u00e3o da profiss\u00e3o religiosa do novi\u00e7o Jerem\u00edas Aguirre"}]},{"@type":"WebSite","@id":"https:\/\/teatinos.org\/pt-br\/#website","url":"https:\/\/teatinos.org\/pt-br\/","name":"Teatinos","description":"Orden de Cl\u00e9rigos Regulares","potentialAction":[{"@type":"SearchAction","target":{"@type":"EntryPoint","urlTemplate":"https:\/\/teatinos.org\/pt-br\/?s={search_term_string}"},"query-input":{"@type":"PropertyValueSpecification","valueRequired":true,"valueName":"search_term_string"}}],"inLanguage":"pt-BR"},{"@type":"Person","@id":"https:\/\/teatinos.org\/pt-br\/#\/schema\/person\/10193cb8ac6f163661033cf7ce9006a5","name":"Community Manager","url":"https:\/\/teatinos.org\/pt-br\/author\/pascual\/"}]}},"rttpg_featured_image_url":{"full":["https:\/\/teatinos.org\/wp-content\/uploads\/2020\/06\/5578822C-597E-4C36-9841-7A5890D82FF0.png",800,800,false],"landscape":["https:\/\/teatinos.org\/wp-content\/uploads\/2020\/06\/5578822C-597E-4C36-9841-7A5890D82FF0.png",800,800,false],"portraits":["https:\/\/teatinos.org\/wp-content\/uploads\/2020\/06\/5578822C-597E-4C36-9841-7A5890D82FF0.png",800,800,false],"thumbnail":["https:\/\/teatinos.org\/wp-content\/uploads\/2020\/06\/5578822C-597E-4C36-9841-7A5890D82FF0-150x150.png",150,150,true],"medium":["https:\/\/teatinos.org\/wp-content\/uploads\/2020\/06\/5578822C-597E-4C36-9841-7A5890D82FF0-300x300.png",300,300,true],"large":["https:\/\/teatinos.org\/wp-content\/uploads\/2020\/06\/5578822C-597E-4C36-9841-7A5890D82FF0.png",800,800,false],"1536x1536":["https:\/\/teatinos.org\/wp-content\/uploads\/2020\/06\/5578822C-597E-4C36-9841-7A5890D82FF0.png",800,800,false],"2048x2048":["https:\/\/teatinos.org\/wp-content\/uploads\/2020\/06\/5578822C-597E-4C36-9841-7A5890D82FF0.png",800,800,false]},"rttpg_author":{"display_name":"Community Manager","author_link":"https:\/\/teatinos.org\/pt-br\/author\/pascual\/"},"rttpg_comment":0,"rttpg_category":"<a href=\"https:\/\/teatinos.org\/pt-br\/category\/noticias\/\" rel=\"category tag\">Not\u00edcias<\/a>","rttpg_excerpt":"Jesus, como um bom judeu, ouviu e leu a Tor\u00e1. Ele estava familiarizado com isso, porque havia sido educado por trinta anos e se refletia nele, em virtude de sua autoconsci\u00eancia. Por esse motivo, ele ser\u00e1 capaz de dizer sem hesita\u00e7\u00e3o na sinagoga de Nazar\u00e9: &#8220;Hoje esta Escritura que voc\u00ea&hellip;","_links":{"self":[{"href":"https:\/\/teatinos.org\/pt-br\/wp-json\/wp\/v2\/posts\/5250","targetHints":{"allow":["GET"]}}],"collection":[{"href":"https:\/\/teatinos.org\/pt-br\/wp-json\/wp\/v2\/posts"}],"about":[{"href":"https:\/\/teatinos.org\/pt-br\/wp-json\/wp\/v2\/types\/post"}],"author":[{"embeddable":true,"href":"https:\/\/teatinos.org\/pt-br\/wp-json\/wp\/v2\/users\/5"}],"replies":[{"embeddable":true,"href":"https:\/\/teatinos.org\/pt-br\/wp-json\/wp\/v2\/comments?post=5250"}],"version-history":[{"count":1,"href":"https:\/\/teatinos.org\/pt-br\/wp-json\/wp\/v2\/posts\/5250\/revisions"}],"predecessor-version":[{"id":5251,"href":"https:\/\/teatinos.org\/pt-br\/wp-json\/wp\/v2\/posts\/5250\/revisions\/5251"}],"wp:featuredmedia":[{"embeddable":true,"href":"https:\/\/teatinos.org\/pt-br\/wp-json\/wp\/v2\/media\/5241"}],"wp:attachment":[{"href":"https:\/\/teatinos.org\/pt-br\/wp-json\/wp\/v2\/media?parent=5250"}],"wp:term":[{"taxonomy":"category","embeddable":true,"href":"https:\/\/teatinos.org\/pt-br\/wp-json\/wp\/v2\/categories?post=5250"},{"taxonomy":"post_tag","embeddable":true,"href":"https:\/\/teatinos.org\/pt-br\/wp-json\/wp\/v2\/tags?post=5250"}],"curies":[{"name":"wp","href":"https:\/\/api.w.org\/{rel}","templated":true}]}}