{"id":5185,"date":"2020-06-23T00:15:29","date_gmt":"2020-06-23T00:15:29","guid":{"rendered":"http:\/\/teatinos.org\/?p=5185"},"modified":"2020-06-23T00:15:29","modified_gmt":"2020-06-23T00:15:29","slug":"ordenacao-diaconal-do-irmao-joao-victor-dos-santos-silva-c-r","status":"publish","type":"post","link":"https:\/\/teatinos.org\/pt-br\/ordenacao-diaconal-do-irmao-joao-victor-dos-santos-silva-c-r\/","title":{"rendered":"Ordena\u00e7\u00e3o diaconal do irm\u00e3o Jo\u00e3o V\u00edctor Dos Santos Silva, C.R."},"content":{"rendered":"<p>Como anunciamos oportunamente, no pr\u00f3ximo domingo, 14 de junho de 2020, \u00e0s 11h, a ordena\u00e7\u00e3o diaconal do irm\u00e3o Jo\u00e3o V\u00edctor Dos Santos Silva, CR, um religioso teatino de origem brasileira que faz parte da Casa Geral de Sant Andrea della Valle de Roma.<br \/>\nEm uma celebra\u00e7\u00e3o fervorosa e sincera &#8211; realizada, como pode ser visto nas fotografias em anexo, com a cole\u00e7\u00e3o adequada desses tempos de pandemia &#8211; S.E.R. O arcebispo Jorge Carlos Patr\u00f3n Wong, arcebispo-bispo em\u00e9rito de Papantla e secret\u00e1rio dos Semin\u00e1rios da Congrega\u00e7\u00e3o para o Clero, conferiu o sacramento da ordem sagrada no primeiro grau do diaconado a este nosso querido irm\u00e3o.<br \/>\nOs membros da Casa Geral da Ordem dos Cl\u00e9rigos Regulares Teatinos e do Col\u00e9gio Internacional Teatino &#8220;S\u00e3o Jos\u00e9 Mar\u00eda Tomasi&#8221;, das Casas Teatina de S\u00e3o Caetano de Roma, S\u00e3o Caetano de Morlupo e S\u00e3o Paulo Maior de N\u00e1poles, junto com os religiosos &#8211; particularmente os Teatinos e os da Provid\u00eancia de S\u00e3o Caetano de Thiene -, religiosos e leigos pr\u00f3ximos ao neo-di\u00e1cono.<\/p>\n<p><a href=\"http:\/\/teatinos.org\/wp-content\/uploads\/2020\/06\/DiaconadoJoao.png\"><img loading=\"lazy\" decoding=\"async\" class=\"alignnone size-full wp-image-5181\" src=\"http:\/\/teatinos.org\/wp-content\/uploads\/2020\/06\/DiaconadoJoao.png\" alt=\"\" width=\"800\" height=\"800\" \/><\/a><\/p>\n","protected":false},"excerpt":{"rendered":"<p>Como anunciamos oportunamente, no pr\u00f3ximo domingo, 14 de junho de 2020, \u00e0s 11h, a ordena\u00e7\u00e3o diaconal do irm\u00e3o Jo\u00e3o V\u00edctor Dos Santos Silva, CR, um religioso teatino de origem brasileira que faz parte da Casa Geral de Sant Andrea della Valle de Roma. Em uma celebra\u00e7\u00e3o fervorosa e sincera &#8211;&hellip;<\/p>\n","protected":false},"author":5,"featured_media":5181,"comment_status":"closed","ping_status":"open","sticky":false,"template":"","format":"standard","meta":{"_acf_changed":false,"footnotes":"","_links_to":"","_links_to_target":""},"categories":[49],"tags":[],"class_list":["post-5185","post","type-post","status-publish","format-standard","has-post-thumbnail","hentry","category-noticias"],"acf":[],"yoast_head":"<!-- This site is optimized with the Yoast SEO plugin v23.5 - https:\/\/yoast.com\/wordpress\/plugins\/seo\/ -->\n<title>Ordena\u00e7\u00e3o diaconal do irm\u00e3o Jo\u00e3o V\u00edctor Dos Santos Silva, C.R. - Teatinos<\/title>\n<meta name=\"robots\" content=\"index, follow, max-snippet:-1, max-image-preview:large, max-video-preview:-1\" \/>\n<link rel=\"canonical\" href=\"https:\/\/teatinos.org\/pt-br\/ordenacao-diaconal-do-irmao-joao-victor-dos-santos-silva-c-r\/\" \/>\n<meta property=\"og:locale\" content=\"pt_BR\" \/>\n<meta property=\"og:type\" content=\"article\" \/>\n<meta property=\"og:title\" content=\"Ordena\u00e7\u00e3o diaconal do irm\u00e3o Jo\u00e3o V\u00edctor Dos Santos Silva, C.R. - Teatinos\" \/>\n<meta property=\"og:description\" content=\"Como anunciamos oportunamente, no pr\u00f3ximo domingo, 14 de junho de 2020, \u00e0s 11h, a ordena\u00e7\u00e3o diaconal do irm\u00e3o Jo\u00e3o V\u00edctor Dos Santos Silva, CR, um religioso teatino de origem brasileira que faz parte da Casa Geral de Sant Andrea della Valle de Roma. Em uma celebra\u00e7\u00e3o fervorosa e sincera &#8211;&hellip;\" \/>\n<meta property=\"og:url\" content=\"https:\/\/teatinos.org\/pt-br\/ordenacao-diaconal-do-irmao-joao-victor-dos-santos-silva-c-r\/\" \/>\n<meta property=\"og:site_name\" content=\"Teatinos\" \/>\n<meta property=\"article:published_time\" content=\"2020-06-23T00:15:29+00:00\" \/>\n<meta property=\"og:image\" content=\"https:\/\/teatinos.org\/wp-content\/uploads\/2020\/06\/DiaconadoJoao.png\" \/>\n\t<meta property=\"og:image:width\" content=\"800\" \/>\n\t<meta property=\"og:image:height\" content=\"800\" \/>\n\t<meta property=\"og:image:type\" content=\"image\/png\" \/>\n<meta name=\"author\" content=\"Community Manager\" \/>\n<meta name=\"twitter:card\" content=\"summary_large_image\" \/>\n<meta name=\"twitter:label1\" content=\"Escrito por\" \/>\n\t<meta name=\"twitter:data1\" content=\"Community Manager\" \/>\n\t<meta name=\"twitter:label2\" content=\"Est. tempo de leitura\" \/>\n\t<meta name=\"twitter:data2\" content=\"1 minuto\" \/>\n<script type=\"application\/ld+json\" class=\"yoast-schema-graph\">{\"@context\":\"https:\/\/schema.org\",\"@graph\":[{\"@type\":\"WebPage\",\"@id\":\"https:\/\/teatinos.org\/pt-br\/ordenacao-diaconal-do-irmao-joao-victor-dos-santos-silva-c-r\/\",\"url\":\"https:\/\/teatinos.org\/pt-br\/ordenacao-diaconal-do-irmao-joao-victor-dos-santos-silva-c-r\/\",\"name\":\"Ordena\u00e7\u00e3o diaconal do irm\u00e3o Jo\u00e3o V\u00edctor Dos Santos Silva, C.R. - Teatinos\",\"isPartOf\":{\"@id\":\"https:\/\/teatinos.org\/pt-br\/#website\"},\"primaryImageOfPage\":{\"@id\":\"https:\/\/teatinos.org\/pt-br\/ordenacao-diaconal-do-irmao-joao-victor-dos-santos-silva-c-r\/#primaryimage\"},\"image\":{\"@id\":\"https:\/\/teatinos.org\/pt-br\/ordenacao-diaconal-do-irmao-joao-victor-dos-santos-silva-c-r\/#primaryimage\"},\"thumbnailUrl\":\"https:\/\/teatinos.org\/wp-content\/uploads\/2020\/06\/DiaconadoJoao.png\",\"datePublished\":\"2020-06-23T00:15:29+00:00\",\"dateModified\":\"2020-06-23T00:15:29+00:00\",\"author\":{\"@id\":\"https:\/\/teatinos.org\/pt-br\/#\/schema\/person\/10193cb8ac6f163661033cf7ce9006a5\"},\"breadcrumb\":{\"@id\":\"https:\/\/teatinos.org\/pt-br\/ordenacao-diaconal-do-irmao-joao-victor-dos-santos-silva-c-r\/#breadcrumb\"},\"inLanguage\":\"pt-BR\",\"potentialAction\":[{\"@type\":\"ReadAction\",\"target\":[\"https:\/\/teatinos.org\/pt-br\/ordenacao-diaconal-do-irmao-joao-victor-dos-santos-silva-c-r\/\"]}]},{\"@type\":\"ImageObject\",\"inLanguage\":\"pt-BR\",\"@id\":\"https:\/\/teatinos.org\/pt-br\/ordenacao-diaconal-do-irmao-joao-victor-dos-santos-silva-c-r\/#primaryimage\",\"url\":\"https:\/\/teatinos.org\/wp-content\/uploads\/2020\/06\/DiaconadoJoao.png\",\"contentUrl\":\"https:\/\/teatinos.org\/wp-content\/uploads\/2020\/06\/DiaconadoJoao.png\",\"width\":800,\"height\":800},{\"@type\":\"BreadcrumbList\",\"@id\":\"https:\/\/teatinos.org\/pt-br\/ordenacao-diaconal-do-irmao-joao-victor-dos-santos-silva-c-r\/#breadcrumb\",\"itemListElement\":[{\"@type\":\"ListItem\",\"position\":1,\"name\":\"Portada\",\"item\":\"https:\/\/teatinos.org\/pt-br\/\"},{\"@type\":\"ListItem\",\"position\":2,\"name\":\"Ordena\u00e7\u00e3o diaconal do irm\u00e3o Jo\u00e3o V\u00edctor Dos Santos Silva, C.R.\"}]},{\"@type\":\"WebSite\",\"@id\":\"https:\/\/teatinos.org\/pt-br\/#website\",\"url\":\"https:\/\/teatinos.org\/pt-br\/\",\"name\":\"Teatinos\",\"description\":\"Orden de Cl\u00e9rigos Regulares\",\"potentialAction\":[{\"@type\":\"SearchAction\",\"target\":{\"@type\":\"EntryPoint\",\"urlTemplate\":\"https:\/\/teatinos.org\/pt-br\/?s={search_term_string}\"},\"query-input\":{\"@type\":\"PropertyValueSpecification\",\"valueRequired\":true,\"valueName\":\"search_term_string\"}}],\"inLanguage\":\"pt-BR\"},{\"@type\":\"Person\",\"@id\":\"https:\/\/teatinos.org\/pt-br\/#\/schema\/person\/10193cb8ac6f163661033cf7ce9006a5\",\"name\":\"Community Manager\",\"url\":\"https:\/\/teatinos.org\/pt-br\/author\/pascual\/\"}]}<\/script>\n<!-- \/ Yoast SEO plugin. -->","yoast_head_json":{"title":"Ordena\u00e7\u00e3o diaconal do irm\u00e3o Jo\u00e3o V\u00edctor Dos Santos Silva, C.R. - Teatinos","robots":{"index":"index","follow":"follow","max-snippet":"max-snippet:-1","max-image-preview":"max-image-preview:large","max-video-preview":"max-video-preview:-1"},"canonical":"https:\/\/teatinos.org\/pt-br\/ordenacao-diaconal-do-irmao-joao-victor-dos-santos-silva-c-r\/","og_locale":"pt_BR","og_type":"article","og_title":"Ordena\u00e7\u00e3o diaconal do irm\u00e3o Jo\u00e3o V\u00edctor Dos Santos Silva, C.R. - Teatinos","og_description":"Como anunciamos oportunamente, no pr\u00f3ximo domingo, 14 de junho de 2020, \u00e0s 11h, a ordena\u00e7\u00e3o diaconal do irm\u00e3o Jo\u00e3o V\u00edctor Dos Santos Silva, CR, um religioso teatino de origem brasileira que faz parte da Casa Geral de Sant Andrea della Valle de Roma. Em uma celebra\u00e7\u00e3o fervorosa e sincera &#8211;&hellip;","og_url":"https:\/\/teatinos.org\/pt-br\/ordenacao-diaconal-do-irmao-joao-victor-dos-santos-silva-c-r\/","og_site_name":"Teatinos","article_published_time":"2020-06-23T00:15:29+00:00","og_image":[{"width":800,"height":800,"url":"https:\/\/teatinos.org\/wp-content\/uploads\/2020\/06\/DiaconadoJoao.png","type":"image\/png"}],"author":"Community Manager","twitter_card":"summary_large_image","twitter_misc":{"Escrito por":"Community Manager","Est. tempo de leitura":"1 minuto"},"schema":{"@context":"https:\/\/schema.org","@graph":[{"@type":"WebPage","@id":"https:\/\/teatinos.org\/pt-br\/ordenacao-diaconal-do-irmao-joao-victor-dos-santos-silva-c-r\/","url":"https:\/\/teatinos.org\/pt-br\/ordenacao-diaconal-do-irmao-joao-victor-dos-santos-silva-c-r\/","name":"Ordena\u00e7\u00e3o diaconal do irm\u00e3o Jo\u00e3o V\u00edctor Dos Santos Silva, C.R. - Teatinos","isPartOf":{"@id":"https:\/\/teatinos.org\/pt-br\/#website"},"primaryImageOfPage":{"@id":"https:\/\/teatinos.org\/pt-br\/ordenacao-diaconal-do-irmao-joao-victor-dos-santos-silva-c-r\/#primaryimage"},"image":{"@id":"https:\/\/teatinos.org\/pt-br\/ordenacao-diaconal-do-irmao-joao-victor-dos-santos-silva-c-r\/#primaryimage"},"thumbnailUrl":"https:\/\/teatinos.org\/wp-content\/uploads\/2020\/06\/DiaconadoJoao.png","datePublished":"2020-06-23T00:15:29+00:00","dateModified":"2020-06-23T00:15:29+00:00","author":{"@id":"https:\/\/teatinos.org\/pt-br\/#\/schema\/person\/10193cb8ac6f163661033cf7ce9006a5"},"breadcrumb":{"@id":"https:\/\/teatinos.org\/pt-br\/ordenacao-diaconal-do-irmao-joao-victor-dos-santos-silva-c-r\/#breadcrumb"},"inLanguage":"pt-BR","potentialAction":[{"@type":"ReadAction","target":["https:\/\/teatinos.org\/pt-br\/ordenacao-diaconal-do-irmao-joao-victor-dos-santos-silva-c-r\/"]}]},{"@type":"ImageObject","inLanguage":"pt-BR","@id":"https:\/\/teatinos.org\/pt-br\/ordenacao-diaconal-do-irmao-joao-victor-dos-santos-silva-c-r\/#primaryimage","url":"https:\/\/teatinos.org\/wp-content\/uploads\/2020\/06\/DiaconadoJoao.png","contentUrl":"https:\/\/teatinos.org\/wp-content\/uploads\/2020\/06\/DiaconadoJoao.png","width":800,"height":800},{"@type":"BreadcrumbList","@id":"https:\/\/teatinos.org\/pt-br\/ordenacao-diaconal-do-irmao-joao-victor-dos-santos-silva-c-r\/#breadcrumb","itemListElement":[{"@type":"ListItem","position":1,"name":"Portada","item":"https:\/\/teatinos.org\/pt-br\/"},{"@type":"ListItem","position":2,"name":"Ordena\u00e7\u00e3o diaconal do irm\u00e3o Jo\u00e3o V\u00edctor Dos Santos Silva, C.R."}]},{"@type":"WebSite","@id":"https:\/\/teatinos.org\/pt-br\/#website","url":"https:\/\/teatinos.org\/pt-br\/","name":"Teatinos","description":"Orden de Cl\u00e9rigos Regulares","potentialAction":[{"@type":"SearchAction","target":{"@type":"EntryPoint","urlTemplate":"https:\/\/teatinos.org\/pt-br\/?s={search_term_string}"},"query-input":{"@type":"PropertyValueSpecification","valueRequired":true,"valueName":"search_term_string"}}],"inLanguage":"pt-BR"},{"@type":"Person","@id":"https:\/\/teatinos.org\/pt-br\/#\/schema\/person\/10193cb8ac6f163661033cf7ce9006a5","name":"Community Manager","url":"https:\/\/teatinos.org\/pt-br\/author\/pascual\/"}]}},"rttpg_featured_image_url":{"full":["https:\/\/teatinos.org\/wp-content\/uploads\/2020\/06\/DiaconadoJoao.png",800,800,false],"landscape":["https:\/\/teatinos.org\/wp-content\/uploads\/2020\/06\/DiaconadoJoao.png",800,800,false],"portraits":["https:\/\/teatinos.org\/wp-content\/uploads\/2020\/06\/DiaconadoJoao.png",800,800,false],"thumbnail":["https:\/\/teatinos.org\/wp-content\/uploads\/2020\/06\/DiaconadoJoao-150x150.png",150,150,true],"medium":["https:\/\/teatinos.org\/wp-content\/uploads\/2020\/06\/DiaconadoJoao-300x300.png",300,300,true],"large":["https:\/\/teatinos.org\/wp-content\/uploads\/2020\/06\/DiaconadoJoao.png",800,800,false],"1536x1536":["https:\/\/teatinos.org\/wp-content\/uploads\/2020\/06\/DiaconadoJoao.png",800,800,false],"2048x2048":["https:\/\/teatinos.org\/wp-content\/uploads\/2020\/06\/DiaconadoJoao.png",800,800,false]},"rttpg_author":{"display_name":"Community Manager","author_link":"https:\/\/teatinos.org\/pt-br\/author\/pascual\/"},"rttpg_comment":0,"rttpg_category":"<a href=\"https:\/\/teatinos.org\/pt-br\/category\/noticias\/\" rel=\"category tag\">Not\u00edcias<\/a>","rttpg_excerpt":"Como anunciamos oportunamente, no pr\u00f3ximo domingo, 14 de junho de 2020, \u00e0s 11h, a ordena\u00e7\u00e3o diaconal do irm\u00e3o Jo\u00e3o V\u00edctor Dos Santos Silva, CR, um religioso teatino de origem brasileira que faz parte da Casa Geral de Sant Andrea della Valle de Roma. Em uma celebra\u00e7\u00e3o fervorosa e sincera &#8211;&hellip;","_links":{"self":[{"href":"https:\/\/teatinos.org\/pt-br\/wp-json\/wp\/v2\/posts\/5185","targetHints":{"allow":["GET"]}}],"collection":[{"href":"https:\/\/teatinos.org\/pt-br\/wp-json\/wp\/v2\/posts"}],"about":[{"href":"https:\/\/teatinos.org\/pt-br\/wp-json\/wp\/v2\/types\/post"}],"author":[{"embeddable":true,"href":"https:\/\/teatinos.org\/pt-br\/wp-json\/wp\/v2\/users\/5"}],"replies":[{"embeddable":true,"href":"https:\/\/teatinos.org\/pt-br\/wp-json\/wp\/v2\/comments?post=5185"}],"version-history":[{"count":1,"href":"https:\/\/teatinos.org\/pt-br\/wp-json\/wp\/v2\/posts\/5185\/revisions"}],"predecessor-version":[{"id":5186,"href":"https:\/\/teatinos.org\/pt-br\/wp-json\/wp\/v2\/posts\/5185\/revisions\/5186"}],"wp:featuredmedia":[{"embeddable":true,"href":"https:\/\/teatinos.org\/pt-br\/wp-json\/wp\/v2\/media\/5181"}],"wp:attachment":[{"href":"https:\/\/teatinos.org\/pt-br\/wp-json\/wp\/v2\/media?parent=5185"}],"wp:term":[{"taxonomy":"category","embeddable":true,"href":"https:\/\/teatinos.org\/pt-br\/wp-json\/wp\/v2\/categories?post=5185"},{"taxonomy":"post_tag","embeddable":true,"href":"https:\/\/teatinos.org\/pt-br\/wp-json\/wp\/v2\/tags?post=5185"}],"curies":[{"name":"wp","href":"https:\/\/api.w.org\/{rel}","templated":true}]}}