{"id":5164,"date":"2020-06-11T23:03:44","date_gmt":"2020-06-11T23:03:44","guid":{"rendered":"http:\/\/teatinos.org\/?p=5164"},"modified":"2020-06-11T23:04:32","modified_gmt":"2020-06-11T23:04:32","slug":"5164","status":"publish","type":"post","link":"https:\/\/teatinos.org\/pt-br\/5164\/","title":{"rendered":"Liga\u00e7\u00e3o e Liturgia: Ordena\u00e7\u00e3o Diaconal do Irm\u00e3o Jo\u00e3o Victor dos Santos Silva, C.R."},"content":{"rendered":"<p>Compartilhamos com voc\u00ea o livro da liturgia que ser\u00e1 usado na Celebra\u00e7\u00e3o da Ordena\u00e7\u00e3o Diaconal do Irm\u00e3o Jo\u00e3o Victor dos Santos Silva, CR, no pr\u00f3ximo domingo, 14 de junho \u00e0s 11h (hor\u00e1rio de Roma), Solenidade de Corpus Christi , na Bas\u00edlica Sant&#8217;Andrea della Valle, em Roma, que ser\u00e1 presidida por HE Rev.ma Mons. Jorge Carlos Patron Wong Arcivescovo.<\/p>\n<p>Download do livro de liturgia: <strong><a href=\"http:\/\/teatinos.org\/wp-content\/uploads\/2020\/06\/JOAO_web.pdf\">Liturgia Irm\u00e3o Jo\u00e3o Victor, CR<\/a><\/strong><\/p>\n<p>Eles tamb\u00e9m poder\u00e3o acompanhar a celebra\u00e7\u00e3o ao vivo, atrav\u00e9s da p\u00e1gina do Facebook da Ordem dos Cl\u00e9rigos Regulares Teatinos, clicando no seguinte link:<\/p>\n<p style=\"text-align: center;\"><a href=\"https:\/\/www.facebook.com\/ClerigosRegulares\/\"><strong>Ordem dos Cl\u00e9rigos Regulares Teatinos<\/strong><\/a><\/p>\n<p>Acompanhamos o irm\u00e3o Jo\u00e3o Victor na visualiza\u00e7\u00e3o de sua ordena\u00e7\u00e3o diaconal e na ora\u00e7\u00e3o, como o Papa Francisco disse: <em>&#8220;Os di\u00e1conos &#8230; Eles s\u00e3o os guardi\u00f5es do servi\u00e7o na Igreja. Vamos orar para que os di\u00e1conos, fi\u00e9is ao servi\u00e7o da palavra e dos pobres, seja um sinal vivificante para toda a Igreja \u201d.<\/em><\/p>\n<p><em><strong>Ordem dos Cl\u00e9rigos Regulares Teatinos<\/strong><\/em><\/p>\n","protected":false},"excerpt":{"rendered":"<p>Compartilhamos com voc\u00ea o livro da liturgia que ser\u00e1 usado na Celebra\u00e7\u00e3o da Ordena\u00e7\u00e3o Diaconal do Irm\u00e3o Jo\u00e3o Victor dos Santos Silva, CR, no pr\u00f3ximo domingo, 14 de junho \u00e0s 11h (hor\u00e1rio de Roma), Solenidade de Corpus Christi , na Bas\u00edlica Sant&#8217;Andrea della Valle, em Roma, que ser\u00e1 presidida por&hellip;<\/p>\n","protected":false},"author":5,"featured_media":5158,"comment_status":"closed","ping_status":"open","sticky":false,"template":"","format":"standard","meta":{"_acf_changed":false,"footnotes":"","_links_to":"","_links_to_target":""},"categories":[49],"tags":[],"class_list":["post-5164","post","type-post","status-publish","format-standard","has-post-thumbnail","hentry","category-noticias"],"acf":[],"yoast_head":"<!-- This site is optimized with the Yoast SEO plugin v23.5 - https:\/\/yoast.com\/wordpress\/plugins\/seo\/ -->\n<title>Liga\u00e7\u00e3o e Liturgia: Ordena\u00e7\u00e3o Diaconal do Irm\u00e3o Jo\u00e3o Victor dos Santos Silva, C.R. - Teatinos<\/title>\n<meta name=\"robots\" content=\"index, follow, max-snippet:-1, max-image-preview:large, max-video-preview:-1\" \/>\n<link rel=\"canonical\" href=\"https:\/\/teatinos.org\/pt-br\/5164\/\" \/>\n<meta property=\"og:locale\" content=\"pt_BR\" \/>\n<meta property=\"og:type\" content=\"article\" \/>\n<meta property=\"og:title\" content=\"Liga\u00e7\u00e3o e Liturgia: Ordena\u00e7\u00e3o Diaconal do Irm\u00e3o Jo\u00e3o Victor dos Santos Silva, C.R. - Teatinos\" \/>\n<meta property=\"og:description\" content=\"Compartilhamos com voc\u00ea o livro da liturgia que ser\u00e1 usado na Celebra\u00e7\u00e3o da Ordena\u00e7\u00e3o Diaconal do Irm\u00e3o Jo\u00e3o Victor dos Santos Silva, CR, no pr\u00f3ximo domingo, 14 de junho \u00e0s 11h (hor\u00e1rio de Roma), Solenidade de Corpus Christi , na Bas\u00edlica Sant&#8217;Andrea della Valle, em Roma, que ser\u00e1 presidida por&hellip;\" \/>\n<meta property=\"og:url\" content=\"https:\/\/teatinos.org\/pt-br\/5164\/\" \/>\n<meta property=\"og:site_name\" content=\"Teatinos\" \/>\n<meta property=\"article:published_time\" content=\"2020-06-11T23:03:44+00:00\" \/>\n<meta property=\"article:modified_time\" content=\"2020-06-11T23:04:32+00:00\" \/>\n<meta property=\"og:image\" content=\"https:\/\/teatinos.org\/wp-content\/uploads\/2020\/06\/Joao800x800.png\" \/>\n\t<meta property=\"og:image:width\" content=\"800\" \/>\n\t<meta property=\"og:image:height\" content=\"800\" \/>\n\t<meta property=\"og:image:type\" content=\"image\/png\" \/>\n<meta name=\"author\" content=\"Community Manager\" \/>\n<meta name=\"twitter:card\" content=\"summary_large_image\" \/>\n<meta name=\"twitter:label1\" content=\"Escrito por\" \/>\n\t<meta name=\"twitter:data1\" content=\"Community Manager\" \/>\n\t<meta name=\"twitter:label2\" content=\"Est. tempo de leitura\" \/>\n\t<meta name=\"twitter:data2\" content=\"1 minuto\" \/>\n<script type=\"application\/ld+json\" class=\"yoast-schema-graph\">{\"@context\":\"https:\/\/schema.org\",\"@graph\":[{\"@type\":\"WebPage\",\"@id\":\"https:\/\/teatinos.org\/pt-br\/5164\/\",\"url\":\"https:\/\/teatinos.org\/pt-br\/5164\/\",\"name\":\"Liga\u00e7\u00e3o e Liturgia: Ordena\u00e7\u00e3o Diaconal do Irm\u00e3o Jo\u00e3o Victor dos Santos Silva, C.R. - Teatinos\",\"isPartOf\":{\"@id\":\"https:\/\/teatinos.org\/pt-br\/#website\"},\"primaryImageOfPage\":{\"@id\":\"https:\/\/teatinos.org\/pt-br\/5164\/#primaryimage\"},\"image\":{\"@id\":\"https:\/\/teatinos.org\/pt-br\/5164\/#primaryimage\"},\"thumbnailUrl\":\"https:\/\/teatinos.org\/wp-content\/uploads\/2020\/06\/Joao800x800.png\",\"datePublished\":\"2020-06-11T23:03:44+00:00\",\"dateModified\":\"2020-06-11T23:04:32+00:00\",\"author\":{\"@id\":\"https:\/\/teatinos.org\/pt-br\/#\/schema\/person\/10193cb8ac6f163661033cf7ce9006a5\"},\"breadcrumb\":{\"@id\":\"https:\/\/teatinos.org\/pt-br\/5164\/#breadcrumb\"},\"inLanguage\":\"pt-BR\",\"potentialAction\":[{\"@type\":\"ReadAction\",\"target\":[\"https:\/\/teatinos.org\/pt-br\/5164\/\"]}]},{\"@type\":\"ImageObject\",\"inLanguage\":\"pt-BR\",\"@id\":\"https:\/\/teatinos.org\/pt-br\/5164\/#primaryimage\",\"url\":\"https:\/\/teatinos.org\/wp-content\/uploads\/2020\/06\/Joao800x800.png\",\"contentUrl\":\"https:\/\/teatinos.org\/wp-content\/uploads\/2020\/06\/Joao800x800.png\",\"width\":800,\"height\":800},{\"@type\":\"BreadcrumbList\",\"@id\":\"https:\/\/teatinos.org\/pt-br\/5164\/#breadcrumb\",\"itemListElement\":[{\"@type\":\"ListItem\",\"position\":1,\"name\":\"Portada\",\"item\":\"https:\/\/teatinos.org\/pt-br\/\"},{\"@type\":\"ListItem\",\"position\":2,\"name\":\"Liga\u00e7\u00e3o e Liturgia: Ordena\u00e7\u00e3o Diaconal do Irm\u00e3o Jo\u00e3o Victor dos Santos Silva, C.R.\"}]},{\"@type\":\"WebSite\",\"@id\":\"https:\/\/teatinos.org\/pt-br\/#website\",\"url\":\"https:\/\/teatinos.org\/pt-br\/\",\"name\":\"Teatinos\",\"description\":\"Orden de Cl\u00e9rigos Regulares\",\"potentialAction\":[{\"@type\":\"SearchAction\",\"target\":{\"@type\":\"EntryPoint\",\"urlTemplate\":\"https:\/\/teatinos.org\/pt-br\/?s={search_term_string}\"},\"query-input\":{\"@type\":\"PropertyValueSpecification\",\"valueRequired\":true,\"valueName\":\"search_term_string\"}}],\"inLanguage\":\"pt-BR\"},{\"@type\":\"Person\",\"@id\":\"https:\/\/teatinos.org\/pt-br\/#\/schema\/person\/10193cb8ac6f163661033cf7ce9006a5\",\"name\":\"Community Manager\",\"url\":\"https:\/\/teatinos.org\/pt-br\/author\/pascual\/\"}]}<\/script>\n<!-- \/ Yoast SEO plugin. -->","yoast_head_json":{"title":"Liga\u00e7\u00e3o e Liturgia: Ordena\u00e7\u00e3o Diaconal do Irm\u00e3o Jo\u00e3o Victor dos Santos Silva, C.R. - Teatinos","robots":{"index":"index","follow":"follow","max-snippet":"max-snippet:-1","max-image-preview":"max-image-preview:large","max-video-preview":"max-video-preview:-1"},"canonical":"https:\/\/teatinos.org\/pt-br\/5164\/","og_locale":"pt_BR","og_type":"article","og_title":"Liga\u00e7\u00e3o e Liturgia: Ordena\u00e7\u00e3o Diaconal do Irm\u00e3o Jo\u00e3o Victor dos Santos Silva, C.R. - Teatinos","og_description":"Compartilhamos com voc\u00ea o livro da liturgia que ser\u00e1 usado na Celebra\u00e7\u00e3o da Ordena\u00e7\u00e3o Diaconal do Irm\u00e3o Jo\u00e3o Victor dos Santos Silva, CR, no pr\u00f3ximo domingo, 14 de junho \u00e0s 11h (hor\u00e1rio de Roma), Solenidade de Corpus Christi , na Bas\u00edlica Sant&#8217;Andrea della Valle, em Roma, que ser\u00e1 presidida por&hellip;","og_url":"https:\/\/teatinos.org\/pt-br\/5164\/","og_site_name":"Teatinos","article_published_time":"2020-06-11T23:03:44+00:00","article_modified_time":"2020-06-11T23:04:32+00:00","og_image":[{"width":800,"height":800,"url":"https:\/\/teatinos.org\/wp-content\/uploads\/2020\/06\/Joao800x800.png","type":"image\/png"}],"author":"Community Manager","twitter_card":"summary_large_image","twitter_misc":{"Escrito por":"Community Manager","Est. tempo de leitura":"1 minuto"},"schema":{"@context":"https:\/\/schema.org","@graph":[{"@type":"WebPage","@id":"https:\/\/teatinos.org\/pt-br\/5164\/","url":"https:\/\/teatinos.org\/pt-br\/5164\/","name":"Liga\u00e7\u00e3o e Liturgia: Ordena\u00e7\u00e3o Diaconal do Irm\u00e3o Jo\u00e3o Victor dos Santos Silva, C.R. - Teatinos","isPartOf":{"@id":"https:\/\/teatinos.org\/pt-br\/#website"},"primaryImageOfPage":{"@id":"https:\/\/teatinos.org\/pt-br\/5164\/#primaryimage"},"image":{"@id":"https:\/\/teatinos.org\/pt-br\/5164\/#primaryimage"},"thumbnailUrl":"https:\/\/teatinos.org\/wp-content\/uploads\/2020\/06\/Joao800x800.png","datePublished":"2020-06-11T23:03:44+00:00","dateModified":"2020-06-11T23:04:32+00:00","author":{"@id":"https:\/\/teatinos.org\/pt-br\/#\/schema\/person\/10193cb8ac6f163661033cf7ce9006a5"},"breadcrumb":{"@id":"https:\/\/teatinos.org\/pt-br\/5164\/#breadcrumb"},"inLanguage":"pt-BR","potentialAction":[{"@type":"ReadAction","target":["https:\/\/teatinos.org\/pt-br\/5164\/"]}]},{"@type":"ImageObject","inLanguage":"pt-BR","@id":"https:\/\/teatinos.org\/pt-br\/5164\/#primaryimage","url":"https:\/\/teatinos.org\/wp-content\/uploads\/2020\/06\/Joao800x800.png","contentUrl":"https:\/\/teatinos.org\/wp-content\/uploads\/2020\/06\/Joao800x800.png","width":800,"height":800},{"@type":"BreadcrumbList","@id":"https:\/\/teatinos.org\/pt-br\/5164\/#breadcrumb","itemListElement":[{"@type":"ListItem","position":1,"name":"Portada","item":"https:\/\/teatinos.org\/pt-br\/"},{"@type":"ListItem","position":2,"name":"Liga\u00e7\u00e3o e Liturgia: Ordena\u00e7\u00e3o Diaconal do Irm\u00e3o Jo\u00e3o Victor dos Santos Silva, C.R."}]},{"@type":"WebSite","@id":"https:\/\/teatinos.org\/pt-br\/#website","url":"https:\/\/teatinos.org\/pt-br\/","name":"Teatinos","description":"Orden de Cl\u00e9rigos Regulares","potentialAction":[{"@type":"SearchAction","target":{"@type":"EntryPoint","urlTemplate":"https:\/\/teatinos.org\/pt-br\/?s={search_term_string}"},"query-input":{"@type":"PropertyValueSpecification","valueRequired":true,"valueName":"search_term_string"}}],"inLanguage":"pt-BR"},{"@type":"Person","@id":"https:\/\/teatinos.org\/pt-br\/#\/schema\/person\/10193cb8ac6f163661033cf7ce9006a5","name":"Community Manager","url":"https:\/\/teatinos.org\/pt-br\/author\/pascual\/"}]}},"rttpg_featured_image_url":{"full":["https:\/\/teatinos.org\/wp-content\/uploads\/2020\/06\/Joao800x800.png",800,800,false],"landscape":["https:\/\/teatinos.org\/wp-content\/uploads\/2020\/06\/Joao800x800.png",800,800,false],"portraits":["https:\/\/teatinos.org\/wp-content\/uploads\/2020\/06\/Joao800x800.png",800,800,false],"thumbnail":["https:\/\/teatinos.org\/wp-content\/uploads\/2020\/06\/Joao800x800-150x150.png",150,150,true],"medium":["https:\/\/teatinos.org\/wp-content\/uploads\/2020\/06\/Joao800x800-300x300.png",300,300,true],"large":["https:\/\/teatinos.org\/wp-content\/uploads\/2020\/06\/Joao800x800.png",800,800,false],"1536x1536":["https:\/\/teatinos.org\/wp-content\/uploads\/2020\/06\/Joao800x800.png",800,800,false],"2048x2048":["https:\/\/teatinos.org\/wp-content\/uploads\/2020\/06\/Joao800x800.png",800,800,false]},"rttpg_author":{"display_name":"Community Manager","author_link":"https:\/\/teatinos.org\/pt-br\/author\/pascual\/"},"rttpg_comment":0,"rttpg_category":"<a href=\"https:\/\/teatinos.org\/pt-br\/category\/noticias\/\" rel=\"category tag\">Not\u00edcias<\/a>","rttpg_excerpt":"Compartilhamos com voc\u00ea o livro da liturgia que ser\u00e1 usado na Celebra\u00e7\u00e3o da Ordena\u00e7\u00e3o Diaconal do Irm\u00e3o Jo\u00e3o Victor dos Santos Silva, CR, no pr\u00f3ximo domingo, 14 de junho \u00e0s 11h (hor\u00e1rio de Roma), Solenidade de Corpus Christi , na Bas\u00edlica Sant&#8217;Andrea della Valle, em Roma, que ser\u00e1 presidida por&hellip;","_links":{"self":[{"href":"https:\/\/teatinos.org\/pt-br\/wp-json\/wp\/v2\/posts\/5164","targetHints":{"allow":["GET"]}}],"collection":[{"href":"https:\/\/teatinos.org\/pt-br\/wp-json\/wp\/v2\/posts"}],"about":[{"href":"https:\/\/teatinos.org\/pt-br\/wp-json\/wp\/v2\/types\/post"}],"author":[{"embeddable":true,"href":"https:\/\/teatinos.org\/pt-br\/wp-json\/wp\/v2\/users\/5"}],"replies":[{"embeddable":true,"href":"https:\/\/teatinos.org\/pt-br\/wp-json\/wp\/v2\/comments?post=5164"}],"version-history":[{"count":2,"href":"https:\/\/teatinos.org\/pt-br\/wp-json\/wp\/v2\/posts\/5164\/revisions"}],"predecessor-version":[{"id":5166,"href":"https:\/\/teatinos.org\/pt-br\/wp-json\/wp\/v2\/posts\/5164\/revisions\/5166"}],"wp:featuredmedia":[{"embeddable":true,"href":"https:\/\/teatinos.org\/pt-br\/wp-json\/wp\/v2\/media\/5158"}],"wp:attachment":[{"href":"https:\/\/teatinos.org\/pt-br\/wp-json\/wp\/v2\/media?parent=5164"}],"wp:term":[{"taxonomy":"category","embeddable":true,"href":"https:\/\/teatinos.org\/pt-br\/wp-json\/wp\/v2\/categories?post=5164"},{"taxonomy":"post_tag","embeddable":true,"href":"https:\/\/teatinos.org\/pt-br\/wp-json\/wp\/v2\/tags?post=5164"}],"curies":[{"name":"wp","href":"https:\/\/api.w.org\/{rel}","templated":true}]}}