{"id":22732,"date":"2026-09-02T14:55:04","date_gmt":"2026-09-02T14:55:04","guid":{"rendered":"https:\/\/teatinos.org\/el-p-ricardo-anibal-linares-cr-ha-partido-a-la-casa-del-padre\/"},"modified":"2026-09-02T14:56:58","modified_gmt":"2026-09-02T14:56:58","slug":"el-p-ricardo-anibal-linares-cr-ha-partido-a-la-casa-del-padre","status":"publish","type":"post","link":"https:\/\/teatinos.org\/pt-br\/el-p-ricardo-anibal-linares-cr-ha-partido-a-la-casa-del-padre\/","title":{"rendered":"O Pe. Ricardo An\u00edbal Linares, CR, retornou \u00e0 Casa do Pai"},"content":{"rendered":"<p data-start=\"1549\" data-end=\"1752\">Com profunda tristeza, mas sustentados pela esperan\u00e7a crist\u00e3 na Ressurrei\u00e7\u00e3o, a Ordem dos Cl\u00e9rigos Regulares Teatinos comunica o falecimento de nosso irm\u00e3o <strong data-start=\"1705\" data-end=\"1751\">Pe. Ricardo An\u00edbal Linares, CR (1964\u20132026)<\/strong>.<\/p>\n<p data-start=\"1754\" data-end=\"2087\">Sua partida nos convida, antes de tudo, a dar gra\u00e7as a Deus pelo dom de sua vida, por sua voca\u00e7\u00e3o teatina e por tantos anos dedicados ao servi\u00e7o da Igreja, das comunidades e do povo de Deus. Neste momento de dor, nossa f\u00e9 nos recorda que a morte n\u00e3o tem a \u00faltima palavra: em Cristo Ressuscitado, confiamos na promessa da Vida eterna.<\/p>\n<p data-start=\"2089\" data-end=\"2375\">Como fam\u00edlia teatina, unimo-nos em ora\u00e7\u00e3o aos seus familiares, amigos, irm\u00e3os de comunidade e a todos aqueles que compartilharam com ele o caminho da f\u00e9. Pedimos ao Senhor que receba nosso irm\u00e3o Ricardo em seu Reino e conceda consolo e for\u00e7a a todos aqueles que hoje choram sua partida.<\/p>\n<p data-start=\"2377\" data-end=\"2600\">A despedida ser\u00e1 realizada na <strong data-start=\"2407\" data-end=\"2445\">sexta-feira, 4 de setembro de 2026<\/strong>, na <strong data-start=\"2450\" data-end=\"2486\">Par\u00f3quia S\u00e3o Caetano, em Morlupo (Roma, IT)<\/strong>. A c\u00e2mara ardente estar\u00e1 aberta a partir das <strong data-start=\"2532\" data-end=\"2541\">12h30<\/strong>, e \u00e0s <strong data-start=\"2548\" data-end=\"2557\">15h00<\/strong> ser\u00e1 celebrada a <strong data-start=\"2575\" data-end=\"2599\">Santa Missa Exequial<\/strong>.<\/p>\n<p data-start=\"2602\" data-end=\"2727\">Que S\u00e3o Caetano, nosso Pai Fundador, o acompanhe diante do Senhor, e que Maria Sant\u00edssima o acolha sob sua maternal prote\u00e7\u00e3o.<\/p>\n<p data-start=\"2729\" data-end=\"2850\"><strong data-start=\"2729\" data-end=\"2850\">Dai-lhe, Senhor, o descanso eterno.<br data-start=\"2766\" data-end=\"2769\" \/>E brilhe para ele a luz que n\u00e3o tem fim.<br data-start=\"2809\" data-end=\"2812\" \/>Que descanse na paz de Cristo. Am\u00e9m.<\/strong><\/p>\n<p data-start=\"1302\" data-end=\"1424\" data-is-last-node=\"\" data-is-only-node=\"\"><a href=\"https:\/\/teatinos.org\/wp-content\/uploads\/2026\/09\/Fallecimineto-P-Linares-CR-Sep26.jpg\"><img loading=\"lazy\" decoding=\"async\" class=\"alignnone size-full wp-image-22723\" src=\"https:\/\/teatinos.org\/wp-content\/uploads\/2026\/09\/Fallecimineto-P-Linares-CR-Sep26.jpg\" alt=\"\" width=\"1080\" height=\"1920\" \/><\/a><\/p>\n","protected":false},"excerpt":{"rendered":"<p>Com profunda tristeza, mas sustentados pela esperan\u00e7a crist\u00e3 na Ressurrei\u00e7\u00e3o, a Ordem dos Cl\u00e9rigos Regulares Teatinos comunica o falecimento de nosso irm\u00e3o Pe. Ricardo An\u00edbal Linares, CR (1964\u20132026). Sua partida nos convida, antes de tudo, a dar gra\u00e7as a Deus pelo dom de sua vida, por sua voca\u00e7\u00e3o teatina e&hellip;<\/p>\n","protected":false},"author":5,"featured_media":22722,"comment_status":"closed","ping_status":"open","sticky":false,"template":"","format":"standard","meta":{"_acf_changed":false,"footnotes":"","_links_to":"","_links_to_target":""},"categories":[49],"tags":[],"class_list":["post-22732","post","type-post","status-publish","format-standard","has-post-thumbnail","hentry","category-noticias"],"acf":[],"yoast_head":"<!-- This site is optimized with the Yoast SEO plugin v23.5 - https:\/\/yoast.com\/wordpress\/plugins\/seo\/ -->\n<title>O Pe. Ricardo An\u00edbal Linares, CR, retornou \u00e0 Casa do Pai - Teatinos<\/title>\n<meta name=\"robots\" content=\"index, follow, max-snippet:-1, max-image-preview:large, max-video-preview:-1\" \/>\n<link rel=\"canonical\" href=\"https:\/\/teatinos.org\/pt-br\/el-p-ricardo-anibal-linares-cr-ha-partido-a-la-casa-del-padre\/\" \/>\n<meta property=\"og:locale\" content=\"pt_BR\" \/>\n<meta property=\"og:type\" content=\"article\" \/>\n<meta property=\"og:title\" content=\"O Pe. Ricardo An\u00edbal Linares, CR, retornou \u00e0 Casa do Pai - Teatinos\" \/>\n<meta property=\"og:description\" content=\"Com profunda tristeza, mas sustentados pela esperan\u00e7a crist\u00e3 na Ressurrei\u00e7\u00e3o, a Ordem dos Cl\u00e9rigos Regulares Teatinos comunica o falecimento de nosso irm\u00e3o Pe. Ricardo An\u00edbal Linares, CR (1964\u20132026). Sua partida nos convida, antes de tudo, a dar gra\u00e7as a Deus pelo dom de sua vida, por sua voca\u00e7\u00e3o teatina e&hellip;\" \/>\n<meta property=\"og:url\" content=\"https:\/\/teatinos.org\/pt-br\/el-p-ricardo-anibal-linares-cr-ha-partido-a-la-casa-del-padre\/\" \/>\n<meta property=\"og:site_name\" content=\"Teatinos\" \/>\n<meta property=\"article:published_time\" content=\"2026-09-02T14:55:04+00:00\" \/>\n<meta property=\"article:modified_time\" content=\"2026-09-02T14:56:58+00:00\" \/>\n<meta property=\"og:image\" content=\"https:\/\/teatinos.org\/wp-content\/uploads\/2026\/09\/Fallecimiento-P-Linares-CR-Sep-26.png\" \/>\n\t<meta property=\"og:image:width\" content=\"1080\" \/>\n\t<meta property=\"og:image:height\" content=\"1080\" \/>\n\t<meta property=\"og:image:type\" content=\"image\/png\" \/>\n<meta name=\"author\" content=\"Community Manager\" \/>\n<meta name=\"twitter:card\" content=\"summary_large_image\" \/>\n<meta name=\"twitter:label1\" content=\"Escrito por\" \/>\n\t<meta name=\"twitter:data1\" content=\"Community Manager\" \/>\n\t<meta name=\"twitter:label2\" content=\"Est. tempo de leitura\" \/>\n\t<meta name=\"twitter:data2\" content=\"2 minutos\" \/>\n<script type=\"application\/ld+json\" class=\"yoast-schema-graph\">{\"@context\":\"https:\/\/schema.org\",\"@graph\":[{\"@type\":\"WebPage\",\"@id\":\"https:\/\/teatinos.org\/pt-br\/el-p-ricardo-anibal-linares-cr-ha-partido-a-la-casa-del-padre\/\",\"url\":\"https:\/\/teatinos.org\/pt-br\/el-p-ricardo-anibal-linares-cr-ha-partido-a-la-casa-del-padre\/\",\"name\":\"O Pe. Ricardo An\u00edbal Linares, CR, retornou \u00e0 Casa do Pai - Teatinos\",\"isPartOf\":{\"@id\":\"https:\/\/teatinos.org\/pt-br\/#website\"},\"primaryImageOfPage\":{\"@id\":\"https:\/\/teatinos.org\/pt-br\/el-p-ricardo-anibal-linares-cr-ha-partido-a-la-casa-del-padre\/#primaryimage\"},\"image\":{\"@id\":\"https:\/\/teatinos.org\/pt-br\/el-p-ricardo-anibal-linares-cr-ha-partido-a-la-casa-del-padre\/#primaryimage\"},\"thumbnailUrl\":\"https:\/\/teatinos.org\/wp-content\/uploads\/2026\/09\/Fallecimiento-P-Linares-CR-Sep-26.png\",\"datePublished\":\"2026-09-02T14:55:04+00:00\",\"dateModified\":\"2026-09-02T14:56:58+00:00\",\"author\":{\"@id\":\"https:\/\/teatinos.org\/pt-br\/#\/schema\/person\/10193cb8ac6f163661033cf7ce9006a5\"},\"breadcrumb\":{\"@id\":\"https:\/\/teatinos.org\/pt-br\/el-p-ricardo-anibal-linares-cr-ha-partido-a-la-casa-del-padre\/#breadcrumb\"},\"inLanguage\":\"pt-BR\",\"potentialAction\":[{\"@type\":\"ReadAction\",\"target\":[\"https:\/\/teatinos.org\/pt-br\/el-p-ricardo-anibal-linares-cr-ha-partido-a-la-casa-del-padre\/\"]}]},{\"@type\":\"ImageObject\",\"inLanguage\":\"pt-BR\",\"@id\":\"https:\/\/teatinos.org\/pt-br\/el-p-ricardo-anibal-linares-cr-ha-partido-a-la-casa-del-padre\/#primaryimage\",\"url\":\"https:\/\/teatinos.org\/wp-content\/uploads\/2026\/09\/Fallecimiento-P-Linares-CR-Sep-26.png\",\"contentUrl\":\"https:\/\/teatinos.org\/wp-content\/uploads\/2026\/09\/Fallecimiento-P-Linares-CR-Sep-26.png\",\"width\":1080,\"height\":1080},{\"@type\":\"BreadcrumbList\",\"@id\":\"https:\/\/teatinos.org\/pt-br\/el-p-ricardo-anibal-linares-cr-ha-partido-a-la-casa-del-padre\/#breadcrumb\",\"itemListElement\":[{\"@type\":\"ListItem\",\"position\":1,\"name\":\"Portada\",\"item\":\"https:\/\/teatinos.org\/pt-br\/\"},{\"@type\":\"ListItem\",\"position\":2,\"name\":\"O Pe. Ricardo An\u00edbal Linares, CR, retornou \u00e0 Casa do Pai\"}]},{\"@type\":\"WebSite\",\"@id\":\"https:\/\/teatinos.org\/pt-br\/#website\",\"url\":\"https:\/\/teatinos.org\/pt-br\/\",\"name\":\"Teatinos\",\"description\":\"Orden de Cl\u00e9rigos Regulares\",\"potentialAction\":[{\"@type\":\"SearchAction\",\"target\":{\"@type\":\"EntryPoint\",\"urlTemplate\":\"https:\/\/teatinos.org\/pt-br\/?s={search_term_string}\"},\"query-input\":{\"@type\":\"PropertyValueSpecification\",\"valueRequired\":true,\"valueName\":\"search_term_string\"}}],\"inLanguage\":\"pt-BR\"},{\"@type\":\"Person\",\"@id\":\"https:\/\/teatinos.org\/pt-br\/#\/schema\/person\/10193cb8ac6f163661033cf7ce9006a5\",\"name\":\"Community Manager\",\"url\":\"https:\/\/teatinos.org\/pt-br\/author\/pascual\/\"}]}<\/script>\n<!-- \/ Yoast SEO plugin. -->","yoast_head_json":{"title":"O Pe. Ricardo An\u00edbal Linares, CR, retornou \u00e0 Casa do Pai - Teatinos","robots":{"index":"index","follow":"follow","max-snippet":"max-snippet:-1","max-image-preview":"max-image-preview:large","max-video-preview":"max-video-preview:-1"},"canonical":"https:\/\/teatinos.org\/pt-br\/el-p-ricardo-anibal-linares-cr-ha-partido-a-la-casa-del-padre\/","og_locale":"pt_BR","og_type":"article","og_title":"O Pe. Ricardo An\u00edbal Linares, CR, retornou \u00e0 Casa do Pai - Teatinos","og_description":"Com profunda tristeza, mas sustentados pela esperan\u00e7a crist\u00e3 na Ressurrei\u00e7\u00e3o, a Ordem dos Cl\u00e9rigos Regulares Teatinos comunica o falecimento de nosso irm\u00e3o Pe. Ricardo An\u00edbal Linares, CR (1964\u20132026). Sua partida nos convida, antes de tudo, a dar gra\u00e7as a Deus pelo dom de sua vida, por sua voca\u00e7\u00e3o teatina e&hellip;","og_url":"https:\/\/teatinos.org\/pt-br\/el-p-ricardo-anibal-linares-cr-ha-partido-a-la-casa-del-padre\/","og_site_name":"Teatinos","article_published_time":"2026-09-02T14:55:04+00:00","article_modified_time":"2026-09-02T14:56:58+00:00","og_image":[{"width":1080,"height":1080,"url":"https:\/\/teatinos.org\/wp-content\/uploads\/2026\/09\/Fallecimiento-P-Linares-CR-Sep-26.png","type":"image\/png"}],"author":"Community Manager","twitter_card":"summary_large_image","twitter_misc":{"Escrito por":"Community Manager","Est. tempo de leitura":"2 minutos"},"schema":{"@context":"https:\/\/schema.org","@graph":[{"@type":"WebPage","@id":"https:\/\/teatinos.org\/pt-br\/el-p-ricardo-anibal-linares-cr-ha-partido-a-la-casa-del-padre\/","url":"https:\/\/teatinos.org\/pt-br\/el-p-ricardo-anibal-linares-cr-ha-partido-a-la-casa-del-padre\/","name":"O Pe. Ricardo An\u00edbal Linares, CR, retornou \u00e0 Casa do Pai - Teatinos","isPartOf":{"@id":"https:\/\/teatinos.org\/pt-br\/#website"},"primaryImageOfPage":{"@id":"https:\/\/teatinos.org\/pt-br\/el-p-ricardo-anibal-linares-cr-ha-partido-a-la-casa-del-padre\/#primaryimage"},"image":{"@id":"https:\/\/teatinos.org\/pt-br\/el-p-ricardo-anibal-linares-cr-ha-partido-a-la-casa-del-padre\/#primaryimage"},"thumbnailUrl":"https:\/\/teatinos.org\/wp-content\/uploads\/2026\/09\/Fallecimiento-P-Linares-CR-Sep-26.png","datePublished":"2026-09-02T14:55:04+00:00","dateModified":"2026-09-02T14:56:58+00:00","author":{"@id":"https:\/\/teatinos.org\/pt-br\/#\/schema\/person\/10193cb8ac6f163661033cf7ce9006a5"},"breadcrumb":{"@id":"https:\/\/teatinos.org\/pt-br\/el-p-ricardo-anibal-linares-cr-ha-partido-a-la-casa-del-padre\/#breadcrumb"},"inLanguage":"pt-BR","potentialAction":[{"@type":"ReadAction","target":["https:\/\/teatinos.org\/pt-br\/el-p-ricardo-anibal-linares-cr-ha-partido-a-la-casa-del-padre\/"]}]},{"@type":"ImageObject","inLanguage":"pt-BR","@id":"https:\/\/teatinos.org\/pt-br\/el-p-ricardo-anibal-linares-cr-ha-partido-a-la-casa-del-padre\/#primaryimage","url":"https:\/\/teatinos.org\/wp-content\/uploads\/2026\/09\/Fallecimiento-P-Linares-CR-Sep-26.png","contentUrl":"https:\/\/teatinos.org\/wp-content\/uploads\/2026\/09\/Fallecimiento-P-Linares-CR-Sep-26.png","width":1080,"height":1080},{"@type":"BreadcrumbList","@id":"https:\/\/teatinos.org\/pt-br\/el-p-ricardo-anibal-linares-cr-ha-partido-a-la-casa-del-padre\/#breadcrumb","itemListElement":[{"@type":"ListItem","position":1,"name":"Portada","item":"https:\/\/teatinos.org\/pt-br\/"},{"@type":"ListItem","position":2,"name":"O Pe. Ricardo An\u00edbal Linares, CR, retornou \u00e0 Casa do Pai"}]},{"@type":"WebSite","@id":"https:\/\/teatinos.org\/pt-br\/#website","url":"https:\/\/teatinos.org\/pt-br\/","name":"Teatinos","description":"Orden de Cl\u00e9rigos Regulares","potentialAction":[{"@type":"SearchAction","target":{"@type":"EntryPoint","urlTemplate":"https:\/\/teatinos.org\/pt-br\/?s={search_term_string}"},"query-input":{"@type":"PropertyValueSpecification","valueRequired":true,"valueName":"search_term_string"}}],"inLanguage":"pt-BR"},{"@type":"Person","@id":"https:\/\/teatinos.org\/pt-br\/#\/schema\/person\/10193cb8ac6f163661033cf7ce9006a5","name":"Community Manager","url":"https:\/\/teatinos.org\/pt-br\/author\/pascual\/"}]}},"rttpg_featured_image_url":{"full":["https:\/\/teatinos.org\/wp-content\/uploads\/2026\/09\/Fallecimiento-P-Linares-CR-Sep-26.png",1080,1080,false],"landscape":["https:\/\/teatinos.org\/wp-content\/uploads\/2026\/09\/Fallecimiento-P-Linares-CR-Sep-26.png",1080,1080,false],"portraits":["https:\/\/teatinos.org\/wp-content\/uploads\/2026\/09\/Fallecimiento-P-Linares-CR-Sep-26.png",1080,1080,false],"thumbnail":["https:\/\/teatinos.org\/wp-content\/uploads\/2026\/09\/Fallecimiento-P-Linares-CR-Sep-26-150x150.png",150,150,true],"medium":["https:\/\/teatinos.org\/wp-content\/uploads\/2026\/09\/Fallecimiento-P-Linares-CR-Sep-26-300x300.png",300,300,true],"large":["https:\/\/teatinos.org\/wp-content\/uploads\/2026\/09\/Fallecimiento-P-Linares-CR-Sep-26-1024x1024.png",1000,1000,true],"1536x1536":["https:\/\/teatinos.org\/wp-content\/uploads\/2026\/09\/Fallecimiento-P-Linares-CR-Sep-26.png",1080,1080,false],"2048x2048":["https:\/\/teatinos.org\/wp-content\/uploads\/2026\/09\/Fallecimiento-P-Linares-CR-Sep-26.png",1080,1080,false]},"rttpg_author":{"display_name":"Community Manager","author_link":"https:\/\/teatinos.org\/pt-br\/author\/pascual\/"},"rttpg_comment":0,"rttpg_category":"<a href=\"https:\/\/teatinos.org\/pt-br\/category\/noticias\/\" rel=\"category tag\">Not\u00edcias<\/a>","rttpg_excerpt":"Com profunda tristeza, mas sustentados pela esperan\u00e7a crist\u00e3 na Ressurrei\u00e7\u00e3o, a Ordem dos Cl\u00e9rigos Regulares Teatinos comunica o falecimento de nosso irm\u00e3o Pe. Ricardo An\u00edbal Linares, CR (1964\u20132026). Sua partida nos convida, antes de tudo, a dar gra\u00e7as a Deus pelo dom de sua vida, por sua voca\u00e7\u00e3o teatina e&hellip;","_links":{"self":[{"href":"https:\/\/teatinos.org\/pt-br\/wp-json\/wp\/v2\/posts\/22732","targetHints":{"allow":["GET"]}}],"collection":[{"href":"https:\/\/teatinos.org\/pt-br\/wp-json\/wp\/v2\/posts"}],"about":[{"href":"https:\/\/teatinos.org\/pt-br\/wp-json\/wp\/v2\/types\/post"}],"author":[{"embeddable":true,"href":"https:\/\/teatinos.org\/pt-br\/wp-json\/wp\/v2\/users\/5"}],"replies":[{"embeddable":true,"href":"https:\/\/teatinos.org\/pt-br\/wp-json\/wp\/v2\/comments?post=22732"}],"version-history":[{"count":1,"href":"https:\/\/teatinos.org\/pt-br\/wp-json\/wp\/v2\/posts\/22732\/revisions"}],"predecessor-version":[{"id":22734,"href":"https:\/\/teatinos.org\/pt-br\/wp-json\/wp\/v2\/posts\/22732\/revisions\/22734"}],"wp:featuredmedia":[{"embeddable":true,"href":"https:\/\/teatinos.org\/pt-br\/wp-json\/wp\/v2\/media\/22722"}],"wp:attachment":[{"href":"https:\/\/teatinos.org\/pt-br\/wp-json\/wp\/v2\/media?parent=22732"}],"wp:term":[{"taxonomy":"category","embeddable":true,"href":"https:\/\/teatinos.org\/pt-br\/wp-json\/wp\/v2\/categories?post=22732"},{"taxonomy":"post_tag","embeddable":true,"href":"https:\/\/teatinos.org\/pt-br\/wp-json\/wp\/v2\/tags?post=22732"}],"curies":[{"name":"wp","href":"https:\/\/api.w.org\/{rel}","templated":true}]}}