{"id":20946,"date":"2025-11-25T22:06:57","date_gmt":"2025-11-25T22:06:57","guid":{"rendered":"https:\/\/teatinos.org\/encuentro-juvenil-teatino-palermo-29-31-de-diciembre\/"},"modified":"2025-11-25T22:08:21","modified_gmt":"2025-11-25T22:08:21","slug":"encuentro-juvenil-teatino-palermo-29-31-de-diciembre","status":"publish","type":"post","link":"https:\/\/teatinos.org\/pt-br\/encuentro-juvenil-teatino-palermo-29-31-de-diciembre\/","title":{"rendered":"Encontro Juvenil Teatino \u2013 Palermo, 29-31 de dezembro"},"content":{"rendered":"<p data-start=\"1651\" data-end=\"1965\">A Fam\u00edlia Teatina tem a alegria de anunciar o <strong data-start=\"1697\" data-end=\"1730\">Encontro Juvenil Teatino 2025<\/strong>, uma experi\u00eancia destinada a jovens que desejam aprofundar-se na espiritualidade e no carisma pr\u00f3prios da nossa Ordem. O encontro ser\u00e1 realizado em <strong data-start=\"1879\" data-end=\"1890\">Palermo<\/strong>, no <strong data-start=\"1895\" data-end=\"1936\">Instituto Villa Nave (Irm\u00e3s Teatinas)<\/strong>, de <strong data-start=\"1941\" data-end=\"1964\">29 a 31 de dezembro<\/strong>.<\/p>\n<h3 data-start=\"1967\" data-end=\"2007\"><strong data-start=\"1971\" data-end=\"2007\">O Viver Teatino: Reforma de Vida<\/strong><\/h3>\n<p data-start=\"2009\" data-end=\"2367\">Durante estes dias, os participantes poder\u00e3o experimentar de perto a riqueza do carisma teatino por meio de momentos de ora\u00e7\u00e3o, forma\u00e7\u00e3o, conviv\u00eancia fraterna e reflex\u00e3o pessoal. Inspirados no exemplo e nos ensinamentos dos nossos fundadores, buscaremos redescobrir o chamado \u00e0 <strong data-start=\"2287\" data-end=\"2306\">reforma de vida<\/strong>, caminho fundamental para o crescimento espiritual e humano.<\/p>\n<p data-start=\"2369\" data-end=\"2563\">O encontro \u00e9 especialmente dirigido a jovens que sentem inquieta\u00e7\u00e3o vocacional ou que desejam viver um tempo de discernimento e renova\u00e7\u00e3o interior em um ambiente alegre, acolhedor e comunit\u00e1rio.<\/p>\n<h3 data-start=\"2565\" data-end=\"2603\"><strong data-start=\"2569\" data-end=\"2603\">Um convite a viver e descobrir<\/strong><\/h3>\n<p data-start=\"2605\" data-end=\"2837\">Com esp\u00edrito aberto e fraterno, convidamos todos os jovens interessados a participar e a deixar-se surpreender pela beleza da vida teatina.<br data-start=\"2744\" data-end=\"2747\" \/><strong data-start=\"2747\" data-end=\"2763\">Vem e ver\u00e1s!<\/strong> Esperamos por voc\u00ea com alegria para partilhar juntos estes dias de gra\u00e7a.<\/p>\n<h3 data-start=\"2839\" data-end=\"2871\"><strong data-start=\"2843\" data-end=\"2871\">Informa\u00e7\u00f5es e inscri\u00e7\u00f5es<\/strong><\/h3>\n<p data-start=\"2873\" data-end=\"2942\"><strong data-start=\"2876\" data-end=\"2896\">+39 340 959 3374<\/strong><br data-start=\"2896\" data-end=\"2899\" \/><strong data-start=\"2902\" data-end=\"2942\"><a class=\"decorated-link cursor-pointer\" rel=\"noopener\" data-start=\"2904\" data-end=\"2940\">promotorevocazionale@padriteatini.it<\/a><\/strong><\/p>\n<p data-start=\"1419\" data-end=\"1488\"><a href=\"https:\/\/teatinos.org\/wp-content\/uploads\/2025\/11\/IncontroGiovanileTeatino-Palermo-Dic25.jpg\"><img loading=\"lazy\" decoding=\"async\" class=\"alignnone size-full wp-image-20932\" src=\"https:\/\/teatinos.org\/wp-content\/uploads\/2025\/11\/IncontroGiovanileTeatino-Palermo-Dic25.jpg\" alt=\"\" width=\"1131\" height=\"1600\" \/><\/a><\/p>\n","protected":false},"excerpt":{"rendered":"<p>A Fam\u00edlia Teatina tem a alegria de anunciar o Encontro Juvenil Teatino 2025, uma experi\u00eancia destinada a jovens que desejam aprofundar-se na espiritualidade e no carisma pr\u00f3prios da nossa Ordem. O encontro ser\u00e1 realizado em Palermo, no Instituto Villa Nave (Irm\u00e3s Teatinas), de 29 a 31 de dezembro. O Viver&hellip;<\/p>\n","protected":false},"author":5,"featured_media":20941,"comment_status":"closed","ping_status":"open","sticky":false,"template":"","format":"standard","meta":{"_acf_changed":false,"footnotes":"","_links_to":"","_links_to_target":""},"categories":[49],"tags":[],"class_list":["post-20946","post","type-post","status-publish","format-standard","has-post-thumbnail","hentry","category-noticias"],"acf":[],"yoast_head":"<!-- This site is optimized with the Yoast SEO plugin v23.5 - https:\/\/yoast.com\/wordpress\/plugins\/seo\/ -->\n<title>Encontro Juvenil Teatino \u2013 Palermo, 29-31 de dezembro - Teatinos<\/title>\n<meta name=\"robots\" content=\"index, follow, max-snippet:-1, max-image-preview:large, max-video-preview:-1\" \/>\n<link rel=\"canonical\" href=\"https:\/\/teatinos.org\/pt-br\/encuentro-juvenil-teatino-palermo-29-31-de-diciembre\/\" \/>\n<meta property=\"og:locale\" content=\"pt_BR\" \/>\n<meta property=\"og:type\" content=\"article\" \/>\n<meta property=\"og:title\" content=\"Encontro Juvenil Teatino \u2013 Palermo, 29-31 de dezembro - Teatinos\" \/>\n<meta property=\"og:description\" content=\"A Fam\u00edlia Teatina tem a alegria de anunciar o Encontro Juvenil Teatino 2025, uma experi\u00eancia destinada a jovens que desejam aprofundar-se na espiritualidade e no carisma pr\u00f3prios da nossa Ordem. O encontro ser\u00e1 realizado em Palermo, no Instituto Villa Nave (Irm\u00e3s Teatinas), de 29 a 31 de dezembro. O Viver&hellip;\" \/>\n<meta property=\"og:url\" content=\"https:\/\/teatinos.org\/pt-br\/encuentro-juvenil-teatino-palermo-29-31-de-diciembre\/\" \/>\n<meta property=\"og:site_name\" content=\"Teatinos\" \/>\n<meta property=\"article:published_time\" content=\"2025-11-25T22:06:57+00:00\" \/>\n<meta property=\"article:modified_time\" content=\"2025-11-25T22:08:21+00:00\" \/>\n<meta property=\"og:image\" content=\"https:\/\/teatinos.org\/wp-content\/uploads\/2025\/11\/Encuentro-Juvenil-Teatino-Palermo-Dic-25.png\" \/>\n\t<meta property=\"og:image:width\" content=\"1080\" \/>\n\t<meta property=\"og:image:height\" content=\"1080\" \/>\n\t<meta property=\"og:image:type\" content=\"image\/png\" \/>\n<meta name=\"author\" content=\"Community Manager\" \/>\n<meta name=\"twitter:card\" content=\"summary_large_image\" \/>\n<meta name=\"twitter:label1\" content=\"Escrito por\" \/>\n\t<meta name=\"twitter:data1\" content=\"Community Manager\" \/>\n\t<meta name=\"twitter:label2\" content=\"Est. tempo de leitura\" \/>\n\t<meta name=\"twitter:data2\" content=\"2 minutos\" \/>\n<script type=\"application\/ld+json\" class=\"yoast-schema-graph\">{\"@context\":\"https:\/\/schema.org\",\"@graph\":[{\"@type\":\"WebPage\",\"@id\":\"https:\/\/teatinos.org\/pt-br\/encuentro-juvenil-teatino-palermo-29-31-de-diciembre\/\",\"url\":\"https:\/\/teatinos.org\/pt-br\/encuentro-juvenil-teatino-palermo-29-31-de-diciembre\/\",\"name\":\"Encontro Juvenil Teatino \u2013 Palermo, 29-31 de dezembro - Teatinos\",\"isPartOf\":{\"@id\":\"https:\/\/teatinos.org\/pt-br\/#website\"},\"primaryImageOfPage\":{\"@id\":\"https:\/\/teatinos.org\/pt-br\/encuentro-juvenil-teatino-palermo-29-31-de-diciembre\/#primaryimage\"},\"image\":{\"@id\":\"https:\/\/teatinos.org\/pt-br\/encuentro-juvenil-teatino-palermo-29-31-de-diciembre\/#primaryimage\"},\"thumbnailUrl\":\"https:\/\/teatinos.org\/wp-content\/uploads\/2025\/11\/Encuentro-Juvenil-Teatino-Palermo-Dic-25.png\",\"datePublished\":\"2025-11-25T22:06:57+00:00\",\"dateModified\":\"2025-11-25T22:08:21+00:00\",\"author\":{\"@id\":\"https:\/\/teatinos.org\/pt-br\/#\/schema\/person\/10193cb8ac6f163661033cf7ce9006a5\"},\"breadcrumb\":{\"@id\":\"https:\/\/teatinos.org\/pt-br\/encuentro-juvenil-teatino-palermo-29-31-de-diciembre\/#breadcrumb\"},\"inLanguage\":\"pt-BR\",\"potentialAction\":[{\"@type\":\"ReadAction\",\"target\":[\"https:\/\/teatinos.org\/pt-br\/encuentro-juvenil-teatino-palermo-29-31-de-diciembre\/\"]}]},{\"@type\":\"ImageObject\",\"inLanguage\":\"pt-BR\",\"@id\":\"https:\/\/teatinos.org\/pt-br\/encuentro-juvenil-teatino-palermo-29-31-de-diciembre\/#primaryimage\",\"url\":\"https:\/\/teatinos.org\/wp-content\/uploads\/2025\/11\/Encuentro-Juvenil-Teatino-Palermo-Dic-25.png\",\"contentUrl\":\"https:\/\/teatinos.org\/wp-content\/uploads\/2025\/11\/Encuentro-Juvenil-Teatino-Palermo-Dic-25.png\",\"width\":1080,\"height\":1080},{\"@type\":\"BreadcrumbList\",\"@id\":\"https:\/\/teatinos.org\/pt-br\/encuentro-juvenil-teatino-palermo-29-31-de-diciembre\/#breadcrumb\",\"itemListElement\":[{\"@type\":\"ListItem\",\"position\":1,\"name\":\"Portada\",\"item\":\"https:\/\/teatinos.org\/pt-br\/\"},{\"@type\":\"ListItem\",\"position\":2,\"name\":\"Encontro Juvenil Teatino \u2013 Palermo, 29-31 de dezembro\"}]},{\"@type\":\"WebSite\",\"@id\":\"https:\/\/teatinos.org\/pt-br\/#website\",\"url\":\"https:\/\/teatinos.org\/pt-br\/\",\"name\":\"Teatinos\",\"description\":\"Orden de Cl\u00e9rigos Regulares\",\"potentialAction\":[{\"@type\":\"SearchAction\",\"target\":{\"@type\":\"EntryPoint\",\"urlTemplate\":\"https:\/\/teatinos.org\/pt-br\/?s={search_term_string}\"},\"query-input\":{\"@type\":\"PropertyValueSpecification\",\"valueRequired\":true,\"valueName\":\"search_term_string\"}}],\"inLanguage\":\"pt-BR\"},{\"@type\":\"Person\",\"@id\":\"https:\/\/teatinos.org\/pt-br\/#\/schema\/person\/10193cb8ac6f163661033cf7ce9006a5\",\"name\":\"Community Manager\",\"url\":\"https:\/\/teatinos.org\/pt-br\/author\/pascual\/\"}]}<\/script>\n<!-- \/ Yoast SEO plugin. -->","yoast_head_json":{"title":"Encontro Juvenil Teatino \u2013 Palermo, 29-31 de dezembro - Teatinos","robots":{"index":"index","follow":"follow","max-snippet":"max-snippet:-1","max-image-preview":"max-image-preview:large","max-video-preview":"max-video-preview:-1"},"canonical":"https:\/\/teatinos.org\/pt-br\/encuentro-juvenil-teatino-palermo-29-31-de-diciembre\/","og_locale":"pt_BR","og_type":"article","og_title":"Encontro Juvenil Teatino \u2013 Palermo, 29-31 de dezembro - Teatinos","og_description":"A Fam\u00edlia Teatina tem a alegria de anunciar o Encontro Juvenil Teatino 2025, uma experi\u00eancia destinada a jovens que desejam aprofundar-se na espiritualidade e no carisma pr\u00f3prios da nossa Ordem. O encontro ser\u00e1 realizado em Palermo, no Instituto Villa Nave (Irm\u00e3s Teatinas), de 29 a 31 de dezembro. O Viver&hellip;","og_url":"https:\/\/teatinos.org\/pt-br\/encuentro-juvenil-teatino-palermo-29-31-de-diciembre\/","og_site_name":"Teatinos","article_published_time":"2025-11-25T22:06:57+00:00","article_modified_time":"2025-11-25T22:08:21+00:00","og_image":[{"width":1080,"height":1080,"url":"https:\/\/teatinos.org\/wp-content\/uploads\/2025\/11\/Encuentro-Juvenil-Teatino-Palermo-Dic-25.png","type":"image\/png"}],"author":"Community Manager","twitter_card":"summary_large_image","twitter_misc":{"Escrito por":"Community Manager","Est. tempo de leitura":"2 minutos"},"schema":{"@context":"https:\/\/schema.org","@graph":[{"@type":"WebPage","@id":"https:\/\/teatinos.org\/pt-br\/encuentro-juvenil-teatino-palermo-29-31-de-diciembre\/","url":"https:\/\/teatinos.org\/pt-br\/encuentro-juvenil-teatino-palermo-29-31-de-diciembre\/","name":"Encontro Juvenil Teatino \u2013 Palermo, 29-31 de dezembro - Teatinos","isPartOf":{"@id":"https:\/\/teatinos.org\/pt-br\/#website"},"primaryImageOfPage":{"@id":"https:\/\/teatinos.org\/pt-br\/encuentro-juvenil-teatino-palermo-29-31-de-diciembre\/#primaryimage"},"image":{"@id":"https:\/\/teatinos.org\/pt-br\/encuentro-juvenil-teatino-palermo-29-31-de-diciembre\/#primaryimage"},"thumbnailUrl":"https:\/\/teatinos.org\/wp-content\/uploads\/2025\/11\/Encuentro-Juvenil-Teatino-Palermo-Dic-25.png","datePublished":"2025-11-25T22:06:57+00:00","dateModified":"2025-11-25T22:08:21+00:00","author":{"@id":"https:\/\/teatinos.org\/pt-br\/#\/schema\/person\/10193cb8ac6f163661033cf7ce9006a5"},"breadcrumb":{"@id":"https:\/\/teatinos.org\/pt-br\/encuentro-juvenil-teatino-palermo-29-31-de-diciembre\/#breadcrumb"},"inLanguage":"pt-BR","potentialAction":[{"@type":"ReadAction","target":["https:\/\/teatinos.org\/pt-br\/encuentro-juvenil-teatino-palermo-29-31-de-diciembre\/"]}]},{"@type":"ImageObject","inLanguage":"pt-BR","@id":"https:\/\/teatinos.org\/pt-br\/encuentro-juvenil-teatino-palermo-29-31-de-diciembre\/#primaryimage","url":"https:\/\/teatinos.org\/wp-content\/uploads\/2025\/11\/Encuentro-Juvenil-Teatino-Palermo-Dic-25.png","contentUrl":"https:\/\/teatinos.org\/wp-content\/uploads\/2025\/11\/Encuentro-Juvenil-Teatino-Palermo-Dic-25.png","width":1080,"height":1080},{"@type":"BreadcrumbList","@id":"https:\/\/teatinos.org\/pt-br\/encuentro-juvenil-teatino-palermo-29-31-de-diciembre\/#breadcrumb","itemListElement":[{"@type":"ListItem","position":1,"name":"Portada","item":"https:\/\/teatinos.org\/pt-br\/"},{"@type":"ListItem","position":2,"name":"Encontro Juvenil Teatino \u2013 Palermo, 29-31 de dezembro"}]},{"@type":"WebSite","@id":"https:\/\/teatinos.org\/pt-br\/#website","url":"https:\/\/teatinos.org\/pt-br\/","name":"Teatinos","description":"Orden de Cl\u00e9rigos Regulares","potentialAction":[{"@type":"SearchAction","target":{"@type":"EntryPoint","urlTemplate":"https:\/\/teatinos.org\/pt-br\/?s={search_term_string}"},"query-input":{"@type":"PropertyValueSpecification","valueRequired":true,"valueName":"search_term_string"}}],"inLanguage":"pt-BR"},{"@type":"Person","@id":"https:\/\/teatinos.org\/pt-br\/#\/schema\/person\/10193cb8ac6f163661033cf7ce9006a5","name":"Community Manager","url":"https:\/\/teatinos.org\/pt-br\/author\/pascual\/"}]}},"rttpg_featured_image_url":{"full":["https:\/\/teatinos.org\/wp-content\/uploads\/2025\/11\/Encuentro-Juvenil-Teatino-Palermo-Dic-25.png",1080,1080,false],"landscape":["https:\/\/teatinos.org\/wp-content\/uploads\/2025\/11\/Encuentro-Juvenil-Teatino-Palermo-Dic-25.png",1080,1080,false],"portraits":["https:\/\/teatinos.org\/wp-content\/uploads\/2025\/11\/Encuentro-Juvenil-Teatino-Palermo-Dic-25.png",1080,1080,false],"thumbnail":["https:\/\/teatinos.org\/wp-content\/uploads\/2025\/11\/Encuentro-Juvenil-Teatino-Palermo-Dic-25-150x150.png",150,150,true],"medium":["https:\/\/teatinos.org\/wp-content\/uploads\/2025\/11\/Encuentro-Juvenil-Teatino-Palermo-Dic-25-300x300.png",300,300,true],"large":["https:\/\/teatinos.org\/wp-content\/uploads\/2025\/11\/Encuentro-Juvenil-Teatino-Palermo-Dic-25-1024x1024.png",1000,1000,true],"1536x1536":["https:\/\/teatinos.org\/wp-content\/uploads\/2025\/11\/Encuentro-Juvenil-Teatino-Palermo-Dic-25.png",1080,1080,false],"2048x2048":["https:\/\/teatinos.org\/wp-content\/uploads\/2025\/11\/Encuentro-Juvenil-Teatino-Palermo-Dic-25.png",1080,1080,false]},"rttpg_author":{"display_name":"Community Manager","author_link":"https:\/\/teatinos.org\/pt-br\/author\/pascual\/"},"rttpg_comment":0,"rttpg_category":"<a href=\"https:\/\/teatinos.org\/pt-br\/category\/noticias\/\" rel=\"category tag\">Not\u00edcias<\/a>","rttpg_excerpt":"A Fam\u00edlia Teatina tem a alegria de anunciar o Encontro Juvenil Teatino 2025, uma experi\u00eancia destinada a jovens que desejam aprofundar-se na espiritualidade e no carisma pr\u00f3prios da nossa Ordem. O encontro ser\u00e1 realizado em Palermo, no Instituto Villa Nave (Irm\u00e3s Teatinas), de 29 a 31 de dezembro. O Viver&hellip;","_links":{"self":[{"href":"https:\/\/teatinos.org\/pt-br\/wp-json\/wp\/v2\/posts\/20946","targetHints":{"allow":["GET"]}}],"collection":[{"href":"https:\/\/teatinos.org\/pt-br\/wp-json\/wp\/v2\/posts"}],"about":[{"href":"https:\/\/teatinos.org\/pt-br\/wp-json\/wp\/v2\/types\/post"}],"author":[{"embeddable":true,"href":"https:\/\/teatinos.org\/pt-br\/wp-json\/wp\/v2\/users\/5"}],"replies":[{"embeddable":true,"href":"https:\/\/teatinos.org\/pt-br\/wp-json\/wp\/v2\/comments?post=20946"}],"version-history":[{"count":1,"href":"https:\/\/teatinos.org\/pt-br\/wp-json\/wp\/v2\/posts\/20946\/revisions"}],"predecessor-version":[{"id":20948,"href":"https:\/\/teatinos.org\/pt-br\/wp-json\/wp\/v2\/posts\/20946\/revisions\/20948"}],"wp:featuredmedia":[{"embeddable":true,"href":"https:\/\/teatinos.org\/pt-br\/wp-json\/wp\/v2\/media\/20941"}],"wp:attachment":[{"href":"https:\/\/teatinos.org\/pt-br\/wp-json\/wp\/v2\/media?parent=20946"}],"wp:term":[{"taxonomy":"category","embeddable":true,"href":"https:\/\/teatinos.org\/pt-br\/wp-json\/wp\/v2\/categories?post=20946"},{"taxonomy":"post_tag","embeddable":true,"href":"https:\/\/teatinos.org\/pt-br\/wp-json\/wp\/v2\/tags?post=20946"}],"curies":[{"name":"wp","href":"https:\/\/api.w.org\/{rel}","templated":true}]}}