{"id":15425,"date":"2024-04-28T16:54:08","date_gmt":"2024-04-28T16:54:08","guid":{"rendered":"http:\/\/teatinos.org\/ordenaciones-sacerdotales-en-mexico\/"},"modified":"2024-04-28T16:56:06","modified_gmt":"2024-04-28T16:56:06","slug":"ordenaciones-sacerdotales-en-mexico","status":"publish","type":"post","link":"https:\/\/teatinos.org\/pt-br\/ordenaciones-sacerdotales-en-mexico\/","title":{"rendered":"Ordena\u00e7\u00f5es sacerdotais no M\u00e9xico"},"content":{"rendered":"<p>A Ordem dos Cl\u00e9rigos Regulares Teatinos\u00a0e a Prov\u00edncia Teatina do M\u00e9xico t\u00eam a honra de vos convidar para a Ordena\u00e7\u00e3o Sacerdotal dos Di\u00e1conos:<\/p>\n<p>&#8211; Emmanuel Vargas Sosa, C.R.,<br \/>\n&#8211; Humberto Gonz\u00e1lez Chavarr\u00eda, C.R.<br \/>\n&#8211; Pablo Guillermo Almaz\u00e1n G\u00f3mez Tagle, C.R.<\/p>\n<p>A cerim\u00f3nia ser\u00e1 conferida pela imposi\u00e7\u00e3o das m\u00e3os e a ora\u00e7\u00e3o de ordena\u00e7\u00e3o ser\u00e1 proferida por D. Adolfo Miguel Casta\u00f1o Fonseca, Bispo da Diocese de Azcapotzalco.<\/p>\n<p>O evento ter\u00e1 lugar no Santu\u00e1rio de San Cayetano, situado em Colonia Lindavista, Cidade do M\u00e9xico, no dia 22 de junho de 2024, \u00e0s 12h (hora do M\u00e9xico). Ser\u00e1 uma ocasi\u00e3o solene e significativa, na qual estes di\u00e1conos dar\u00e3o um passo crucial no seu caminho para o sacerd\u00f3cio, comprometendo-se a servir Deus e a sua comunidade com amor e dedica\u00e7\u00e3o.<\/p>\n<p>Depois da Ordena\u00e7\u00e3o Sacerdotal, os Neo Sacerdotes celebrar\u00e3o as suas Cantamisas nas seguintes datas e lugares:<\/p>\n<p><strong>R.P. Pablo Guillermo Almaz\u00e1n G\u00f3mez Tagle, C.R.<\/strong><br \/>\nData: 23 de junho de 2024 &#8211; 13:00<br \/>\nLugar: Par\u00f3quia de Nossa Senhora do Sagrado Cora\u00e7\u00e3o e S\u00e3o Caetano<br \/>\nEndere\u00e7o: Norte 84 4 #4535, Col. Nueva Tenochtitl\u00e1n, Gustavo A. Madero, 0789, Cidade do M\u00e9xico.<\/p>\n<p><strong>R.P. Humberto Gonz\u00e1lez Chavarr\u00eda, C.R.<\/strong><br \/>\nData: 24 de junho de 2024 &#8211; 13:00<br \/>\nLocal: Parroquia de Santa Mar\u00eda de Guadalupe, Atlacomulco<br \/>\nEndere\u00e7o: Capela de San Bartolo, El Arenal, Estado do M\u00e9xico.<\/p>\n<p><strong>R.P. Emmanuel Vargas Sosa, C.R.<\/strong><br \/>\nData: 29 de junho de 2024 &#8211; 13:00<br \/>\nLocal: Parroquia San Agust\u00edn de Hipona<br \/>\nEndere\u00e7o: Av. Guerrero Manzana 020, Adolfo L\u00f3pez Mateos, Los Olivos, 52910, Cidade do M\u00e9xico.<\/p>\n<p>Contamos com a vossa presen\u00e7a nestas celebra\u00e7\u00f5es que marcar\u00e3o o in\u00edcio do vosso minist\u00e9rio sacerdotal.<\/p>\n<p><a href=\"http:\/\/teatinos.org\/wp-content\/uploads\/2024\/04\/PHOTO-2024-04-19-10-59-54.jpg\"><img loading=\"lazy\" decoding=\"async\" class=\"alignnone size-full wp-image-15411\" src=\"http:\/\/teatinos.org\/wp-content\/uploads\/2024\/04\/PHOTO-2024-04-19-10-59-54.jpg\" alt=\"\" width=\"908\" height=\"1280\" \/><\/a><a href=\"http:\/\/teatinos.org\/wp-content\/uploads\/2024\/04\/PHOTO-2024-04-19-11-00-02.jpg\"><img loading=\"lazy\" decoding=\"async\" class=\"alignnone size-full wp-image-15416\" src=\"http:\/\/teatinos.org\/wp-content\/uploads\/2024\/04\/PHOTO-2024-04-19-11-00-02.jpg\" alt=\"\" width=\"908\" height=\"1280\" \/><\/a><\/p>\n","protected":false},"excerpt":{"rendered":"<p>A Ordem dos Cl\u00e9rigos Regulares Teatinos\u00a0e a Prov\u00edncia Teatina do M\u00e9xico t\u00eam a honra de vos convidar para a Ordena\u00e7\u00e3o Sacerdotal dos Di\u00e1conos: &#8211; Emmanuel Vargas Sosa, C.R., &#8211; Humberto Gonz\u00e1lez Chavarr\u00eda, C.R. &#8211; Pablo Guillermo Almaz\u00e1n G\u00f3mez Tagle, C.R. A cerim\u00f3nia ser\u00e1 conferida pela imposi\u00e7\u00e3o das m\u00e3os e a&hellip;<\/p>\n","protected":false},"author":5,"featured_media":11573,"comment_status":"closed","ping_status":"open","sticky":false,"template":"","format":"standard","meta":{"_acf_changed":false,"footnotes":"","_links_to":"","_links_to_target":""},"categories":[49],"tags":[],"class_list":["post-15425","post","type-post","status-publish","format-standard","has-post-thumbnail","hentry","category-noticias"],"acf":[],"yoast_head":"<!-- This site is optimized with the Yoast SEO plugin v23.5 - https:\/\/yoast.com\/wordpress\/plugins\/seo\/ -->\n<title>Ordena\u00e7\u00f5es sacerdotais no M\u00e9xico - Teatinos<\/title>\n<meta name=\"robots\" content=\"index, follow, max-snippet:-1, max-image-preview:large, max-video-preview:-1\" \/>\n<link rel=\"canonical\" href=\"https:\/\/teatinos.org\/pt-br\/ordenaciones-sacerdotales-en-mexico\/\" \/>\n<meta property=\"og:locale\" content=\"pt_BR\" \/>\n<meta property=\"og:type\" content=\"article\" \/>\n<meta property=\"og:title\" content=\"Ordena\u00e7\u00f5es sacerdotais no M\u00e9xico - Teatinos\" \/>\n<meta property=\"og:description\" content=\"A Ordem dos Cl\u00e9rigos Regulares Teatinos\u00a0e a Prov\u00edncia Teatina do M\u00e9xico t\u00eam a honra de vos convidar para a Ordena\u00e7\u00e3o Sacerdotal dos Di\u00e1conos: &#8211; Emmanuel Vargas Sosa, C.R., &#8211; Humberto Gonz\u00e1lez Chavarr\u00eda, C.R. &#8211; Pablo Guillermo Almaz\u00e1n G\u00f3mez Tagle, C.R. A cerim\u00f3nia ser\u00e1 conferida pela imposi\u00e7\u00e3o das m\u00e3os e a&hellip;\" \/>\n<meta property=\"og:url\" content=\"https:\/\/teatinos.org\/pt-br\/ordenaciones-sacerdotales-en-mexico\/\" \/>\n<meta property=\"og:site_name\" content=\"Teatinos\" \/>\n<meta property=\"article:published_time\" content=\"2024-04-28T16:54:08+00:00\" \/>\n<meta property=\"article:modified_time\" content=\"2024-04-28T16:56:06+00:00\" \/>\n<meta property=\"og:image\" content=\"https:\/\/teatinos.org\/wp-content\/uploads\/2023\/05\/Placa-Mexico-2023.png\" \/>\n\t<meta property=\"og:image:width\" content=\"1080\" \/>\n\t<meta property=\"og:image:height\" content=\"1080\" \/>\n\t<meta property=\"og:image:type\" content=\"image\/png\" \/>\n<meta name=\"author\" content=\"Community Manager\" \/>\n<meta name=\"twitter:card\" content=\"summary_large_image\" \/>\n<meta name=\"twitter:label1\" content=\"Escrito por\" \/>\n\t<meta name=\"twitter:data1\" content=\"Community Manager\" \/>\n\t<meta name=\"twitter:label2\" content=\"Est. tempo de leitura\" \/>\n\t<meta name=\"twitter:data2\" content=\"2 minutos\" \/>\n<script type=\"application\/ld+json\" class=\"yoast-schema-graph\">{\"@context\":\"https:\/\/schema.org\",\"@graph\":[{\"@type\":\"WebPage\",\"@id\":\"https:\/\/teatinos.org\/pt-br\/ordenaciones-sacerdotales-en-mexico\/\",\"url\":\"https:\/\/teatinos.org\/pt-br\/ordenaciones-sacerdotales-en-mexico\/\",\"name\":\"Ordena\u00e7\u00f5es sacerdotais no M\u00e9xico - Teatinos\",\"isPartOf\":{\"@id\":\"https:\/\/teatinos.org\/pt-br\/#website\"},\"primaryImageOfPage\":{\"@id\":\"https:\/\/teatinos.org\/pt-br\/ordenaciones-sacerdotales-en-mexico\/#primaryimage\"},\"image\":{\"@id\":\"https:\/\/teatinos.org\/pt-br\/ordenaciones-sacerdotales-en-mexico\/#primaryimage\"},\"thumbnailUrl\":\"https:\/\/teatinos.org\/wp-content\/uploads\/2023\/05\/Placa-Mexico-2023.png\",\"datePublished\":\"2024-04-28T16:54:08+00:00\",\"dateModified\":\"2024-04-28T16:56:06+00:00\",\"author\":{\"@id\":\"https:\/\/teatinos.org\/pt-br\/#\/schema\/person\/10193cb8ac6f163661033cf7ce9006a5\"},\"breadcrumb\":{\"@id\":\"https:\/\/teatinos.org\/pt-br\/ordenaciones-sacerdotales-en-mexico\/#breadcrumb\"},\"inLanguage\":\"pt-BR\",\"potentialAction\":[{\"@type\":\"ReadAction\",\"target\":[\"https:\/\/teatinos.org\/pt-br\/ordenaciones-sacerdotales-en-mexico\/\"]}]},{\"@type\":\"ImageObject\",\"inLanguage\":\"pt-BR\",\"@id\":\"https:\/\/teatinos.org\/pt-br\/ordenaciones-sacerdotales-en-mexico\/#primaryimage\",\"url\":\"https:\/\/teatinos.org\/wp-content\/uploads\/2023\/05\/Placa-Mexico-2023.png\",\"contentUrl\":\"https:\/\/teatinos.org\/wp-content\/uploads\/2023\/05\/Placa-Mexico-2023.png\",\"width\":1080,\"height\":1080},{\"@type\":\"BreadcrumbList\",\"@id\":\"https:\/\/teatinos.org\/pt-br\/ordenaciones-sacerdotales-en-mexico\/#breadcrumb\",\"itemListElement\":[{\"@type\":\"ListItem\",\"position\":1,\"name\":\"Portada\",\"item\":\"https:\/\/teatinos.org\/pt-br\/\"},{\"@type\":\"ListItem\",\"position\":2,\"name\":\"Ordena\u00e7\u00f5es sacerdotais no M\u00e9xico\"}]},{\"@type\":\"WebSite\",\"@id\":\"https:\/\/teatinos.org\/pt-br\/#website\",\"url\":\"https:\/\/teatinos.org\/pt-br\/\",\"name\":\"Teatinos\",\"description\":\"Orden de Cl\u00e9rigos Regulares\",\"potentialAction\":[{\"@type\":\"SearchAction\",\"target\":{\"@type\":\"EntryPoint\",\"urlTemplate\":\"https:\/\/teatinos.org\/pt-br\/?s={search_term_string}\"},\"query-input\":{\"@type\":\"PropertyValueSpecification\",\"valueRequired\":true,\"valueName\":\"search_term_string\"}}],\"inLanguage\":\"pt-BR\"},{\"@type\":\"Person\",\"@id\":\"https:\/\/teatinos.org\/pt-br\/#\/schema\/person\/10193cb8ac6f163661033cf7ce9006a5\",\"name\":\"Community Manager\",\"url\":\"https:\/\/teatinos.org\/pt-br\/author\/pascual\/\"}]}<\/script>\n<!-- \/ Yoast SEO plugin. -->","yoast_head_json":{"title":"Ordena\u00e7\u00f5es sacerdotais no M\u00e9xico - Teatinos","robots":{"index":"index","follow":"follow","max-snippet":"max-snippet:-1","max-image-preview":"max-image-preview:large","max-video-preview":"max-video-preview:-1"},"canonical":"https:\/\/teatinos.org\/pt-br\/ordenaciones-sacerdotales-en-mexico\/","og_locale":"pt_BR","og_type":"article","og_title":"Ordena\u00e7\u00f5es sacerdotais no M\u00e9xico - Teatinos","og_description":"A Ordem dos Cl\u00e9rigos Regulares Teatinos\u00a0e a Prov\u00edncia Teatina do M\u00e9xico t\u00eam a honra de vos convidar para a Ordena\u00e7\u00e3o Sacerdotal dos Di\u00e1conos: &#8211; Emmanuel Vargas Sosa, C.R., &#8211; Humberto Gonz\u00e1lez Chavarr\u00eda, C.R. &#8211; Pablo Guillermo Almaz\u00e1n G\u00f3mez Tagle, C.R. A cerim\u00f3nia ser\u00e1 conferida pela imposi\u00e7\u00e3o das m\u00e3os e a&hellip;","og_url":"https:\/\/teatinos.org\/pt-br\/ordenaciones-sacerdotales-en-mexico\/","og_site_name":"Teatinos","article_published_time":"2024-04-28T16:54:08+00:00","article_modified_time":"2024-04-28T16:56:06+00:00","og_image":[{"width":1080,"height":1080,"url":"https:\/\/teatinos.org\/wp-content\/uploads\/2023\/05\/Placa-Mexico-2023.png","type":"image\/png"}],"author":"Community Manager","twitter_card":"summary_large_image","twitter_misc":{"Escrito por":"Community Manager","Est. tempo de leitura":"2 minutos"},"schema":{"@context":"https:\/\/schema.org","@graph":[{"@type":"WebPage","@id":"https:\/\/teatinos.org\/pt-br\/ordenaciones-sacerdotales-en-mexico\/","url":"https:\/\/teatinos.org\/pt-br\/ordenaciones-sacerdotales-en-mexico\/","name":"Ordena\u00e7\u00f5es sacerdotais no M\u00e9xico - Teatinos","isPartOf":{"@id":"https:\/\/teatinos.org\/pt-br\/#website"},"primaryImageOfPage":{"@id":"https:\/\/teatinos.org\/pt-br\/ordenaciones-sacerdotales-en-mexico\/#primaryimage"},"image":{"@id":"https:\/\/teatinos.org\/pt-br\/ordenaciones-sacerdotales-en-mexico\/#primaryimage"},"thumbnailUrl":"https:\/\/teatinos.org\/wp-content\/uploads\/2023\/05\/Placa-Mexico-2023.png","datePublished":"2024-04-28T16:54:08+00:00","dateModified":"2024-04-28T16:56:06+00:00","author":{"@id":"https:\/\/teatinos.org\/pt-br\/#\/schema\/person\/10193cb8ac6f163661033cf7ce9006a5"},"breadcrumb":{"@id":"https:\/\/teatinos.org\/pt-br\/ordenaciones-sacerdotales-en-mexico\/#breadcrumb"},"inLanguage":"pt-BR","potentialAction":[{"@type":"ReadAction","target":["https:\/\/teatinos.org\/pt-br\/ordenaciones-sacerdotales-en-mexico\/"]}]},{"@type":"ImageObject","inLanguage":"pt-BR","@id":"https:\/\/teatinos.org\/pt-br\/ordenaciones-sacerdotales-en-mexico\/#primaryimage","url":"https:\/\/teatinos.org\/wp-content\/uploads\/2023\/05\/Placa-Mexico-2023.png","contentUrl":"https:\/\/teatinos.org\/wp-content\/uploads\/2023\/05\/Placa-Mexico-2023.png","width":1080,"height":1080},{"@type":"BreadcrumbList","@id":"https:\/\/teatinos.org\/pt-br\/ordenaciones-sacerdotales-en-mexico\/#breadcrumb","itemListElement":[{"@type":"ListItem","position":1,"name":"Portada","item":"https:\/\/teatinos.org\/pt-br\/"},{"@type":"ListItem","position":2,"name":"Ordena\u00e7\u00f5es sacerdotais no M\u00e9xico"}]},{"@type":"WebSite","@id":"https:\/\/teatinos.org\/pt-br\/#website","url":"https:\/\/teatinos.org\/pt-br\/","name":"Teatinos","description":"Orden de Cl\u00e9rigos Regulares","potentialAction":[{"@type":"SearchAction","target":{"@type":"EntryPoint","urlTemplate":"https:\/\/teatinos.org\/pt-br\/?s={search_term_string}"},"query-input":{"@type":"PropertyValueSpecification","valueRequired":true,"valueName":"search_term_string"}}],"inLanguage":"pt-BR"},{"@type":"Person","@id":"https:\/\/teatinos.org\/pt-br\/#\/schema\/person\/10193cb8ac6f163661033cf7ce9006a5","name":"Community Manager","url":"https:\/\/teatinos.org\/pt-br\/author\/pascual\/"}]}},"rttpg_featured_image_url":{"full":["https:\/\/teatinos.org\/wp-content\/uploads\/2023\/05\/Placa-Mexico-2023.png",1080,1080,false],"landscape":["https:\/\/teatinos.org\/wp-content\/uploads\/2023\/05\/Placa-Mexico-2023.png",1080,1080,false],"portraits":["https:\/\/teatinos.org\/wp-content\/uploads\/2023\/05\/Placa-Mexico-2023.png",1080,1080,false],"thumbnail":["https:\/\/teatinos.org\/wp-content\/uploads\/2023\/05\/Placa-Mexico-2023-150x150.png",150,150,true],"medium":["https:\/\/teatinos.org\/wp-content\/uploads\/2023\/05\/Placa-Mexico-2023-300x300.png",300,300,true],"large":["https:\/\/teatinos.org\/wp-content\/uploads\/2023\/05\/Placa-Mexico-2023-1024x1024.png",1000,1000,true],"1536x1536":["https:\/\/teatinos.org\/wp-content\/uploads\/2023\/05\/Placa-Mexico-2023.png",1080,1080,false],"2048x2048":["https:\/\/teatinos.org\/wp-content\/uploads\/2023\/05\/Placa-Mexico-2023.png",1080,1080,false]},"rttpg_author":{"display_name":"Community Manager","author_link":"https:\/\/teatinos.org\/pt-br\/author\/pascual\/"},"rttpg_comment":0,"rttpg_category":"<a href=\"https:\/\/teatinos.org\/pt-br\/category\/noticias\/\" rel=\"category tag\">Not\u00edcias<\/a>","rttpg_excerpt":"A Ordem dos Cl\u00e9rigos Regulares Teatinos\u00a0e a Prov\u00edncia Teatina do M\u00e9xico t\u00eam a honra de vos convidar para a Ordena\u00e7\u00e3o Sacerdotal dos Di\u00e1conos: &#8211; Emmanuel Vargas Sosa, C.R., &#8211; Humberto Gonz\u00e1lez Chavarr\u00eda, C.R. &#8211; Pablo Guillermo Almaz\u00e1n G\u00f3mez Tagle, C.R. A cerim\u00f3nia ser\u00e1 conferida pela imposi\u00e7\u00e3o das m\u00e3os e a&hellip;","_links":{"self":[{"href":"https:\/\/teatinos.org\/pt-br\/wp-json\/wp\/v2\/posts\/15425","targetHints":{"allow":["GET"]}}],"collection":[{"href":"https:\/\/teatinos.org\/pt-br\/wp-json\/wp\/v2\/posts"}],"about":[{"href":"https:\/\/teatinos.org\/pt-br\/wp-json\/wp\/v2\/types\/post"}],"author":[{"embeddable":true,"href":"https:\/\/teatinos.org\/pt-br\/wp-json\/wp\/v2\/users\/5"}],"replies":[{"embeddable":true,"href":"https:\/\/teatinos.org\/pt-br\/wp-json\/wp\/v2\/comments?post=15425"}],"version-history":[{"count":1,"href":"https:\/\/teatinos.org\/pt-br\/wp-json\/wp\/v2\/posts\/15425\/revisions"}],"predecessor-version":[{"id":15427,"href":"https:\/\/teatinos.org\/pt-br\/wp-json\/wp\/v2\/posts\/15425\/revisions\/15427"}],"wp:featuredmedia":[{"embeddable":true,"href":"https:\/\/teatinos.org\/pt-br\/wp-json\/wp\/v2\/media\/11573"}],"wp:attachment":[{"href":"https:\/\/teatinos.org\/pt-br\/wp-json\/wp\/v2\/media?parent=15425"}],"wp:term":[{"taxonomy":"category","embeddable":true,"href":"https:\/\/teatinos.org\/pt-br\/wp-json\/wp\/v2\/categories?post=15425"},{"taxonomy":"post_tag","embeddable":true,"href":"https:\/\/teatinos.org\/pt-br\/wp-json\/wp\/v2\/tags?post=15425"}],"curies":[{"name":"wp","href":"https:\/\/api.w.org\/{rel}","templated":true}]}}