{"id":15342,"date":"2024-04-19T13:41:30","date_gmt":"2024-04-19T13:41:30","guid":{"rendered":"http:\/\/teatinos.org\/el-padre-adam-marek-c-r-viaja-a-hamrun-malta\/"},"modified":"2024-04-19T13:50:40","modified_gmt":"2024-04-19T13:50:40","slug":"el-padre-adam-marek-c-r-viaja-a-hamrun-malta","status":"publish","type":"post","link":"https:\/\/teatinos.org\/pt-br\/el-padre-adam-marek-c-r-viaja-a-hamrun-malta\/","title":{"rendered":"El Padre Adam Marek, C.R. viaja a Hamrun (Malta)"},"content":{"rendered":"<p>O Padre Adam Marek, C.R. viaja para Hamrun (Malta)<\/p>\n<p>A Ordem dos Cl\u00e9rigos Regulares Teatinos alegra-se em partilhar a excitante not\u00edcia de que a Sociedade Musical S\u00e3o Jos\u00e9 de Hamrun anunciou com grande prazer a participa\u00e7\u00e3o do Reitor da Igreja de S\u00e3o Jos\u00e9 dos Padres Teatinos de Palermo como convidado especial na celebra\u00e7\u00e3o da Festa de S\u00e3o Jos\u00e9 em Hamrun, Malta. Este ano, a festa ter\u00e1 lugar de 22 a 28 de abril, e estamos muito satisfeitos por o Padre Adam Marek, C.R., se juntar \u00e0 Sociedade Musical de S\u00e3o Jos\u00e9 neste evento significativo.<\/p>\n<p>Convidamos toda a comunidade a juntar-se a n\u00f3s para dar as boas-vindas ao Padre Adam Marek, C.R. A sua presen\u00e7a neste evento real\u00e7a a profunda liga\u00e7\u00e3o entre a Ordem Teatina e a comunidade de ?amrun, refor\u00e7ando ainda mais os nossos la\u00e7os de amizade e colabora\u00e7\u00e3o.<\/p>\n<p>\u00c9 importante notar que este encontro se insere no quadro do Ano Jubilar Teatino, um per\u00edodo de especial import\u00e2ncia na hist\u00f3ria da nossa Ordem, pois comemoramos o caminho em dire\u00e7\u00e3o ao 500\u00ba anivers\u00e1rio da sua funda\u00e7\u00e3o. Neste contexto de celebra\u00e7\u00e3o e reflex\u00e3o, a presen\u00e7a do Padre Adam Marek, C.R., \u00e9 uma lembran\u00e7a da cont\u00ednua dedica\u00e7\u00e3o da Ordem Teatina ao servi\u00e7o da comunidade e \u00e0 promo\u00e7\u00e3o dos valores da f\u00e9, da solidariedade e da fraternidade.<\/p>\n<p>Que esta festa de S\u00e3o Jos\u00e9 em Hamrun seja um momento de alegria, de unidade e de renova\u00e7\u00e3o espiritual para todos os participantes. Esperamos celebrar juntos esta ocasi\u00e3o especial!<\/p>\n<p>fonte:<br \/>\n<span class=\"xt0psk2\"><a class=\"x1i10hfl xjbqb8w x1ejq31n xd10rxx x1sy0etr x17r0tee x972fbf xcfux6l x1qhh985 xm0m39n x9f619 x1ypdohk xt0psk2 xe8uvvx xdj266r x11i5rnm xat24cr x1mh8g0r xexx8yu x4uap5 x18d9i69 xkhd6sd x16tdsg8 x1hl2dhg xggy1nq x1a2a7pz xt0b8zv xzsf02u x1s688f\" tabindex=\"0\" role=\"link\" href=\"https:\/\/www.facebook.com\/smsghamrun?__cft__[0]=AZUOlUrlYuxbVDpV6bii5llRcLFDkxgDRxadLwdf-EcK_1BcASY_WT5kmJlUUuk3MY6M48y-IJy5dDOaLazG2vGe0uyZ9bu2KzZJteXlvGP95UxdmbOxEFzRyVHIaVeVAFYNZ2fzslJluwR1wdDjnLQwD7uM2eeVHZ-rqAqz_Vv3Ac9Uxieu6z3UDgj3JKVEdqqK8UsrllgwtO_3auL2ZTk7&amp;__tn__=-UC%2CP-R\"><strong>Sociedade Musical S\u00e3o Jos\u00e9 de Hamrun &#8211; A.D. 1889<\/strong><\/a><\/span><\/p>\n<p><a href=\"http:\/\/teatinos.org\/wp-content\/uploads\/2024\/04\/429944819_472378095116915_7706500493477385504_n.jpg\"><img loading=\"lazy\" decoding=\"async\" class=\"alignnone size-full wp-image-15329\" src=\"http:\/\/teatinos.org\/wp-content\/uploads\/2024\/04\/429944819_472378095116915_7706500493477385504_n.jpg\" alt=\"\" width=\"666\" height=\"960\" \/><\/a><a href=\"http:\/\/teatinos.org\/wp-content\/uploads\/2024\/04\/436489897_472378131783578_8193911740309300175_n.jpg\"><img loading=\"lazy\" decoding=\"async\" class=\"alignnone size-full wp-image-15334\" src=\"http:\/\/teatinos.org\/wp-content\/uploads\/2024\/04\/436489897_472378131783578_8193911740309300175_n.jpg\" alt=\"\" width=\"732\" height=\"960\" \/><\/a><a href=\"http:\/\/teatinos.org\/wp-content\/uploads\/2024\/04\/417397504_472378175116907_7232450712506131654_n.jpg\"><img loading=\"lazy\" decoding=\"async\" class=\"alignnone size-full wp-image-15324\" src=\"http:\/\/teatinos.org\/wp-content\/uploads\/2024\/04\/417397504_472378175116907_7232450712506131654_n.jpg\" alt=\"\" width=\"639\" height=\"960\" \/><\/a><\/p>\n","protected":false},"excerpt":{"rendered":"<p>O Padre Adam Marek, C.R. viaja para Hamrun (Malta) A Ordem dos Cl\u00e9rigos Regulares Teatinos alegra-se em partilhar a excitante not\u00edcia de que a Sociedade Musical S\u00e3o Jos\u00e9 de Hamrun anunciou com grande prazer a participa\u00e7\u00e3o do Reitor da Igreja de S\u00e3o Jos\u00e9 dos Padres Teatinos de Palermo como convidado&hellip;<\/p>\n","protected":false},"author":5,"featured_media":15250,"comment_status":"closed","ping_status":"open","sticky":false,"template":"","format":"standard","meta":{"_acf_changed":false,"footnotes":"","_links_to":"","_links_to_target":""},"categories":[110,49],"tags":[],"class_list":["post-15342","post","type-post","status-publish","format-standard","has-post-thumbnail","hentry","category-500-anos","category-noticias"],"acf":[],"yoast_head":"<!-- This site is optimized with the Yoast SEO plugin v23.5 - https:\/\/yoast.com\/wordpress\/plugins\/seo\/ -->\n<title>El Padre Adam Marek, C.R. viaja a Hamrun (Malta) - Teatinos<\/title>\n<meta name=\"robots\" content=\"index, follow, max-snippet:-1, max-image-preview:large, max-video-preview:-1\" \/>\n<link rel=\"canonical\" href=\"https:\/\/teatinos.org\/pt-br\/el-padre-adam-marek-c-r-viaja-a-hamrun-malta\/\" \/>\n<meta property=\"og:locale\" content=\"pt_BR\" \/>\n<meta property=\"og:type\" content=\"article\" \/>\n<meta property=\"og:title\" content=\"El Padre Adam Marek, C.R. viaja a Hamrun (Malta) - Teatinos\" \/>\n<meta property=\"og:description\" content=\"O Padre Adam Marek, C.R. viaja para Hamrun (Malta) A Ordem dos Cl\u00e9rigos Regulares Teatinos alegra-se em partilhar a excitante not\u00edcia de que a Sociedade Musical S\u00e3o Jos\u00e9 de Hamrun anunciou com grande prazer a participa\u00e7\u00e3o do Reitor da Igreja de S\u00e3o Jos\u00e9 dos Padres Teatinos de Palermo como convidado&hellip;\" \/>\n<meta property=\"og:url\" content=\"https:\/\/teatinos.org\/pt-br\/el-padre-adam-marek-c-r-viaja-a-hamrun-malta\/\" \/>\n<meta property=\"og:site_name\" content=\"Teatinos\" \/>\n<meta property=\"article:published_time\" content=\"2024-04-19T13:41:30+00:00\" \/>\n<meta property=\"article:modified_time\" content=\"2024-04-19T13:50:40+00:00\" \/>\n<meta property=\"og:image\" content=\"https:\/\/teatinos.org\/wp-content\/uploads\/2024\/04\/Placa-Novedades-500-2024-POR.png\" \/>\n\t<meta property=\"og:image:width\" content=\"1080\" \/>\n\t<meta property=\"og:image:height\" content=\"1080\" \/>\n\t<meta property=\"og:image:type\" content=\"image\/png\" \/>\n<meta name=\"author\" content=\"Community Manager\" \/>\n<meta name=\"twitter:card\" content=\"summary_large_image\" \/>\n<meta name=\"twitter:label1\" content=\"Escrito por\" \/>\n\t<meta name=\"twitter:data1\" content=\"Community Manager\" \/>\n\t<meta name=\"twitter:label2\" content=\"Est. tempo de leitura\" \/>\n\t<meta name=\"twitter:data2\" content=\"2 minutos\" \/>\n<script type=\"application\/ld+json\" class=\"yoast-schema-graph\">{\"@context\":\"https:\/\/schema.org\",\"@graph\":[{\"@type\":\"WebPage\",\"@id\":\"https:\/\/teatinos.org\/pt-br\/el-padre-adam-marek-c-r-viaja-a-hamrun-malta\/\",\"url\":\"https:\/\/teatinos.org\/pt-br\/el-padre-adam-marek-c-r-viaja-a-hamrun-malta\/\",\"name\":\"El Padre Adam Marek, C.R. viaja a Hamrun (Malta) - Teatinos\",\"isPartOf\":{\"@id\":\"https:\/\/teatinos.org\/pt-br\/#website\"},\"primaryImageOfPage\":{\"@id\":\"https:\/\/teatinos.org\/pt-br\/el-padre-adam-marek-c-r-viaja-a-hamrun-malta\/#primaryimage\"},\"image\":{\"@id\":\"https:\/\/teatinos.org\/pt-br\/el-padre-adam-marek-c-r-viaja-a-hamrun-malta\/#primaryimage\"},\"thumbnailUrl\":\"https:\/\/teatinos.org\/wp-content\/uploads\/2024\/04\/Placa-Novedades-500-2024-POR.png\",\"datePublished\":\"2024-04-19T13:41:30+00:00\",\"dateModified\":\"2024-04-19T13:50:40+00:00\",\"author\":{\"@id\":\"https:\/\/teatinos.org\/pt-br\/#\/schema\/person\/10193cb8ac6f163661033cf7ce9006a5\"},\"breadcrumb\":{\"@id\":\"https:\/\/teatinos.org\/pt-br\/el-padre-adam-marek-c-r-viaja-a-hamrun-malta\/#breadcrumb\"},\"inLanguage\":\"pt-BR\",\"potentialAction\":[{\"@type\":\"ReadAction\",\"target\":[\"https:\/\/teatinos.org\/pt-br\/el-padre-adam-marek-c-r-viaja-a-hamrun-malta\/\"]}]},{\"@type\":\"ImageObject\",\"inLanguage\":\"pt-BR\",\"@id\":\"https:\/\/teatinos.org\/pt-br\/el-padre-adam-marek-c-r-viaja-a-hamrun-malta\/#primaryimage\",\"url\":\"https:\/\/teatinos.org\/wp-content\/uploads\/2024\/04\/Placa-Novedades-500-2024-POR.png\",\"contentUrl\":\"https:\/\/teatinos.org\/wp-content\/uploads\/2024\/04\/Placa-Novedades-500-2024-POR.png\",\"width\":1080,\"height\":1080},{\"@type\":\"BreadcrumbList\",\"@id\":\"https:\/\/teatinos.org\/pt-br\/el-padre-adam-marek-c-r-viaja-a-hamrun-malta\/#breadcrumb\",\"itemListElement\":[{\"@type\":\"ListItem\",\"position\":1,\"name\":\"Portada\",\"item\":\"https:\/\/teatinos.org\/pt-br\/\"},{\"@type\":\"ListItem\",\"position\":2,\"name\":\"El Padre Adam Marek, C.R. viaja a Hamrun (Malta)\"}]},{\"@type\":\"WebSite\",\"@id\":\"https:\/\/teatinos.org\/pt-br\/#website\",\"url\":\"https:\/\/teatinos.org\/pt-br\/\",\"name\":\"Teatinos\",\"description\":\"Orden de Cl\u00e9rigos Regulares\",\"potentialAction\":[{\"@type\":\"SearchAction\",\"target\":{\"@type\":\"EntryPoint\",\"urlTemplate\":\"https:\/\/teatinos.org\/pt-br\/?s={search_term_string}\"},\"query-input\":{\"@type\":\"PropertyValueSpecification\",\"valueRequired\":true,\"valueName\":\"search_term_string\"}}],\"inLanguage\":\"pt-BR\"},{\"@type\":\"Person\",\"@id\":\"https:\/\/teatinos.org\/pt-br\/#\/schema\/person\/10193cb8ac6f163661033cf7ce9006a5\",\"name\":\"Community Manager\",\"url\":\"https:\/\/teatinos.org\/pt-br\/author\/pascual\/\"}]}<\/script>\n<!-- \/ Yoast SEO plugin. -->","yoast_head_json":{"title":"El Padre Adam Marek, C.R. viaja a Hamrun (Malta) - Teatinos","robots":{"index":"index","follow":"follow","max-snippet":"max-snippet:-1","max-image-preview":"max-image-preview:large","max-video-preview":"max-video-preview:-1"},"canonical":"https:\/\/teatinos.org\/pt-br\/el-padre-adam-marek-c-r-viaja-a-hamrun-malta\/","og_locale":"pt_BR","og_type":"article","og_title":"El Padre Adam Marek, C.R. viaja a Hamrun (Malta) - Teatinos","og_description":"O Padre Adam Marek, C.R. viaja para Hamrun (Malta) A Ordem dos Cl\u00e9rigos Regulares Teatinos alegra-se em partilhar a excitante not\u00edcia de que a Sociedade Musical S\u00e3o Jos\u00e9 de Hamrun anunciou com grande prazer a participa\u00e7\u00e3o do Reitor da Igreja de S\u00e3o Jos\u00e9 dos Padres Teatinos de Palermo como convidado&hellip;","og_url":"https:\/\/teatinos.org\/pt-br\/el-padre-adam-marek-c-r-viaja-a-hamrun-malta\/","og_site_name":"Teatinos","article_published_time":"2024-04-19T13:41:30+00:00","article_modified_time":"2024-04-19T13:50:40+00:00","og_image":[{"width":1080,"height":1080,"url":"https:\/\/teatinos.org\/wp-content\/uploads\/2024\/04\/Placa-Novedades-500-2024-POR.png","type":"image\/png"}],"author":"Community Manager","twitter_card":"summary_large_image","twitter_misc":{"Escrito por":"Community Manager","Est. tempo de leitura":"2 minutos"},"schema":{"@context":"https:\/\/schema.org","@graph":[{"@type":"WebPage","@id":"https:\/\/teatinos.org\/pt-br\/el-padre-adam-marek-c-r-viaja-a-hamrun-malta\/","url":"https:\/\/teatinos.org\/pt-br\/el-padre-adam-marek-c-r-viaja-a-hamrun-malta\/","name":"El Padre Adam Marek, C.R. viaja a Hamrun (Malta) - Teatinos","isPartOf":{"@id":"https:\/\/teatinos.org\/pt-br\/#website"},"primaryImageOfPage":{"@id":"https:\/\/teatinos.org\/pt-br\/el-padre-adam-marek-c-r-viaja-a-hamrun-malta\/#primaryimage"},"image":{"@id":"https:\/\/teatinos.org\/pt-br\/el-padre-adam-marek-c-r-viaja-a-hamrun-malta\/#primaryimage"},"thumbnailUrl":"https:\/\/teatinos.org\/wp-content\/uploads\/2024\/04\/Placa-Novedades-500-2024-POR.png","datePublished":"2024-04-19T13:41:30+00:00","dateModified":"2024-04-19T13:50:40+00:00","author":{"@id":"https:\/\/teatinos.org\/pt-br\/#\/schema\/person\/10193cb8ac6f163661033cf7ce9006a5"},"breadcrumb":{"@id":"https:\/\/teatinos.org\/pt-br\/el-padre-adam-marek-c-r-viaja-a-hamrun-malta\/#breadcrumb"},"inLanguage":"pt-BR","potentialAction":[{"@type":"ReadAction","target":["https:\/\/teatinos.org\/pt-br\/el-padre-adam-marek-c-r-viaja-a-hamrun-malta\/"]}]},{"@type":"ImageObject","inLanguage":"pt-BR","@id":"https:\/\/teatinos.org\/pt-br\/el-padre-adam-marek-c-r-viaja-a-hamrun-malta\/#primaryimage","url":"https:\/\/teatinos.org\/wp-content\/uploads\/2024\/04\/Placa-Novedades-500-2024-POR.png","contentUrl":"https:\/\/teatinos.org\/wp-content\/uploads\/2024\/04\/Placa-Novedades-500-2024-POR.png","width":1080,"height":1080},{"@type":"BreadcrumbList","@id":"https:\/\/teatinos.org\/pt-br\/el-padre-adam-marek-c-r-viaja-a-hamrun-malta\/#breadcrumb","itemListElement":[{"@type":"ListItem","position":1,"name":"Portada","item":"https:\/\/teatinos.org\/pt-br\/"},{"@type":"ListItem","position":2,"name":"El Padre Adam Marek, C.R. viaja a Hamrun (Malta)"}]},{"@type":"WebSite","@id":"https:\/\/teatinos.org\/pt-br\/#website","url":"https:\/\/teatinos.org\/pt-br\/","name":"Teatinos","description":"Orden de Cl\u00e9rigos Regulares","potentialAction":[{"@type":"SearchAction","target":{"@type":"EntryPoint","urlTemplate":"https:\/\/teatinos.org\/pt-br\/?s={search_term_string}"},"query-input":{"@type":"PropertyValueSpecification","valueRequired":true,"valueName":"search_term_string"}}],"inLanguage":"pt-BR"},{"@type":"Person","@id":"https:\/\/teatinos.org\/pt-br\/#\/schema\/person\/10193cb8ac6f163661033cf7ce9006a5","name":"Community Manager","url":"https:\/\/teatinos.org\/pt-br\/author\/pascual\/"}]}},"rttpg_featured_image_url":{"full":["https:\/\/teatinos.org\/wp-content\/uploads\/2024\/04\/Placa-Novedades-500-2024-POR.png",1080,1080,false],"landscape":["https:\/\/teatinos.org\/wp-content\/uploads\/2024\/04\/Placa-Novedades-500-2024-POR.png",1080,1080,false],"portraits":["https:\/\/teatinos.org\/wp-content\/uploads\/2024\/04\/Placa-Novedades-500-2024-POR.png",1080,1080,false],"thumbnail":["https:\/\/teatinos.org\/wp-content\/uploads\/2024\/04\/Placa-Novedades-500-2024-POR-150x150.png",150,150,true],"medium":["https:\/\/teatinos.org\/wp-content\/uploads\/2024\/04\/Placa-Novedades-500-2024-POR-300x300.png",300,300,true],"large":["https:\/\/teatinos.org\/wp-content\/uploads\/2024\/04\/Placa-Novedades-500-2024-POR-1024x1024.png",1000,1000,true],"1536x1536":["https:\/\/teatinos.org\/wp-content\/uploads\/2024\/04\/Placa-Novedades-500-2024-POR.png",1080,1080,false],"2048x2048":["https:\/\/teatinos.org\/wp-content\/uploads\/2024\/04\/Placa-Novedades-500-2024-POR.png",1080,1080,false]},"rttpg_author":{"display_name":"Community Manager","author_link":"https:\/\/teatinos.org\/pt-br\/author\/pascual\/"},"rttpg_comment":0,"rttpg_category":"<a href=\"https:\/\/teatinos.org\/pt-br\/category\/500-anos\/\" rel=\"category tag\">500 Anos<\/a> <a href=\"https:\/\/teatinos.org\/pt-br\/category\/noticias\/\" rel=\"category tag\">Not\u00edcias<\/a>","rttpg_excerpt":"O Padre Adam Marek, C.R. viaja para Hamrun (Malta) A Ordem dos Cl\u00e9rigos Regulares Teatinos alegra-se em partilhar a excitante not\u00edcia de que a Sociedade Musical S\u00e3o Jos\u00e9 de Hamrun anunciou com grande prazer a participa\u00e7\u00e3o do Reitor da Igreja de S\u00e3o Jos\u00e9 dos Padres Teatinos de Palermo como convidado&hellip;","_links":{"self":[{"href":"https:\/\/teatinos.org\/pt-br\/wp-json\/wp\/v2\/posts\/15342","targetHints":{"allow":["GET"]}}],"collection":[{"href":"https:\/\/teatinos.org\/pt-br\/wp-json\/wp\/v2\/posts"}],"about":[{"href":"https:\/\/teatinos.org\/pt-br\/wp-json\/wp\/v2\/types\/post"}],"author":[{"embeddable":true,"href":"https:\/\/teatinos.org\/pt-br\/wp-json\/wp\/v2\/users\/5"}],"replies":[{"embeddable":true,"href":"https:\/\/teatinos.org\/pt-br\/wp-json\/wp\/v2\/comments?post=15342"}],"version-history":[{"count":3,"href":"https:\/\/teatinos.org\/pt-br\/wp-json\/wp\/v2\/posts\/15342\/revisions"}],"predecessor-version":[{"id":15354,"href":"https:\/\/teatinos.org\/pt-br\/wp-json\/wp\/v2\/posts\/15342\/revisions\/15354"}],"wp:featuredmedia":[{"embeddable":true,"href":"https:\/\/teatinos.org\/pt-br\/wp-json\/wp\/v2\/media\/15250"}],"wp:attachment":[{"href":"https:\/\/teatinos.org\/pt-br\/wp-json\/wp\/v2\/media?parent=15342"}],"wp:term":[{"taxonomy":"category","embeddable":true,"href":"https:\/\/teatinos.org\/pt-br\/wp-json\/wp\/v2\/categories?post=15342"},{"taxonomy":"post_tag","embeddable":true,"href":"https:\/\/teatinos.org\/pt-br\/wp-json\/wp\/v2\/tags?post=15342"}],"curies":[{"name":"wp","href":"https:\/\/api.w.org\/{rel}","templated":true}]}}