{"id":14290,"date":"2024-02-22T17:55:48","date_gmt":"2024-02-22T17:55:48","guid":{"rendered":"http:\/\/teatinos.org\/tratado-del-santisimo-sacramento-del-altar\/"},"modified":"2024-02-22T17:58:51","modified_gmt":"2024-02-22T17:58:51","slug":"tratado-del-santisimo-sacramento-del-altar","status":"publish","type":"post","link":"https:\/\/teatinos.org\/pt-br\/tratado-del-santisimo-sacramento-del-altar\/","title":{"rendered":"Tratado do Sant\u00edssimo Sacramento do altar"},"content":{"rendered":"<p>Este tratado procura responder por que o Senhor instituiu este grande Sacramento. \u00c9 por isso que Andr\u00e9s Avelino explica como Deus, tendo criado o homem com corpo e alma, forneceu-lhe alimento. E explica quais s\u00e3o os alimentos do corpo e os da alma.<br \/>\nCristo instituiu o Sacramento do seu Corpo n\u00e3o apenas para ser alimento de quem quer permanecer na vida da gra\u00e7a, mas tamb\u00e9m para nos demonstrar ainda mais o seu amor divino e a sua humildade, que s\u00e3o, diz Avelino, as virtudes necess\u00e1rias para receb\u00ea-lo. Para receber dignamente o Corpo do Senhor, \u00e9 preciso lembrar a paix\u00e3o e a morte de Cristo. Ensina que Deus, compadecendo-se de nossas almas, inclinadas ao mal, e com carne corrompida, nos proporcionou outra carne santa e imaculada, que \u00e9 a carne de Cristo, de cujo contato a alma e o corpo daqueles que a recebem s\u00e3o santificados. dignamente. E com a uni\u00e3o com a carne de Cristo, a alma recebe a verdadeira vida de gra\u00e7a e gl\u00f3ria. A uni\u00e3o com a carne de Cristo \u00e9 a causa da uni\u00e3o com Deus e com o pr\u00f3ximo. Foi assim que Deus previu reunir as almas consigo mesmo e entre elas.<\/p>\n<p><a href=\"http:\/\/teatinos.org\/wp-content\/uploads\/2024\/02\/Tratado-del-Smo-Sacr-del-Altar-Ambrosio-Cots.png\"><img loading=\"lazy\" decoding=\"async\" class=\"alignnone size-full wp-image-14281\" src=\"http:\/\/teatinos.org\/wp-content\/uploads\/2024\/02\/Tratado-del-Smo-Sacr-del-Altar-Ambrosio-Cots.png\" alt=\"\" width=\"1216\" height=\"1964\" \/><\/a><\/p>\n","protected":false},"excerpt":{"rendered":"<p>Este tratado procura responder por que o Senhor instituiu este grande Sacramento. \u00c9 por isso que Andr\u00e9s Avelino explica como Deus, tendo criado o homem com corpo e alma, forneceu-lhe alimento. E explica quais s\u00e3o os alimentos do corpo e os da alma. Cristo instituiu o Sacramento do seu Corpo&hellip;<\/p>\n","protected":false},"author":5,"featured_media":11558,"comment_status":"closed","ping_status":"open","sticky":false,"template":"","format":"standard","meta":{"_acf_changed":false,"footnotes":"","_links_to":"","_links_to_target":""},"categories":[49],"tags":[],"class_list":["post-14290","post","type-post","status-publish","format-standard","has-post-thumbnail","hentry","category-noticias"],"acf":[],"yoast_head":"<!-- This site is optimized with the Yoast SEO plugin v23.5 - https:\/\/yoast.com\/wordpress\/plugins\/seo\/ -->\n<title>Tratado do Sant\u00edssimo Sacramento do altar - Teatinos<\/title>\n<meta name=\"robots\" content=\"index, follow, max-snippet:-1, max-image-preview:large, max-video-preview:-1\" \/>\n<link rel=\"canonical\" href=\"https:\/\/teatinos.org\/pt-br\/tratado-del-santisimo-sacramento-del-altar\/\" \/>\n<meta property=\"og:locale\" content=\"pt_BR\" \/>\n<meta property=\"og:type\" content=\"article\" \/>\n<meta property=\"og:title\" content=\"Tratado do Sant\u00edssimo Sacramento do altar - Teatinos\" \/>\n<meta property=\"og:description\" content=\"Este tratado procura responder por que o Senhor instituiu este grande Sacramento. \u00c9 por isso que Andr\u00e9s Avelino explica como Deus, tendo criado o homem com corpo e alma, forneceu-lhe alimento. E explica quais s\u00e3o os alimentos do corpo e os da alma. Cristo instituiu o Sacramento do seu Corpo&hellip;\" \/>\n<meta property=\"og:url\" content=\"https:\/\/teatinos.org\/pt-br\/tratado-del-santisimo-sacramento-del-altar\/\" \/>\n<meta property=\"og:site_name\" content=\"Teatinos\" \/>\n<meta property=\"article:published_time\" content=\"2024-02-22T17:55:48+00:00\" \/>\n<meta property=\"article:modified_time\" content=\"2024-02-22T17:58:51+00:00\" \/>\n<meta property=\"og:image\" content=\"https:\/\/teatinos.org\/wp-content\/uploads\/2023\/05\/Placa-Curia-Por-2023.png\" \/>\n\t<meta property=\"og:image:width\" content=\"1080\" \/>\n\t<meta property=\"og:image:height\" content=\"1080\" \/>\n\t<meta property=\"og:image:type\" content=\"image\/png\" \/>\n<meta name=\"author\" content=\"Community Manager\" \/>\n<meta name=\"twitter:card\" content=\"summary_large_image\" \/>\n<meta name=\"twitter:label1\" content=\"Escrito por\" \/>\n\t<meta name=\"twitter:data1\" content=\"Community Manager\" \/>\n\t<meta name=\"twitter:label2\" content=\"Est. tempo de leitura\" \/>\n\t<meta name=\"twitter:data2\" content=\"2 minutos\" \/>\n<script type=\"application\/ld+json\" class=\"yoast-schema-graph\">{\"@context\":\"https:\/\/schema.org\",\"@graph\":[{\"@type\":\"WebPage\",\"@id\":\"https:\/\/teatinos.org\/pt-br\/tratado-del-santisimo-sacramento-del-altar\/\",\"url\":\"https:\/\/teatinos.org\/pt-br\/tratado-del-santisimo-sacramento-del-altar\/\",\"name\":\"Tratado do Sant\u00edssimo Sacramento do altar - Teatinos\",\"isPartOf\":{\"@id\":\"https:\/\/teatinos.org\/pt-br\/#website\"},\"primaryImageOfPage\":{\"@id\":\"https:\/\/teatinos.org\/pt-br\/tratado-del-santisimo-sacramento-del-altar\/#primaryimage\"},\"image\":{\"@id\":\"https:\/\/teatinos.org\/pt-br\/tratado-del-santisimo-sacramento-del-altar\/#primaryimage\"},\"thumbnailUrl\":\"https:\/\/teatinos.org\/wp-content\/uploads\/2023\/05\/Placa-Curia-Por-2023.png\",\"datePublished\":\"2024-02-22T17:55:48+00:00\",\"dateModified\":\"2024-02-22T17:58:51+00:00\",\"author\":{\"@id\":\"https:\/\/teatinos.org\/pt-br\/#\/schema\/person\/10193cb8ac6f163661033cf7ce9006a5\"},\"breadcrumb\":{\"@id\":\"https:\/\/teatinos.org\/pt-br\/tratado-del-santisimo-sacramento-del-altar\/#breadcrumb\"},\"inLanguage\":\"pt-BR\",\"potentialAction\":[{\"@type\":\"ReadAction\",\"target\":[\"https:\/\/teatinos.org\/pt-br\/tratado-del-santisimo-sacramento-del-altar\/\"]}]},{\"@type\":\"ImageObject\",\"inLanguage\":\"pt-BR\",\"@id\":\"https:\/\/teatinos.org\/pt-br\/tratado-del-santisimo-sacramento-del-altar\/#primaryimage\",\"url\":\"https:\/\/teatinos.org\/wp-content\/uploads\/2023\/05\/Placa-Curia-Por-2023.png\",\"contentUrl\":\"https:\/\/teatinos.org\/wp-content\/uploads\/2023\/05\/Placa-Curia-Por-2023.png\",\"width\":1080,\"height\":1080},{\"@type\":\"BreadcrumbList\",\"@id\":\"https:\/\/teatinos.org\/pt-br\/tratado-del-santisimo-sacramento-del-altar\/#breadcrumb\",\"itemListElement\":[{\"@type\":\"ListItem\",\"position\":1,\"name\":\"Portada\",\"item\":\"https:\/\/teatinos.org\/pt-br\/\"},{\"@type\":\"ListItem\",\"position\":2,\"name\":\"Tratado do Sant\u00edssimo Sacramento do altar\"}]},{\"@type\":\"WebSite\",\"@id\":\"https:\/\/teatinos.org\/pt-br\/#website\",\"url\":\"https:\/\/teatinos.org\/pt-br\/\",\"name\":\"Teatinos\",\"description\":\"Orden de Cl\u00e9rigos Regulares\",\"potentialAction\":[{\"@type\":\"SearchAction\",\"target\":{\"@type\":\"EntryPoint\",\"urlTemplate\":\"https:\/\/teatinos.org\/pt-br\/?s={search_term_string}\"},\"query-input\":{\"@type\":\"PropertyValueSpecification\",\"valueRequired\":true,\"valueName\":\"search_term_string\"}}],\"inLanguage\":\"pt-BR\"},{\"@type\":\"Person\",\"@id\":\"https:\/\/teatinos.org\/pt-br\/#\/schema\/person\/10193cb8ac6f163661033cf7ce9006a5\",\"name\":\"Community Manager\",\"url\":\"https:\/\/teatinos.org\/pt-br\/author\/pascual\/\"}]}<\/script>\n<!-- \/ Yoast SEO plugin. -->","yoast_head_json":{"title":"Tratado do Sant\u00edssimo Sacramento do altar - Teatinos","robots":{"index":"index","follow":"follow","max-snippet":"max-snippet:-1","max-image-preview":"max-image-preview:large","max-video-preview":"max-video-preview:-1"},"canonical":"https:\/\/teatinos.org\/pt-br\/tratado-del-santisimo-sacramento-del-altar\/","og_locale":"pt_BR","og_type":"article","og_title":"Tratado do Sant\u00edssimo Sacramento do altar - Teatinos","og_description":"Este tratado procura responder por que o Senhor instituiu este grande Sacramento. \u00c9 por isso que Andr\u00e9s Avelino explica como Deus, tendo criado o homem com corpo e alma, forneceu-lhe alimento. E explica quais s\u00e3o os alimentos do corpo e os da alma. Cristo instituiu o Sacramento do seu Corpo&hellip;","og_url":"https:\/\/teatinos.org\/pt-br\/tratado-del-santisimo-sacramento-del-altar\/","og_site_name":"Teatinos","article_published_time":"2024-02-22T17:55:48+00:00","article_modified_time":"2024-02-22T17:58:51+00:00","og_image":[{"width":1080,"height":1080,"url":"https:\/\/teatinos.org\/wp-content\/uploads\/2023\/05\/Placa-Curia-Por-2023.png","type":"image\/png"}],"author":"Community Manager","twitter_card":"summary_large_image","twitter_misc":{"Escrito por":"Community Manager","Est. tempo de leitura":"2 minutos"},"schema":{"@context":"https:\/\/schema.org","@graph":[{"@type":"WebPage","@id":"https:\/\/teatinos.org\/pt-br\/tratado-del-santisimo-sacramento-del-altar\/","url":"https:\/\/teatinos.org\/pt-br\/tratado-del-santisimo-sacramento-del-altar\/","name":"Tratado do Sant\u00edssimo Sacramento do altar - Teatinos","isPartOf":{"@id":"https:\/\/teatinos.org\/pt-br\/#website"},"primaryImageOfPage":{"@id":"https:\/\/teatinos.org\/pt-br\/tratado-del-santisimo-sacramento-del-altar\/#primaryimage"},"image":{"@id":"https:\/\/teatinos.org\/pt-br\/tratado-del-santisimo-sacramento-del-altar\/#primaryimage"},"thumbnailUrl":"https:\/\/teatinos.org\/wp-content\/uploads\/2023\/05\/Placa-Curia-Por-2023.png","datePublished":"2024-02-22T17:55:48+00:00","dateModified":"2024-02-22T17:58:51+00:00","author":{"@id":"https:\/\/teatinos.org\/pt-br\/#\/schema\/person\/10193cb8ac6f163661033cf7ce9006a5"},"breadcrumb":{"@id":"https:\/\/teatinos.org\/pt-br\/tratado-del-santisimo-sacramento-del-altar\/#breadcrumb"},"inLanguage":"pt-BR","potentialAction":[{"@type":"ReadAction","target":["https:\/\/teatinos.org\/pt-br\/tratado-del-santisimo-sacramento-del-altar\/"]}]},{"@type":"ImageObject","inLanguage":"pt-BR","@id":"https:\/\/teatinos.org\/pt-br\/tratado-del-santisimo-sacramento-del-altar\/#primaryimage","url":"https:\/\/teatinos.org\/wp-content\/uploads\/2023\/05\/Placa-Curia-Por-2023.png","contentUrl":"https:\/\/teatinos.org\/wp-content\/uploads\/2023\/05\/Placa-Curia-Por-2023.png","width":1080,"height":1080},{"@type":"BreadcrumbList","@id":"https:\/\/teatinos.org\/pt-br\/tratado-del-santisimo-sacramento-del-altar\/#breadcrumb","itemListElement":[{"@type":"ListItem","position":1,"name":"Portada","item":"https:\/\/teatinos.org\/pt-br\/"},{"@type":"ListItem","position":2,"name":"Tratado do Sant\u00edssimo Sacramento do altar"}]},{"@type":"WebSite","@id":"https:\/\/teatinos.org\/pt-br\/#website","url":"https:\/\/teatinos.org\/pt-br\/","name":"Teatinos","description":"Orden de Cl\u00e9rigos Regulares","potentialAction":[{"@type":"SearchAction","target":{"@type":"EntryPoint","urlTemplate":"https:\/\/teatinos.org\/pt-br\/?s={search_term_string}"},"query-input":{"@type":"PropertyValueSpecification","valueRequired":true,"valueName":"search_term_string"}}],"inLanguage":"pt-BR"},{"@type":"Person","@id":"https:\/\/teatinos.org\/pt-br\/#\/schema\/person\/10193cb8ac6f163661033cf7ce9006a5","name":"Community Manager","url":"https:\/\/teatinos.org\/pt-br\/author\/pascual\/"}]}},"rttpg_featured_image_url":{"full":["https:\/\/teatinos.org\/wp-content\/uploads\/2023\/05\/Placa-Curia-Por-2023.png",1080,1080,false],"landscape":["https:\/\/teatinos.org\/wp-content\/uploads\/2023\/05\/Placa-Curia-Por-2023.png",1080,1080,false],"portraits":["https:\/\/teatinos.org\/wp-content\/uploads\/2023\/05\/Placa-Curia-Por-2023.png",1080,1080,false],"thumbnail":["https:\/\/teatinos.org\/wp-content\/uploads\/2023\/05\/Placa-Curia-Por-2023-150x150.png",150,150,true],"medium":["https:\/\/teatinos.org\/wp-content\/uploads\/2023\/05\/Placa-Curia-Por-2023-300x300.png",300,300,true],"large":["https:\/\/teatinos.org\/wp-content\/uploads\/2023\/05\/Placa-Curia-Por-2023-1024x1024.png",1000,1000,true],"1536x1536":["https:\/\/teatinos.org\/wp-content\/uploads\/2023\/05\/Placa-Curia-Por-2023.png",1080,1080,false],"2048x2048":["https:\/\/teatinos.org\/wp-content\/uploads\/2023\/05\/Placa-Curia-Por-2023.png",1080,1080,false]},"rttpg_author":{"display_name":"Community Manager","author_link":"https:\/\/teatinos.org\/pt-br\/author\/pascual\/"},"rttpg_comment":0,"rttpg_category":"<a href=\"https:\/\/teatinos.org\/pt-br\/category\/noticias\/\" rel=\"category tag\">Not\u00edcias<\/a>","rttpg_excerpt":"Este tratado procura responder por que o Senhor instituiu este grande Sacramento. \u00c9 por isso que Andr\u00e9s Avelino explica como Deus, tendo criado o homem com corpo e alma, forneceu-lhe alimento. E explica quais s\u00e3o os alimentos do corpo e os da alma. Cristo instituiu o Sacramento do seu Corpo&hellip;","_links":{"self":[{"href":"https:\/\/teatinos.org\/pt-br\/wp-json\/wp\/v2\/posts\/14290","targetHints":{"allow":["GET"]}}],"collection":[{"href":"https:\/\/teatinos.org\/pt-br\/wp-json\/wp\/v2\/posts"}],"about":[{"href":"https:\/\/teatinos.org\/pt-br\/wp-json\/wp\/v2\/types\/post"}],"author":[{"embeddable":true,"href":"https:\/\/teatinos.org\/pt-br\/wp-json\/wp\/v2\/users\/5"}],"replies":[{"embeddable":true,"href":"https:\/\/teatinos.org\/pt-br\/wp-json\/wp\/v2\/comments?post=14290"}],"version-history":[{"count":3,"href":"https:\/\/teatinos.org\/pt-br\/wp-json\/wp\/v2\/posts\/14290\/revisions"}],"predecessor-version":[{"id":14302,"href":"https:\/\/teatinos.org\/pt-br\/wp-json\/wp\/v2\/posts\/14290\/revisions\/14302"}],"wp:featuredmedia":[{"embeddable":true,"href":"https:\/\/teatinos.org\/pt-br\/wp-json\/wp\/v2\/media\/11558"}],"wp:attachment":[{"href":"https:\/\/teatinos.org\/pt-br\/wp-json\/wp\/v2\/media?parent=14290"}],"wp:term":[{"taxonomy":"category","embeddable":true,"href":"https:\/\/teatinos.org\/pt-br\/wp-json\/wp\/v2\/categories?post=14290"},{"taxonomy":"post_tag","embeddable":true,"href":"https:\/\/teatinos.org\/pt-br\/wp-json\/wp\/v2\/tags?post=14290"}],"curies":[{"name":"wp","href":"https:\/\/api.w.org\/{rel}","templated":true}]}}