{"id":9979,"date":"2022-09-09T19:04:06","date_gmt":"2022-09-09T19:04:06","guid":{"rendered":"http:\/\/teatinos.org\/teatinos-en-las-universidades\/"},"modified":"2022-09-09T19:07:11","modified_gmt":"2022-09-09T19:07:11","slug":"teatinos-en-las-universidades","status":"publish","type":"post","link":"https:\/\/teatinos.org\/it\/teatinos-en-las-universidades\/","title":{"rendered":"Teatini nella Universit\u00e0"},"content":{"rendered":"<p><em><strong>Cari amici della Famiglia Teatina:<\/strong><\/em><\/p>\n<p>Con l&#8217;inizio dell&#8217;anno scolastico in alcune nostre Provincie, dalla Curia Generalizia vogliamo inviare un saluto pieno di coraggio, incoraggiamento e speranza per intraprendere e svolgere tutti i compiti apostolici che come Teatini abbiamo svolto nella Chiesa e d&#8217;amore di Dio.<\/p>\n<p>Come novit\u00e0, \u00e8 una gioia per tutto l&#8217;Ordine Teatino avere tra i nostri genitori il primo Professore Teatino che insegner\u00e0 alla Pontificia Universit\u00e0 Gregoriana di Roma, Rev. P. Marcelo Ra\u00fal Zub\u00eda, CR., Vicario Generale dell&#8217;Ordine.<\/p>\n<p>Allo stesso modo, ci congratuliamo con P. David Arroyo Alonso, CR, che far\u00e0 parte del cast di Professori e Formatori presso il Pontificio Collegio Josephinum a Columbus-Ohio, dove l&#8217;Ispettoria &#8220;Nostra Signora della Purezza&#8221; degli Stati Uniti ha intrapreso un nuovo missione.<\/p>\n<p>Il Signore illumini il cammino di ciascuno di noi che professi la vita religiosa teatina e ci aiuti a camminare con fermezza di fede e integrit\u00e0 di costumi verso la meta della santit\u00e0.<\/p>\n<p>Maggiori informazioni sul corso Rev.P. Marcelo R. Zub\u00eda, CR <a href=\"https:\/\/www.unigre.it\/it\/docenti\/scheda\/?id=2244\" target=\"_blank\" rel=\"noopener\" data-saferedirecturl=\"https:\/\/www.google.com\/url?q=https:\/\/teatinos.us18.list-manage.com\/track\/click?u%3Da3f7f2fba677f52ec92df5559%26id%3D40953a919c%26e%3D825b227dda&amp;source=gmail&amp;ust=1662835616260000&amp;usg=AOvVaw22MQJjbXsdhUN-YGjJHF29\">qui.<\/a><br \/>\nMaggiori informazioni sulla nomina di P. David Arroyo Alonso, CR. <a href=\"https:\/\/www.pcj.edu\/faculty\" target=\"_blank\" rel=\"noopener\" data-saferedirecturl=\"https:\/\/www.google.com\/url?q=https:\/\/teatinos.us18.list-manage.com\/track\/click?u%3Da3f7f2fba677f52ec92df5559%26id%3D1f5ac303c0%26e%3D825b227dda&amp;source=gmail&amp;ust=1662835616260000&amp;usg=AOvVaw1d_PUDsk05PIuLQDAl5adG\">qui.<\/a><\/p>\n<p><a href=\"http:\/\/teatinos.org\/wp-content\/uploads\/2022\/09\/1.png\"><img loading=\"lazy\" decoding=\"async\" class=\"alignnone size-full wp-image-9961\" src=\"http:\/\/teatinos.org\/wp-content\/uploads\/2022\/09\/1.png\" alt=\"\" width=\"1080\" height=\"1080\" \/><\/a><\/p>\n<p><a href=\"http:\/\/teatinos.org\/wp-content\/uploads\/2022\/09\/2.png\"><img loading=\"lazy\" decoding=\"async\" class=\"alignnone size-full wp-image-9966\" src=\"http:\/\/teatinos.org\/wp-content\/uploads\/2022\/09\/2.png\" alt=\"\" width=\"1080\" height=\"1080\" \/><\/a><\/p>\n","protected":false},"excerpt":{"rendered":"<p>Cari amici della Famiglia Teatina: Con l&#8217;inizio dell&#8217;anno scolastico in alcune nostre Provincie, dalla Curia Generalizia vogliamo inviare un saluto pieno di coraggio, incoraggiamento e speranza per intraprendere e svolgere tutti i compiti apostolici che come Teatini abbiamo svolto nella Chiesa e d&#8217;amore di Dio. Come novit\u00e0, \u00e8 una gioia&hellip;<\/p>\n","protected":false},"author":5,"featured_media":9974,"comment_status":"closed","ping_status":"open","sticky":false,"template":"","format":"standard","meta":{"_acf_changed":false,"footnotes":"","_links_to":"","_links_to_target":""},"categories":[97],"tags":[],"class_list":["post-9979","post","type-post","status-publish","format-standard","has-post-thumbnail","hentry","category-notizie"],"acf":[],"yoast_head":"<!-- This site is optimized with the Yoast SEO plugin v23.5 - https:\/\/yoast.com\/wordpress\/plugins\/seo\/ -->\n<title>Teatini nella Universit\u00e0 - Teatinos<\/title>\n<meta name=\"robots\" content=\"index, follow, max-snippet:-1, max-image-preview:large, max-video-preview:-1\" \/>\n<link rel=\"canonical\" href=\"https:\/\/teatinos.org\/it\/teatinos-en-las-universidades\/\" \/>\n<meta property=\"og:locale\" content=\"it_IT\" \/>\n<meta property=\"og:type\" content=\"article\" \/>\n<meta property=\"og:title\" content=\"Teatini nella Universit\u00e0 - Teatinos\" \/>\n<meta property=\"og:description\" content=\"Cari amici della Famiglia Teatina: Con l&#8217;inizio dell&#8217;anno scolastico in alcune nostre Provincie, dalla Curia Generalizia vogliamo inviare un saluto pieno di coraggio, incoraggiamento e speranza per intraprendere e svolgere tutti i compiti apostolici che come Teatini abbiamo svolto nella Chiesa e d&#8217;amore di Dio. Come novit\u00e0, \u00e8 una gioia&hellip;\" \/>\n<meta property=\"og:url\" content=\"https:\/\/teatinos.org\/it\/teatinos-en-las-universidades\/\" \/>\n<meta property=\"og:site_name\" content=\"Teatinos\" \/>\n<meta property=\"article:published_time\" content=\"2022-09-09T19:04:06+00:00\" \/>\n<meta property=\"article:modified_time\" content=\"2022-09-09T19:07:11+00:00\" \/>\n<meta property=\"og:image\" content=\"https:\/\/teatinos.org\/wp-content\/uploads\/2022\/09\/Teatinos-Universidad.png\" \/>\n\t<meta property=\"og:image:width\" content=\"1080\" \/>\n\t<meta property=\"og:image:height\" content=\"1080\" \/>\n\t<meta property=\"og:image:type\" content=\"image\/png\" \/>\n<meta name=\"author\" content=\"Community Manager\" \/>\n<meta name=\"twitter:card\" content=\"summary_large_image\" \/>\n<meta name=\"twitter:label1\" content=\"Scritto da\" \/>\n\t<meta name=\"twitter:data1\" content=\"Community Manager\" \/>\n\t<meta name=\"twitter:label2\" content=\"Tempo di lettura stimato\" \/>\n\t<meta name=\"twitter:data2\" content=\"2 minuti\" \/>\n<script type=\"application\/ld+json\" class=\"yoast-schema-graph\">{\"@context\":\"https:\/\/schema.org\",\"@graph\":[{\"@type\":\"WebPage\",\"@id\":\"https:\/\/teatinos.org\/it\/teatinos-en-las-universidades\/\",\"url\":\"https:\/\/teatinos.org\/it\/teatinos-en-las-universidades\/\",\"name\":\"Teatini nella Universit\u00e0 - Teatinos\",\"isPartOf\":{\"@id\":\"https:\/\/teatinos.org\/pt-br\/#website\"},\"primaryImageOfPage\":{\"@id\":\"https:\/\/teatinos.org\/it\/teatinos-en-las-universidades\/#primaryimage\"},\"image\":{\"@id\":\"https:\/\/teatinos.org\/it\/teatinos-en-las-universidades\/#primaryimage\"},\"thumbnailUrl\":\"https:\/\/teatinos.org\/wp-content\/uploads\/2022\/09\/Teatinos-Universidad.png\",\"datePublished\":\"2022-09-09T19:04:06+00:00\",\"dateModified\":\"2022-09-09T19:07:11+00:00\",\"author\":{\"@id\":\"https:\/\/teatinos.org\/pt-br\/#\/schema\/person\/10193cb8ac6f163661033cf7ce9006a5\"},\"breadcrumb\":{\"@id\":\"https:\/\/teatinos.org\/it\/teatinos-en-las-universidades\/#breadcrumb\"},\"inLanguage\":\"it-IT\",\"potentialAction\":[{\"@type\":\"ReadAction\",\"target\":[\"https:\/\/teatinos.org\/it\/teatinos-en-las-universidades\/\"]}]},{\"@type\":\"ImageObject\",\"inLanguage\":\"it-IT\",\"@id\":\"https:\/\/teatinos.org\/it\/teatinos-en-las-universidades\/#primaryimage\",\"url\":\"https:\/\/teatinos.org\/wp-content\/uploads\/2022\/09\/Teatinos-Universidad.png\",\"contentUrl\":\"https:\/\/teatinos.org\/wp-content\/uploads\/2022\/09\/Teatinos-Universidad.png\",\"width\":1080,\"height\":1080},{\"@type\":\"BreadcrumbList\",\"@id\":\"https:\/\/teatinos.org\/it\/teatinos-en-las-universidades\/#breadcrumb\",\"itemListElement\":[{\"@type\":\"ListItem\",\"position\":1,\"name\":\"Portada\",\"item\":\"https:\/\/teatinos.org\/it\/\"},{\"@type\":\"ListItem\",\"position\":2,\"name\":\"Teatini nella Universit\u00e0\"}]},{\"@type\":\"WebSite\",\"@id\":\"https:\/\/teatinos.org\/pt-br\/#website\",\"url\":\"https:\/\/teatinos.org\/pt-br\/\",\"name\":\"Teatinos\",\"description\":\"Orden de Cl\u00e9rigos Regulares\",\"potentialAction\":[{\"@type\":\"SearchAction\",\"target\":{\"@type\":\"EntryPoint\",\"urlTemplate\":\"https:\/\/teatinos.org\/pt-br\/?s={search_term_string}\"},\"query-input\":{\"@type\":\"PropertyValueSpecification\",\"valueRequired\":true,\"valueName\":\"search_term_string\"}}],\"inLanguage\":\"it-IT\"},{\"@type\":\"Person\",\"@id\":\"https:\/\/teatinos.org\/pt-br\/#\/schema\/person\/10193cb8ac6f163661033cf7ce9006a5\",\"name\":\"Community Manager\",\"url\":\"https:\/\/teatinos.org\/it\/author\/pascual\/\"}]}<\/script>\n<!-- \/ Yoast SEO plugin. -->","yoast_head_json":{"title":"Teatini nella Universit\u00e0 - Teatinos","robots":{"index":"index","follow":"follow","max-snippet":"max-snippet:-1","max-image-preview":"max-image-preview:large","max-video-preview":"max-video-preview:-1"},"canonical":"https:\/\/teatinos.org\/it\/teatinos-en-las-universidades\/","og_locale":"it_IT","og_type":"article","og_title":"Teatini nella Universit\u00e0 - Teatinos","og_description":"Cari amici della Famiglia Teatina: Con l&#8217;inizio dell&#8217;anno scolastico in alcune nostre Provincie, dalla Curia Generalizia vogliamo inviare un saluto pieno di coraggio, incoraggiamento e speranza per intraprendere e svolgere tutti i compiti apostolici che come Teatini abbiamo svolto nella Chiesa e d&#8217;amore di Dio. Come novit\u00e0, \u00e8 una gioia&hellip;","og_url":"https:\/\/teatinos.org\/it\/teatinos-en-las-universidades\/","og_site_name":"Teatinos","article_published_time":"2022-09-09T19:04:06+00:00","article_modified_time":"2022-09-09T19:07:11+00:00","og_image":[{"width":1080,"height":1080,"url":"https:\/\/teatinos.org\/wp-content\/uploads\/2022\/09\/Teatinos-Universidad.png","type":"image\/png"}],"author":"Community Manager","twitter_card":"summary_large_image","twitter_misc":{"Scritto da":"Community Manager","Tempo di lettura stimato":"2 minuti"},"schema":{"@context":"https:\/\/schema.org","@graph":[{"@type":"WebPage","@id":"https:\/\/teatinos.org\/it\/teatinos-en-las-universidades\/","url":"https:\/\/teatinos.org\/it\/teatinos-en-las-universidades\/","name":"Teatini nella Universit\u00e0 - Teatinos","isPartOf":{"@id":"https:\/\/teatinos.org\/pt-br\/#website"},"primaryImageOfPage":{"@id":"https:\/\/teatinos.org\/it\/teatinos-en-las-universidades\/#primaryimage"},"image":{"@id":"https:\/\/teatinos.org\/it\/teatinos-en-las-universidades\/#primaryimage"},"thumbnailUrl":"https:\/\/teatinos.org\/wp-content\/uploads\/2022\/09\/Teatinos-Universidad.png","datePublished":"2022-09-09T19:04:06+00:00","dateModified":"2022-09-09T19:07:11+00:00","author":{"@id":"https:\/\/teatinos.org\/pt-br\/#\/schema\/person\/10193cb8ac6f163661033cf7ce9006a5"},"breadcrumb":{"@id":"https:\/\/teatinos.org\/it\/teatinos-en-las-universidades\/#breadcrumb"},"inLanguage":"it-IT","potentialAction":[{"@type":"ReadAction","target":["https:\/\/teatinos.org\/it\/teatinos-en-las-universidades\/"]}]},{"@type":"ImageObject","inLanguage":"it-IT","@id":"https:\/\/teatinos.org\/it\/teatinos-en-las-universidades\/#primaryimage","url":"https:\/\/teatinos.org\/wp-content\/uploads\/2022\/09\/Teatinos-Universidad.png","contentUrl":"https:\/\/teatinos.org\/wp-content\/uploads\/2022\/09\/Teatinos-Universidad.png","width":1080,"height":1080},{"@type":"BreadcrumbList","@id":"https:\/\/teatinos.org\/it\/teatinos-en-las-universidades\/#breadcrumb","itemListElement":[{"@type":"ListItem","position":1,"name":"Portada","item":"https:\/\/teatinos.org\/it\/"},{"@type":"ListItem","position":2,"name":"Teatini nella Universit\u00e0"}]},{"@type":"WebSite","@id":"https:\/\/teatinos.org\/pt-br\/#website","url":"https:\/\/teatinos.org\/pt-br\/","name":"Teatinos","description":"Orden de Cl\u00e9rigos Regulares","potentialAction":[{"@type":"SearchAction","target":{"@type":"EntryPoint","urlTemplate":"https:\/\/teatinos.org\/pt-br\/?s={search_term_string}"},"query-input":{"@type":"PropertyValueSpecification","valueRequired":true,"valueName":"search_term_string"}}],"inLanguage":"it-IT"},{"@type":"Person","@id":"https:\/\/teatinos.org\/pt-br\/#\/schema\/person\/10193cb8ac6f163661033cf7ce9006a5","name":"Community Manager","url":"https:\/\/teatinos.org\/it\/author\/pascual\/"}]}},"rttpg_featured_image_url":{"full":["https:\/\/teatinos.org\/wp-content\/uploads\/2022\/09\/Teatinos-Universidad.png",1080,1080,false],"landscape":["https:\/\/teatinos.org\/wp-content\/uploads\/2022\/09\/Teatinos-Universidad.png",1080,1080,false],"portraits":["https:\/\/teatinos.org\/wp-content\/uploads\/2022\/09\/Teatinos-Universidad.png",1080,1080,false],"thumbnail":["https:\/\/teatinos.org\/wp-content\/uploads\/2022\/09\/Teatinos-Universidad-150x150.png",150,150,true],"medium":["https:\/\/teatinos.org\/wp-content\/uploads\/2022\/09\/Teatinos-Universidad-300x300.png",300,300,true],"large":["https:\/\/teatinos.org\/wp-content\/uploads\/2022\/09\/Teatinos-Universidad-1024x1024.png",1000,1000,true],"1536x1536":["https:\/\/teatinos.org\/wp-content\/uploads\/2022\/09\/Teatinos-Universidad.png",1080,1080,false],"2048x2048":["https:\/\/teatinos.org\/wp-content\/uploads\/2022\/09\/Teatinos-Universidad.png",1080,1080,false]},"rttpg_author":{"display_name":"Community Manager","author_link":"https:\/\/teatinos.org\/it\/author\/pascual\/"},"rttpg_comment":0,"rttpg_category":"<a href=\"https:\/\/teatinos.org\/it\/category\/notizie\/\" rel=\"category tag\">Notizie<\/a>","rttpg_excerpt":"Cari amici della Famiglia Teatina: Con l&#8217;inizio dell&#8217;anno scolastico in alcune nostre Provincie, dalla Curia Generalizia vogliamo inviare un saluto pieno di coraggio, incoraggiamento e speranza per intraprendere e svolgere tutti i compiti apostolici che come Teatini abbiamo svolto nella Chiesa e d&#8217;amore di Dio. Come novit\u00e0, \u00e8 una gioia&hellip;","_links":{"self":[{"href":"https:\/\/teatinos.org\/it\/wp-json\/wp\/v2\/posts\/9979","targetHints":{"allow":["GET"]}}],"collection":[{"href":"https:\/\/teatinos.org\/it\/wp-json\/wp\/v2\/posts"}],"about":[{"href":"https:\/\/teatinos.org\/it\/wp-json\/wp\/v2\/types\/post"}],"author":[{"embeddable":true,"href":"https:\/\/teatinos.org\/it\/wp-json\/wp\/v2\/users\/5"}],"replies":[{"embeddable":true,"href":"https:\/\/teatinos.org\/it\/wp-json\/wp\/v2\/comments?post=9979"}],"version-history":[{"count":2,"href":"https:\/\/teatinos.org\/it\/wp-json\/wp\/v2\/posts\/9979\/revisions"}],"predecessor-version":[{"id":9982,"href":"https:\/\/teatinos.org\/it\/wp-json\/wp\/v2\/posts\/9979\/revisions\/9982"}],"wp:featuredmedia":[{"embeddable":true,"href":"https:\/\/teatinos.org\/it\/wp-json\/wp\/v2\/media\/9974"}],"wp:attachment":[{"href":"https:\/\/teatinos.org\/it\/wp-json\/wp\/v2\/media?parent=9979"}],"wp:term":[{"taxonomy":"category","embeddable":true,"href":"https:\/\/teatinos.org\/it\/wp-json\/wp\/v2\/categories?post=9979"},{"taxonomy":"post_tag","embeddable":true,"href":"https:\/\/teatinos.org\/it\/wp-json\/wp\/v2\/tags?post=9979"}],"curies":[{"name":"wp","href":"https:\/\/api.w.org\/{rel}","templated":true}]}}