{"id":9430,"date":"2022-04-21T00:14:56","date_gmt":"2022-04-21T00:14:56","guid":{"rendered":"http:\/\/teatinos.org\/?p=9430"},"modified":"2022-04-21T00:14:56","modified_gmt":"2022-04-21T00:14:56","slug":"nuovo-superiore-provinciale-per-spagna-colombia-provincia-di-san-alfonso-e-dellimmacolata","status":"publish","type":"post","link":"https:\/\/teatinos.org\/it\/nuovo-superiore-provinciale-per-spagna-colombia-provincia-di-san-alfonso-e-dellimmacolata\/","title":{"rendered":"Nuovo Superiore Provinciale per Spagna-Colombia Provincia di San Alfonso e dell&#8217;Immacolata"},"content":{"rendered":"<p>Cari fratelli,<\/p>\n<p>Condividiamo con voi la gioiosa notizia che P. Francisco Delgado, CR, Segretario del Capitolo Provinciale di Spagna, ha inviato al nostro Segretariato Generale. Rendiamo grazie al Signore.<\/p>\n<hr \/>\n<p>Caro Padre Antonio Cabrera, CR<br \/>\nSegretario generale.<\/p>\n<p>Ricevi un cordiale saluto nella gioia del Signore Risorto.<\/p>\n<p>In qualit\u00e0 di Segretario del Capitolo della Provincia dell&#8217;Immacolata e Sant&#8217;Alfonso, sono lieto di informarLa che, essendo stato convocato dal M.R.P. Salvador Rodea Gonz\u00e1lez CR, Superiore Generale, per procedere all&#8217;elezione canonica del Superiore Provinciale, alle ore 18:20 del 20 aprile 2022 nella nostra Casa Santuario Nuestra Se\u00f1ora del Casta\u00f1ar de B\u00e9jar, il <strong>M.R.P. Pablo Guerrero Pacheco, CR<\/strong> \u00e8 stato eletto nuovo Superiore Provinciale della nostra Provincia dei Chierici Regolari (Teatini) di Spagna e Colombia.<br \/>\nLe nostre preghiere affinch\u00e9 il Signore illumini e accompagni il vostro lavoro di Superiore provinciale.<\/p>\n<p>Un abbraccio fraterno.<\/p>\n<p>______<br \/>\n<strong>Francisco Javier Delgado Delgado, CR<\/strong><br \/>\nSegretario del Capitolo Provinciale<\/p>\n","protected":false},"excerpt":{"rendered":"<p>Cari fratelli, Condividiamo con voi la gioiosa notizia che P. Francisco Delgado, CR, Segretario del Capitolo Provinciale di Spagna, ha inviato al nostro Segretariato Generale. Rendiamo grazie al Signore. Caro Padre Antonio Cabrera, CR Segretario generale. Ricevi un cordiale saluto nella gioia del Signore Risorto. In qualit\u00e0 di Segretario del&hellip;<\/p>\n","protected":false},"author":5,"featured_media":8981,"comment_status":"closed","ping_status":"open","sticky":false,"template":"","format":"standard","meta":{"_acf_changed":false,"footnotes":"","_links_to":"","_links_to_target":""},"categories":[97],"tags":[],"class_list":["post-9430","post","type-post","status-publish","format-standard","has-post-thumbnail","hentry","category-notizie"],"acf":[],"yoast_head":"<!-- This site is optimized with the Yoast SEO plugin v23.5 - https:\/\/yoast.com\/wordpress\/plugins\/seo\/ -->\n<title>Nuovo Superiore Provinciale per Spagna-Colombia Provincia di San Alfonso e dell&#039;Immacolata - Teatinos<\/title>\n<meta name=\"robots\" content=\"index, follow, max-snippet:-1, max-image-preview:large, max-video-preview:-1\" \/>\n<link rel=\"canonical\" href=\"https:\/\/teatinos.org\/it\/nuovo-superiore-provinciale-per-spagna-colombia-provincia-di-san-alfonso-e-dellimmacolata\/\" \/>\n<meta property=\"og:locale\" content=\"it_IT\" \/>\n<meta property=\"og:type\" content=\"article\" \/>\n<meta property=\"og:title\" content=\"Nuovo Superiore Provinciale per Spagna-Colombia Provincia di San Alfonso e dell&#039;Immacolata - Teatinos\" \/>\n<meta property=\"og:description\" content=\"Cari fratelli, Condividiamo con voi la gioiosa notizia che P. Francisco Delgado, CR, Segretario del Capitolo Provinciale di Spagna, ha inviato al nostro Segretariato Generale. Rendiamo grazie al Signore. Caro Padre Antonio Cabrera, CR Segretario generale. Ricevi un cordiale saluto nella gioia del Signore Risorto. In qualit\u00e0 di Segretario del&hellip;\" \/>\n<meta property=\"og:url\" content=\"https:\/\/teatinos.org\/it\/nuovo-superiore-provinciale-per-spagna-colombia-provincia-di-san-alfonso-e-dellimmacolata\/\" \/>\n<meta property=\"og:site_name\" content=\"Teatinos\" \/>\n<meta property=\"article:published_time\" content=\"2022-04-21T00:14:56+00:00\" \/>\n<meta property=\"og:image\" content=\"https:\/\/teatinos.org\/wp-content\/uploads\/2022\/02\/PLACA-NOTICIAS-ESPANA.png\" \/>\n\t<meta property=\"og:image:width\" content=\"1080\" \/>\n\t<meta property=\"og:image:height\" content=\"1080\" \/>\n\t<meta property=\"og:image:type\" content=\"image\/png\" \/>\n<meta name=\"author\" content=\"Community Manager\" \/>\n<meta name=\"twitter:card\" content=\"summary_large_image\" \/>\n<meta name=\"twitter:label1\" content=\"Scritto da\" \/>\n\t<meta name=\"twitter:data1\" content=\"Community Manager\" \/>\n\t<meta name=\"twitter:label2\" content=\"Tempo di lettura stimato\" \/>\n\t<meta name=\"twitter:data2\" content=\"1 minuto\" \/>\n<script type=\"application\/ld+json\" class=\"yoast-schema-graph\">{\"@context\":\"https:\/\/schema.org\",\"@graph\":[{\"@type\":\"WebPage\",\"@id\":\"https:\/\/teatinos.org\/it\/nuovo-superiore-provinciale-per-spagna-colombia-provincia-di-san-alfonso-e-dellimmacolata\/\",\"url\":\"https:\/\/teatinos.org\/it\/nuovo-superiore-provinciale-per-spagna-colombia-provincia-di-san-alfonso-e-dellimmacolata\/\",\"name\":\"Nuovo Superiore Provinciale per Spagna-Colombia Provincia di San Alfonso e dell'Immacolata - Teatinos\",\"isPartOf\":{\"@id\":\"https:\/\/teatinos.org\/pt-br\/#website\"},\"primaryImageOfPage\":{\"@id\":\"https:\/\/teatinos.org\/it\/nuovo-superiore-provinciale-per-spagna-colombia-provincia-di-san-alfonso-e-dellimmacolata\/#primaryimage\"},\"image\":{\"@id\":\"https:\/\/teatinos.org\/it\/nuovo-superiore-provinciale-per-spagna-colombia-provincia-di-san-alfonso-e-dellimmacolata\/#primaryimage\"},\"thumbnailUrl\":\"https:\/\/teatinos.org\/wp-content\/uploads\/2022\/02\/PLACA-NOTICIAS-ESPANA.png\",\"datePublished\":\"2022-04-21T00:14:56+00:00\",\"dateModified\":\"2022-04-21T00:14:56+00:00\",\"author\":{\"@id\":\"https:\/\/teatinos.org\/pt-br\/#\/schema\/person\/10193cb8ac6f163661033cf7ce9006a5\"},\"breadcrumb\":{\"@id\":\"https:\/\/teatinos.org\/it\/nuovo-superiore-provinciale-per-spagna-colombia-provincia-di-san-alfonso-e-dellimmacolata\/#breadcrumb\"},\"inLanguage\":\"it-IT\",\"potentialAction\":[{\"@type\":\"ReadAction\",\"target\":[\"https:\/\/teatinos.org\/it\/nuovo-superiore-provinciale-per-spagna-colombia-provincia-di-san-alfonso-e-dellimmacolata\/\"]}]},{\"@type\":\"ImageObject\",\"inLanguage\":\"it-IT\",\"@id\":\"https:\/\/teatinos.org\/it\/nuovo-superiore-provinciale-per-spagna-colombia-provincia-di-san-alfonso-e-dellimmacolata\/#primaryimage\",\"url\":\"https:\/\/teatinos.org\/wp-content\/uploads\/2022\/02\/PLACA-NOTICIAS-ESPANA.png\",\"contentUrl\":\"https:\/\/teatinos.org\/wp-content\/uploads\/2022\/02\/PLACA-NOTICIAS-ESPANA.png\",\"width\":1080,\"height\":1080},{\"@type\":\"BreadcrumbList\",\"@id\":\"https:\/\/teatinos.org\/it\/nuovo-superiore-provinciale-per-spagna-colombia-provincia-di-san-alfonso-e-dellimmacolata\/#breadcrumb\",\"itemListElement\":[{\"@type\":\"ListItem\",\"position\":1,\"name\":\"Portada\",\"item\":\"https:\/\/teatinos.org\/it\/\"},{\"@type\":\"ListItem\",\"position\":2,\"name\":\"Nuovo Superiore Provinciale per Spagna-Colombia Provincia di San Alfonso e dell&#8217;Immacolata\"}]},{\"@type\":\"WebSite\",\"@id\":\"https:\/\/teatinos.org\/pt-br\/#website\",\"url\":\"https:\/\/teatinos.org\/pt-br\/\",\"name\":\"Teatinos\",\"description\":\"Orden de Cl\u00e9rigos Regulares\",\"potentialAction\":[{\"@type\":\"SearchAction\",\"target\":{\"@type\":\"EntryPoint\",\"urlTemplate\":\"https:\/\/teatinos.org\/pt-br\/?s={search_term_string}\"},\"query-input\":{\"@type\":\"PropertyValueSpecification\",\"valueRequired\":true,\"valueName\":\"search_term_string\"}}],\"inLanguage\":\"it-IT\"},{\"@type\":\"Person\",\"@id\":\"https:\/\/teatinos.org\/pt-br\/#\/schema\/person\/10193cb8ac6f163661033cf7ce9006a5\",\"name\":\"Community Manager\",\"url\":\"https:\/\/teatinos.org\/it\/author\/pascual\/\"}]}<\/script>\n<!-- \/ Yoast SEO plugin. -->","yoast_head_json":{"title":"Nuovo Superiore Provinciale per Spagna-Colombia Provincia di San Alfonso e dell'Immacolata - Teatinos","robots":{"index":"index","follow":"follow","max-snippet":"max-snippet:-1","max-image-preview":"max-image-preview:large","max-video-preview":"max-video-preview:-1"},"canonical":"https:\/\/teatinos.org\/it\/nuovo-superiore-provinciale-per-spagna-colombia-provincia-di-san-alfonso-e-dellimmacolata\/","og_locale":"it_IT","og_type":"article","og_title":"Nuovo Superiore Provinciale per Spagna-Colombia Provincia di San Alfonso e dell'Immacolata - Teatinos","og_description":"Cari fratelli, Condividiamo con voi la gioiosa notizia che P. Francisco Delgado, CR, Segretario del Capitolo Provinciale di Spagna, ha inviato al nostro Segretariato Generale. Rendiamo grazie al Signore. Caro Padre Antonio Cabrera, CR Segretario generale. Ricevi un cordiale saluto nella gioia del Signore Risorto. In qualit\u00e0 di Segretario del&hellip;","og_url":"https:\/\/teatinos.org\/it\/nuovo-superiore-provinciale-per-spagna-colombia-provincia-di-san-alfonso-e-dellimmacolata\/","og_site_name":"Teatinos","article_published_time":"2022-04-21T00:14:56+00:00","og_image":[{"width":1080,"height":1080,"url":"https:\/\/teatinos.org\/wp-content\/uploads\/2022\/02\/PLACA-NOTICIAS-ESPANA.png","type":"image\/png"}],"author":"Community Manager","twitter_card":"summary_large_image","twitter_misc":{"Scritto da":"Community Manager","Tempo di lettura stimato":"1 minuto"},"schema":{"@context":"https:\/\/schema.org","@graph":[{"@type":"WebPage","@id":"https:\/\/teatinos.org\/it\/nuovo-superiore-provinciale-per-spagna-colombia-provincia-di-san-alfonso-e-dellimmacolata\/","url":"https:\/\/teatinos.org\/it\/nuovo-superiore-provinciale-per-spagna-colombia-provincia-di-san-alfonso-e-dellimmacolata\/","name":"Nuovo Superiore Provinciale per Spagna-Colombia Provincia di San Alfonso e dell'Immacolata - Teatinos","isPartOf":{"@id":"https:\/\/teatinos.org\/pt-br\/#website"},"primaryImageOfPage":{"@id":"https:\/\/teatinos.org\/it\/nuovo-superiore-provinciale-per-spagna-colombia-provincia-di-san-alfonso-e-dellimmacolata\/#primaryimage"},"image":{"@id":"https:\/\/teatinos.org\/it\/nuovo-superiore-provinciale-per-spagna-colombia-provincia-di-san-alfonso-e-dellimmacolata\/#primaryimage"},"thumbnailUrl":"https:\/\/teatinos.org\/wp-content\/uploads\/2022\/02\/PLACA-NOTICIAS-ESPANA.png","datePublished":"2022-04-21T00:14:56+00:00","dateModified":"2022-04-21T00:14:56+00:00","author":{"@id":"https:\/\/teatinos.org\/pt-br\/#\/schema\/person\/10193cb8ac6f163661033cf7ce9006a5"},"breadcrumb":{"@id":"https:\/\/teatinos.org\/it\/nuovo-superiore-provinciale-per-spagna-colombia-provincia-di-san-alfonso-e-dellimmacolata\/#breadcrumb"},"inLanguage":"it-IT","potentialAction":[{"@type":"ReadAction","target":["https:\/\/teatinos.org\/it\/nuovo-superiore-provinciale-per-spagna-colombia-provincia-di-san-alfonso-e-dellimmacolata\/"]}]},{"@type":"ImageObject","inLanguage":"it-IT","@id":"https:\/\/teatinos.org\/it\/nuovo-superiore-provinciale-per-spagna-colombia-provincia-di-san-alfonso-e-dellimmacolata\/#primaryimage","url":"https:\/\/teatinos.org\/wp-content\/uploads\/2022\/02\/PLACA-NOTICIAS-ESPANA.png","contentUrl":"https:\/\/teatinos.org\/wp-content\/uploads\/2022\/02\/PLACA-NOTICIAS-ESPANA.png","width":1080,"height":1080},{"@type":"BreadcrumbList","@id":"https:\/\/teatinos.org\/it\/nuovo-superiore-provinciale-per-spagna-colombia-provincia-di-san-alfonso-e-dellimmacolata\/#breadcrumb","itemListElement":[{"@type":"ListItem","position":1,"name":"Portada","item":"https:\/\/teatinos.org\/it\/"},{"@type":"ListItem","position":2,"name":"Nuovo Superiore Provinciale per Spagna-Colombia Provincia di San Alfonso e dell&#8217;Immacolata"}]},{"@type":"WebSite","@id":"https:\/\/teatinos.org\/pt-br\/#website","url":"https:\/\/teatinos.org\/pt-br\/","name":"Teatinos","description":"Orden de Cl\u00e9rigos Regulares","potentialAction":[{"@type":"SearchAction","target":{"@type":"EntryPoint","urlTemplate":"https:\/\/teatinos.org\/pt-br\/?s={search_term_string}"},"query-input":{"@type":"PropertyValueSpecification","valueRequired":true,"valueName":"search_term_string"}}],"inLanguage":"it-IT"},{"@type":"Person","@id":"https:\/\/teatinos.org\/pt-br\/#\/schema\/person\/10193cb8ac6f163661033cf7ce9006a5","name":"Community Manager","url":"https:\/\/teatinos.org\/it\/author\/pascual\/"}]}},"rttpg_featured_image_url":{"full":["https:\/\/teatinos.org\/wp-content\/uploads\/2022\/02\/PLACA-NOTICIAS-ESPANA.png",1080,1080,false],"landscape":["https:\/\/teatinos.org\/wp-content\/uploads\/2022\/02\/PLACA-NOTICIAS-ESPANA.png",1080,1080,false],"portraits":["https:\/\/teatinos.org\/wp-content\/uploads\/2022\/02\/PLACA-NOTICIAS-ESPANA.png",1080,1080,false],"thumbnail":["https:\/\/teatinos.org\/wp-content\/uploads\/2022\/02\/PLACA-NOTICIAS-ESPANA-150x150.png",150,150,true],"medium":["https:\/\/teatinos.org\/wp-content\/uploads\/2022\/02\/PLACA-NOTICIAS-ESPANA-300x300.png",300,300,true],"large":["https:\/\/teatinos.org\/wp-content\/uploads\/2022\/02\/PLACA-NOTICIAS-ESPANA-1024x1024.png",1000,1000,true],"1536x1536":["https:\/\/teatinos.org\/wp-content\/uploads\/2022\/02\/PLACA-NOTICIAS-ESPANA.png",1080,1080,false],"2048x2048":["https:\/\/teatinos.org\/wp-content\/uploads\/2022\/02\/PLACA-NOTICIAS-ESPANA.png",1080,1080,false]},"rttpg_author":{"display_name":"Community Manager","author_link":"https:\/\/teatinos.org\/it\/author\/pascual\/"},"rttpg_comment":0,"rttpg_category":"<a href=\"https:\/\/teatinos.org\/it\/category\/notizie\/\" rel=\"category tag\">Notizie<\/a>","rttpg_excerpt":"Cari fratelli, Condividiamo con voi la gioiosa notizia che P. Francisco Delgado, CR, Segretario del Capitolo Provinciale di Spagna, ha inviato al nostro Segretariato Generale. Rendiamo grazie al Signore. Caro Padre Antonio Cabrera, CR Segretario generale. Ricevi un cordiale saluto nella gioia del Signore Risorto. In qualit\u00e0 di Segretario del&hellip;","_links":{"self":[{"href":"https:\/\/teatinos.org\/it\/wp-json\/wp\/v2\/posts\/9430","targetHints":{"allow":["GET"]}}],"collection":[{"href":"https:\/\/teatinos.org\/it\/wp-json\/wp\/v2\/posts"}],"about":[{"href":"https:\/\/teatinos.org\/it\/wp-json\/wp\/v2\/types\/post"}],"author":[{"embeddable":true,"href":"https:\/\/teatinos.org\/it\/wp-json\/wp\/v2\/users\/5"}],"replies":[{"embeddable":true,"href":"https:\/\/teatinos.org\/it\/wp-json\/wp\/v2\/comments?post=9430"}],"version-history":[{"count":1,"href":"https:\/\/teatinos.org\/it\/wp-json\/wp\/v2\/posts\/9430\/revisions"}],"predecessor-version":[{"id":9431,"href":"https:\/\/teatinos.org\/it\/wp-json\/wp\/v2\/posts\/9430\/revisions\/9431"}],"wp:featuredmedia":[{"embeddable":true,"href":"https:\/\/teatinos.org\/it\/wp-json\/wp\/v2\/media\/8981"}],"wp:attachment":[{"href":"https:\/\/teatinos.org\/it\/wp-json\/wp\/v2\/media?parent=9430"}],"wp:term":[{"taxonomy":"category","embeddable":true,"href":"https:\/\/teatinos.org\/it\/wp-json\/wp\/v2\/categories?post=9430"},{"taxonomy":"post_tag","embeddable":true,"href":"https:\/\/teatinos.org\/it\/wp-json\/wp\/v2\/tags?post=9430"}],"curies":[{"name":"wp","href":"https:\/\/api.w.org\/{rel}","templated":true}]}}