{"id":9418,"date":"2022-04-19T23:55:22","date_gmt":"2022-04-19T23:55:22","guid":{"rendered":"http:\/\/teatinos.org\/comienza-el-capitulo-provincial-de-espana-provincia-de-san-alfonso-y-la-inmaculada\/"},"modified":"2022-04-19T23:57:45","modified_gmt":"2022-04-19T23:57:45","slug":"comienza-el-capitulo-provincial-de-espana-provincia-de-san-alfonso-y-la-inmaculada","status":"publish","type":"post","link":"https:\/\/teatinos.org\/it\/comienza-el-capitulo-provincial-de-espana-provincia-de-san-alfonso-y-la-inmaculada\/","title":{"rendered":"Inizia il Capitolo Provinciale dalla Provincia di San Alfonso e dell&#8217;Immacolata di Spagna-Colombia"},"content":{"rendered":"<p>Cari fratelli,<\/p>\n<p>In questo tempo di Pasqua, tempo di gioia e di attesa dello Spirito, vi chiediamo una fiduciosa preghiera nella Divina Provvidenza e per intercessione dei Nostri santi e beati, per il Capitolo provinciale dei nostri fratelli in Spagna: San Gaetano, Sant&#8217;Andrea Avellino San Giuseppe Mar\u00eda Tomasi, Beato Paolo Burali, Venerabile Vicenzo Mar\u00eda Moreli, prega per noi. Amen.<\/p>\n<p><a href=\"http:\/\/teatinos.org\/wp-content\/uploads\/2022\/04\/Capitulo-Espana-2022-scaled.jpg\"><img loading=\"lazy\" decoding=\"async\" class=\"alignnone size-full wp-image-9410\" src=\"http:\/\/teatinos.org\/wp-content\/uploads\/2022\/04\/Capitulo-Espana-2022-scaled.jpg\" alt=\"\" width=\"2560\" height=\"1920\" \/><\/a><\/p>\n<p>Ieri, 18 aprile 2022, \u00e8 iniziato il Capitolo provinciale dei nostri fratelli Teatini della Provincia di San Alfonso e dell&#8217;Immacolata di Spagna-Colombia.<br \/>\nL&#8217;Eucaristia dello Spirito Santo, presieduta dal nostro Superiore Generale, Rvdmo. P. Salvador Rodea Gonz\u00e1lez, C.R., \u00e8 stato concelebrato dai Padri Capitolari nel Santuario di Nostra Signora di Casta\u00f1ar, B\u00e9jar-Salamanca.<br \/>\nA Lei, Madre della Chiesa, Vergine della Purezza, affidiamo l&#8217;opera capitolare dei nostri fratelli.<\/p>\n","protected":false},"excerpt":{"rendered":"<p>Cari fratelli, In questo tempo di Pasqua, tempo di gioia e di attesa dello Spirito, vi chiediamo una fiduciosa preghiera nella Divina Provvidenza e per intercessione dei Nostri santi e beati, per il Capitolo provinciale dei nostri fratelli in Spagna: San Gaetano, Sant&#8217;Andrea Avellino San Giuseppe Mar\u00eda Tomasi, Beato Paolo&hellip;<\/p>\n","protected":false},"author":5,"featured_media":8981,"comment_status":"closed","ping_status":"open","sticky":false,"template":"","format":"standard","meta":{"_acf_changed":false,"footnotes":"","_links_to":"","_links_to_target":""},"categories":[97],"tags":[],"class_list":["post-9418","post","type-post","status-publish","format-standard","has-post-thumbnail","hentry","category-notizie"],"acf":[],"yoast_head":"<!-- This site is optimized with the Yoast SEO plugin v23.5 - https:\/\/yoast.com\/wordpress\/plugins\/seo\/ -->\n<title>Inizia il Capitolo Provinciale dalla Provincia di San Alfonso e dell&#039;Immacolata di Spagna-Colombia - Teatinos<\/title>\n<meta name=\"robots\" content=\"index, follow, max-snippet:-1, max-image-preview:large, max-video-preview:-1\" \/>\n<link rel=\"canonical\" href=\"https:\/\/teatinos.org\/it\/comienza-el-capitulo-provincial-de-espana-provincia-de-san-alfonso-y-la-inmaculada\/\" \/>\n<meta property=\"og:locale\" content=\"it_IT\" \/>\n<meta property=\"og:type\" content=\"article\" \/>\n<meta property=\"og:title\" content=\"Inizia il Capitolo Provinciale dalla Provincia di San Alfonso e dell&#039;Immacolata di Spagna-Colombia - Teatinos\" \/>\n<meta property=\"og:description\" content=\"Cari fratelli, In questo tempo di Pasqua, tempo di gioia e di attesa dello Spirito, vi chiediamo una fiduciosa preghiera nella Divina Provvidenza e per intercessione dei Nostri santi e beati, per il Capitolo provinciale dei nostri fratelli in Spagna: San Gaetano, Sant&#8217;Andrea Avellino San Giuseppe Mar\u00eda Tomasi, Beato Paolo&hellip;\" \/>\n<meta property=\"og:url\" content=\"https:\/\/teatinos.org\/it\/comienza-el-capitulo-provincial-de-espana-provincia-de-san-alfonso-y-la-inmaculada\/\" \/>\n<meta property=\"og:site_name\" content=\"Teatinos\" \/>\n<meta property=\"article:published_time\" content=\"2022-04-19T23:55:22+00:00\" \/>\n<meta property=\"article:modified_time\" content=\"2022-04-19T23:57:45+00:00\" \/>\n<meta property=\"og:image\" content=\"https:\/\/teatinos.org\/wp-content\/uploads\/2022\/02\/PLACA-NOTICIAS-ESPANA.png\" \/>\n\t<meta property=\"og:image:width\" content=\"1080\" \/>\n\t<meta property=\"og:image:height\" content=\"1080\" \/>\n\t<meta property=\"og:image:type\" content=\"image\/png\" \/>\n<meta name=\"author\" content=\"Community Manager\" \/>\n<meta name=\"twitter:card\" content=\"summary_large_image\" \/>\n<meta name=\"twitter:label1\" content=\"Scritto da\" \/>\n\t<meta name=\"twitter:data1\" content=\"Community Manager\" \/>\n\t<meta name=\"twitter:label2\" content=\"Tempo di lettura stimato\" \/>\n\t<meta name=\"twitter:data2\" content=\"1 minuto\" \/>\n<script type=\"application\/ld+json\" class=\"yoast-schema-graph\">{\"@context\":\"https:\/\/schema.org\",\"@graph\":[{\"@type\":\"WebPage\",\"@id\":\"https:\/\/teatinos.org\/it\/comienza-el-capitulo-provincial-de-espana-provincia-de-san-alfonso-y-la-inmaculada\/\",\"url\":\"https:\/\/teatinos.org\/it\/comienza-el-capitulo-provincial-de-espana-provincia-de-san-alfonso-y-la-inmaculada\/\",\"name\":\"Inizia il Capitolo Provinciale dalla Provincia di San Alfonso e dell'Immacolata di Spagna-Colombia - Teatinos\",\"isPartOf\":{\"@id\":\"https:\/\/teatinos.org\/pt-br\/#website\"},\"primaryImageOfPage\":{\"@id\":\"https:\/\/teatinos.org\/it\/comienza-el-capitulo-provincial-de-espana-provincia-de-san-alfonso-y-la-inmaculada\/#primaryimage\"},\"image\":{\"@id\":\"https:\/\/teatinos.org\/it\/comienza-el-capitulo-provincial-de-espana-provincia-de-san-alfonso-y-la-inmaculada\/#primaryimage\"},\"thumbnailUrl\":\"https:\/\/teatinos.org\/wp-content\/uploads\/2022\/02\/PLACA-NOTICIAS-ESPANA.png\",\"datePublished\":\"2022-04-19T23:55:22+00:00\",\"dateModified\":\"2022-04-19T23:57:45+00:00\",\"author\":{\"@id\":\"https:\/\/teatinos.org\/pt-br\/#\/schema\/person\/10193cb8ac6f163661033cf7ce9006a5\"},\"breadcrumb\":{\"@id\":\"https:\/\/teatinos.org\/it\/comienza-el-capitulo-provincial-de-espana-provincia-de-san-alfonso-y-la-inmaculada\/#breadcrumb\"},\"inLanguage\":\"it-IT\",\"potentialAction\":[{\"@type\":\"ReadAction\",\"target\":[\"https:\/\/teatinos.org\/it\/comienza-el-capitulo-provincial-de-espana-provincia-de-san-alfonso-y-la-inmaculada\/\"]}]},{\"@type\":\"ImageObject\",\"inLanguage\":\"it-IT\",\"@id\":\"https:\/\/teatinos.org\/it\/comienza-el-capitulo-provincial-de-espana-provincia-de-san-alfonso-y-la-inmaculada\/#primaryimage\",\"url\":\"https:\/\/teatinos.org\/wp-content\/uploads\/2022\/02\/PLACA-NOTICIAS-ESPANA.png\",\"contentUrl\":\"https:\/\/teatinos.org\/wp-content\/uploads\/2022\/02\/PLACA-NOTICIAS-ESPANA.png\",\"width\":1080,\"height\":1080},{\"@type\":\"BreadcrumbList\",\"@id\":\"https:\/\/teatinos.org\/it\/comienza-el-capitulo-provincial-de-espana-provincia-de-san-alfonso-y-la-inmaculada\/#breadcrumb\",\"itemListElement\":[{\"@type\":\"ListItem\",\"position\":1,\"name\":\"Portada\",\"item\":\"https:\/\/teatinos.org\/it\/\"},{\"@type\":\"ListItem\",\"position\":2,\"name\":\"Inizia il Capitolo Provinciale dalla Provincia di San Alfonso e dell&#8217;Immacolata di Spagna-Colombia\"}]},{\"@type\":\"WebSite\",\"@id\":\"https:\/\/teatinos.org\/pt-br\/#website\",\"url\":\"https:\/\/teatinos.org\/pt-br\/\",\"name\":\"Teatinos\",\"description\":\"Orden de Cl\u00e9rigos Regulares\",\"potentialAction\":[{\"@type\":\"SearchAction\",\"target\":{\"@type\":\"EntryPoint\",\"urlTemplate\":\"https:\/\/teatinos.org\/pt-br\/?s={search_term_string}\"},\"query-input\":{\"@type\":\"PropertyValueSpecification\",\"valueRequired\":true,\"valueName\":\"search_term_string\"}}],\"inLanguage\":\"it-IT\"},{\"@type\":\"Person\",\"@id\":\"https:\/\/teatinos.org\/pt-br\/#\/schema\/person\/10193cb8ac6f163661033cf7ce9006a5\",\"name\":\"Community Manager\",\"url\":\"https:\/\/teatinos.org\/it\/author\/pascual\/\"}]}<\/script>\n<!-- \/ Yoast SEO plugin. -->","yoast_head_json":{"title":"Inizia il Capitolo Provinciale dalla Provincia di San Alfonso e dell'Immacolata di Spagna-Colombia - Teatinos","robots":{"index":"index","follow":"follow","max-snippet":"max-snippet:-1","max-image-preview":"max-image-preview:large","max-video-preview":"max-video-preview:-1"},"canonical":"https:\/\/teatinos.org\/it\/comienza-el-capitulo-provincial-de-espana-provincia-de-san-alfonso-y-la-inmaculada\/","og_locale":"it_IT","og_type":"article","og_title":"Inizia il Capitolo Provinciale dalla Provincia di San Alfonso e dell'Immacolata di Spagna-Colombia - Teatinos","og_description":"Cari fratelli, In questo tempo di Pasqua, tempo di gioia e di attesa dello Spirito, vi chiediamo una fiduciosa preghiera nella Divina Provvidenza e per intercessione dei Nostri santi e beati, per il Capitolo provinciale dei nostri fratelli in Spagna: San Gaetano, Sant&#8217;Andrea Avellino San Giuseppe Mar\u00eda Tomasi, Beato Paolo&hellip;","og_url":"https:\/\/teatinos.org\/it\/comienza-el-capitulo-provincial-de-espana-provincia-de-san-alfonso-y-la-inmaculada\/","og_site_name":"Teatinos","article_published_time":"2022-04-19T23:55:22+00:00","article_modified_time":"2022-04-19T23:57:45+00:00","og_image":[{"width":1080,"height":1080,"url":"https:\/\/teatinos.org\/wp-content\/uploads\/2022\/02\/PLACA-NOTICIAS-ESPANA.png","type":"image\/png"}],"author":"Community Manager","twitter_card":"summary_large_image","twitter_misc":{"Scritto da":"Community Manager","Tempo di lettura stimato":"1 minuto"},"schema":{"@context":"https:\/\/schema.org","@graph":[{"@type":"WebPage","@id":"https:\/\/teatinos.org\/it\/comienza-el-capitulo-provincial-de-espana-provincia-de-san-alfonso-y-la-inmaculada\/","url":"https:\/\/teatinos.org\/it\/comienza-el-capitulo-provincial-de-espana-provincia-de-san-alfonso-y-la-inmaculada\/","name":"Inizia il Capitolo Provinciale dalla Provincia di San Alfonso e dell'Immacolata di Spagna-Colombia - Teatinos","isPartOf":{"@id":"https:\/\/teatinos.org\/pt-br\/#website"},"primaryImageOfPage":{"@id":"https:\/\/teatinos.org\/it\/comienza-el-capitulo-provincial-de-espana-provincia-de-san-alfonso-y-la-inmaculada\/#primaryimage"},"image":{"@id":"https:\/\/teatinos.org\/it\/comienza-el-capitulo-provincial-de-espana-provincia-de-san-alfonso-y-la-inmaculada\/#primaryimage"},"thumbnailUrl":"https:\/\/teatinos.org\/wp-content\/uploads\/2022\/02\/PLACA-NOTICIAS-ESPANA.png","datePublished":"2022-04-19T23:55:22+00:00","dateModified":"2022-04-19T23:57:45+00:00","author":{"@id":"https:\/\/teatinos.org\/pt-br\/#\/schema\/person\/10193cb8ac6f163661033cf7ce9006a5"},"breadcrumb":{"@id":"https:\/\/teatinos.org\/it\/comienza-el-capitulo-provincial-de-espana-provincia-de-san-alfonso-y-la-inmaculada\/#breadcrumb"},"inLanguage":"it-IT","potentialAction":[{"@type":"ReadAction","target":["https:\/\/teatinos.org\/it\/comienza-el-capitulo-provincial-de-espana-provincia-de-san-alfonso-y-la-inmaculada\/"]}]},{"@type":"ImageObject","inLanguage":"it-IT","@id":"https:\/\/teatinos.org\/it\/comienza-el-capitulo-provincial-de-espana-provincia-de-san-alfonso-y-la-inmaculada\/#primaryimage","url":"https:\/\/teatinos.org\/wp-content\/uploads\/2022\/02\/PLACA-NOTICIAS-ESPANA.png","contentUrl":"https:\/\/teatinos.org\/wp-content\/uploads\/2022\/02\/PLACA-NOTICIAS-ESPANA.png","width":1080,"height":1080},{"@type":"BreadcrumbList","@id":"https:\/\/teatinos.org\/it\/comienza-el-capitulo-provincial-de-espana-provincia-de-san-alfonso-y-la-inmaculada\/#breadcrumb","itemListElement":[{"@type":"ListItem","position":1,"name":"Portada","item":"https:\/\/teatinos.org\/it\/"},{"@type":"ListItem","position":2,"name":"Inizia il Capitolo Provinciale dalla Provincia di San Alfonso e dell&#8217;Immacolata di Spagna-Colombia"}]},{"@type":"WebSite","@id":"https:\/\/teatinos.org\/pt-br\/#website","url":"https:\/\/teatinos.org\/pt-br\/","name":"Teatinos","description":"Orden de Cl\u00e9rigos Regulares","potentialAction":[{"@type":"SearchAction","target":{"@type":"EntryPoint","urlTemplate":"https:\/\/teatinos.org\/pt-br\/?s={search_term_string}"},"query-input":{"@type":"PropertyValueSpecification","valueRequired":true,"valueName":"search_term_string"}}],"inLanguage":"it-IT"},{"@type":"Person","@id":"https:\/\/teatinos.org\/pt-br\/#\/schema\/person\/10193cb8ac6f163661033cf7ce9006a5","name":"Community Manager","url":"https:\/\/teatinos.org\/it\/author\/pascual\/"}]}},"rttpg_featured_image_url":{"full":["https:\/\/teatinos.org\/wp-content\/uploads\/2022\/02\/PLACA-NOTICIAS-ESPANA.png",1080,1080,false],"landscape":["https:\/\/teatinos.org\/wp-content\/uploads\/2022\/02\/PLACA-NOTICIAS-ESPANA.png",1080,1080,false],"portraits":["https:\/\/teatinos.org\/wp-content\/uploads\/2022\/02\/PLACA-NOTICIAS-ESPANA.png",1080,1080,false],"thumbnail":["https:\/\/teatinos.org\/wp-content\/uploads\/2022\/02\/PLACA-NOTICIAS-ESPANA-150x150.png",150,150,true],"medium":["https:\/\/teatinos.org\/wp-content\/uploads\/2022\/02\/PLACA-NOTICIAS-ESPANA-300x300.png",300,300,true],"large":["https:\/\/teatinos.org\/wp-content\/uploads\/2022\/02\/PLACA-NOTICIAS-ESPANA-1024x1024.png",1000,1000,true],"1536x1536":["https:\/\/teatinos.org\/wp-content\/uploads\/2022\/02\/PLACA-NOTICIAS-ESPANA.png",1080,1080,false],"2048x2048":["https:\/\/teatinos.org\/wp-content\/uploads\/2022\/02\/PLACA-NOTICIAS-ESPANA.png",1080,1080,false]},"rttpg_author":{"display_name":"Community Manager","author_link":"https:\/\/teatinos.org\/it\/author\/pascual\/"},"rttpg_comment":0,"rttpg_category":"<a href=\"https:\/\/teatinos.org\/it\/category\/notizie\/\" rel=\"category tag\">Notizie<\/a>","rttpg_excerpt":"Cari fratelli, In questo tempo di Pasqua, tempo di gioia e di attesa dello Spirito, vi chiediamo una fiduciosa preghiera nella Divina Provvidenza e per intercessione dei Nostri santi e beati, per il Capitolo provinciale dei nostri fratelli in Spagna: San Gaetano, Sant&#8217;Andrea Avellino San Giuseppe Mar\u00eda Tomasi, Beato Paolo&hellip;","_links":{"self":[{"href":"https:\/\/teatinos.org\/it\/wp-json\/wp\/v2\/posts\/9418","targetHints":{"allow":["GET"]}}],"collection":[{"href":"https:\/\/teatinos.org\/it\/wp-json\/wp\/v2\/posts"}],"about":[{"href":"https:\/\/teatinos.org\/it\/wp-json\/wp\/v2\/types\/post"}],"author":[{"embeddable":true,"href":"https:\/\/teatinos.org\/it\/wp-json\/wp\/v2\/users\/5"}],"replies":[{"embeddable":true,"href":"https:\/\/teatinos.org\/it\/wp-json\/wp\/v2\/comments?post=9418"}],"version-history":[{"count":2,"href":"https:\/\/teatinos.org\/it\/wp-json\/wp\/v2\/posts\/9418\/revisions"}],"predecessor-version":[{"id":9421,"href":"https:\/\/teatinos.org\/it\/wp-json\/wp\/v2\/posts\/9418\/revisions\/9421"}],"wp:featuredmedia":[{"embeddable":true,"href":"https:\/\/teatinos.org\/it\/wp-json\/wp\/v2\/media\/8981"}],"wp:attachment":[{"href":"https:\/\/teatinos.org\/it\/wp-json\/wp\/v2\/media?parent=9418"}],"wp:term":[{"taxonomy":"category","embeddable":true,"href":"https:\/\/teatinos.org\/it\/wp-json\/wp\/v2\/categories?post=9418"},{"taxonomy":"post_tag","embeddable":true,"href":"https:\/\/teatinos.org\/it\/wp-json\/wp\/v2\/tags?post=9418"}],"curies":[{"name":"wp","href":"https:\/\/api.w.org\/{rel}","templated":true}]}}