{"id":8467,"date":"2022-01-03T00:59:51","date_gmt":"2022-01-03T00:59:51","guid":{"rendered":"http:\/\/teatinos.org\/?p=8467"},"modified":"2022-01-03T00:59:51","modified_gmt":"2022-01-03T00:59:51","slug":"morte-di-p-antonio-domenech-c-r","status":"publish","type":"post","link":"https:\/\/teatinos.org\/it\/morte-di-p-antonio-domenech-c-r\/","title":{"rendered":"Morte di P. Antonio Dom\u00e9nech, C.R."},"content":{"rendered":"<h3 style=\"text-align: center;\">Morte<br \/>\ndi P. Antonio Dom\u00e9nech, C.R.<\/h3>\n<p>Comunicazione fatta dal Segretario Provinciale dei Chierici Regolari Teatini di Spagna, R.P. Francisco Javier Delgado Delgado, CR, il 2 gennaio 2022.<\/p>\n<p>Cari Padri,<br \/>\nAncora una volta vi scrivo per informarvi che questo pomeriggio il nostro caro P. Antonio Mar\u00eda Dom\u00e9nech Font, C.R. \u00e8 partito per la Casa del Padre.<br \/>\nUniamoci nella preghiera per la sua Pasqua Eterna e per il conforto e la forza in Cristo Risorto per la nostra Comunit\u00e0, la sua famiglia e i suoi amici.<\/p>\n<p>Quando tutto sar\u00e0 stato organizzato, vi daremo maggiori informazioni sul funerale e sulla sepoltura.<\/p>\n<p>In allegato, un piccolo profilo della sua vita.<\/p>\n<p>Uniti nella preghiera.<br \/>\n&#8212;&#8212;&#8212;&#8212;&#8211;<br \/>\n<strong>Breve schizzo della vita di P. Antonio Mar\u00eda Dom\u00e9nech Font, C.R.<\/strong><br \/>\nPadre Antonio Mar\u00eda Dom\u00e9nech Font, C.R. figlio del sig. Jos\u00e9 e la signora Mar\u00eda sono nati a Cambrils (Tarragona) l&#8217;8 maggio 1940.<br \/>\nHa iniziato il noviziato il 13 settembre 1992 nella Casa di Nostra Signora di Casta\u00f1ar de B\u00e9jar (Salamanca) e, in questa stessa Casa, il 16 ottobre 1993 ha emesso la Prima Professione Religiosa. Nel novembre 1994 \u00e8 stato assegnato alla Casa di San Alfonso de Felanitx (Maiorca). Poi, nell&#8217;agosto 1996, \u00e8 stato assegnato alla Casa de San Gaetano a Madrid. Il 29 novembre 1998 \u00e8 stato ordinato diacono permanente nella Casa di Morlupo (Italia). Il 30 settembre 2000 ha ricevuto il Sacramento del Presbiterio nella Parrocchia Vergine della Provvidenza e San Gaetano a Madrid.<br \/>\nDopo l&#8217;ordinazione sacerdotale, fu assegnato alla Casa di San Alberto Magno a Cali (Colombia) per esercitare il suo ministero sacerdotale e collaborare alla grande attivit\u00e0 pastorale e sociale che la Comunit\u00e0 aveva iniziato a svolgere in questa citt\u00e0. L\u00ec rimase fino al 2019, anno in cui dovette trasferirsi alla Casa de San Gaetano di Madrid per problemi di salute.<\/p>\n<p>Francisco Javier Delgado Delgado, C.R.<br \/>\nSegretario Provinciale<\/p>\n<hr \/>\n<p><a href=\"http:\/\/teatinos.org\/wp-content\/uploads\/2022\/01\/P.-Antonio-Maria-Domenech-Font-C.R.-.jpg\"><img loading=\"lazy\" decoding=\"async\" class=\"alignnone size-full wp-image-8459\" src=\"http:\/\/teatinos.org\/wp-content\/uploads\/2022\/01\/P.-Antonio-Maria-Domenech-Font-C.R.-.jpg\" alt=\"\" width=\"960\" height=\"640\" \/><\/a><\/p>\n","protected":false},"excerpt":{"rendered":"<p>Morte di P. Antonio Dom\u00e9nech, C.R. Comunicazione fatta dal Segretario Provinciale dei Chierici Regolari Teatini di Spagna, R.P. Francisco Javier Delgado Delgado, CR, il 2 gennaio 2022. Cari Padri, Ancora una volta vi scrivo per informarvi che questo pomeriggio il nostro caro P. Antonio Mar\u00eda Dom\u00e9nech Font, C.R. \u00e8 partito&hellip;<\/p>\n","protected":false},"author":5,"featured_media":8464,"comment_status":"closed","ping_status":"open","sticky":false,"template":"","format":"standard","meta":{"_acf_changed":false,"footnotes":"","_links_to":"","_links_to_target":""},"categories":[97],"tags":[],"class_list":["post-8467","post","type-post","status-publish","format-standard","has-post-thumbnail","hentry","category-notizie"],"acf":[],"yoast_head":"<!-- This site is optimized with the Yoast SEO plugin v23.5 - https:\/\/yoast.com\/wordpress\/plugins\/seo\/ -->\n<title>Morte di P. Antonio Dom\u00e9nech, C.R. - Teatinos<\/title>\n<meta name=\"robots\" content=\"index, follow, max-snippet:-1, max-image-preview:large, max-video-preview:-1\" \/>\n<link rel=\"canonical\" href=\"https:\/\/teatinos.org\/it\/morte-di-p-antonio-domenech-c-r\/\" \/>\n<meta property=\"og:locale\" content=\"it_IT\" \/>\n<meta property=\"og:type\" content=\"article\" \/>\n<meta property=\"og:title\" content=\"Morte di P. Antonio Dom\u00e9nech, C.R. - Teatinos\" \/>\n<meta property=\"og:description\" content=\"Morte di P. Antonio Dom\u00e9nech, C.R. Comunicazione fatta dal Segretario Provinciale dei Chierici Regolari Teatini di Spagna, R.P. Francisco Javier Delgado Delgado, CR, il 2 gennaio 2022. Cari Padri, Ancora una volta vi scrivo per informarvi che questo pomeriggio il nostro caro P. Antonio Mar\u00eda Dom\u00e9nech Font, C.R. \u00e8 partito&hellip;\" \/>\n<meta property=\"og:url\" content=\"https:\/\/teatinos.org\/it\/morte-di-p-antonio-domenech-c-r\/\" \/>\n<meta property=\"og:site_name\" content=\"Teatinos\" \/>\n<meta property=\"article:published_time\" content=\"2022-01-03T00:59:51+00:00\" \/>\n<meta property=\"og:image\" content=\"https:\/\/teatinos.org\/wp-content\/uploads\/2022\/01\/P.-Antonio-Maria-Domenech-Font-C.R.-2022.png\" \/>\n\t<meta property=\"og:image:width\" content=\"1080\" \/>\n\t<meta property=\"og:image:height\" content=\"1080\" \/>\n\t<meta property=\"og:image:type\" content=\"image\/png\" \/>\n<meta name=\"author\" content=\"Community Manager\" \/>\n<meta name=\"twitter:card\" content=\"summary_large_image\" \/>\n<meta name=\"twitter:label1\" content=\"Scritto da\" \/>\n\t<meta name=\"twitter:data1\" content=\"Community Manager\" \/>\n\t<meta name=\"twitter:label2\" content=\"Tempo di lettura stimato\" \/>\n\t<meta name=\"twitter:data2\" content=\"2 minuti\" \/>\n<script type=\"application\/ld+json\" class=\"yoast-schema-graph\">{\"@context\":\"https:\/\/schema.org\",\"@graph\":[{\"@type\":\"WebPage\",\"@id\":\"https:\/\/teatinos.org\/it\/morte-di-p-antonio-domenech-c-r\/\",\"url\":\"https:\/\/teatinos.org\/it\/morte-di-p-antonio-domenech-c-r\/\",\"name\":\"Morte di P. Antonio Dom\u00e9nech, C.R. - Teatinos\",\"isPartOf\":{\"@id\":\"https:\/\/teatinos.org\/pt-br\/#website\"},\"primaryImageOfPage\":{\"@id\":\"https:\/\/teatinos.org\/it\/morte-di-p-antonio-domenech-c-r\/#primaryimage\"},\"image\":{\"@id\":\"https:\/\/teatinos.org\/it\/morte-di-p-antonio-domenech-c-r\/#primaryimage\"},\"thumbnailUrl\":\"https:\/\/teatinos.org\/wp-content\/uploads\/2022\/01\/P.-Antonio-Maria-Domenech-Font-C.R.-2022.png\",\"datePublished\":\"2022-01-03T00:59:51+00:00\",\"dateModified\":\"2022-01-03T00:59:51+00:00\",\"author\":{\"@id\":\"https:\/\/teatinos.org\/pt-br\/#\/schema\/person\/10193cb8ac6f163661033cf7ce9006a5\"},\"breadcrumb\":{\"@id\":\"https:\/\/teatinos.org\/it\/morte-di-p-antonio-domenech-c-r\/#breadcrumb\"},\"inLanguage\":\"it-IT\",\"potentialAction\":[{\"@type\":\"ReadAction\",\"target\":[\"https:\/\/teatinos.org\/it\/morte-di-p-antonio-domenech-c-r\/\"]}]},{\"@type\":\"ImageObject\",\"inLanguage\":\"it-IT\",\"@id\":\"https:\/\/teatinos.org\/it\/morte-di-p-antonio-domenech-c-r\/#primaryimage\",\"url\":\"https:\/\/teatinos.org\/wp-content\/uploads\/2022\/01\/P.-Antonio-Maria-Domenech-Font-C.R.-2022.png\",\"contentUrl\":\"https:\/\/teatinos.org\/wp-content\/uploads\/2022\/01\/P.-Antonio-Maria-Domenech-Font-C.R.-2022.png\",\"width\":1080,\"height\":1080},{\"@type\":\"BreadcrumbList\",\"@id\":\"https:\/\/teatinos.org\/it\/morte-di-p-antonio-domenech-c-r\/#breadcrumb\",\"itemListElement\":[{\"@type\":\"ListItem\",\"position\":1,\"name\":\"Portada\",\"item\":\"https:\/\/teatinos.org\/it\/\"},{\"@type\":\"ListItem\",\"position\":2,\"name\":\"Morte di P. Antonio Dom\u00e9nech, C.R.\"}]},{\"@type\":\"WebSite\",\"@id\":\"https:\/\/teatinos.org\/pt-br\/#website\",\"url\":\"https:\/\/teatinos.org\/pt-br\/\",\"name\":\"Teatinos\",\"description\":\"Orden de Cl\u00e9rigos Regulares\",\"potentialAction\":[{\"@type\":\"SearchAction\",\"target\":{\"@type\":\"EntryPoint\",\"urlTemplate\":\"https:\/\/teatinos.org\/pt-br\/?s={search_term_string}\"},\"query-input\":{\"@type\":\"PropertyValueSpecification\",\"valueRequired\":true,\"valueName\":\"search_term_string\"}}],\"inLanguage\":\"it-IT\"},{\"@type\":\"Person\",\"@id\":\"https:\/\/teatinos.org\/pt-br\/#\/schema\/person\/10193cb8ac6f163661033cf7ce9006a5\",\"name\":\"Community Manager\",\"url\":\"https:\/\/teatinos.org\/it\/author\/pascual\/\"}]}<\/script>\n<!-- \/ Yoast SEO plugin. -->","yoast_head_json":{"title":"Morte di P. Antonio Dom\u00e9nech, C.R. - Teatinos","robots":{"index":"index","follow":"follow","max-snippet":"max-snippet:-1","max-image-preview":"max-image-preview:large","max-video-preview":"max-video-preview:-1"},"canonical":"https:\/\/teatinos.org\/it\/morte-di-p-antonio-domenech-c-r\/","og_locale":"it_IT","og_type":"article","og_title":"Morte di P. Antonio Dom\u00e9nech, C.R. - Teatinos","og_description":"Morte di P. Antonio Dom\u00e9nech, C.R. Comunicazione fatta dal Segretario Provinciale dei Chierici Regolari Teatini di Spagna, R.P. Francisco Javier Delgado Delgado, CR, il 2 gennaio 2022. Cari Padri, Ancora una volta vi scrivo per informarvi che questo pomeriggio il nostro caro P. Antonio Mar\u00eda Dom\u00e9nech Font, C.R. \u00e8 partito&hellip;","og_url":"https:\/\/teatinos.org\/it\/morte-di-p-antonio-domenech-c-r\/","og_site_name":"Teatinos","article_published_time":"2022-01-03T00:59:51+00:00","og_image":[{"width":1080,"height":1080,"url":"https:\/\/teatinos.org\/wp-content\/uploads\/2022\/01\/P.-Antonio-Maria-Domenech-Font-C.R.-2022.png","type":"image\/png"}],"author":"Community Manager","twitter_card":"summary_large_image","twitter_misc":{"Scritto da":"Community Manager","Tempo di lettura stimato":"2 minuti"},"schema":{"@context":"https:\/\/schema.org","@graph":[{"@type":"WebPage","@id":"https:\/\/teatinos.org\/it\/morte-di-p-antonio-domenech-c-r\/","url":"https:\/\/teatinos.org\/it\/morte-di-p-antonio-domenech-c-r\/","name":"Morte di P. Antonio Dom\u00e9nech, C.R. - Teatinos","isPartOf":{"@id":"https:\/\/teatinos.org\/pt-br\/#website"},"primaryImageOfPage":{"@id":"https:\/\/teatinos.org\/it\/morte-di-p-antonio-domenech-c-r\/#primaryimage"},"image":{"@id":"https:\/\/teatinos.org\/it\/morte-di-p-antonio-domenech-c-r\/#primaryimage"},"thumbnailUrl":"https:\/\/teatinos.org\/wp-content\/uploads\/2022\/01\/P.-Antonio-Maria-Domenech-Font-C.R.-2022.png","datePublished":"2022-01-03T00:59:51+00:00","dateModified":"2022-01-03T00:59:51+00:00","author":{"@id":"https:\/\/teatinos.org\/pt-br\/#\/schema\/person\/10193cb8ac6f163661033cf7ce9006a5"},"breadcrumb":{"@id":"https:\/\/teatinos.org\/it\/morte-di-p-antonio-domenech-c-r\/#breadcrumb"},"inLanguage":"it-IT","potentialAction":[{"@type":"ReadAction","target":["https:\/\/teatinos.org\/it\/morte-di-p-antonio-domenech-c-r\/"]}]},{"@type":"ImageObject","inLanguage":"it-IT","@id":"https:\/\/teatinos.org\/it\/morte-di-p-antonio-domenech-c-r\/#primaryimage","url":"https:\/\/teatinos.org\/wp-content\/uploads\/2022\/01\/P.-Antonio-Maria-Domenech-Font-C.R.-2022.png","contentUrl":"https:\/\/teatinos.org\/wp-content\/uploads\/2022\/01\/P.-Antonio-Maria-Domenech-Font-C.R.-2022.png","width":1080,"height":1080},{"@type":"BreadcrumbList","@id":"https:\/\/teatinos.org\/it\/morte-di-p-antonio-domenech-c-r\/#breadcrumb","itemListElement":[{"@type":"ListItem","position":1,"name":"Portada","item":"https:\/\/teatinos.org\/it\/"},{"@type":"ListItem","position":2,"name":"Morte di P. Antonio Dom\u00e9nech, C.R."}]},{"@type":"WebSite","@id":"https:\/\/teatinos.org\/pt-br\/#website","url":"https:\/\/teatinos.org\/pt-br\/","name":"Teatinos","description":"Orden de Cl\u00e9rigos Regulares","potentialAction":[{"@type":"SearchAction","target":{"@type":"EntryPoint","urlTemplate":"https:\/\/teatinos.org\/pt-br\/?s={search_term_string}"},"query-input":{"@type":"PropertyValueSpecification","valueRequired":true,"valueName":"search_term_string"}}],"inLanguage":"it-IT"},{"@type":"Person","@id":"https:\/\/teatinos.org\/pt-br\/#\/schema\/person\/10193cb8ac6f163661033cf7ce9006a5","name":"Community Manager","url":"https:\/\/teatinos.org\/it\/author\/pascual\/"}]}},"rttpg_featured_image_url":{"full":["https:\/\/teatinos.org\/wp-content\/uploads\/2022\/01\/P.-Antonio-Maria-Domenech-Font-C.R.-2022.png",1080,1080,false],"landscape":["https:\/\/teatinos.org\/wp-content\/uploads\/2022\/01\/P.-Antonio-Maria-Domenech-Font-C.R.-2022.png",1080,1080,false],"portraits":["https:\/\/teatinos.org\/wp-content\/uploads\/2022\/01\/P.-Antonio-Maria-Domenech-Font-C.R.-2022.png",1080,1080,false],"thumbnail":["https:\/\/teatinos.org\/wp-content\/uploads\/2022\/01\/P.-Antonio-Maria-Domenech-Font-C.R.-2022-150x150.png",150,150,true],"medium":["https:\/\/teatinos.org\/wp-content\/uploads\/2022\/01\/P.-Antonio-Maria-Domenech-Font-C.R.-2022-300x300.png",300,300,true],"large":["https:\/\/teatinos.org\/wp-content\/uploads\/2022\/01\/P.-Antonio-Maria-Domenech-Font-C.R.-2022-1024x1024.png",1000,1000,true],"1536x1536":["https:\/\/teatinos.org\/wp-content\/uploads\/2022\/01\/P.-Antonio-Maria-Domenech-Font-C.R.-2022.png",1080,1080,false],"2048x2048":["https:\/\/teatinos.org\/wp-content\/uploads\/2022\/01\/P.-Antonio-Maria-Domenech-Font-C.R.-2022.png",1080,1080,false]},"rttpg_author":{"display_name":"Community Manager","author_link":"https:\/\/teatinos.org\/it\/author\/pascual\/"},"rttpg_comment":0,"rttpg_category":"<a href=\"https:\/\/teatinos.org\/it\/category\/notizie\/\" rel=\"category tag\">Notizie<\/a>","rttpg_excerpt":"Morte di P. Antonio Dom\u00e9nech, C.R. Comunicazione fatta dal Segretario Provinciale dei Chierici Regolari Teatini di Spagna, R.P. Francisco Javier Delgado Delgado, CR, il 2 gennaio 2022. Cari Padri, Ancora una volta vi scrivo per informarvi che questo pomeriggio il nostro caro P. Antonio Mar\u00eda Dom\u00e9nech Font, C.R. \u00e8 partito&hellip;","_links":{"self":[{"href":"https:\/\/teatinos.org\/it\/wp-json\/wp\/v2\/posts\/8467","targetHints":{"allow":["GET"]}}],"collection":[{"href":"https:\/\/teatinos.org\/it\/wp-json\/wp\/v2\/posts"}],"about":[{"href":"https:\/\/teatinos.org\/it\/wp-json\/wp\/v2\/types\/post"}],"author":[{"embeddable":true,"href":"https:\/\/teatinos.org\/it\/wp-json\/wp\/v2\/users\/5"}],"replies":[{"embeddable":true,"href":"https:\/\/teatinos.org\/it\/wp-json\/wp\/v2\/comments?post=8467"}],"version-history":[{"count":1,"href":"https:\/\/teatinos.org\/it\/wp-json\/wp\/v2\/posts\/8467\/revisions"}],"predecessor-version":[{"id":8468,"href":"https:\/\/teatinos.org\/it\/wp-json\/wp\/v2\/posts\/8467\/revisions\/8468"}],"wp:featuredmedia":[{"embeddable":true,"href":"https:\/\/teatinos.org\/it\/wp-json\/wp\/v2\/media\/8464"}],"wp:attachment":[{"href":"https:\/\/teatinos.org\/it\/wp-json\/wp\/v2\/media?parent=8467"}],"wp:term":[{"taxonomy":"category","embeddable":true,"href":"https:\/\/teatinos.org\/it\/wp-json\/wp\/v2\/categories?post=8467"},{"taxonomy":"post_tag","embeddable":true,"href":"https:\/\/teatinos.org\/it\/wp-json\/wp\/v2\/tags?post=8467"}],"curies":[{"name":"wp","href":"https:\/\/api.w.org\/{rel}","templated":true}]}}