{"id":7296,"date":"2021-06-19T14:51:47","date_gmt":"2021-06-19T14:51:47","guid":{"rendered":"http:\/\/teatinos.org\/?p=7296"},"modified":"2021-06-19T14:51:47","modified_gmt":"2021-06-19T14:51:47","slug":"nuovo-governo-della-provincia-teatina-in-messico","status":"publish","type":"post","link":"https:\/\/teatinos.org\/it\/nuovo-governo-della-provincia-teatina-in-messico\/","title":{"rendered":"Nuovo governo della Provincia Teatina in Messico"},"content":{"rendered":"<p style=\"text-align: center;\"><strong>Provincia Teatina del Messico<\/strong><br \/>\n<strong>Comunicazione del Segretario del Capitolo provinciale<\/strong><\/p>\n<p style=\"text-align: left;\">Caro fratello in Cristo:<\/p>\n<p>Mercoled\u00ec 16 giugno 2021, sotto la presidenza del Rev.mo Padre Salvador Rodea Gonz\u00e1lez, CR, in qualit\u00e0 di Superiore Generale dell&#8217;Ordine dei Chierici Regolari Teatini, i Reverendi Padri che hanno partecipato al XIX Capitolo Provinciale Ordinario della provincia Teatina in Messico per la sessione elettiva del governo provinciale, dopo aver pregato tutti in precedenza, hanno eletto, secondo le nostre Costituzioni, 168-169, 172 e 225, per il governo provinciale i seguenti frati:<\/p>\n<p>M. R. P. H\u00e9ctor Ricardo Ledesma Rubio, C. R., Superiore Provinciale;<\/p>\n<p>M. R. P. Eduardo Bello S\u00e1nchez, C. R., vicario provinciale;<\/p>\n<p>R. P. Rogelio L\u00e1zaro Rodr\u00edguez, C. R., secondo consulente;<\/p>\n<p>R. P. Felipe de Jes\u00fas Romero Ram\u00edrez, C. R., terzo consulente;<\/p>\n<p>R. P. Jos\u00e9 Saavedra Flores, C. R., quarto consulente.<\/p>\n<p>A San Cayetano de Atizap\u00e1n de Zaragoza, il 16 giugno 2021,<br \/>\nR. P. Carlos G\u00f3mez Ruiz, C. R.,<br \/>\na secretis.<\/p>\n<p><a href=\"http:\/\/teatinos.org\/wp-content\/uploads\/2021\/06\/Gobierno-Mex-01.png\"><img loading=\"lazy\" decoding=\"async\" class=\"alignnone size-full wp-image-7283\" src=\"http:\/\/teatinos.org\/wp-content\/uploads\/2021\/06\/Gobierno-Mex-01.png\" alt=\"\" width=\"800\" height=\"800\" \/><\/a><\/p>\n<p><a href=\"http:\/\/teatinos.org\/wp-content\/uploads\/2021\/06\/Gobierno-Mex-02.png\"><img loading=\"lazy\" decoding=\"async\" class=\"alignnone size-full wp-image-7288\" src=\"http:\/\/teatinos.org\/wp-content\/uploads\/2021\/06\/Gobierno-Mex-02.png\" alt=\"\" width=\"800\" height=\"800\" \/><\/a><\/p>\n","protected":false},"excerpt":{"rendered":"<p>Provincia Teatina del Messico Comunicazione del Segretario del Capitolo provinciale Caro fratello in Cristo: Mercoled\u00ec 16 giugno 2021, sotto la presidenza del Rev.mo Padre Salvador Rodea Gonz\u00e1lez, CR, in qualit\u00e0 di Superiore Generale dell&#8217;Ordine dei Chierici Regolari Teatini, i Reverendi Padri che hanno partecipato al XIX Capitolo Provinciale Ordinario della&hellip;<\/p>\n","protected":false},"author":5,"featured_media":7293,"comment_status":"closed","ping_status":"open","sticky":false,"template":"","format":"standard","meta":{"_acf_changed":false,"footnotes":"","_links_to":"","_links_to_target":""},"categories":[97],"tags":[],"class_list":["post-7296","post","type-post","status-publish","format-standard","has-post-thumbnail","hentry","category-notizie"],"acf":[],"yoast_head":"<!-- This site is optimized with the Yoast SEO plugin v23.5 - https:\/\/yoast.com\/wordpress\/plugins\/seo\/ -->\n<title>Nuovo governo della Provincia Teatina in Messico - Teatinos<\/title>\n<meta name=\"robots\" content=\"index, follow, max-snippet:-1, max-image-preview:large, max-video-preview:-1\" \/>\n<link rel=\"canonical\" href=\"https:\/\/teatinos.org\/it\/nuovo-governo-della-provincia-teatina-in-messico\/\" \/>\n<meta property=\"og:locale\" content=\"it_IT\" \/>\n<meta property=\"og:type\" content=\"article\" \/>\n<meta property=\"og:title\" content=\"Nuovo governo della Provincia Teatina in Messico - Teatinos\" \/>\n<meta property=\"og:description\" content=\"Provincia Teatina del Messico Comunicazione del Segretario del Capitolo provinciale Caro fratello in Cristo: Mercoled\u00ec 16 giugno 2021, sotto la presidenza del Rev.mo Padre Salvador Rodea Gonz\u00e1lez, CR, in qualit\u00e0 di Superiore Generale dell&#8217;Ordine dei Chierici Regolari Teatini, i Reverendi Padri che hanno partecipato al XIX Capitolo Provinciale Ordinario della&hellip;\" \/>\n<meta property=\"og:url\" content=\"https:\/\/teatinos.org\/it\/nuovo-governo-della-provincia-teatina-in-messico\/\" \/>\n<meta property=\"og:site_name\" content=\"Teatinos\" \/>\n<meta property=\"article:published_time\" content=\"2021-06-19T14:51:47+00:00\" \/>\n<meta property=\"og:image\" content=\"https:\/\/teatinos.org\/wp-content\/uploads\/2021\/06\/Mexico-Gobierno-2021-1024x1024.png\" \/>\n\t<meta property=\"og:image:width\" content=\"1024\" \/>\n\t<meta property=\"og:image:height\" content=\"1024\" \/>\n\t<meta property=\"og:image:type\" content=\"image\/png\" \/>\n<meta name=\"author\" content=\"Community Manager\" \/>\n<meta name=\"twitter:card\" content=\"summary_large_image\" \/>\n<meta name=\"twitter:label1\" content=\"Scritto da\" \/>\n\t<meta name=\"twitter:data1\" content=\"Community Manager\" \/>\n\t<meta name=\"twitter:label2\" content=\"Tempo di lettura stimato\" \/>\n\t<meta name=\"twitter:data2\" content=\"2 minuti\" \/>\n<script type=\"application\/ld+json\" class=\"yoast-schema-graph\">{\"@context\":\"https:\/\/schema.org\",\"@graph\":[{\"@type\":\"WebPage\",\"@id\":\"https:\/\/teatinos.org\/it\/nuovo-governo-della-provincia-teatina-in-messico\/\",\"url\":\"https:\/\/teatinos.org\/it\/nuovo-governo-della-provincia-teatina-in-messico\/\",\"name\":\"Nuovo governo della Provincia Teatina in Messico - Teatinos\",\"isPartOf\":{\"@id\":\"https:\/\/teatinos.org\/pt-br\/#website\"},\"primaryImageOfPage\":{\"@id\":\"https:\/\/teatinos.org\/it\/nuovo-governo-della-provincia-teatina-in-messico\/#primaryimage\"},\"image\":{\"@id\":\"https:\/\/teatinos.org\/it\/nuovo-governo-della-provincia-teatina-in-messico\/#primaryimage\"},\"thumbnailUrl\":\"https:\/\/teatinos.org\/wp-content\/uploads\/2021\/06\/Mexico-Gobierno-2021.png\",\"datePublished\":\"2021-06-19T14:51:47+00:00\",\"dateModified\":\"2021-06-19T14:51:47+00:00\",\"author\":{\"@id\":\"https:\/\/teatinos.org\/pt-br\/#\/schema\/person\/10193cb8ac6f163661033cf7ce9006a5\"},\"breadcrumb\":{\"@id\":\"https:\/\/teatinos.org\/it\/nuovo-governo-della-provincia-teatina-in-messico\/#breadcrumb\"},\"inLanguage\":\"it-IT\",\"potentialAction\":[{\"@type\":\"ReadAction\",\"target\":[\"https:\/\/teatinos.org\/it\/nuovo-governo-della-provincia-teatina-in-messico\/\"]}]},{\"@type\":\"ImageObject\",\"inLanguage\":\"it-IT\",\"@id\":\"https:\/\/teatinos.org\/it\/nuovo-governo-della-provincia-teatina-in-messico\/#primaryimage\",\"url\":\"https:\/\/teatinos.org\/wp-content\/uploads\/2021\/06\/Mexico-Gobierno-2021.png\",\"contentUrl\":\"https:\/\/teatinos.org\/wp-content\/uploads\/2021\/06\/Mexico-Gobierno-2021.png\",\"width\":2160,\"height\":2160},{\"@type\":\"BreadcrumbList\",\"@id\":\"https:\/\/teatinos.org\/it\/nuovo-governo-della-provincia-teatina-in-messico\/#breadcrumb\",\"itemListElement\":[{\"@type\":\"ListItem\",\"position\":1,\"name\":\"Portada\",\"item\":\"https:\/\/teatinos.org\/it\/\"},{\"@type\":\"ListItem\",\"position\":2,\"name\":\"Nuovo governo della Provincia Teatina in Messico\"}]},{\"@type\":\"WebSite\",\"@id\":\"https:\/\/teatinos.org\/pt-br\/#website\",\"url\":\"https:\/\/teatinos.org\/pt-br\/\",\"name\":\"Teatinos\",\"description\":\"Orden de Cl\u00e9rigos Regulares\",\"potentialAction\":[{\"@type\":\"SearchAction\",\"target\":{\"@type\":\"EntryPoint\",\"urlTemplate\":\"https:\/\/teatinos.org\/pt-br\/?s={search_term_string}\"},\"query-input\":{\"@type\":\"PropertyValueSpecification\",\"valueRequired\":true,\"valueName\":\"search_term_string\"}}],\"inLanguage\":\"it-IT\"},{\"@type\":\"Person\",\"@id\":\"https:\/\/teatinos.org\/pt-br\/#\/schema\/person\/10193cb8ac6f163661033cf7ce9006a5\",\"name\":\"Community Manager\",\"url\":\"https:\/\/teatinos.org\/it\/author\/pascual\/\"}]}<\/script>\n<!-- \/ Yoast SEO plugin. -->","yoast_head_json":{"title":"Nuovo governo della Provincia Teatina in Messico - Teatinos","robots":{"index":"index","follow":"follow","max-snippet":"max-snippet:-1","max-image-preview":"max-image-preview:large","max-video-preview":"max-video-preview:-1"},"canonical":"https:\/\/teatinos.org\/it\/nuovo-governo-della-provincia-teatina-in-messico\/","og_locale":"it_IT","og_type":"article","og_title":"Nuovo governo della Provincia Teatina in Messico - Teatinos","og_description":"Provincia Teatina del Messico Comunicazione del Segretario del Capitolo provinciale Caro fratello in Cristo: Mercoled\u00ec 16 giugno 2021, sotto la presidenza del Rev.mo Padre Salvador Rodea Gonz\u00e1lez, CR, in qualit\u00e0 di Superiore Generale dell&#8217;Ordine dei Chierici Regolari Teatini, i Reverendi Padri che hanno partecipato al XIX Capitolo Provinciale Ordinario della&hellip;","og_url":"https:\/\/teatinos.org\/it\/nuovo-governo-della-provincia-teatina-in-messico\/","og_site_name":"Teatinos","article_published_time":"2021-06-19T14:51:47+00:00","og_image":[{"width":1024,"height":1024,"url":"https:\/\/teatinos.org\/wp-content\/uploads\/2021\/06\/Mexico-Gobierno-2021-1024x1024.png","type":"image\/png"}],"author":"Community Manager","twitter_card":"summary_large_image","twitter_misc":{"Scritto da":"Community Manager","Tempo di lettura stimato":"2 minuti"},"schema":{"@context":"https:\/\/schema.org","@graph":[{"@type":"WebPage","@id":"https:\/\/teatinos.org\/it\/nuovo-governo-della-provincia-teatina-in-messico\/","url":"https:\/\/teatinos.org\/it\/nuovo-governo-della-provincia-teatina-in-messico\/","name":"Nuovo governo della Provincia Teatina in Messico - Teatinos","isPartOf":{"@id":"https:\/\/teatinos.org\/pt-br\/#website"},"primaryImageOfPage":{"@id":"https:\/\/teatinos.org\/it\/nuovo-governo-della-provincia-teatina-in-messico\/#primaryimage"},"image":{"@id":"https:\/\/teatinos.org\/it\/nuovo-governo-della-provincia-teatina-in-messico\/#primaryimage"},"thumbnailUrl":"https:\/\/teatinos.org\/wp-content\/uploads\/2021\/06\/Mexico-Gobierno-2021.png","datePublished":"2021-06-19T14:51:47+00:00","dateModified":"2021-06-19T14:51:47+00:00","author":{"@id":"https:\/\/teatinos.org\/pt-br\/#\/schema\/person\/10193cb8ac6f163661033cf7ce9006a5"},"breadcrumb":{"@id":"https:\/\/teatinos.org\/it\/nuovo-governo-della-provincia-teatina-in-messico\/#breadcrumb"},"inLanguage":"it-IT","potentialAction":[{"@type":"ReadAction","target":["https:\/\/teatinos.org\/it\/nuovo-governo-della-provincia-teatina-in-messico\/"]}]},{"@type":"ImageObject","inLanguage":"it-IT","@id":"https:\/\/teatinos.org\/it\/nuovo-governo-della-provincia-teatina-in-messico\/#primaryimage","url":"https:\/\/teatinos.org\/wp-content\/uploads\/2021\/06\/Mexico-Gobierno-2021.png","contentUrl":"https:\/\/teatinos.org\/wp-content\/uploads\/2021\/06\/Mexico-Gobierno-2021.png","width":2160,"height":2160},{"@type":"BreadcrumbList","@id":"https:\/\/teatinos.org\/it\/nuovo-governo-della-provincia-teatina-in-messico\/#breadcrumb","itemListElement":[{"@type":"ListItem","position":1,"name":"Portada","item":"https:\/\/teatinos.org\/it\/"},{"@type":"ListItem","position":2,"name":"Nuovo governo della Provincia Teatina in Messico"}]},{"@type":"WebSite","@id":"https:\/\/teatinos.org\/pt-br\/#website","url":"https:\/\/teatinos.org\/pt-br\/","name":"Teatinos","description":"Orden de Cl\u00e9rigos Regulares","potentialAction":[{"@type":"SearchAction","target":{"@type":"EntryPoint","urlTemplate":"https:\/\/teatinos.org\/pt-br\/?s={search_term_string}"},"query-input":{"@type":"PropertyValueSpecification","valueRequired":true,"valueName":"search_term_string"}}],"inLanguage":"it-IT"},{"@type":"Person","@id":"https:\/\/teatinos.org\/pt-br\/#\/schema\/person\/10193cb8ac6f163661033cf7ce9006a5","name":"Community Manager","url":"https:\/\/teatinos.org\/it\/author\/pascual\/"}]}},"rttpg_featured_image_url":{"full":["https:\/\/teatinos.org\/wp-content\/uploads\/2021\/06\/Mexico-Gobierno-2021.png",2160,2160,false],"landscape":["https:\/\/teatinos.org\/wp-content\/uploads\/2021\/06\/Mexico-Gobierno-2021.png",2160,2160,false],"portraits":["https:\/\/teatinos.org\/wp-content\/uploads\/2021\/06\/Mexico-Gobierno-2021.png",2160,2160,false],"thumbnail":["https:\/\/teatinos.org\/wp-content\/uploads\/2021\/06\/Mexico-Gobierno-2021-150x150.png",150,150,true],"medium":["https:\/\/teatinos.org\/wp-content\/uploads\/2021\/06\/Mexico-Gobierno-2021-300x300.png",300,300,true],"large":["https:\/\/teatinos.org\/wp-content\/uploads\/2021\/06\/Mexico-Gobierno-2021-1024x1024.png",1000,1000,true],"1536x1536":["https:\/\/teatinos.org\/wp-content\/uploads\/2021\/06\/Mexico-Gobierno-2021-1536x1536.png",1536,1536,true],"2048x2048":["https:\/\/teatinos.org\/wp-content\/uploads\/2021\/06\/Mexico-Gobierno-2021-2048x2048.png",2048,2048,true]},"rttpg_author":{"display_name":"Community Manager","author_link":"https:\/\/teatinos.org\/it\/author\/pascual\/"},"rttpg_comment":0,"rttpg_category":"<a href=\"https:\/\/teatinos.org\/it\/category\/notizie\/\" rel=\"category tag\">Notizie<\/a>","rttpg_excerpt":"Provincia Teatina del Messico Comunicazione del Segretario del Capitolo provinciale Caro fratello in Cristo: Mercoled\u00ec 16 giugno 2021, sotto la presidenza del Rev.mo Padre Salvador Rodea Gonz\u00e1lez, CR, in qualit\u00e0 di Superiore Generale dell&#8217;Ordine dei Chierici Regolari Teatini, i Reverendi Padri che hanno partecipato al XIX Capitolo Provinciale Ordinario della&hellip;","_links":{"self":[{"href":"https:\/\/teatinos.org\/it\/wp-json\/wp\/v2\/posts\/7296","targetHints":{"allow":["GET"]}}],"collection":[{"href":"https:\/\/teatinos.org\/it\/wp-json\/wp\/v2\/posts"}],"about":[{"href":"https:\/\/teatinos.org\/it\/wp-json\/wp\/v2\/types\/post"}],"author":[{"embeddable":true,"href":"https:\/\/teatinos.org\/it\/wp-json\/wp\/v2\/users\/5"}],"replies":[{"embeddable":true,"href":"https:\/\/teatinos.org\/it\/wp-json\/wp\/v2\/comments?post=7296"}],"version-history":[{"count":1,"href":"https:\/\/teatinos.org\/it\/wp-json\/wp\/v2\/posts\/7296\/revisions"}],"predecessor-version":[{"id":7297,"href":"https:\/\/teatinos.org\/it\/wp-json\/wp\/v2\/posts\/7296\/revisions\/7297"}],"wp:featuredmedia":[{"embeddable":true,"href":"https:\/\/teatinos.org\/it\/wp-json\/wp\/v2\/media\/7293"}],"wp:attachment":[{"href":"https:\/\/teatinos.org\/it\/wp-json\/wp\/v2\/media?parent=7296"}],"wp:term":[{"taxonomy":"category","embeddable":true,"href":"https:\/\/teatinos.org\/it\/wp-json\/wp\/v2\/categories?post=7296"},{"taxonomy":"post_tag","embeddable":true,"href":"https:\/\/teatinos.org\/it\/wp-json\/wp\/v2\/tags?post=7296"}],"curies":[{"name":"wp","href":"https:\/\/api.w.org\/{rel}","templated":true}]}}