{"id":7244,"date":"2021-05-26T22:56:24","date_gmt":"2021-05-26T22:56:24","guid":{"rendered":"http:\/\/teatinos.org\/catequesis-en-vivo-v-centenario-del-nacimiento-de-san-andres-avelino\/"},"modified":"2021-05-26T23:14:25","modified_gmt":"2021-05-26T23:14:25","slug":"catequesis-en-vivo-v-centenario-del-nacimiento-de-san-andres-avelino","status":"publish","type":"post","link":"https:\/\/teatinos.org\/it\/catequesis-en-vivo-v-centenario-del-nacimiento-de-san-andres-avelino\/","title":{"rendered":"Catechesi dal vivo: V Centenario della nascita di Sant&#8217;Andrea Avellino"},"content":{"rendered":"<p>In occasione del V\u00b0 Centenario della nascita di Sant&#8217;Andrea Avellino, venerd\u00ec 28 maggio, alle 19:30 (ora di Roma), si far\u00e0 una catechesi dal vivo.<\/p>\n<p>\u00c8 diviso in 2 blocchi:<\/p>\n<p><em><strong>&#8220;L&#8217;Ordine dei Teatini al tempo di Sant&#8217;Andrea Avellino&#8221;<\/strong><\/em>, a cura del Vicario Generale dell&#8217;Ordine dei Chierici Regolari Teatini, R.P. Marcelo R. Zubia, C.R., e <em><strong>&#8220;Vita Religiosa nelle lettere di Sant&#8217;Andrea Avellino&#8221;<\/strong><\/em>, di P. Diego A. Dold\u00e1n, C.R.<\/p>\n<p>La catechesi si svolger\u00e0 in lingua italiana.<\/p>\n<p>La trasmissione avverr\u00e0 tramite il Canale YouTube ufficiale dell&#8217;Ordine, potrete accedervi cliccando sul seguente link:<\/p>\n<h5 style=\"text-align: center;\"><strong><a href=\"https:\/\/www.youtube.com\/c\/Teatinos\">https:\/\/www.youtube.com\/c\/Teatinos<\/a><\/strong><\/h5>\n<p><a href=\"http:\/\/teatinos.org\/wp-content\/uploads\/2021\/05\/PHOTO-2021-05-26-17-07-49.jpg\"><img loading=\"lazy\" decoding=\"async\" class=\"alignnone size-full wp-image-7233\" src=\"http:\/\/teatinos.org\/wp-content\/uploads\/2021\/05\/PHOTO-2021-05-26-17-07-49.jpg\" alt=\"\" width=\"1600\" height=\"900\" \/><\/a><\/p>\n","protected":false},"excerpt":{"rendered":"<p>In occasione del V\u00b0 Centenario della nascita di Sant&#8217;Andrea Avellino, venerd\u00ec 28 maggio, alle 19:30 (ora di Roma), si far\u00e0 una catechesi dal vivo. \u00c8 diviso in 2 blocchi: &#8220;L&#8217;Ordine dei Teatini al tempo di Sant&#8217;Andrea Avellino&#8221;, a cura del Vicario Generale dell&#8217;Ordine dei Chierici Regolari Teatini, R.P. Marcelo R.&hellip;<\/p>\n","protected":false},"author":5,"featured_media":7241,"comment_status":"closed","ping_status":"open","sticky":false,"template":"","format":"standard","meta":{"_acf_changed":false,"footnotes":"","_links_to":"","_links_to_target":""},"categories":[97],"tags":[],"class_list":["post-7244","post","type-post","status-publish","format-standard","has-post-thumbnail","hentry","category-notizie"],"acf":[],"yoast_head":"<!-- This site is optimized with the Yoast SEO plugin v23.5 - https:\/\/yoast.com\/wordpress\/plugins\/seo\/ -->\n<title>Catechesi dal vivo: V Centenario della nascita di Sant&#039;Andrea Avellino - Teatinos<\/title>\n<meta name=\"robots\" content=\"index, follow, max-snippet:-1, max-image-preview:large, max-video-preview:-1\" \/>\n<link rel=\"canonical\" href=\"https:\/\/teatinos.org\/it\/catequesis-en-vivo-v-centenario-del-nacimiento-de-san-andres-avelino\/\" \/>\n<meta property=\"og:locale\" content=\"it_IT\" \/>\n<meta property=\"og:type\" content=\"article\" \/>\n<meta property=\"og:title\" content=\"Catechesi dal vivo: V Centenario della nascita di Sant&#039;Andrea Avellino - Teatinos\" \/>\n<meta property=\"og:description\" content=\"In occasione del V\u00b0 Centenario della nascita di Sant&#8217;Andrea Avellino, venerd\u00ec 28 maggio, alle 19:30 (ora di Roma), si far\u00e0 una catechesi dal vivo. \u00c8 diviso in 2 blocchi: &#8220;L&#8217;Ordine dei Teatini al tempo di Sant&#8217;Andrea Avellino&#8221;, a cura del Vicario Generale dell&#8217;Ordine dei Chierici Regolari Teatini, R.P. Marcelo R.&hellip;\" \/>\n<meta property=\"og:url\" content=\"https:\/\/teatinos.org\/it\/catequesis-en-vivo-v-centenario-del-nacimiento-de-san-andres-avelino\/\" \/>\n<meta property=\"og:site_name\" content=\"Teatinos\" \/>\n<meta property=\"article:published_time\" content=\"2021-05-26T22:56:24+00:00\" \/>\n<meta property=\"article:modified_time\" content=\"2021-05-26T23:14:25+00:00\" \/>\n<meta property=\"og:image\" content=\"https:\/\/teatinos.org\/wp-content\/uploads\/2021\/05\/PHOTO-2021-05-26-18-06-29.jpg\" \/>\n\t<meta property=\"og:image:width\" content=\"1600\" \/>\n\t<meta property=\"og:image:height\" content=\"1600\" \/>\n\t<meta property=\"og:image:type\" content=\"image\/jpeg\" \/>\n<meta name=\"author\" content=\"Community Manager\" \/>\n<meta name=\"twitter:card\" content=\"summary_large_image\" \/>\n<meta name=\"twitter:label1\" content=\"Scritto da\" \/>\n\t<meta name=\"twitter:data1\" content=\"Community Manager\" \/>\n\t<meta name=\"twitter:label2\" content=\"Tempo di lettura stimato\" \/>\n\t<meta name=\"twitter:data2\" content=\"1 minuto\" \/>\n<script type=\"application\/ld+json\" class=\"yoast-schema-graph\">{\"@context\":\"https:\/\/schema.org\",\"@graph\":[{\"@type\":\"WebPage\",\"@id\":\"https:\/\/teatinos.org\/it\/catequesis-en-vivo-v-centenario-del-nacimiento-de-san-andres-avelino\/\",\"url\":\"https:\/\/teatinos.org\/it\/catequesis-en-vivo-v-centenario-del-nacimiento-de-san-andres-avelino\/\",\"name\":\"Catechesi dal vivo: V Centenario della nascita di Sant'Andrea Avellino - Teatinos\",\"isPartOf\":{\"@id\":\"https:\/\/teatinos.org\/pt-br\/#website\"},\"primaryImageOfPage\":{\"@id\":\"https:\/\/teatinos.org\/it\/catequesis-en-vivo-v-centenario-del-nacimiento-de-san-andres-avelino\/#primaryimage\"},\"image\":{\"@id\":\"https:\/\/teatinos.org\/it\/catequesis-en-vivo-v-centenario-del-nacimiento-de-san-andres-avelino\/#primaryimage\"},\"thumbnailUrl\":\"https:\/\/teatinos.org\/wp-content\/uploads\/2021\/05\/PHOTO-2021-05-26-18-06-29.jpg\",\"datePublished\":\"2021-05-26T22:56:24+00:00\",\"dateModified\":\"2021-05-26T23:14:25+00:00\",\"author\":{\"@id\":\"https:\/\/teatinos.org\/pt-br\/#\/schema\/person\/10193cb8ac6f163661033cf7ce9006a5\"},\"breadcrumb\":{\"@id\":\"https:\/\/teatinos.org\/it\/catequesis-en-vivo-v-centenario-del-nacimiento-de-san-andres-avelino\/#breadcrumb\"},\"inLanguage\":\"it-IT\",\"potentialAction\":[{\"@type\":\"ReadAction\",\"target\":[\"https:\/\/teatinos.org\/it\/catequesis-en-vivo-v-centenario-del-nacimiento-de-san-andres-avelino\/\"]}]},{\"@type\":\"ImageObject\",\"inLanguage\":\"it-IT\",\"@id\":\"https:\/\/teatinos.org\/it\/catequesis-en-vivo-v-centenario-del-nacimiento-de-san-andres-avelino\/#primaryimage\",\"url\":\"https:\/\/teatinos.org\/wp-content\/uploads\/2021\/05\/PHOTO-2021-05-26-18-06-29.jpg\",\"contentUrl\":\"https:\/\/teatinos.org\/wp-content\/uploads\/2021\/05\/PHOTO-2021-05-26-18-06-29.jpg\",\"width\":1600,\"height\":1600},{\"@type\":\"BreadcrumbList\",\"@id\":\"https:\/\/teatinos.org\/it\/catequesis-en-vivo-v-centenario-del-nacimiento-de-san-andres-avelino\/#breadcrumb\",\"itemListElement\":[{\"@type\":\"ListItem\",\"position\":1,\"name\":\"Portada\",\"item\":\"https:\/\/teatinos.org\/it\/\"},{\"@type\":\"ListItem\",\"position\":2,\"name\":\"Catechesi dal vivo: V Centenario della nascita di Sant&#8217;Andrea Avellino\"}]},{\"@type\":\"WebSite\",\"@id\":\"https:\/\/teatinos.org\/pt-br\/#website\",\"url\":\"https:\/\/teatinos.org\/pt-br\/\",\"name\":\"Teatinos\",\"description\":\"Orden de Cl\u00e9rigos Regulares\",\"potentialAction\":[{\"@type\":\"SearchAction\",\"target\":{\"@type\":\"EntryPoint\",\"urlTemplate\":\"https:\/\/teatinos.org\/pt-br\/?s={search_term_string}\"},\"query-input\":{\"@type\":\"PropertyValueSpecification\",\"valueRequired\":true,\"valueName\":\"search_term_string\"}}],\"inLanguage\":\"it-IT\"},{\"@type\":\"Person\",\"@id\":\"https:\/\/teatinos.org\/pt-br\/#\/schema\/person\/10193cb8ac6f163661033cf7ce9006a5\",\"name\":\"Community Manager\",\"url\":\"https:\/\/teatinos.org\/it\/author\/pascual\/\"}]}<\/script>\n<!-- \/ Yoast SEO plugin. -->","yoast_head_json":{"title":"Catechesi dal vivo: V Centenario della nascita di Sant'Andrea Avellino - Teatinos","robots":{"index":"index","follow":"follow","max-snippet":"max-snippet:-1","max-image-preview":"max-image-preview:large","max-video-preview":"max-video-preview:-1"},"canonical":"https:\/\/teatinos.org\/it\/catequesis-en-vivo-v-centenario-del-nacimiento-de-san-andres-avelino\/","og_locale":"it_IT","og_type":"article","og_title":"Catechesi dal vivo: V Centenario della nascita di Sant'Andrea Avellino - Teatinos","og_description":"In occasione del V\u00b0 Centenario della nascita di Sant&#8217;Andrea Avellino, venerd\u00ec 28 maggio, alle 19:30 (ora di Roma), si far\u00e0 una catechesi dal vivo. \u00c8 diviso in 2 blocchi: &#8220;L&#8217;Ordine dei Teatini al tempo di Sant&#8217;Andrea Avellino&#8221;, a cura del Vicario Generale dell&#8217;Ordine dei Chierici Regolari Teatini, R.P. Marcelo R.&hellip;","og_url":"https:\/\/teatinos.org\/it\/catequesis-en-vivo-v-centenario-del-nacimiento-de-san-andres-avelino\/","og_site_name":"Teatinos","article_published_time":"2021-05-26T22:56:24+00:00","article_modified_time":"2021-05-26T23:14:25+00:00","og_image":[{"width":1600,"height":1600,"url":"https:\/\/teatinos.org\/wp-content\/uploads\/2021\/05\/PHOTO-2021-05-26-18-06-29.jpg","type":"image\/jpeg"}],"author":"Community Manager","twitter_card":"summary_large_image","twitter_misc":{"Scritto da":"Community Manager","Tempo di lettura stimato":"1 minuto"},"schema":{"@context":"https:\/\/schema.org","@graph":[{"@type":"WebPage","@id":"https:\/\/teatinos.org\/it\/catequesis-en-vivo-v-centenario-del-nacimiento-de-san-andres-avelino\/","url":"https:\/\/teatinos.org\/it\/catequesis-en-vivo-v-centenario-del-nacimiento-de-san-andres-avelino\/","name":"Catechesi dal vivo: V Centenario della nascita di Sant'Andrea Avellino - Teatinos","isPartOf":{"@id":"https:\/\/teatinos.org\/pt-br\/#website"},"primaryImageOfPage":{"@id":"https:\/\/teatinos.org\/it\/catequesis-en-vivo-v-centenario-del-nacimiento-de-san-andres-avelino\/#primaryimage"},"image":{"@id":"https:\/\/teatinos.org\/it\/catequesis-en-vivo-v-centenario-del-nacimiento-de-san-andres-avelino\/#primaryimage"},"thumbnailUrl":"https:\/\/teatinos.org\/wp-content\/uploads\/2021\/05\/PHOTO-2021-05-26-18-06-29.jpg","datePublished":"2021-05-26T22:56:24+00:00","dateModified":"2021-05-26T23:14:25+00:00","author":{"@id":"https:\/\/teatinos.org\/pt-br\/#\/schema\/person\/10193cb8ac6f163661033cf7ce9006a5"},"breadcrumb":{"@id":"https:\/\/teatinos.org\/it\/catequesis-en-vivo-v-centenario-del-nacimiento-de-san-andres-avelino\/#breadcrumb"},"inLanguage":"it-IT","potentialAction":[{"@type":"ReadAction","target":["https:\/\/teatinos.org\/it\/catequesis-en-vivo-v-centenario-del-nacimiento-de-san-andres-avelino\/"]}]},{"@type":"ImageObject","inLanguage":"it-IT","@id":"https:\/\/teatinos.org\/it\/catequesis-en-vivo-v-centenario-del-nacimiento-de-san-andres-avelino\/#primaryimage","url":"https:\/\/teatinos.org\/wp-content\/uploads\/2021\/05\/PHOTO-2021-05-26-18-06-29.jpg","contentUrl":"https:\/\/teatinos.org\/wp-content\/uploads\/2021\/05\/PHOTO-2021-05-26-18-06-29.jpg","width":1600,"height":1600},{"@type":"BreadcrumbList","@id":"https:\/\/teatinos.org\/it\/catequesis-en-vivo-v-centenario-del-nacimiento-de-san-andres-avelino\/#breadcrumb","itemListElement":[{"@type":"ListItem","position":1,"name":"Portada","item":"https:\/\/teatinos.org\/it\/"},{"@type":"ListItem","position":2,"name":"Catechesi dal vivo: V Centenario della nascita di Sant&#8217;Andrea Avellino"}]},{"@type":"WebSite","@id":"https:\/\/teatinos.org\/pt-br\/#website","url":"https:\/\/teatinos.org\/pt-br\/","name":"Teatinos","description":"Orden de Cl\u00e9rigos Regulares","potentialAction":[{"@type":"SearchAction","target":{"@type":"EntryPoint","urlTemplate":"https:\/\/teatinos.org\/pt-br\/?s={search_term_string}"},"query-input":{"@type":"PropertyValueSpecification","valueRequired":true,"valueName":"search_term_string"}}],"inLanguage":"it-IT"},{"@type":"Person","@id":"https:\/\/teatinos.org\/pt-br\/#\/schema\/person\/10193cb8ac6f163661033cf7ce9006a5","name":"Community Manager","url":"https:\/\/teatinos.org\/it\/author\/pascual\/"}]}},"rttpg_featured_image_url":{"full":["https:\/\/teatinos.org\/wp-content\/uploads\/2021\/05\/PHOTO-2021-05-26-18-06-29.jpg",1600,1600,false],"landscape":["https:\/\/teatinos.org\/wp-content\/uploads\/2021\/05\/PHOTO-2021-05-26-18-06-29.jpg",1600,1600,false],"portraits":["https:\/\/teatinos.org\/wp-content\/uploads\/2021\/05\/PHOTO-2021-05-26-18-06-29.jpg",1600,1600,false],"thumbnail":["https:\/\/teatinos.org\/wp-content\/uploads\/2021\/05\/PHOTO-2021-05-26-18-06-29-150x150.jpg",150,150,true],"medium":["https:\/\/teatinos.org\/wp-content\/uploads\/2021\/05\/PHOTO-2021-05-26-18-06-29-300x300.jpg",300,300,true],"large":["https:\/\/teatinos.org\/wp-content\/uploads\/2021\/05\/PHOTO-2021-05-26-18-06-29-1024x1024.jpg",1000,1000,true],"1536x1536":["https:\/\/teatinos.org\/wp-content\/uploads\/2021\/05\/PHOTO-2021-05-26-18-06-29-1536x1536.jpg",1536,1536,true],"2048x2048":["https:\/\/teatinos.org\/wp-content\/uploads\/2021\/05\/PHOTO-2021-05-26-18-06-29.jpg",1600,1600,false]},"rttpg_author":{"display_name":"Community Manager","author_link":"https:\/\/teatinos.org\/it\/author\/pascual\/"},"rttpg_comment":0,"rttpg_category":"<a href=\"https:\/\/teatinos.org\/it\/category\/notizie\/\" rel=\"category tag\">Notizie<\/a>","rttpg_excerpt":"In occasione del V\u00b0 Centenario della nascita di Sant&#8217;Andrea Avellino, venerd\u00ec 28 maggio, alle 19:30 (ora di Roma), si far\u00e0 una catechesi dal vivo. \u00c8 diviso in 2 blocchi: &#8220;L&#8217;Ordine dei Teatini al tempo di Sant&#8217;Andrea Avellino&#8221;, a cura del Vicario Generale dell&#8217;Ordine dei Chierici Regolari Teatini, R.P. Marcelo R.&hellip;","_links":{"self":[{"href":"https:\/\/teatinos.org\/it\/wp-json\/wp\/v2\/posts\/7244","targetHints":{"allow":["GET"]}}],"collection":[{"href":"https:\/\/teatinos.org\/it\/wp-json\/wp\/v2\/posts"}],"about":[{"href":"https:\/\/teatinos.org\/it\/wp-json\/wp\/v2\/types\/post"}],"author":[{"embeddable":true,"href":"https:\/\/teatinos.org\/it\/wp-json\/wp\/v2\/users\/5"}],"replies":[{"embeddable":true,"href":"https:\/\/teatinos.org\/it\/wp-json\/wp\/v2\/comments?post=7244"}],"version-history":[{"count":5,"href":"https:\/\/teatinos.org\/it\/wp-json\/wp\/v2\/posts\/7244\/revisions"}],"predecessor-version":[{"id":7255,"href":"https:\/\/teatinos.org\/it\/wp-json\/wp\/v2\/posts\/7244\/revisions\/7255"}],"wp:featuredmedia":[{"embeddable":true,"href":"https:\/\/teatinos.org\/it\/wp-json\/wp\/v2\/media\/7241"}],"wp:attachment":[{"href":"https:\/\/teatinos.org\/it\/wp-json\/wp\/v2\/media?parent=7244"}],"wp:term":[{"taxonomy":"category","embeddable":true,"href":"https:\/\/teatinos.org\/it\/wp-json\/wp\/v2\/categories?post=7244"},{"taxonomy":"post_tag","embeddable":true,"href":"https:\/\/teatinos.org\/it\/wp-json\/wp\/v2\/tags?post=7244"}],"curies":[{"name":"wp","href":"https:\/\/api.w.org\/{rel}","templated":true}]}}