{"id":6800,"date":"2021-04-03T20:04:56","date_gmt":"2021-04-03T20:04:56","guid":{"rendered":"http:\/\/teatinos.org\/?p=6800"},"modified":"2021-04-03T20:04:56","modified_gmt":"2021-04-03T20:04:56","slug":"domenica-di-pasqua-riflessione-di-r-p-joao-marcos-boranelli-c-r","status":"publish","type":"post","link":"https:\/\/teatinos.org\/it\/domenica-di-pasqua-riflessione-di-r-p-joao-marcos-boranelli-c-r\/","title":{"rendered":"Domenica di Pasqua &#8211; Riflessione di R.P. Jo\u00e3o Marcos Boranelli, C.R."},"content":{"rendered":"<p>Il RP. Jo\u00e3o Marcos Boranelli, C.R., Rettore della Basilica di Sant&#8217;Andrea della Valle (Roma) ci invia il suo messaggio, il suo saluto e ci invita a riflettere su questa domenica di Pasqua su: \u201cUn amore vivo per sempre. Rimane con noi giorno dopo giorno. Siamo il suo corpo per la vita del mondo&#8221;. Basato sul Vangelo di oggi, e sull&#8217;articolo 276 dell&#8217;Esortazione Apostolica \u201cEvangelii Gaudium\u201d, del Santo Padre Francesco:<\/p>\n<p>\u201cLa sua risurrezione non \u00e8 una cosa del passato; contiene una forza di vita che ha penetrato il mondo. Dove sembra che tutto sia morto, da ogni parte tornano ad apparire i germogli della risurrezione. \u00c8 una forza senza uguali. \u00c8 vero che molte volte sembra che Dio non esista: vediamo ingiustizie, cattiverie, indifferenze e crudelt\u00e0 che non diminuiscono. Per\u00f2 \u00e8 altrettanto certo che nel mezzo dell\u2019oscurit\u00e0 comincia sempre a sbocciare qualcosa di nuovo, che presto o tardi produce un frutto. In un campo spianato torna ad apparire la vita, ostinata e invincibile. Ci saranno molte cose brutte, tuttavia il bene tende sempre a ritornare a sbocciare ed a diffondersi. Ogni giorno nel mondo rinasce la bellezza, che risuscita trasformata attraverso i drammi della storia. I valori tendono sempre a riapparire in nuove forme, e di fatto l\u2019essere umano \u00e8 rinato molte volte da situazioni che sembravano irreversibili. Questa \u00e8 la forza della risurrezione e ogni evangelizzatore \u00e8 uno strumento di tale dinamismo.\u201d.<\/p>\n<hr \/>\n<p><iframe loading=\"lazy\" title=\"Domenica di Pasqua - Riflessione di RP Joao Marcos Boranelli, CR\" width=\"1000\" height=\"563\" src=\"https:\/\/www.youtube.com\/embed\/bXz-l2mFovA?feature=oembed\" frameborder=\"0\" allow=\"accelerometer; autoplay; clipboard-write; encrypted-media; gyroscope; picture-in-picture\" allowfullscreen><\/iframe><\/p>\n","protected":false},"excerpt":{"rendered":"<p>Il RP. Jo\u00e3o Marcos Boranelli, C.R., Rettore della Basilica di Sant&#8217;Andrea della Valle (Roma) ci invia il suo messaggio, il suo saluto e ci invita a riflettere su questa domenica di Pasqua su: \u201cUn amore vivo per sempre. Rimane con noi giorno dopo giorno. Siamo il suo corpo per la&hellip;<\/p>\n","protected":false},"author":5,"featured_media":6792,"comment_status":"closed","ping_status":"open","sticky":false,"template":"","format":"standard","meta":{"_acf_changed":false,"footnotes":"","_links_to":"","_links_to_target":""},"categories":[97],"tags":[],"class_list":["post-6800","post","type-post","status-publish","format-standard","has-post-thumbnail","hentry","category-notizie"],"acf":[],"yoast_head":"<!-- This site is optimized with the Yoast SEO plugin v23.5 - https:\/\/yoast.com\/wordpress\/plugins\/seo\/ -->\n<title>Domenica di Pasqua - Riflessione di R.P. Jo\u00e3o Marcos Boranelli, C.R. - Teatinos<\/title>\n<meta name=\"robots\" content=\"index, follow, max-snippet:-1, max-image-preview:large, max-video-preview:-1\" \/>\n<link rel=\"canonical\" href=\"https:\/\/teatinos.org\/it\/domenica-di-pasqua-riflessione-di-r-p-joao-marcos-boranelli-c-r\/\" \/>\n<meta property=\"og:locale\" content=\"it_IT\" \/>\n<meta property=\"og:type\" content=\"article\" \/>\n<meta property=\"og:title\" content=\"Domenica di Pasqua - Riflessione di R.P. Jo\u00e3o Marcos Boranelli, C.R. - Teatinos\" \/>\n<meta property=\"og:description\" content=\"Il RP. Jo\u00e3o Marcos Boranelli, C.R., Rettore della Basilica di Sant&#8217;Andrea della Valle (Roma) ci invia il suo messaggio, il suo saluto e ci invita a riflettere su questa domenica di Pasqua su: \u201cUn amore vivo per sempre. Rimane con noi giorno dopo giorno. Siamo il suo corpo per la&hellip;\" \/>\n<meta property=\"og:url\" content=\"https:\/\/teatinos.org\/it\/domenica-di-pasqua-riflessione-di-r-p-joao-marcos-boranelli-c-r\/\" \/>\n<meta property=\"og:site_name\" content=\"Teatinos\" \/>\n<meta property=\"article:published_time\" content=\"2021-04-03T20:04:56+00:00\" \/>\n<meta property=\"og:image\" content=\"https:\/\/teatinos.org\/wp-content\/uploads\/2021\/04\/Domingo-de-Resurrecci\u00f3n-P.-Joao-Marcos-Boranelli-CR-ITA.png\" \/>\n\t<meta property=\"og:image:width\" content=\"1080\" \/>\n\t<meta property=\"og:image:height\" content=\"1080\" \/>\n\t<meta property=\"og:image:type\" content=\"image\/png\" \/>\n<meta name=\"author\" content=\"Community Manager\" \/>\n<meta name=\"twitter:card\" content=\"summary_large_image\" \/>\n<meta name=\"twitter:label1\" content=\"Scritto da\" \/>\n\t<meta name=\"twitter:data1\" content=\"Community Manager\" \/>\n\t<meta name=\"twitter:label2\" content=\"Tempo di lettura stimato\" \/>\n\t<meta name=\"twitter:data2\" content=\"1 minuto\" \/>\n<script type=\"application\/ld+json\" class=\"yoast-schema-graph\">{\"@context\":\"https:\/\/schema.org\",\"@graph\":[{\"@type\":\"WebPage\",\"@id\":\"https:\/\/teatinos.org\/it\/domenica-di-pasqua-riflessione-di-r-p-joao-marcos-boranelli-c-r\/\",\"url\":\"https:\/\/teatinos.org\/it\/domenica-di-pasqua-riflessione-di-r-p-joao-marcos-boranelli-c-r\/\",\"name\":\"Domenica di Pasqua - Riflessione di R.P. Jo\u00e3o Marcos Boranelli, C.R. - Teatinos\",\"isPartOf\":{\"@id\":\"https:\/\/teatinos.org\/pt-br\/#website\"},\"primaryImageOfPage\":{\"@id\":\"https:\/\/teatinos.org\/it\/domenica-di-pasqua-riflessione-di-r-p-joao-marcos-boranelli-c-r\/#primaryimage\"},\"image\":{\"@id\":\"https:\/\/teatinos.org\/it\/domenica-di-pasqua-riflessione-di-r-p-joao-marcos-boranelli-c-r\/#primaryimage\"},\"thumbnailUrl\":\"https:\/\/teatinos.org\/wp-content\/uploads\/2021\/04\/Domingo-de-Resurrecci\u00f3n-P.-Joao-Marcos-Boranelli-CR-ITA.png\",\"datePublished\":\"2021-04-03T20:04:56+00:00\",\"dateModified\":\"2021-04-03T20:04:56+00:00\",\"author\":{\"@id\":\"https:\/\/teatinos.org\/pt-br\/#\/schema\/person\/10193cb8ac6f163661033cf7ce9006a5\"},\"breadcrumb\":{\"@id\":\"https:\/\/teatinos.org\/it\/domenica-di-pasqua-riflessione-di-r-p-joao-marcos-boranelli-c-r\/#breadcrumb\"},\"inLanguage\":\"it-IT\",\"potentialAction\":[{\"@type\":\"ReadAction\",\"target\":[\"https:\/\/teatinos.org\/it\/domenica-di-pasqua-riflessione-di-r-p-joao-marcos-boranelli-c-r\/\"]}]},{\"@type\":\"ImageObject\",\"inLanguage\":\"it-IT\",\"@id\":\"https:\/\/teatinos.org\/it\/domenica-di-pasqua-riflessione-di-r-p-joao-marcos-boranelli-c-r\/#primaryimage\",\"url\":\"https:\/\/teatinos.org\/wp-content\/uploads\/2021\/04\/Domingo-de-Resurrecci\u00f3n-P.-Joao-Marcos-Boranelli-CR-ITA.png\",\"contentUrl\":\"https:\/\/teatinos.org\/wp-content\/uploads\/2021\/04\/Domingo-de-Resurrecci\u00f3n-P.-Joao-Marcos-Boranelli-CR-ITA.png\",\"width\":1080,\"height\":1080},{\"@type\":\"BreadcrumbList\",\"@id\":\"https:\/\/teatinos.org\/it\/domenica-di-pasqua-riflessione-di-r-p-joao-marcos-boranelli-c-r\/#breadcrumb\",\"itemListElement\":[{\"@type\":\"ListItem\",\"position\":1,\"name\":\"Portada\",\"item\":\"https:\/\/teatinos.org\/it\/\"},{\"@type\":\"ListItem\",\"position\":2,\"name\":\"Domenica di Pasqua &#8211; Riflessione di R.P. Jo\u00e3o Marcos Boranelli, C.R.\"}]},{\"@type\":\"WebSite\",\"@id\":\"https:\/\/teatinos.org\/pt-br\/#website\",\"url\":\"https:\/\/teatinos.org\/pt-br\/\",\"name\":\"Teatinos\",\"description\":\"Orden de Cl\u00e9rigos Regulares\",\"potentialAction\":[{\"@type\":\"SearchAction\",\"target\":{\"@type\":\"EntryPoint\",\"urlTemplate\":\"https:\/\/teatinos.org\/pt-br\/?s={search_term_string}\"},\"query-input\":{\"@type\":\"PropertyValueSpecification\",\"valueRequired\":true,\"valueName\":\"search_term_string\"}}],\"inLanguage\":\"it-IT\"},{\"@type\":\"Person\",\"@id\":\"https:\/\/teatinos.org\/pt-br\/#\/schema\/person\/10193cb8ac6f163661033cf7ce9006a5\",\"name\":\"Community Manager\",\"url\":\"https:\/\/teatinos.org\/it\/author\/pascual\/\"}]}<\/script>\n<!-- \/ Yoast SEO plugin. -->","yoast_head_json":{"title":"Domenica di Pasqua - Riflessione di R.P. Jo\u00e3o Marcos Boranelli, C.R. - Teatinos","robots":{"index":"index","follow":"follow","max-snippet":"max-snippet:-1","max-image-preview":"max-image-preview:large","max-video-preview":"max-video-preview:-1"},"canonical":"https:\/\/teatinos.org\/it\/domenica-di-pasqua-riflessione-di-r-p-joao-marcos-boranelli-c-r\/","og_locale":"it_IT","og_type":"article","og_title":"Domenica di Pasqua - Riflessione di R.P. Jo\u00e3o Marcos Boranelli, C.R. - Teatinos","og_description":"Il RP. Jo\u00e3o Marcos Boranelli, C.R., Rettore della Basilica di Sant&#8217;Andrea della Valle (Roma) ci invia il suo messaggio, il suo saluto e ci invita a riflettere su questa domenica di Pasqua su: \u201cUn amore vivo per sempre. Rimane con noi giorno dopo giorno. Siamo il suo corpo per la&hellip;","og_url":"https:\/\/teatinos.org\/it\/domenica-di-pasqua-riflessione-di-r-p-joao-marcos-boranelli-c-r\/","og_site_name":"Teatinos","article_published_time":"2021-04-03T20:04:56+00:00","og_image":[{"width":1080,"height":1080,"url":"https:\/\/teatinos.org\/wp-content\/uploads\/2021\/04\/Domingo-de-Resurrecci\u00f3n-P.-Joao-Marcos-Boranelli-CR-ITA.png","type":"image\/png"}],"author":"Community Manager","twitter_card":"summary_large_image","twitter_misc":{"Scritto da":"Community Manager","Tempo di lettura stimato":"1 minuto"},"schema":{"@context":"https:\/\/schema.org","@graph":[{"@type":"WebPage","@id":"https:\/\/teatinos.org\/it\/domenica-di-pasqua-riflessione-di-r-p-joao-marcos-boranelli-c-r\/","url":"https:\/\/teatinos.org\/it\/domenica-di-pasqua-riflessione-di-r-p-joao-marcos-boranelli-c-r\/","name":"Domenica di Pasqua - Riflessione di R.P. Jo\u00e3o Marcos Boranelli, C.R. - Teatinos","isPartOf":{"@id":"https:\/\/teatinos.org\/pt-br\/#website"},"primaryImageOfPage":{"@id":"https:\/\/teatinos.org\/it\/domenica-di-pasqua-riflessione-di-r-p-joao-marcos-boranelli-c-r\/#primaryimage"},"image":{"@id":"https:\/\/teatinos.org\/it\/domenica-di-pasqua-riflessione-di-r-p-joao-marcos-boranelli-c-r\/#primaryimage"},"thumbnailUrl":"https:\/\/teatinos.org\/wp-content\/uploads\/2021\/04\/Domingo-de-Resurrecci\u00f3n-P.-Joao-Marcos-Boranelli-CR-ITA.png","datePublished":"2021-04-03T20:04:56+00:00","dateModified":"2021-04-03T20:04:56+00:00","author":{"@id":"https:\/\/teatinos.org\/pt-br\/#\/schema\/person\/10193cb8ac6f163661033cf7ce9006a5"},"breadcrumb":{"@id":"https:\/\/teatinos.org\/it\/domenica-di-pasqua-riflessione-di-r-p-joao-marcos-boranelli-c-r\/#breadcrumb"},"inLanguage":"it-IT","potentialAction":[{"@type":"ReadAction","target":["https:\/\/teatinos.org\/it\/domenica-di-pasqua-riflessione-di-r-p-joao-marcos-boranelli-c-r\/"]}]},{"@type":"ImageObject","inLanguage":"it-IT","@id":"https:\/\/teatinos.org\/it\/domenica-di-pasqua-riflessione-di-r-p-joao-marcos-boranelli-c-r\/#primaryimage","url":"https:\/\/teatinos.org\/wp-content\/uploads\/2021\/04\/Domingo-de-Resurrecci\u00f3n-P.-Joao-Marcos-Boranelli-CR-ITA.png","contentUrl":"https:\/\/teatinos.org\/wp-content\/uploads\/2021\/04\/Domingo-de-Resurrecci\u00f3n-P.-Joao-Marcos-Boranelli-CR-ITA.png","width":1080,"height":1080},{"@type":"BreadcrumbList","@id":"https:\/\/teatinos.org\/it\/domenica-di-pasqua-riflessione-di-r-p-joao-marcos-boranelli-c-r\/#breadcrumb","itemListElement":[{"@type":"ListItem","position":1,"name":"Portada","item":"https:\/\/teatinos.org\/it\/"},{"@type":"ListItem","position":2,"name":"Domenica di Pasqua &#8211; Riflessione di R.P. Jo\u00e3o Marcos Boranelli, C.R."}]},{"@type":"WebSite","@id":"https:\/\/teatinos.org\/pt-br\/#website","url":"https:\/\/teatinos.org\/pt-br\/","name":"Teatinos","description":"Orden de Cl\u00e9rigos Regulares","potentialAction":[{"@type":"SearchAction","target":{"@type":"EntryPoint","urlTemplate":"https:\/\/teatinos.org\/pt-br\/?s={search_term_string}"},"query-input":{"@type":"PropertyValueSpecification","valueRequired":true,"valueName":"search_term_string"}}],"inLanguage":"it-IT"},{"@type":"Person","@id":"https:\/\/teatinos.org\/pt-br\/#\/schema\/person\/10193cb8ac6f163661033cf7ce9006a5","name":"Community Manager","url":"https:\/\/teatinos.org\/it\/author\/pascual\/"}]}},"rttpg_featured_image_url":{"full":["https:\/\/teatinos.org\/wp-content\/uploads\/2021\/04\/Domingo-de-Resurrecci\u00f3n-P.-Joao-Marcos-Boranelli-CR-ITA.png",1080,1080,false],"landscape":["https:\/\/teatinos.org\/wp-content\/uploads\/2021\/04\/Domingo-de-Resurrecci\u00f3n-P.-Joao-Marcos-Boranelli-CR-ITA.png",1080,1080,false],"portraits":["https:\/\/teatinos.org\/wp-content\/uploads\/2021\/04\/Domingo-de-Resurrecci\u00f3n-P.-Joao-Marcos-Boranelli-CR-ITA.png",1080,1080,false],"thumbnail":["https:\/\/teatinos.org\/wp-content\/uploads\/2021\/04\/Domingo-de-Resurrecci\u00f3n-P.-Joao-Marcos-Boranelli-CR-ITA-150x150.png",150,150,true],"medium":["https:\/\/teatinos.org\/wp-content\/uploads\/2021\/04\/Domingo-de-Resurrecci\u00f3n-P.-Joao-Marcos-Boranelli-CR-ITA-300x300.png",300,300,true],"large":["https:\/\/teatinos.org\/wp-content\/uploads\/2021\/04\/Domingo-de-Resurrecci\u00f3n-P.-Joao-Marcos-Boranelli-CR-ITA-1024x1024.png",1000,1000,true],"1536x1536":["https:\/\/teatinos.org\/wp-content\/uploads\/2021\/04\/Domingo-de-Resurrecci\u00f3n-P.-Joao-Marcos-Boranelli-CR-ITA.png",1080,1080,false],"2048x2048":["https:\/\/teatinos.org\/wp-content\/uploads\/2021\/04\/Domingo-de-Resurrecci\u00f3n-P.-Joao-Marcos-Boranelli-CR-ITA.png",1080,1080,false]},"rttpg_author":{"display_name":"Community Manager","author_link":"https:\/\/teatinos.org\/it\/author\/pascual\/"},"rttpg_comment":0,"rttpg_category":"<a href=\"https:\/\/teatinos.org\/it\/category\/notizie\/\" rel=\"category tag\">Notizie<\/a>","rttpg_excerpt":"Il RP. Jo\u00e3o Marcos Boranelli, C.R., Rettore della Basilica di Sant&#8217;Andrea della Valle (Roma) ci invia il suo messaggio, il suo saluto e ci invita a riflettere su questa domenica di Pasqua su: \u201cUn amore vivo per sempre. Rimane con noi giorno dopo giorno. Siamo il suo corpo per la&hellip;","_links":{"self":[{"href":"https:\/\/teatinos.org\/it\/wp-json\/wp\/v2\/posts\/6800","targetHints":{"allow":["GET"]}}],"collection":[{"href":"https:\/\/teatinos.org\/it\/wp-json\/wp\/v2\/posts"}],"about":[{"href":"https:\/\/teatinos.org\/it\/wp-json\/wp\/v2\/types\/post"}],"author":[{"embeddable":true,"href":"https:\/\/teatinos.org\/it\/wp-json\/wp\/v2\/users\/5"}],"replies":[{"embeddable":true,"href":"https:\/\/teatinos.org\/it\/wp-json\/wp\/v2\/comments?post=6800"}],"version-history":[{"count":1,"href":"https:\/\/teatinos.org\/it\/wp-json\/wp\/v2\/posts\/6800\/revisions"}],"predecessor-version":[{"id":6802,"href":"https:\/\/teatinos.org\/it\/wp-json\/wp\/v2\/posts\/6800\/revisions\/6802"}],"wp:featuredmedia":[{"embeddable":true,"href":"https:\/\/teatinos.org\/it\/wp-json\/wp\/v2\/media\/6792"}],"wp:attachment":[{"href":"https:\/\/teatinos.org\/it\/wp-json\/wp\/v2\/media?parent=6800"}],"wp:term":[{"taxonomy":"category","embeddable":true,"href":"https:\/\/teatinos.org\/it\/wp-json\/wp\/v2\/categories?post=6800"},{"taxonomy":"post_tag","embeddable":true,"href":"https:\/\/teatinos.org\/it\/wp-json\/wp\/v2\/tags?post=6800"}],"curies":[{"name":"wp","href":"https:\/\/api.w.org\/{rel}","templated":true}]}}