{"id":6764,"date":"2021-04-01T21:38:05","date_gmt":"2021-04-01T21:38:05","guid":{"rendered":"http:\/\/teatinos.org\/?p=6764"},"modified":"2021-04-01T21:38:05","modified_gmt":"2021-04-01T21:38:05","slug":"venerdi-santo-riflessione-di-fr-luis-alcantara-c-r","status":"publish","type":"post","link":"https:\/\/teatinos.org\/it\/venerdi-santo-riflessione-di-fr-luis-alcantara-c-r\/","title":{"rendered":"Venerd\u00ec Santo &#8211; Riflessione di Fr. Luis Alc\u00e1ntara, C.R."},"content":{"rendered":"<p>Fratello Luis Alc\u00e1ntara, C.R. ci invita a riflettere su questo Venerd\u00ec Santo su: \u201cUn amore sacrificale. La croce \u00e8 uno spreco d&#8217;amore \u201d. Basato sul Vangelo di oggi, che ci propone la Passione di Nostro Signore Ges\u00f9 Cristo; e basandosi sui fondamenti della Lettera di San Paolo Apostolo ai Romani (8, 35-39):<\/p>\n<p>&#8220;Chi pu\u00f2 dunque separarci dall&#8217;amore di Cristo? Le tribolazioni, l&#8217;angoscia, la persecuzione, la fame, la nudit\u00e0, i pericoli, la spada? Come dice la Scrittura: Per amor tuo siamo continuamente consegnati alla morte; siamo considerati pecore destinate alla macellazione. Ma in tutto questo otteniamo una vasta vittoria, grazie a chi ci ha amato. Perch\u00e9 ho la certezza che n\u00e9 la morte n\u00e9 la vita, n\u00e9 gli angeli n\u00e9 i principati, n\u00e9 il presente n\u00e9 il futuro, n\u00e9 le potenze spirituali, n\u00e9 l&#8217;altezza n\u00e9 la profondit\u00e0, n\u00e9 qualsiasi altra creatura potr\u00e0 mai separarci dall&#8217;amore di Dio, manifestato in Cristo Ges\u00f9 nostro Signore.\u201d.<\/p>\n<p><iframe loading=\"lazy\" title=\"Venerdi Santo - Riflessione di Fr. Luis Alc\u00e1ntara, CR\" width=\"1000\" height=\"563\" src=\"https:\/\/www.youtube.com\/embed\/4wDQAKsSxyY?feature=oembed\" frameborder=\"0\" allow=\"accelerometer; autoplay; clipboard-write; encrypted-media; gyroscope; picture-in-picture\" allowfullscreen><\/iframe><\/p>\n","protected":false},"excerpt":{"rendered":"<p>Fratello Luis Alc\u00e1ntara, C.R. ci invita a riflettere su questo Venerd\u00ec Santo su: \u201cUn amore sacrificale. La croce \u00e8 uno spreco d&#8217;amore \u201d. Basato sul Vangelo di oggi, che ci propone la Passione di Nostro Signore Ges\u00f9 Cristo; e basandosi sui fondamenti della Lettera di San Paolo Apostolo ai Romani&hellip;<\/p>\n","protected":false},"author":5,"featured_media":6756,"comment_status":"closed","ping_status":"open","sticky":false,"template":"","format":"standard","meta":{"_acf_changed":false,"footnotes":"","_links_to":"","_links_to_target":""},"categories":[97],"tags":[],"class_list":["post-6764","post","type-post","status-publish","format-standard","has-post-thumbnail","hentry","category-notizie"],"acf":[],"yoast_head":"<!-- This site is optimized with the Yoast SEO plugin v23.5 - https:\/\/yoast.com\/wordpress\/plugins\/seo\/ -->\n<title>Venerd\u00ec Santo - Riflessione di Fr. Luis Alc\u00e1ntara, C.R. - Teatinos<\/title>\n<meta name=\"robots\" content=\"index, follow, max-snippet:-1, max-image-preview:large, max-video-preview:-1\" \/>\n<link rel=\"canonical\" href=\"https:\/\/teatinos.org\/it\/venerdi-santo-riflessione-di-fr-luis-alcantara-c-r\/\" \/>\n<meta property=\"og:locale\" content=\"it_IT\" \/>\n<meta property=\"og:type\" content=\"article\" \/>\n<meta property=\"og:title\" content=\"Venerd\u00ec Santo - Riflessione di Fr. Luis Alc\u00e1ntara, C.R. - Teatinos\" \/>\n<meta property=\"og:description\" content=\"Fratello Luis Alc\u00e1ntara, C.R. ci invita a riflettere su questo Venerd\u00ec Santo su: \u201cUn amore sacrificale. La croce \u00e8 uno spreco d&#8217;amore \u201d. Basato sul Vangelo di oggi, che ci propone la Passione di Nostro Signore Ges\u00f9 Cristo; e basandosi sui fondamenti della Lettera di San Paolo Apostolo ai Romani&hellip;\" \/>\n<meta property=\"og:url\" content=\"https:\/\/teatinos.org\/it\/venerdi-santo-riflessione-di-fr-luis-alcantara-c-r\/\" \/>\n<meta property=\"og:site_name\" content=\"Teatinos\" \/>\n<meta property=\"article:published_time\" content=\"2021-04-01T21:38:05+00:00\" \/>\n<meta property=\"og:image\" content=\"https:\/\/teatinos.org\/wp-content\/uploads\/2021\/04\/Venerdi-Santo-Hno-Luis-Alcantara-CR-ITA.png\" \/>\n\t<meta property=\"og:image:width\" content=\"1080\" \/>\n\t<meta property=\"og:image:height\" content=\"1080\" \/>\n\t<meta property=\"og:image:type\" content=\"image\/png\" \/>\n<meta name=\"author\" content=\"Community Manager\" \/>\n<meta name=\"twitter:card\" content=\"summary_large_image\" \/>\n<meta name=\"twitter:label1\" content=\"Scritto da\" \/>\n\t<meta name=\"twitter:data1\" content=\"Community Manager\" \/>\n\t<meta name=\"twitter:label2\" content=\"Tempo di lettura stimato\" \/>\n\t<meta name=\"twitter:data2\" content=\"1 minuto\" \/>\n<script type=\"application\/ld+json\" class=\"yoast-schema-graph\">{\"@context\":\"https:\/\/schema.org\",\"@graph\":[{\"@type\":\"WebPage\",\"@id\":\"https:\/\/teatinos.org\/it\/venerdi-santo-riflessione-di-fr-luis-alcantara-c-r\/\",\"url\":\"https:\/\/teatinos.org\/it\/venerdi-santo-riflessione-di-fr-luis-alcantara-c-r\/\",\"name\":\"Venerd\u00ec Santo - Riflessione di Fr. Luis Alc\u00e1ntara, C.R. - Teatinos\",\"isPartOf\":{\"@id\":\"https:\/\/teatinos.org\/pt-br\/#website\"},\"primaryImageOfPage\":{\"@id\":\"https:\/\/teatinos.org\/it\/venerdi-santo-riflessione-di-fr-luis-alcantara-c-r\/#primaryimage\"},\"image\":{\"@id\":\"https:\/\/teatinos.org\/it\/venerdi-santo-riflessione-di-fr-luis-alcantara-c-r\/#primaryimage\"},\"thumbnailUrl\":\"https:\/\/teatinos.org\/wp-content\/uploads\/2021\/04\/Venerdi-Santo-Hno-Luis-Alcantara-CR-ITA.png\",\"datePublished\":\"2021-04-01T21:38:05+00:00\",\"dateModified\":\"2021-04-01T21:38:05+00:00\",\"author\":{\"@id\":\"https:\/\/teatinos.org\/pt-br\/#\/schema\/person\/10193cb8ac6f163661033cf7ce9006a5\"},\"breadcrumb\":{\"@id\":\"https:\/\/teatinos.org\/it\/venerdi-santo-riflessione-di-fr-luis-alcantara-c-r\/#breadcrumb\"},\"inLanguage\":\"it-IT\",\"potentialAction\":[{\"@type\":\"ReadAction\",\"target\":[\"https:\/\/teatinos.org\/it\/venerdi-santo-riflessione-di-fr-luis-alcantara-c-r\/\"]}]},{\"@type\":\"ImageObject\",\"inLanguage\":\"it-IT\",\"@id\":\"https:\/\/teatinos.org\/it\/venerdi-santo-riflessione-di-fr-luis-alcantara-c-r\/#primaryimage\",\"url\":\"https:\/\/teatinos.org\/wp-content\/uploads\/2021\/04\/Venerdi-Santo-Hno-Luis-Alcantara-CR-ITA.png\",\"contentUrl\":\"https:\/\/teatinos.org\/wp-content\/uploads\/2021\/04\/Venerdi-Santo-Hno-Luis-Alcantara-CR-ITA.png\",\"width\":1080,\"height\":1080},{\"@type\":\"BreadcrumbList\",\"@id\":\"https:\/\/teatinos.org\/it\/venerdi-santo-riflessione-di-fr-luis-alcantara-c-r\/#breadcrumb\",\"itemListElement\":[{\"@type\":\"ListItem\",\"position\":1,\"name\":\"Portada\",\"item\":\"https:\/\/teatinos.org\/it\/\"},{\"@type\":\"ListItem\",\"position\":2,\"name\":\"Venerd\u00ec Santo &#8211; Riflessione di Fr. Luis Alc\u00e1ntara, C.R.\"}]},{\"@type\":\"WebSite\",\"@id\":\"https:\/\/teatinos.org\/pt-br\/#website\",\"url\":\"https:\/\/teatinos.org\/pt-br\/\",\"name\":\"Teatinos\",\"description\":\"Orden de Cl\u00e9rigos Regulares\",\"potentialAction\":[{\"@type\":\"SearchAction\",\"target\":{\"@type\":\"EntryPoint\",\"urlTemplate\":\"https:\/\/teatinos.org\/pt-br\/?s={search_term_string}\"},\"query-input\":{\"@type\":\"PropertyValueSpecification\",\"valueRequired\":true,\"valueName\":\"search_term_string\"}}],\"inLanguage\":\"it-IT\"},{\"@type\":\"Person\",\"@id\":\"https:\/\/teatinos.org\/pt-br\/#\/schema\/person\/10193cb8ac6f163661033cf7ce9006a5\",\"name\":\"Community Manager\",\"url\":\"https:\/\/teatinos.org\/it\/author\/pascual\/\"}]}<\/script>\n<!-- \/ Yoast SEO plugin. -->","yoast_head_json":{"title":"Venerd\u00ec Santo - Riflessione di Fr. Luis Alc\u00e1ntara, C.R. - Teatinos","robots":{"index":"index","follow":"follow","max-snippet":"max-snippet:-1","max-image-preview":"max-image-preview:large","max-video-preview":"max-video-preview:-1"},"canonical":"https:\/\/teatinos.org\/it\/venerdi-santo-riflessione-di-fr-luis-alcantara-c-r\/","og_locale":"it_IT","og_type":"article","og_title":"Venerd\u00ec Santo - Riflessione di Fr. Luis Alc\u00e1ntara, C.R. - Teatinos","og_description":"Fratello Luis Alc\u00e1ntara, C.R. ci invita a riflettere su questo Venerd\u00ec Santo su: \u201cUn amore sacrificale. La croce \u00e8 uno spreco d&#8217;amore \u201d. Basato sul Vangelo di oggi, che ci propone la Passione di Nostro Signore Ges\u00f9 Cristo; e basandosi sui fondamenti della Lettera di San Paolo Apostolo ai Romani&hellip;","og_url":"https:\/\/teatinos.org\/it\/venerdi-santo-riflessione-di-fr-luis-alcantara-c-r\/","og_site_name":"Teatinos","article_published_time":"2021-04-01T21:38:05+00:00","og_image":[{"width":1080,"height":1080,"url":"https:\/\/teatinos.org\/wp-content\/uploads\/2021\/04\/Venerdi-Santo-Hno-Luis-Alcantara-CR-ITA.png","type":"image\/png"}],"author":"Community Manager","twitter_card":"summary_large_image","twitter_misc":{"Scritto da":"Community Manager","Tempo di lettura stimato":"1 minuto"},"schema":{"@context":"https:\/\/schema.org","@graph":[{"@type":"WebPage","@id":"https:\/\/teatinos.org\/it\/venerdi-santo-riflessione-di-fr-luis-alcantara-c-r\/","url":"https:\/\/teatinos.org\/it\/venerdi-santo-riflessione-di-fr-luis-alcantara-c-r\/","name":"Venerd\u00ec Santo - Riflessione di Fr. Luis Alc\u00e1ntara, C.R. - Teatinos","isPartOf":{"@id":"https:\/\/teatinos.org\/pt-br\/#website"},"primaryImageOfPage":{"@id":"https:\/\/teatinos.org\/it\/venerdi-santo-riflessione-di-fr-luis-alcantara-c-r\/#primaryimage"},"image":{"@id":"https:\/\/teatinos.org\/it\/venerdi-santo-riflessione-di-fr-luis-alcantara-c-r\/#primaryimage"},"thumbnailUrl":"https:\/\/teatinos.org\/wp-content\/uploads\/2021\/04\/Venerdi-Santo-Hno-Luis-Alcantara-CR-ITA.png","datePublished":"2021-04-01T21:38:05+00:00","dateModified":"2021-04-01T21:38:05+00:00","author":{"@id":"https:\/\/teatinos.org\/pt-br\/#\/schema\/person\/10193cb8ac6f163661033cf7ce9006a5"},"breadcrumb":{"@id":"https:\/\/teatinos.org\/it\/venerdi-santo-riflessione-di-fr-luis-alcantara-c-r\/#breadcrumb"},"inLanguage":"it-IT","potentialAction":[{"@type":"ReadAction","target":["https:\/\/teatinos.org\/it\/venerdi-santo-riflessione-di-fr-luis-alcantara-c-r\/"]}]},{"@type":"ImageObject","inLanguage":"it-IT","@id":"https:\/\/teatinos.org\/it\/venerdi-santo-riflessione-di-fr-luis-alcantara-c-r\/#primaryimage","url":"https:\/\/teatinos.org\/wp-content\/uploads\/2021\/04\/Venerdi-Santo-Hno-Luis-Alcantara-CR-ITA.png","contentUrl":"https:\/\/teatinos.org\/wp-content\/uploads\/2021\/04\/Venerdi-Santo-Hno-Luis-Alcantara-CR-ITA.png","width":1080,"height":1080},{"@type":"BreadcrumbList","@id":"https:\/\/teatinos.org\/it\/venerdi-santo-riflessione-di-fr-luis-alcantara-c-r\/#breadcrumb","itemListElement":[{"@type":"ListItem","position":1,"name":"Portada","item":"https:\/\/teatinos.org\/it\/"},{"@type":"ListItem","position":2,"name":"Venerd\u00ec Santo &#8211; Riflessione di Fr. Luis Alc\u00e1ntara, C.R."}]},{"@type":"WebSite","@id":"https:\/\/teatinos.org\/pt-br\/#website","url":"https:\/\/teatinos.org\/pt-br\/","name":"Teatinos","description":"Orden de Cl\u00e9rigos Regulares","potentialAction":[{"@type":"SearchAction","target":{"@type":"EntryPoint","urlTemplate":"https:\/\/teatinos.org\/pt-br\/?s={search_term_string}"},"query-input":{"@type":"PropertyValueSpecification","valueRequired":true,"valueName":"search_term_string"}}],"inLanguage":"it-IT"},{"@type":"Person","@id":"https:\/\/teatinos.org\/pt-br\/#\/schema\/person\/10193cb8ac6f163661033cf7ce9006a5","name":"Community Manager","url":"https:\/\/teatinos.org\/it\/author\/pascual\/"}]}},"rttpg_featured_image_url":{"full":["https:\/\/teatinos.org\/wp-content\/uploads\/2021\/04\/Venerdi-Santo-Hno-Luis-Alcantara-CR-ITA.png",1080,1080,false],"landscape":["https:\/\/teatinos.org\/wp-content\/uploads\/2021\/04\/Venerdi-Santo-Hno-Luis-Alcantara-CR-ITA.png",1080,1080,false],"portraits":["https:\/\/teatinos.org\/wp-content\/uploads\/2021\/04\/Venerdi-Santo-Hno-Luis-Alcantara-CR-ITA.png",1080,1080,false],"thumbnail":["https:\/\/teatinos.org\/wp-content\/uploads\/2021\/04\/Venerdi-Santo-Hno-Luis-Alcantara-CR-ITA-150x150.png",150,150,true],"medium":["https:\/\/teatinos.org\/wp-content\/uploads\/2021\/04\/Venerdi-Santo-Hno-Luis-Alcantara-CR-ITA-300x300.png",300,300,true],"large":["https:\/\/teatinos.org\/wp-content\/uploads\/2021\/04\/Venerdi-Santo-Hno-Luis-Alcantara-CR-ITA-1024x1024.png",1000,1000,true],"1536x1536":["https:\/\/teatinos.org\/wp-content\/uploads\/2021\/04\/Venerdi-Santo-Hno-Luis-Alcantara-CR-ITA.png",1080,1080,false],"2048x2048":["https:\/\/teatinos.org\/wp-content\/uploads\/2021\/04\/Venerdi-Santo-Hno-Luis-Alcantara-CR-ITA.png",1080,1080,false]},"rttpg_author":{"display_name":"Community Manager","author_link":"https:\/\/teatinos.org\/it\/author\/pascual\/"},"rttpg_comment":0,"rttpg_category":"<a href=\"https:\/\/teatinos.org\/it\/category\/notizie\/\" rel=\"category tag\">Notizie<\/a>","rttpg_excerpt":"Fratello Luis Alc\u00e1ntara, C.R. ci invita a riflettere su questo Venerd\u00ec Santo su: \u201cUn amore sacrificale. La croce \u00e8 uno spreco d&#8217;amore \u201d. Basato sul Vangelo di oggi, che ci propone la Passione di Nostro Signore Ges\u00f9 Cristo; e basandosi sui fondamenti della Lettera di San Paolo Apostolo ai Romani&hellip;","_links":{"self":[{"href":"https:\/\/teatinos.org\/it\/wp-json\/wp\/v2\/posts\/6764","targetHints":{"allow":["GET"]}}],"collection":[{"href":"https:\/\/teatinos.org\/it\/wp-json\/wp\/v2\/posts"}],"about":[{"href":"https:\/\/teatinos.org\/it\/wp-json\/wp\/v2\/types\/post"}],"author":[{"embeddable":true,"href":"https:\/\/teatinos.org\/it\/wp-json\/wp\/v2\/users\/5"}],"replies":[{"embeddable":true,"href":"https:\/\/teatinos.org\/it\/wp-json\/wp\/v2\/comments?post=6764"}],"version-history":[{"count":1,"href":"https:\/\/teatinos.org\/it\/wp-json\/wp\/v2\/posts\/6764\/revisions"}],"predecessor-version":[{"id":6766,"href":"https:\/\/teatinos.org\/it\/wp-json\/wp\/v2\/posts\/6764\/revisions\/6766"}],"wp:featuredmedia":[{"embeddable":true,"href":"https:\/\/teatinos.org\/it\/wp-json\/wp\/v2\/media\/6756"}],"wp:attachment":[{"href":"https:\/\/teatinos.org\/it\/wp-json\/wp\/v2\/media?parent=6764"}],"wp:term":[{"taxonomy":"category","embeddable":true,"href":"https:\/\/teatinos.org\/it\/wp-json\/wp\/v2\/categories?post=6764"},{"taxonomy":"post_tag","embeddable":true,"href":"https:\/\/teatinos.org\/it\/wp-json\/wp\/v2\/tags?post=6764"}],"curies":[{"name":"wp","href":"https:\/\/api.w.org\/{rel}","templated":true}]}}