{"id":6676,"date":"2021-03-17T19:59:06","date_gmt":"2021-03-17T19:59:06","guid":{"rendered":"http:\/\/teatinos.org\/?p=6676"},"modified":"2021-03-17T19:59:06","modified_gmt":"2021-03-17T19:59:06","slug":"ordinazione-presbiterale-del-diac-diego-a-doldan-c-r","status":"publish","type":"post","link":"https:\/\/teatinos.org\/it\/ordinazione-presbiterale-del-diac-diego-a-doldan-c-r\/","title":{"rendered":"Ordinazione Presbiterale del Diac. Diego A. Dold\u00e1n, C.R."},"content":{"rendered":"<p>Venerd\u00ec prossimo, 19 marzo, festa di San Giuseppe, sposo della Beata Vergine Maria, il Di\u00e1c. Diego A. Dold\u00e1n, CR, appartenente alla Provincia Teatina Argentina, attuale membro del nostro Collegio Internazionale Teatino &#8220;San Giuseppe Mar\u00eda Tomasi&#8221; nella Comunit\u00e0 di Sant&#8217;Andrea della Valle, a Roma, svolger\u00e0 la sua Ordinazione Presbiterale, conferitagli dal imposizione delle mani e preghiera consacratoria di Mons. Marcelo Mazzitelli, Vescovo Ausiliare di Mendoza.<\/p>\n<p>La Celebrazione Eucaristica si svolger\u00e0 presso la Parrocchia del Sacro Cuore di Ges\u00f9 (Boulogne Sur Mer, San Isidro, Bs.As.), alle 20:00 (ora argentina). Potranno seguire la trasmissione in diretta <strong><em><a href=\"https:\/\/www.facebook.com\/ClerigosRegulares\/\">cliccando qui.<\/a><\/em><\/strong><\/p>\n<p>Ci uniamo in preghiera per il Di\u00e1c. Diego, e per tutte le vocazioni teatini!<\/p>\n<p><a href=\"http:\/\/teatinos.org\/wp-content\/uploads\/2021\/03\/Diego-Full.jpg\"><img loading=\"lazy\" decoding=\"async\" class=\"alignnone size-full wp-image-6668\" src=\"http:\/\/teatinos.org\/wp-content\/uploads\/2021\/03\/Diego-Full.jpg\" alt=\"\" width=\"1280\" height=\"914\" \/><\/a><\/p>\n","protected":false},"excerpt":{"rendered":"<p>Venerd\u00ec prossimo, 19 marzo, festa di San Giuseppe, sposo della Beata Vergine Maria, il Di\u00e1c. Diego A. Dold\u00e1n, CR, appartenente alla Provincia Teatina Argentina, attuale membro del nostro Collegio Internazionale Teatino &#8220;San Giuseppe Mar\u00eda Tomasi&#8221; nella Comunit\u00e0 di Sant&#8217;Andrea della Valle, a Roma, svolger\u00e0 la sua Ordinazione Presbiterale, conferitagli dal&hellip;<\/p>\n","protected":false},"author":5,"featured_media":6673,"comment_status":"closed","ping_status":"open","sticky":false,"template":"","format":"standard","meta":{"_acf_changed":false,"footnotes":"","_links_to":"","_links_to_target":""},"categories":[97],"tags":[],"class_list":["post-6676","post","type-post","status-publish","format-standard","has-post-thumbnail","hentry","category-notizie"],"acf":[],"yoast_head":"<!-- This site is optimized with the Yoast SEO plugin v23.5 - https:\/\/yoast.com\/wordpress\/plugins\/seo\/ -->\n<title>Ordinazione Presbiterale del Diac. Diego A. Dold\u00e1n, C.R. - Teatinos<\/title>\n<meta name=\"robots\" content=\"index, follow, max-snippet:-1, max-image-preview:large, max-video-preview:-1\" \/>\n<link rel=\"canonical\" href=\"https:\/\/teatinos.org\/it\/ordinazione-presbiterale-del-diac-diego-a-doldan-c-r\/\" \/>\n<meta property=\"og:locale\" content=\"it_IT\" \/>\n<meta property=\"og:type\" content=\"article\" \/>\n<meta property=\"og:title\" content=\"Ordinazione Presbiterale del Diac. Diego A. Dold\u00e1n, C.R. - Teatinos\" \/>\n<meta property=\"og:description\" content=\"Venerd\u00ec prossimo, 19 marzo, festa di San Giuseppe, sposo della Beata Vergine Maria, il Di\u00e1c. Diego A. Dold\u00e1n, CR, appartenente alla Provincia Teatina Argentina, attuale membro del nostro Collegio Internazionale Teatino &#8220;San Giuseppe Mar\u00eda Tomasi&#8221; nella Comunit\u00e0 di Sant&#8217;Andrea della Valle, a Roma, svolger\u00e0 la sua Ordinazione Presbiterale, conferitagli dal&hellip;\" \/>\n<meta property=\"og:url\" content=\"https:\/\/teatinos.org\/it\/ordinazione-presbiterale-del-diac-diego-a-doldan-c-r\/\" \/>\n<meta property=\"og:site_name\" content=\"Teatinos\" \/>\n<meta property=\"article:published_time\" content=\"2021-03-17T19:59:06+00:00\" \/>\n<meta property=\"og:image\" content=\"https:\/\/teatinos.org\/wp-content\/uploads\/2021\/03\/Diego-Web.png\" \/>\n\t<meta property=\"og:image:width\" content=\"1080\" \/>\n\t<meta property=\"og:image:height\" content=\"1080\" \/>\n\t<meta property=\"og:image:type\" content=\"image\/png\" \/>\n<meta name=\"author\" content=\"Community Manager\" \/>\n<meta name=\"twitter:card\" content=\"summary_large_image\" \/>\n<meta name=\"twitter:label1\" content=\"Scritto da\" \/>\n\t<meta name=\"twitter:data1\" content=\"Community Manager\" \/>\n\t<meta name=\"twitter:label2\" content=\"Tempo di lettura stimato\" \/>\n\t<meta name=\"twitter:data2\" content=\"1 minuto\" \/>\n<script type=\"application\/ld+json\" class=\"yoast-schema-graph\">{\"@context\":\"https:\/\/schema.org\",\"@graph\":[{\"@type\":\"WebPage\",\"@id\":\"https:\/\/teatinos.org\/it\/ordinazione-presbiterale-del-diac-diego-a-doldan-c-r\/\",\"url\":\"https:\/\/teatinos.org\/it\/ordinazione-presbiterale-del-diac-diego-a-doldan-c-r\/\",\"name\":\"Ordinazione Presbiterale del Diac. Diego A. Dold\u00e1n, C.R. - Teatinos\",\"isPartOf\":{\"@id\":\"https:\/\/teatinos.org\/pt-br\/#website\"},\"primaryImageOfPage\":{\"@id\":\"https:\/\/teatinos.org\/it\/ordinazione-presbiterale-del-diac-diego-a-doldan-c-r\/#primaryimage\"},\"image\":{\"@id\":\"https:\/\/teatinos.org\/it\/ordinazione-presbiterale-del-diac-diego-a-doldan-c-r\/#primaryimage\"},\"thumbnailUrl\":\"https:\/\/teatinos.org\/wp-content\/uploads\/2021\/03\/Diego-Web.png\",\"datePublished\":\"2021-03-17T19:59:06+00:00\",\"dateModified\":\"2021-03-17T19:59:06+00:00\",\"author\":{\"@id\":\"https:\/\/teatinos.org\/pt-br\/#\/schema\/person\/10193cb8ac6f163661033cf7ce9006a5\"},\"breadcrumb\":{\"@id\":\"https:\/\/teatinos.org\/it\/ordinazione-presbiterale-del-diac-diego-a-doldan-c-r\/#breadcrumb\"},\"inLanguage\":\"it-IT\",\"potentialAction\":[{\"@type\":\"ReadAction\",\"target\":[\"https:\/\/teatinos.org\/it\/ordinazione-presbiterale-del-diac-diego-a-doldan-c-r\/\"]}]},{\"@type\":\"ImageObject\",\"inLanguage\":\"it-IT\",\"@id\":\"https:\/\/teatinos.org\/it\/ordinazione-presbiterale-del-diac-diego-a-doldan-c-r\/#primaryimage\",\"url\":\"https:\/\/teatinos.org\/wp-content\/uploads\/2021\/03\/Diego-Web.png\",\"contentUrl\":\"https:\/\/teatinos.org\/wp-content\/uploads\/2021\/03\/Diego-Web.png\",\"width\":1080,\"height\":1080},{\"@type\":\"BreadcrumbList\",\"@id\":\"https:\/\/teatinos.org\/it\/ordinazione-presbiterale-del-diac-diego-a-doldan-c-r\/#breadcrumb\",\"itemListElement\":[{\"@type\":\"ListItem\",\"position\":1,\"name\":\"Portada\",\"item\":\"https:\/\/teatinos.org\/it\/\"},{\"@type\":\"ListItem\",\"position\":2,\"name\":\"Ordinazione Presbiterale del Diac. Diego A. Dold\u00e1n, C.R.\"}]},{\"@type\":\"WebSite\",\"@id\":\"https:\/\/teatinos.org\/pt-br\/#website\",\"url\":\"https:\/\/teatinos.org\/pt-br\/\",\"name\":\"Teatinos\",\"description\":\"Orden de Cl\u00e9rigos Regulares\",\"potentialAction\":[{\"@type\":\"SearchAction\",\"target\":{\"@type\":\"EntryPoint\",\"urlTemplate\":\"https:\/\/teatinos.org\/pt-br\/?s={search_term_string}\"},\"query-input\":{\"@type\":\"PropertyValueSpecification\",\"valueRequired\":true,\"valueName\":\"search_term_string\"}}],\"inLanguage\":\"it-IT\"},{\"@type\":\"Person\",\"@id\":\"https:\/\/teatinos.org\/pt-br\/#\/schema\/person\/10193cb8ac6f163661033cf7ce9006a5\",\"name\":\"Community Manager\",\"url\":\"https:\/\/teatinos.org\/it\/author\/pascual\/\"}]}<\/script>\n<!-- \/ Yoast SEO plugin. -->","yoast_head_json":{"title":"Ordinazione Presbiterale del Diac. Diego A. Dold\u00e1n, C.R. - Teatinos","robots":{"index":"index","follow":"follow","max-snippet":"max-snippet:-1","max-image-preview":"max-image-preview:large","max-video-preview":"max-video-preview:-1"},"canonical":"https:\/\/teatinos.org\/it\/ordinazione-presbiterale-del-diac-diego-a-doldan-c-r\/","og_locale":"it_IT","og_type":"article","og_title":"Ordinazione Presbiterale del Diac. Diego A. Dold\u00e1n, C.R. - Teatinos","og_description":"Venerd\u00ec prossimo, 19 marzo, festa di San Giuseppe, sposo della Beata Vergine Maria, il Di\u00e1c. Diego A. Dold\u00e1n, CR, appartenente alla Provincia Teatina Argentina, attuale membro del nostro Collegio Internazionale Teatino &#8220;San Giuseppe Mar\u00eda Tomasi&#8221; nella Comunit\u00e0 di Sant&#8217;Andrea della Valle, a Roma, svolger\u00e0 la sua Ordinazione Presbiterale, conferitagli dal&hellip;","og_url":"https:\/\/teatinos.org\/it\/ordinazione-presbiterale-del-diac-diego-a-doldan-c-r\/","og_site_name":"Teatinos","article_published_time":"2021-03-17T19:59:06+00:00","og_image":[{"width":1080,"height":1080,"url":"https:\/\/teatinos.org\/wp-content\/uploads\/2021\/03\/Diego-Web.png","type":"image\/png"}],"author":"Community Manager","twitter_card":"summary_large_image","twitter_misc":{"Scritto da":"Community Manager","Tempo di lettura stimato":"1 minuto"},"schema":{"@context":"https:\/\/schema.org","@graph":[{"@type":"WebPage","@id":"https:\/\/teatinos.org\/it\/ordinazione-presbiterale-del-diac-diego-a-doldan-c-r\/","url":"https:\/\/teatinos.org\/it\/ordinazione-presbiterale-del-diac-diego-a-doldan-c-r\/","name":"Ordinazione Presbiterale del Diac. Diego A. Dold\u00e1n, C.R. - Teatinos","isPartOf":{"@id":"https:\/\/teatinos.org\/pt-br\/#website"},"primaryImageOfPage":{"@id":"https:\/\/teatinos.org\/it\/ordinazione-presbiterale-del-diac-diego-a-doldan-c-r\/#primaryimage"},"image":{"@id":"https:\/\/teatinos.org\/it\/ordinazione-presbiterale-del-diac-diego-a-doldan-c-r\/#primaryimage"},"thumbnailUrl":"https:\/\/teatinos.org\/wp-content\/uploads\/2021\/03\/Diego-Web.png","datePublished":"2021-03-17T19:59:06+00:00","dateModified":"2021-03-17T19:59:06+00:00","author":{"@id":"https:\/\/teatinos.org\/pt-br\/#\/schema\/person\/10193cb8ac6f163661033cf7ce9006a5"},"breadcrumb":{"@id":"https:\/\/teatinos.org\/it\/ordinazione-presbiterale-del-diac-diego-a-doldan-c-r\/#breadcrumb"},"inLanguage":"it-IT","potentialAction":[{"@type":"ReadAction","target":["https:\/\/teatinos.org\/it\/ordinazione-presbiterale-del-diac-diego-a-doldan-c-r\/"]}]},{"@type":"ImageObject","inLanguage":"it-IT","@id":"https:\/\/teatinos.org\/it\/ordinazione-presbiterale-del-diac-diego-a-doldan-c-r\/#primaryimage","url":"https:\/\/teatinos.org\/wp-content\/uploads\/2021\/03\/Diego-Web.png","contentUrl":"https:\/\/teatinos.org\/wp-content\/uploads\/2021\/03\/Diego-Web.png","width":1080,"height":1080},{"@type":"BreadcrumbList","@id":"https:\/\/teatinos.org\/it\/ordinazione-presbiterale-del-diac-diego-a-doldan-c-r\/#breadcrumb","itemListElement":[{"@type":"ListItem","position":1,"name":"Portada","item":"https:\/\/teatinos.org\/it\/"},{"@type":"ListItem","position":2,"name":"Ordinazione Presbiterale del Diac. Diego A. Dold\u00e1n, C.R."}]},{"@type":"WebSite","@id":"https:\/\/teatinos.org\/pt-br\/#website","url":"https:\/\/teatinos.org\/pt-br\/","name":"Teatinos","description":"Orden de Cl\u00e9rigos Regulares","potentialAction":[{"@type":"SearchAction","target":{"@type":"EntryPoint","urlTemplate":"https:\/\/teatinos.org\/pt-br\/?s={search_term_string}"},"query-input":{"@type":"PropertyValueSpecification","valueRequired":true,"valueName":"search_term_string"}}],"inLanguage":"it-IT"},{"@type":"Person","@id":"https:\/\/teatinos.org\/pt-br\/#\/schema\/person\/10193cb8ac6f163661033cf7ce9006a5","name":"Community Manager","url":"https:\/\/teatinos.org\/it\/author\/pascual\/"}]}},"rttpg_featured_image_url":{"full":["https:\/\/teatinos.org\/wp-content\/uploads\/2021\/03\/Diego-Web.png",1080,1080,false],"landscape":["https:\/\/teatinos.org\/wp-content\/uploads\/2021\/03\/Diego-Web.png",1080,1080,false],"portraits":["https:\/\/teatinos.org\/wp-content\/uploads\/2021\/03\/Diego-Web.png",1080,1080,false],"thumbnail":["https:\/\/teatinos.org\/wp-content\/uploads\/2021\/03\/Diego-Web-150x150.png",150,150,true],"medium":["https:\/\/teatinos.org\/wp-content\/uploads\/2021\/03\/Diego-Web-300x300.png",300,300,true],"large":["https:\/\/teatinos.org\/wp-content\/uploads\/2021\/03\/Diego-Web-1024x1024.png",1000,1000,true],"1536x1536":["https:\/\/teatinos.org\/wp-content\/uploads\/2021\/03\/Diego-Web.png",1080,1080,false],"2048x2048":["https:\/\/teatinos.org\/wp-content\/uploads\/2021\/03\/Diego-Web.png",1080,1080,false]},"rttpg_author":{"display_name":"Community Manager","author_link":"https:\/\/teatinos.org\/it\/author\/pascual\/"},"rttpg_comment":0,"rttpg_category":"<a href=\"https:\/\/teatinos.org\/it\/category\/notizie\/\" rel=\"category tag\">Notizie<\/a>","rttpg_excerpt":"Venerd\u00ec prossimo, 19 marzo, festa di San Giuseppe, sposo della Beata Vergine Maria, il Di\u00e1c. Diego A. Dold\u00e1n, CR, appartenente alla Provincia Teatina Argentina, attuale membro del nostro Collegio Internazionale Teatino &#8220;San Giuseppe Mar\u00eda Tomasi&#8221; nella Comunit\u00e0 di Sant&#8217;Andrea della Valle, a Roma, svolger\u00e0 la sua Ordinazione Presbiterale, conferitagli dal&hellip;","_links":{"self":[{"href":"https:\/\/teatinos.org\/it\/wp-json\/wp\/v2\/posts\/6676","targetHints":{"allow":["GET"]}}],"collection":[{"href":"https:\/\/teatinos.org\/it\/wp-json\/wp\/v2\/posts"}],"about":[{"href":"https:\/\/teatinos.org\/it\/wp-json\/wp\/v2\/types\/post"}],"author":[{"embeddable":true,"href":"https:\/\/teatinos.org\/it\/wp-json\/wp\/v2\/users\/5"}],"replies":[{"embeddable":true,"href":"https:\/\/teatinos.org\/it\/wp-json\/wp\/v2\/comments?post=6676"}],"version-history":[{"count":1,"href":"https:\/\/teatinos.org\/it\/wp-json\/wp\/v2\/posts\/6676\/revisions"}],"predecessor-version":[{"id":6677,"href":"https:\/\/teatinos.org\/it\/wp-json\/wp\/v2\/posts\/6676\/revisions\/6677"}],"wp:featuredmedia":[{"embeddable":true,"href":"https:\/\/teatinos.org\/it\/wp-json\/wp\/v2\/media\/6673"}],"wp:attachment":[{"href":"https:\/\/teatinos.org\/it\/wp-json\/wp\/v2\/media?parent=6676"}],"wp:term":[{"taxonomy":"category","embeddable":true,"href":"https:\/\/teatinos.org\/it\/wp-json\/wp\/v2\/categories?post=6676"},{"taxonomy":"post_tag","embeddable":true,"href":"https:\/\/teatinos.org\/it\/wp-json\/wp\/v2\/tags?post=6676"}],"curies":[{"name":"wp","href":"https:\/\/api.w.org\/{rel}","templated":true}]}}