{"id":5264,"date":"2020-06-23T01:42:01","date_gmt":"2020-06-23T01:42:01","guid":{"rendered":"http:\/\/teatinos.org\/?p=5264"},"modified":"2020-06-23T01:42:01","modified_gmt":"2020-06-23T01:42:01","slug":"fratello-diego-doldan-c-r-e-il-mese-degli-esercizi-ignaziani","status":"publish","type":"post","link":"https:\/\/teatinos.org\/it\/fratello-diego-doldan-c-r-e-il-mese-degli-esercizi-ignaziani\/","title":{"rendered":"Fratello Diego Dold\u00e1n, C.R., e il mese degli esercizi ignaziani"},"content":{"rendered":"<p>Arrivato alla fine del mio processo di &#8220;scolastico&#8221; (come si dice in Italia) e in vista della mia formazione permanente, durante il mese di luglio mi ritrover\u00f2 a fare il mese degli Esercizi spirituali nella casa della Compagnia di Ges\u00f9 nella citt\u00e0 di Bologna Un anno fa il mio compagno spirituale mi ha invitato a portarli avanti in vista di questo periodo della mia vita che sta per concludersi e in preparazione di ci\u00f2 che verr\u00e0.<br \/>\nIncoraggiato anche dal mio insegnante e dai miei genitori, sia della comunit\u00e0 che della mia provincia di origine, mi preparo a vivere questa esperienza di profondo incontro con il Signore.<br \/>\nIl mio pi\u00f9 grande desiderio \u00e8 quello di fare una sintesi del mio percorso professionale prima della Professione solenne. D&#8217;altra parte, spero che l&#8217;esperienza degli esercizi ignaziani, la spiritualit\u00e0 contemporanea alla nostra, possa darmi strumenti per, in futuro, aggiornare e diffondere la spiritualit\u00e0 teatina, la cui sintesi \u00e8 espressa nel combattimento spirituale.<br \/>\nMi affido all&#8217;intercessione di nostro fratello Andr\u00e9s Avelino, che, come attesta Diego La\u00ednez, decise definitivamente di entrare nel nostro Istituto alla fine degli Esercizi spirituali che il gesuita gli predic\u00f2 nel 1548. Con una reciproca memoria nella preghiera, io licenziamento fino ad agosto. Saluti in Cristo e Gaetano.<br \/>\nFratello Diego A. Dold\u00e1n, C.R.<\/p>\n<p><a href=\"http:\/\/teatinos.org\/wp-content\/uploads\/2020\/06\/DiegoenNapoles.png\"><img loading=\"lazy\" decoding=\"async\" class=\"alignnone size-full wp-image-5261\" src=\"http:\/\/teatinos.org\/wp-content\/uploads\/2020\/06\/DiegoenNapoles.png\" alt=\"\" width=\"800\" height=\"800\" \/><\/a><\/p>\n","protected":false},"excerpt":{"rendered":"<p>Arrivato alla fine del mio processo di &#8220;scolastico&#8221; (come si dice in Italia) e in vista della mia formazione permanente, durante il mese di luglio mi ritrover\u00f2 a fare il mese degli Esercizi spirituali nella casa della Compagnia di Ges\u00f9 nella citt\u00e0 di Bologna Un anno fa il mio compagno&hellip;<\/p>\n","protected":false},"author":5,"featured_media":5261,"comment_status":"closed","ping_status":"open","sticky":false,"template":"","format":"standard","meta":{"_acf_changed":false,"footnotes":"","_links_to":"","_links_to_target":""},"categories":[97],"tags":[],"class_list":["post-5264","post","type-post","status-publish","format-standard","has-post-thumbnail","hentry","category-notizie"],"acf":[],"yoast_head":"<!-- This site is optimized with the Yoast SEO plugin v23.5 - https:\/\/yoast.com\/wordpress\/plugins\/seo\/ -->\n<title>Fratello Diego Dold\u00e1n, C.R., e il mese degli esercizi ignaziani - Teatinos<\/title>\n<meta name=\"robots\" content=\"index, follow, max-snippet:-1, max-image-preview:large, max-video-preview:-1\" \/>\n<link rel=\"canonical\" href=\"https:\/\/teatinos.org\/it\/fratello-diego-doldan-c-r-e-il-mese-degli-esercizi-ignaziani\/\" \/>\n<meta property=\"og:locale\" content=\"it_IT\" \/>\n<meta property=\"og:type\" content=\"article\" \/>\n<meta property=\"og:title\" content=\"Fratello Diego Dold\u00e1n, C.R., e il mese degli esercizi ignaziani - Teatinos\" \/>\n<meta property=\"og:description\" content=\"Arrivato alla fine del mio processo di &#8220;scolastico&#8221; (come si dice in Italia) e in vista della mia formazione permanente, durante il mese di luglio mi ritrover\u00f2 a fare il mese degli Esercizi spirituali nella casa della Compagnia di Ges\u00f9 nella citt\u00e0 di Bologna Un anno fa il mio compagno&hellip;\" \/>\n<meta property=\"og:url\" content=\"https:\/\/teatinos.org\/it\/fratello-diego-doldan-c-r-e-il-mese-degli-esercizi-ignaziani\/\" \/>\n<meta property=\"og:site_name\" content=\"Teatinos\" \/>\n<meta property=\"article:published_time\" content=\"2020-06-23T01:42:01+00:00\" \/>\n<meta property=\"og:image\" content=\"https:\/\/teatinos.org\/wp-content\/uploads\/2020\/06\/DiegoenNapoles.png\" \/>\n\t<meta property=\"og:image:width\" content=\"800\" \/>\n\t<meta property=\"og:image:height\" content=\"800\" \/>\n\t<meta property=\"og:image:type\" content=\"image\/png\" \/>\n<meta name=\"author\" content=\"Community Manager\" \/>\n<meta name=\"twitter:card\" content=\"summary_large_image\" \/>\n<meta name=\"twitter:label1\" content=\"Scritto da\" \/>\n\t<meta name=\"twitter:data1\" content=\"Community Manager\" \/>\n\t<meta name=\"twitter:label2\" content=\"Tempo di lettura stimato\" \/>\n\t<meta name=\"twitter:data2\" content=\"1 minuto\" \/>\n<script type=\"application\/ld+json\" class=\"yoast-schema-graph\">{\"@context\":\"https:\/\/schema.org\",\"@graph\":[{\"@type\":\"WebPage\",\"@id\":\"https:\/\/teatinos.org\/it\/fratello-diego-doldan-c-r-e-il-mese-degli-esercizi-ignaziani\/\",\"url\":\"https:\/\/teatinos.org\/it\/fratello-diego-doldan-c-r-e-il-mese-degli-esercizi-ignaziani\/\",\"name\":\"Fratello Diego Dold\u00e1n, C.R., e il mese degli esercizi ignaziani - Teatinos\",\"isPartOf\":{\"@id\":\"https:\/\/teatinos.org\/pt-br\/#website\"},\"primaryImageOfPage\":{\"@id\":\"https:\/\/teatinos.org\/it\/fratello-diego-doldan-c-r-e-il-mese-degli-esercizi-ignaziani\/#primaryimage\"},\"image\":{\"@id\":\"https:\/\/teatinos.org\/it\/fratello-diego-doldan-c-r-e-il-mese-degli-esercizi-ignaziani\/#primaryimage\"},\"thumbnailUrl\":\"https:\/\/teatinos.org\/wp-content\/uploads\/2020\/06\/DiegoenNapoles.png\",\"datePublished\":\"2020-06-23T01:42:01+00:00\",\"dateModified\":\"2020-06-23T01:42:01+00:00\",\"author\":{\"@id\":\"https:\/\/teatinos.org\/pt-br\/#\/schema\/person\/10193cb8ac6f163661033cf7ce9006a5\"},\"breadcrumb\":{\"@id\":\"https:\/\/teatinos.org\/it\/fratello-diego-doldan-c-r-e-il-mese-degli-esercizi-ignaziani\/#breadcrumb\"},\"inLanguage\":\"it-IT\",\"potentialAction\":[{\"@type\":\"ReadAction\",\"target\":[\"https:\/\/teatinos.org\/it\/fratello-diego-doldan-c-r-e-il-mese-degli-esercizi-ignaziani\/\"]}]},{\"@type\":\"ImageObject\",\"inLanguage\":\"it-IT\",\"@id\":\"https:\/\/teatinos.org\/it\/fratello-diego-doldan-c-r-e-il-mese-degli-esercizi-ignaziani\/#primaryimage\",\"url\":\"https:\/\/teatinos.org\/wp-content\/uploads\/2020\/06\/DiegoenNapoles.png\",\"contentUrl\":\"https:\/\/teatinos.org\/wp-content\/uploads\/2020\/06\/DiegoenNapoles.png\",\"width\":800,\"height\":800},{\"@type\":\"BreadcrumbList\",\"@id\":\"https:\/\/teatinos.org\/it\/fratello-diego-doldan-c-r-e-il-mese-degli-esercizi-ignaziani\/#breadcrumb\",\"itemListElement\":[{\"@type\":\"ListItem\",\"position\":1,\"name\":\"Portada\",\"item\":\"https:\/\/teatinos.org\/it\/\"},{\"@type\":\"ListItem\",\"position\":2,\"name\":\"Fratello Diego Dold\u00e1n, C.R., e il mese degli esercizi ignaziani\"}]},{\"@type\":\"WebSite\",\"@id\":\"https:\/\/teatinos.org\/pt-br\/#website\",\"url\":\"https:\/\/teatinos.org\/pt-br\/\",\"name\":\"Teatinos\",\"description\":\"Orden de Cl\u00e9rigos Regulares\",\"potentialAction\":[{\"@type\":\"SearchAction\",\"target\":{\"@type\":\"EntryPoint\",\"urlTemplate\":\"https:\/\/teatinos.org\/pt-br\/?s={search_term_string}\"},\"query-input\":{\"@type\":\"PropertyValueSpecification\",\"valueRequired\":true,\"valueName\":\"search_term_string\"}}],\"inLanguage\":\"it-IT\"},{\"@type\":\"Person\",\"@id\":\"https:\/\/teatinos.org\/pt-br\/#\/schema\/person\/10193cb8ac6f163661033cf7ce9006a5\",\"name\":\"Community Manager\",\"url\":\"https:\/\/teatinos.org\/it\/author\/pascual\/\"}]}<\/script>\n<!-- \/ Yoast SEO plugin. -->","yoast_head_json":{"title":"Fratello Diego Dold\u00e1n, C.R., e il mese degli esercizi ignaziani - Teatinos","robots":{"index":"index","follow":"follow","max-snippet":"max-snippet:-1","max-image-preview":"max-image-preview:large","max-video-preview":"max-video-preview:-1"},"canonical":"https:\/\/teatinos.org\/it\/fratello-diego-doldan-c-r-e-il-mese-degli-esercizi-ignaziani\/","og_locale":"it_IT","og_type":"article","og_title":"Fratello Diego Dold\u00e1n, C.R., e il mese degli esercizi ignaziani - Teatinos","og_description":"Arrivato alla fine del mio processo di &#8220;scolastico&#8221; (come si dice in Italia) e in vista della mia formazione permanente, durante il mese di luglio mi ritrover\u00f2 a fare il mese degli Esercizi spirituali nella casa della Compagnia di Ges\u00f9 nella citt\u00e0 di Bologna Un anno fa il mio compagno&hellip;","og_url":"https:\/\/teatinos.org\/it\/fratello-diego-doldan-c-r-e-il-mese-degli-esercizi-ignaziani\/","og_site_name":"Teatinos","article_published_time":"2020-06-23T01:42:01+00:00","og_image":[{"width":800,"height":800,"url":"https:\/\/teatinos.org\/wp-content\/uploads\/2020\/06\/DiegoenNapoles.png","type":"image\/png"}],"author":"Community Manager","twitter_card":"summary_large_image","twitter_misc":{"Scritto da":"Community Manager","Tempo di lettura stimato":"1 minuto"},"schema":{"@context":"https:\/\/schema.org","@graph":[{"@type":"WebPage","@id":"https:\/\/teatinos.org\/it\/fratello-diego-doldan-c-r-e-il-mese-degli-esercizi-ignaziani\/","url":"https:\/\/teatinos.org\/it\/fratello-diego-doldan-c-r-e-il-mese-degli-esercizi-ignaziani\/","name":"Fratello Diego Dold\u00e1n, C.R., e il mese degli esercizi ignaziani - Teatinos","isPartOf":{"@id":"https:\/\/teatinos.org\/pt-br\/#website"},"primaryImageOfPage":{"@id":"https:\/\/teatinos.org\/it\/fratello-diego-doldan-c-r-e-il-mese-degli-esercizi-ignaziani\/#primaryimage"},"image":{"@id":"https:\/\/teatinos.org\/it\/fratello-diego-doldan-c-r-e-il-mese-degli-esercizi-ignaziani\/#primaryimage"},"thumbnailUrl":"https:\/\/teatinos.org\/wp-content\/uploads\/2020\/06\/DiegoenNapoles.png","datePublished":"2020-06-23T01:42:01+00:00","dateModified":"2020-06-23T01:42:01+00:00","author":{"@id":"https:\/\/teatinos.org\/pt-br\/#\/schema\/person\/10193cb8ac6f163661033cf7ce9006a5"},"breadcrumb":{"@id":"https:\/\/teatinos.org\/it\/fratello-diego-doldan-c-r-e-il-mese-degli-esercizi-ignaziani\/#breadcrumb"},"inLanguage":"it-IT","potentialAction":[{"@type":"ReadAction","target":["https:\/\/teatinos.org\/it\/fratello-diego-doldan-c-r-e-il-mese-degli-esercizi-ignaziani\/"]}]},{"@type":"ImageObject","inLanguage":"it-IT","@id":"https:\/\/teatinos.org\/it\/fratello-diego-doldan-c-r-e-il-mese-degli-esercizi-ignaziani\/#primaryimage","url":"https:\/\/teatinos.org\/wp-content\/uploads\/2020\/06\/DiegoenNapoles.png","contentUrl":"https:\/\/teatinos.org\/wp-content\/uploads\/2020\/06\/DiegoenNapoles.png","width":800,"height":800},{"@type":"BreadcrumbList","@id":"https:\/\/teatinos.org\/it\/fratello-diego-doldan-c-r-e-il-mese-degli-esercizi-ignaziani\/#breadcrumb","itemListElement":[{"@type":"ListItem","position":1,"name":"Portada","item":"https:\/\/teatinos.org\/it\/"},{"@type":"ListItem","position":2,"name":"Fratello Diego Dold\u00e1n, C.R., e il mese degli esercizi ignaziani"}]},{"@type":"WebSite","@id":"https:\/\/teatinos.org\/pt-br\/#website","url":"https:\/\/teatinos.org\/pt-br\/","name":"Teatinos","description":"Orden de Cl\u00e9rigos Regulares","potentialAction":[{"@type":"SearchAction","target":{"@type":"EntryPoint","urlTemplate":"https:\/\/teatinos.org\/pt-br\/?s={search_term_string}"},"query-input":{"@type":"PropertyValueSpecification","valueRequired":true,"valueName":"search_term_string"}}],"inLanguage":"it-IT"},{"@type":"Person","@id":"https:\/\/teatinos.org\/pt-br\/#\/schema\/person\/10193cb8ac6f163661033cf7ce9006a5","name":"Community Manager","url":"https:\/\/teatinos.org\/it\/author\/pascual\/"}]}},"rttpg_featured_image_url":{"full":["https:\/\/teatinos.org\/wp-content\/uploads\/2020\/06\/DiegoenNapoles.png",800,800,false],"landscape":["https:\/\/teatinos.org\/wp-content\/uploads\/2020\/06\/DiegoenNapoles.png",800,800,false],"portraits":["https:\/\/teatinos.org\/wp-content\/uploads\/2020\/06\/DiegoenNapoles.png",800,800,false],"thumbnail":["https:\/\/teatinos.org\/wp-content\/uploads\/2020\/06\/DiegoenNapoles-150x150.png",150,150,true],"medium":["https:\/\/teatinos.org\/wp-content\/uploads\/2020\/06\/DiegoenNapoles-300x300.png",300,300,true],"large":["https:\/\/teatinos.org\/wp-content\/uploads\/2020\/06\/DiegoenNapoles.png",800,800,false],"1536x1536":["https:\/\/teatinos.org\/wp-content\/uploads\/2020\/06\/DiegoenNapoles.png",800,800,false],"2048x2048":["https:\/\/teatinos.org\/wp-content\/uploads\/2020\/06\/DiegoenNapoles.png",800,800,false]},"rttpg_author":{"display_name":"Community Manager","author_link":"https:\/\/teatinos.org\/it\/author\/pascual\/"},"rttpg_comment":0,"rttpg_category":"<a href=\"https:\/\/teatinos.org\/it\/category\/notizie\/\" rel=\"category tag\">Notizie<\/a>","rttpg_excerpt":"Arrivato alla fine del mio processo di &#8220;scolastico&#8221; (come si dice in Italia) e in vista della mia formazione permanente, durante il mese di luglio mi ritrover\u00f2 a fare il mese degli Esercizi spirituali nella casa della Compagnia di Ges\u00f9 nella citt\u00e0 di Bologna Un anno fa il mio compagno&hellip;","_links":{"self":[{"href":"https:\/\/teatinos.org\/it\/wp-json\/wp\/v2\/posts\/5264","targetHints":{"allow":["GET"]}}],"collection":[{"href":"https:\/\/teatinos.org\/it\/wp-json\/wp\/v2\/posts"}],"about":[{"href":"https:\/\/teatinos.org\/it\/wp-json\/wp\/v2\/types\/post"}],"author":[{"embeddable":true,"href":"https:\/\/teatinos.org\/it\/wp-json\/wp\/v2\/users\/5"}],"replies":[{"embeddable":true,"href":"https:\/\/teatinos.org\/it\/wp-json\/wp\/v2\/comments?post=5264"}],"version-history":[{"count":1,"href":"https:\/\/teatinos.org\/it\/wp-json\/wp\/v2\/posts\/5264\/revisions"}],"predecessor-version":[{"id":5265,"href":"https:\/\/teatinos.org\/it\/wp-json\/wp\/v2\/posts\/5264\/revisions\/5265"}],"wp:featuredmedia":[{"embeddable":true,"href":"https:\/\/teatinos.org\/it\/wp-json\/wp\/v2\/media\/5261"}],"wp:attachment":[{"href":"https:\/\/teatinos.org\/it\/wp-json\/wp\/v2\/media?parent=5264"}],"wp:term":[{"taxonomy":"category","embeddable":true,"href":"https:\/\/teatinos.org\/it\/wp-json\/wp\/v2\/categories?post=5264"},{"taxonomy":"post_tag","embeddable":true,"href":"https:\/\/teatinos.org\/it\/wp-json\/wp\/v2\/tags?post=5264"}],"curies":[{"name":"wp","href":"https:\/\/api.w.org\/{rel}","templated":true}]}}