{"id":19546,"date":"2025-07-07T17:19:56","date_gmt":"2025-07-07T17:19:56","guid":{"rendered":"https:\/\/teatinos.org\/ordenacion-presbiteral-de-los-diaconos-sebastian-lopez-ortega-c-r-y-victor-rosales-martinez-c-r\/"},"modified":"2025-07-07T17:21:01","modified_gmt":"2025-07-07T17:21:01","slug":"ordenacion-presbiteral-de-los-diaconos-sebastian-lopez-ortega-c-r-y-victor-rosales-martinez-c-r","status":"publish","type":"post","link":"https:\/\/teatinos.org\/it\/ordenacion-presbiteral-de-los-diaconos-sebastian-lopez-ortega-c-r-y-victor-rosales-martinez-c-r\/","title":{"rendered":"Ordinazione Presbiterale dei Diaconi Sebasti\u00e1n L\u00f3pez Ortega, C.R. e V\u00edctor Rosales Mart\u00ednez, C.R."},"content":{"rendered":"<p data-start=\"246\" data-end=\"457\">Con immensa gioia e gratitudine al Signore, l\u2019<strong data-start=\"292\" data-end=\"376\">Ordine dei Chierici Regolari Teatini \u2013 Provincia di Nostra Signora della Purezza<\/strong> invita tutta la comunit\u00e0 a vivere un momento di grazia e speranza per la Chiesa:<\/p>\n<p data-start=\"459\" data-end=\"581\"><strong data-start=\"459\" data-end=\"486\">Ordinazione Sacerdotale<\/strong> dei diaconi<br data-start=\"498\" data-end=\"501\" \/><strong data-start=\"501\" data-end=\"539\">Diac. Sebasti\u00e1n L\u00f3pez Ortega, C.R.<\/strong><br data-start=\"539\" data-end=\"542\" \/><strong data-start=\"542\" data-end=\"581\">Diac. V\u00edctor Rosales Mart\u00ednez, C.R.<\/strong><\/p>\n<p data-start=\"583\" data-end=\"754\">Sar\u00e0 conferita mediante l\u2019<strong data-start=\"609\" data-end=\"665\">imposizione delle mani e la preghiera di ordinazione<\/strong> da parte di<br data-start=\"677\" data-end=\"680\" \/><strong data-start=\"680\" data-end=\"719\">S.E. Mons. Juan Manuel Mu\u00f1oz Curiel<\/strong>, Vescovo Ausiliare di Guadalajara.<\/p>\n<p data-start=\"756\" data-end=\"842\"><strong data-start=\"756\" data-end=\"765\">Data:<\/strong> 5 agosto 2025<br data-start=\"779\" data-end=\"782\" \/><strong data-start=\"782\" data-end=\"790\">Ora:<\/strong> 17:00<br data-start=\"796\" data-end=\"799\" \/><strong data-start=\"799\" data-end=\"809\">Luogo:<\/strong> Tempio Espiatorio di Guadalajara<\/p>\n<p data-start=\"844\" data-end=\"1032\">Affidiamo questo nuovo cammino sacerdotale all\u2019intercessione di Nostra Signora della Purezza e di San Gaetano, affinch\u00e9 questi nostri fratelli servano con fedelt\u00e0 e amore il Popolo di Dio.<\/p>\n<h4 data-start=\"1034\" data-end=\"1050\">Prime Messe<\/h4>\n<p data-start=\"1052\" data-end=\"1230\"><strong data-start=\"1052\" data-end=\"1094\">Neo Pbro. Sebasti\u00e1n L\u00f3pez Ortega, C.R.<\/strong><br data-start=\"1094\" data-end=\"1097\" \/>10 agosto 2025 \u2013 ore 12:00<br data-start=\"1123\" data-end=\"1126\" \/>Parrocchia Santa Cruz de las Huertas<br data-start=\"1162\" data-end=\"1165\" \/>Ram\u00f3n Corona 5, Santa Cruz de las Huertas, 45402, Tonal\u00e1, Jalisco<\/p>\n<p data-start=\"1232\" data-end=\"1400\"><strong data-start=\"1232\" data-end=\"1275\">Neo Pbro. V\u00edctor Rosales Mart\u00ednez, C.R.<\/strong><br data-start=\"1275\" data-end=\"1278\" \/>7 agosto 2025 \u2013 ore 12:00<br data-start=\"1303\" data-end=\"1306\" \/>Parrocchia Sacro Cuore di Ges\u00f9<br data-start=\"1336\" data-end=\"1339\" \/>Loma Morada 7666, Lomas del Manantial, 45402, Tonal\u00e1, Jalisco<\/p>\n<p data-start=\"1402\" data-end=\"1566\">Rendiamo grazie a Dio per il dono del sacerdozio e vi invitiamo a unirvi nella preghiera e nella gioia per questa benedizione della Chiesa e della famiglia teatina.<\/p>\n<p data-start=\"1449\" data-end=\"1607\"><a href=\"https:\/\/teatinos.org\/wp-content\/uploads\/2025\/07\/Ordenacion-Victor-y-Sebastian-Agosto-2025.jpg\"><img loading=\"lazy\" decoding=\"async\" class=\"alignnone size-full wp-image-19538\" src=\"https:\/\/teatinos.org\/wp-content\/uploads\/2025\/07\/Ordenacion-Victor-y-Sebastian-Agosto-2025.jpg\" alt=\"\" width=\"1142\" height=\"1600\" \/><\/a><\/p>\n","protected":false},"excerpt":{"rendered":"<p>Con immensa gioia e gratitudine al Signore, l\u2019Ordine dei Chierici Regolari Teatini \u2013 Provincia di Nostra Signora della Purezza invita tutta la comunit\u00e0 a vivere un momento di grazia e speranza per la Chiesa: Ordinazione Sacerdotale dei diaconiDiac. Sebasti\u00e1n L\u00f3pez Ortega, C.R.Diac. V\u00edctor Rosales Mart\u00ednez, C.R. Sar\u00e0 conferita mediante l\u2019imposizione&hellip;<\/p>\n","protected":false},"author":5,"featured_media":11582,"comment_status":"closed","ping_status":"open","sticky":false,"template":"","format":"standard","meta":{"_acf_changed":false,"footnotes":"","_links_to":"","_links_to_target":""},"categories":[97],"tags":[],"class_list":["post-19546","post","type-post","status-publish","format-standard","has-post-thumbnail","hentry","category-notizie"],"acf":[],"yoast_head":"<!-- This site is optimized with the Yoast SEO plugin v23.5 - https:\/\/yoast.com\/wordpress\/plugins\/seo\/ -->\n<title>Ordinazione Presbiterale dei Diaconi Sebasti\u00e1n L\u00f3pez Ortega, C.R. e V\u00edctor Rosales Mart\u00ednez, C.R. - Teatinos<\/title>\n<meta name=\"robots\" content=\"index, follow, max-snippet:-1, max-image-preview:large, max-video-preview:-1\" \/>\n<link rel=\"canonical\" href=\"https:\/\/teatinos.org\/it\/ordenacion-presbiteral-de-los-diaconos-sebastian-lopez-ortega-c-r-y-victor-rosales-martinez-c-r\/\" \/>\n<meta property=\"og:locale\" content=\"it_IT\" \/>\n<meta property=\"og:type\" content=\"article\" \/>\n<meta property=\"og:title\" content=\"Ordinazione Presbiterale dei Diaconi Sebasti\u00e1n L\u00f3pez Ortega, C.R. e V\u00edctor Rosales Mart\u00ednez, C.R. - Teatinos\" \/>\n<meta property=\"og:description\" content=\"Con immensa gioia e gratitudine al Signore, l\u2019Ordine dei Chierici Regolari Teatini \u2013 Provincia di Nostra Signora della Purezza invita tutta la comunit\u00e0 a vivere un momento di grazia e speranza per la Chiesa: Ordinazione Sacerdotale dei diaconiDiac. Sebasti\u00e1n L\u00f3pez Ortega, C.R.Diac. V\u00edctor Rosales Mart\u00ednez, C.R. Sar\u00e0 conferita mediante l\u2019imposizione&hellip;\" \/>\n<meta property=\"og:url\" content=\"https:\/\/teatinos.org\/it\/ordenacion-presbiteral-de-los-diaconos-sebastian-lopez-ortega-c-r-y-victor-rosales-martinez-c-r\/\" \/>\n<meta property=\"og:site_name\" content=\"Teatinos\" \/>\n<meta property=\"article:published_time\" content=\"2025-07-07T17:19:56+00:00\" \/>\n<meta property=\"article:modified_time\" content=\"2025-07-07T17:21:01+00:00\" \/>\n<meta property=\"og:image\" content=\"https:\/\/teatinos.org\/wp-content\/uploads\/2023\/05\/Placa-USA-2023.png\" \/>\n\t<meta property=\"og:image:width\" content=\"1080\" \/>\n\t<meta property=\"og:image:height\" content=\"1080\" \/>\n\t<meta property=\"og:image:type\" content=\"image\/png\" \/>\n<meta name=\"author\" content=\"Community Manager\" \/>\n<meta name=\"twitter:card\" content=\"summary_large_image\" \/>\n<meta name=\"twitter:label1\" content=\"Scritto da\" \/>\n\t<meta name=\"twitter:data1\" content=\"Community Manager\" \/>\n\t<meta name=\"twitter:label2\" content=\"Tempo di lettura stimato\" \/>\n\t<meta name=\"twitter:data2\" content=\"2 minuti\" \/>\n<script type=\"application\/ld+json\" class=\"yoast-schema-graph\">{\"@context\":\"https:\/\/schema.org\",\"@graph\":[{\"@type\":\"WebPage\",\"@id\":\"https:\/\/teatinos.org\/it\/ordenacion-presbiteral-de-los-diaconos-sebastian-lopez-ortega-c-r-y-victor-rosales-martinez-c-r\/\",\"url\":\"https:\/\/teatinos.org\/it\/ordenacion-presbiteral-de-los-diaconos-sebastian-lopez-ortega-c-r-y-victor-rosales-martinez-c-r\/\",\"name\":\"Ordinazione Presbiterale dei Diaconi Sebasti\u00e1n L\u00f3pez Ortega, C.R. e V\u00edctor Rosales Mart\u00ednez, C.R. - Teatinos\",\"isPartOf\":{\"@id\":\"https:\/\/teatinos.org\/pt-br\/#website\"},\"primaryImageOfPage\":{\"@id\":\"https:\/\/teatinos.org\/it\/ordenacion-presbiteral-de-los-diaconos-sebastian-lopez-ortega-c-r-y-victor-rosales-martinez-c-r\/#primaryimage\"},\"image\":{\"@id\":\"https:\/\/teatinos.org\/it\/ordenacion-presbiteral-de-los-diaconos-sebastian-lopez-ortega-c-r-y-victor-rosales-martinez-c-r\/#primaryimage\"},\"thumbnailUrl\":\"https:\/\/teatinos.org\/wp-content\/uploads\/2023\/05\/Placa-USA-2023.png\",\"datePublished\":\"2025-07-07T17:19:56+00:00\",\"dateModified\":\"2025-07-07T17:21:01+00:00\",\"author\":{\"@id\":\"https:\/\/teatinos.org\/pt-br\/#\/schema\/person\/10193cb8ac6f163661033cf7ce9006a5\"},\"breadcrumb\":{\"@id\":\"https:\/\/teatinos.org\/it\/ordenacion-presbiteral-de-los-diaconos-sebastian-lopez-ortega-c-r-y-victor-rosales-martinez-c-r\/#breadcrumb\"},\"inLanguage\":\"it-IT\",\"potentialAction\":[{\"@type\":\"ReadAction\",\"target\":[\"https:\/\/teatinos.org\/it\/ordenacion-presbiteral-de-los-diaconos-sebastian-lopez-ortega-c-r-y-victor-rosales-martinez-c-r\/\"]}]},{\"@type\":\"ImageObject\",\"inLanguage\":\"it-IT\",\"@id\":\"https:\/\/teatinos.org\/it\/ordenacion-presbiteral-de-los-diaconos-sebastian-lopez-ortega-c-r-y-victor-rosales-martinez-c-r\/#primaryimage\",\"url\":\"https:\/\/teatinos.org\/wp-content\/uploads\/2023\/05\/Placa-USA-2023.png\",\"contentUrl\":\"https:\/\/teatinos.org\/wp-content\/uploads\/2023\/05\/Placa-USA-2023.png\",\"width\":1080,\"height\":1080},{\"@type\":\"BreadcrumbList\",\"@id\":\"https:\/\/teatinos.org\/it\/ordenacion-presbiteral-de-los-diaconos-sebastian-lopez-ortega-c-r-y-victor-rosales-martinez-c-r\/#breadcrumb\",\"itemListElement\":[{\"@type\":\"ListItem\",\"position\":1,\"name\":\"Portada\",\"item\":\"https:\/\/teatinos.org\/it\/\"},{\"@type\":\"ListItem\",\"position\":2,\"name\":\"Ordinazione Presbiterale dei Diaconi Sebasti\u00e1n L\u00f3pez Ortega, C.R. e V\u00edctor Rosales Mart\u00ednez, C.R.\"}]},{\"@type\":\"WebSite\",\"@id\":\"https:\/\/teatinos.org\/pt-br\/#website\",\"url\":\"https:\/\/teatinos.org\/pt-br\/\",\"name\":\"Teatinos\",\"description\":\"Orden de Cl\u00e9rigos Regulares\",\"potentialAction\":[{\"@type\":\"SearchAction\",\"target\":{\"@type\":\"EntryPoint\",\"urlTemplate\":\"https:\/\/teatinos.org\/pt-br\/?s={search_term_string}\"},\"query-input\":{\"@type\":\"PropertyValueSpecification\",\"valueRequired\":true,\"valueName\":\"search_term_string\"}}],\"inLanguage\":\"it-IT\"},{\"@type\":\"Person\",\"@id\":\"https:\/\/teatinos.org\/pt-br\/#\/schema\/person\/10193cb8ac6f163661033cf7ce9006a5\",\"name\":\"Community Manager\",\"url\":\"https:\/\/teatinos.org\/it\/author\/pascual\/\"}]}<\/script>\n<!-- \/ Yoast SEO plugin. -->","yoast_head_json":{"title":"Ordinazione Presbiterale dei Diaconi Sebasti\u00e1n L\u00f3pez Ortega, C.R. e V\u00edctor Rosales Mart\u00ednez, C.R. - Teatinos","robots":{"index":"index","follow":"follow","max-snippet":"max-snippet:-1","max-image-preview":"max-image-preview:large","max-video-preview":"max-video-preview:-1"},"canonical":"https:\/\/teatinos.org\/it\/ordenacion-presbiteral-de-los-diaconos-sebastian-lopez-ortega-c-r-y-victor-rosales-martinez-c-r\/","og_locale":"it_IT","og_type":"article","og_title":"Ordinazione Presbiterale dei Diaconi Sebasti\u00e1n L\u00f3pez Ortega, C.R. e V\u00edctor Rosales Mart\u00ednez, C.R. - Teatinos","og_description":"Con immensa gioia e gratitudine al Signore, l\u2019Ordine dei Chierici Regolari Teatini \u2013 Provincia di Nostra Signora della Purezza invita tutta la comunit\u00e0 a vivere un momento di grazia e speranza per la Chiesa: Ordinazione Sacerdotale dei diaconiDiac. Sebasti\u00e1n L\u00f3pez Ortega, C.R.Diac. V\u00edctor Rosales Mart\u00ednez, C.R. Sar\u00e0 conferita mediante l\u2019imposizione&hellip;","og_url":"https:\/\/teatinos.org\/it\/ordenacion-presbiteral-de-los-diaconos-sebastian-lopez-ortega-c-r-y-victor-rosales-martinez-c-r\/","og_site_name":"Teatinos","article_published_time":"2025-07-07T17:19:56+00:00","article_modified_time":"2025-07-07T17:21:01+00:00","og_image":[{"width":1080,"height":1080,"url":"https:\/\/teatinos.org\/wp-content\/uploads\/2023\/05\/Placa-USA-2023.png","type":"image\/png"}],"author":"Community Manager","twitter_card":"summary_large_image","twitter_misc":{"Scritto da":"Community Manager","Tempo di lettura stimato":"2 minuti"},"schema":{"@context":"https:\/\/schema.org","@graph":[{"@type":"WebPage","@id":"https:\/\/teatinos.org\/it\/ordenacion-presbiteral-de-los-diaconos-sebastian-lopez-ortega-c-r-y-victor-rosales-martinez-c-r\/","url":"https:\/\/teatinos.org\/it\/ordenacion-presbiteral-de-los-diaconos-sebastian-lopez-ortega-c-r-y-victor-rosales-martinez-c-r\/","name":"Ordinazione Presbiterale dei Diaconi Sebasti\u00e1n L\u00f3pez Ortega, C.R. e V\u00edctor Rosales Mart\u00ednez, C.R. - Teatinos","isPartOf":{"@id":"https:\/\/teatinos.org\/pt-br\/#website"},"primaryImageOfPage":{"@id":"https:\/\/teatinos.org\/it\/ordenacion-presbiteral-de-los-diaconos-sebastian-lopez-ortega-c-r-y-victor-rosales-martinez-c-r\/#primaryimage"},"image":{"@id":"https:\/\/teatinos.org\/it\/ordenacion-presbiteral-de-los-diaconos-sebastian-lopez-ortega-c-r-y-victor-rosales-martinez-c-r\/#primaryimage"},"thumbnailUrl":"https:\/\/teatinos.org\/wp-content\/uploads\/2023\/05\/Placa-USA-2023.png","datePublished":"2025-07-07T17:19:56+00:00","dateModified":"2025-07-07T17:21:01+00:00","author":{"@id":"https:\/\/teatinos.org\/pt-br\/#\/schema\/person\/10193cb8ac6f163661033cf7ce9006a5"},"breadcrumb":{"@id":"https:\/\/teatinos.org\/it\/ordenacion-presbiteral-de-los-diaconos-sebastian-lopez-ortega-c-r-y-victor-rosales-martinez-c-r\/#breadcrumb"},"inLanguage":"it-IT","potentialAction":[{"@type":"ReadAction","target":["https:\/\/teatinos.org\/it\/ordenacion-presbiteral-de-los-diaconos-sebastian-lopez-ortega-c-r-y-victor-rosales-martinez-c-r\/"]}]},{"@type":"ImageObject","inLanguage":"it-IT","@id":"https:\/\/teatinos.org\/it\/ordenacion-presbiteral-de-los-diaconos-sebastian-lopez-ortega-c-r-y-victor-rosales-martinez-c-r\/#primaryimage","url":"https:\/\/teatinos.org\/wp-content\/uploads\/2023\/05\/Placa-USA-2023.png","contentUrl":"https:\/\/teatinos.org\/wp-content\/uploads\/2023\/05\/Placa-USA-2023.png","width":1080,"height":1080},{"@type":"BreadcrumbList","@id":"https:\/\/teatinos.org\/it\/ordenacion-presbiteral-de-los-diaconos-sebastian-lopez-ortega-c-r-y-victor-rosales-martinez-c-r\/#breadcrumb","itemListElement":[{"@type":"ListItem","position":1,"name":"Portada","item":"https:\/\/teatinos.org\/it\/"},{"@type":"ListItem","position":2,"name":"Ordinazione Presbiterale dei Diaconi Sebasti\u00e1n L\u00f3pez Ortega, C.R. e V\u00edctor Rosales Mart\u00ednez, C.R."}]},{"@type":"WebSite","@id":"https:\/\/teatinos.org\/pt-br\/#website","url":"https:\/\/teatinos.org\/pt-br\/","name":"Teatinos","description":"Orden de Cl\u00e9rigos Regulares","potentialAction":[{"@type":"SearchAction","target":{"@type":"EntryPoint","urlTemplate":"https:\/\/teatinos.org\/pt-br\/?s={search_term_string}"},"query-input":{"@type":"PropertyValueSpecification","valueRequired":true,"valueName":"search_term_string"}}],"inLanguage":"it-IT"},{"@type":"Person","@id":"https:\/\/teatinos.org\/pt-br\/#\/schema\/person\/10193cb8ac6f163661033cf7ce9006a5","name":"Community Manager","url":"https:\/\/teatinos.org\/it\/author\/pascual\/"}]}},"rttpg_featured_image_url":{"full":["https:\/\/teatinos.org\/wp-content\/uploads\/2023\/05\/Placa-USA-2023.png",1080,1080,false],"landscape":["https:\/\/teatinos.org\/wp-content\/uploads\/2023\/05\/Placa-USA-2023.png",1080,1080,false],"portraits":["https:\/\/teatinos.org\/wp-content\/uploads\/2023\/05\/Placa-USA-2023.png",1080,1080,false],"thumbnail":["https:\/\/teatinos.org\/wp-content\/uploads\/2023\/05\/Placa-USA-2023-150x150.png",150,150,true],"medium":["https:\/\/teatinos.org\/wp-content\/uploads\/2023\/05\/Placa-USA-2023-300x300.png",300,300,true],"large":["https:\/\/teatinos.org\/wp-content\/uploads\/2023\/05\/Placa-USA-2023-1024x1024.png",1000,1000,true],"1536x1536":["https:\/\/teatinos.org\/wp-content\/uploads\/2023\/05\/Placa-USA-2023.png",1080,1080,false],"2048x2048":["https:\/\/teatinos.org\/wp-content\/uploads\/2023\/05\/Placa-USA-2023.png",1080,1080,false]},"rttpg_author":{"display_name":"Community Manager","author_link":"https:\/\/teatinos.org\/it\/author\/pascual\/"},"rttpg_comment":0,"rttpg_category":"<a href=\"https:\/\/teatinos.org\/it\/category\/notizie\/\" rel=\"category tag\">Notizie<\/a>","rttpg_excerpt":"Con immensa gioia e gratitudine al Signore, l\u2019Ordine dei Chierici Regolari Teatini \u2013 Provincia di Nostra Signora della Purezza invita tutta la comunit\u00e0 a vivere un momento di grazia e speranza per la Chiesa: Ordinazione Sacerdotale dei diaconiDiac. Sebasti\u00e1n L\u00f3pez Ortega, C.R.Diac. V\u00edctor Rosales Mart\u00ednez, C.R. Sar\u00e0 conferita mediante l\u2019imposizione&hellip;","_links":{"self":[{"href":"https:\/\/teatinos.org\/it\/wp-json\/wp\/v2\/posts\/19546","targetHints":{"allow":["GET"]}}],"collection":[{"href":"https:\/\/teatinos.org\/it\/wp-json\/wp\/v2\/posts"}],"about":[{"href":"https:\/\/teatinos.org\/it\/wp-json\/wp\/v2\/types\/post"}],"author":[{"embeddable":true,"href":"https:\/\/teatinos.org\/it\/wp-json\/wp\/v2\/users\/5"}],"replies":[{"embeddable":true,"href":"https:\/\/teatinos.org\/it\/wp-json\/wp\/v2\/comments?post=19546"}],"version-history":[{"count":1,"href":"https:\/\/teatinos.org\/it\/wp-json\/wp\/v2\/posts\/19546\/revisions"}],"predecessor-version":[{"id":19548,"href":"https:\/\/teatinos.org\/it\/wp-json\/wp\/v2\/posts\/19546\/revisions\/19548"}],"wp:featuredmedia":[{"embeddable":true,"href":"https:\/\/teatinos.org\/it\/wp-json\/wp\/v2\/media\/11582"}],"wp:attachment":[{"href":"https:\/\/teatinos.org\/it\/wp-json\/wp\/v2\/media?parent=19546"}],"wp:term":[{"taxonomy":"category","embeddable":true,"href":"https:\/\/teatinos.org\/it\/wp-json\/wp\/v2\/categories?post=19546"},{"taxonomy":"post_tag","embeddable":true,"href":"https:\/\/teatinos.org\/it\/wp-json\/wp\/v2\/tags?post=19546"}],"curies":[{"name":"wp","href":"https:\/\/api.w.org\/{rel}","templated":true}]}}