{"id":19408,"date":"2025-06-02T19:19:15","date_gmt":"2025-06-02T19:19:15","guid":{"rendered":"https:\/\/teatinos.org\/arzobispo-de-evora-se-reune-con-representantes-de-los-padres-teatinos\/"},"modified":"2025-06-02T19:20:20","modified_gmt":"2025-06-02T19:20:20","slug":"arzobispo-de-evora-se-reune-con-representantes-de-los-padres-teatinos","status":"publish","type":"post","link":"https:\/\/teatinos.org\/it\/arzobispo-de-evora-se-reune-con-representantes-de-los-padres-teatinos\/","title":{"rendered":"L\u2019Arcivescovo di \u00c9vora incontra i rappresentanti dei Padri Teatini"},"content":{"rendered":"<p data-start=\"180\" data-end=\"491\">Luned\u00ec 2 giugno, Sua Eccellenza Reverendissima Mons. Francisco Jos\u00e9 Villas-Boas Senra de Faria Coelho, Arcivescovo di \u00c9vora, ha ricevuto presso la Casa Arcivescovile il Rev. P. Salvador Rodea Gonz\u00e1lez, C.R., Superiore dei Chierici Regolari (Teatini), il P. Tacilio Ferreira Gomes, C.R., e il P. Manuel Ferreira.<\/p>\n<p data-start=\"493\" data-end=\"848\">L\u2019incontro si \u00e8 svolto in un clima di fraternit\u00e0 e comunione ecclesiale, con un dialogo incentrato sulla missione dei Teatini nell\u2019arcidiocesi e sui frutti pastorali della loro presenza. Tale visita si inserisce nel contesto del prossimo terzo anniversario della presenza dei Padri Teatini a Vendas Novas, che sar\u00e0 celebrato il 24 settembre di quest\u2019anno.<\/p>\n<p data-start=\"850\" data-end=\"1026\">L\u2019Arcidiocesi di \u00c9vora esprime gratitudine per il servizio generoso di questa comunit\u00e0 religiosa e rinnova il proprio impegno a camminare insieme al servizio del Popolo di Dio.<\/p>\n<p data-start=\"868\" data-end=\"1033\"><a href=\"https:\/\/teatinos.org\/wp-content\/uploads\/2025\/06\/IMG_0712.jpg\"><img loading=\"lazy\" decoding=\"async\" class=\"alignnone size-full wp-image-19400\" src=\"https:\/\/teatinos.org\/wp-content\/uploads\/2025\/06\/IMG_0712.jpg\" alt=\"\" width=\"1500\" height=\"2000\" \/><\/a><a href=\"https:\/\/www.facebook.com\/share\/16izyDX5uL\/?mibextid=wwXIfr\">LINK<\/a><\/p>\n","protected":false},"excerpt":{"rendered":"<p>Luned\u00ec 2 giugno, Sua Eccellenza Reverendissima Mons. Francisco Jos\u00e9 Villas-Boas Senra de Faria Coelho, Arcivescovo di \u00c9vora, ha ricevuto presso la Casa Arcivescovile il Rev. P. Salvador Rodea Gonz\u00e1lez, C.R., Superiore dei Chierici Regolari (Teatini), il P. Tacilio Ferreira Gomes, C.R., e il P. Manuel Ferreira. L\u2019incontro si \u00e8 svolto&hellip;<\/p>\n","protected":false},"author":5,"featured_media":12081,"comment_status":"closed","ping_status":"open","sticky":false,"template":"","format":"standard","meta":{"_acf_changed":false,"footnotes":"","_links_to":"","_links_to_target":""},"categories":[97],"tags":[],"class_list":["post-19408","post","type-post","status-publish","format-standard","has-post-thumbnail","hentry","category-notizie"],"acf":[],"yoast_head":"<!-- This site is optimized with the Yoast SEO plugin v23.5 - https:\/\/yoast.com\/wordpress\/plugins\/seo\/ -->\n<title>L\u2019Arcivescovo di \u00c9vora incontra i rappresentanti dei Padri Teatini - Teatinos<\/title>\n<meta name=\"robots\" content=\"index, follow, max-snippet:-1, max-image-preview:large, max-video-preview:-1\" \/>\n<link rel=\"canonical\" href=\"https:\/\/teatinos.org\/it\/arzobispo-de-evora-se-reune-con-representantes-de-los-padres-teatinos\/\" \/>\n<meta property=\"og:locale\" content=\"it_IT\" \/>\n<meta property=\"og:type\" content=\"article\" \/>\n<meta property=\"og:title\" content=\"L\u2019Arcivescovo di \u00c9vora incontra i rappresentanti dei Padri Teatini - Teatinos\" \/>\n<meta property=\"og:description\" content=\"Luned\u00ec 2 giugno, Sua Eccellenza Reverendissima Mons. Francisco Jos\u00e9 Villas-Boas Senra de Faria Coelho, Arcivescovo di \u00c9vora, ha ricevuto presso la Casa Arcivescovile il Rev. P. Salvador Rodea Gonz\u00e1lez, C.R., Superiore dei Chierici Regolari (Teatini), il P. Tacilio Ferreira Gomes, C.R., e il P. Manuel Ferreira. L\u2019incontro si \u00e8 svolto&hellip;\" \/>\n<meta property=\"og:url\" content=\"https:\/\/teatinos.org\/it\/arzobispo-de-evora-se-reune-con-representantes-de-los-padres-teatinos\/\" \/>\n<meta property=\"og:site_name\" content=\"Teatinos\" \/>\n<meta property=\"article:published_time\" content=\"2025-06-02T19:19:15+00:00\" \/>\n<meta property=\"article:modified_time\" content=\"2025-06-02T19:20:20+00:00\" \/>\n<meta property=\"og:image\" content=\"https:\/\/teatinos.org\/wp-content\/uploads\/2023\/08\/Placa-Padre-General-ITA-2023.png\" \/>\n\t<meta property=\"og:image:width\" content=\"1080\" \/>\n\t<meta property=\"og:image:height\" content=\"1080\" \/>\n\t<meta property=\"og:image:type\" content=\"image\/png\" \/>\n<meta name=\"author\" content=\"Community Manager\" \/>\n<meta name=\"twitter:card\" content=\"summary_large_image\" \/>\n<meta name=\"twitter:label1\" content=\"Scritto da\" \/>\n\t<meta name=\"twitter:data1\" content=\"Community Manager\" \/>\n\t<meta name=\"twitter:label2\" content=\"Tempo di lettura stimato\" \/>\n\t<meta name=\"twitter:data2\" content=\"1 minuto\" \/>\n<script type=\"application\/ld+json\" class=\"yoast-schema-graph\">{\"@context\":\"https:\/\/schema.org\",\"@graph\":[{\"@type\":\"WebPage\",\"@id\":\"https:\/\/teatinos.org\/it\/arzobispo-de-evora-se-reune-con-representantes-de-los-padres-teatinos\/\",\"url\":\"https:\/\/teatinos.org\/it\/arzobispo-de-evora-se-reune-con-representantes-de-los-padres-teatinos\/\",\"name\":\"L\u2019Arcivescovo di \u00c9vora incontra i rappresentanti dei Padri Teatini - Teatinos\",\"isPartOf\":{\"@id\":\"https:\/\/teatinos.org\/pt-br\/#website\"},\"primaryImageOfPage\":{\"@id\":\"https:\/\/teatinos.org\/it\/arzobispo-de-evora-se-reune-con-representantes-de-los-padres-teatinos\/#primaryimage\"},\"image\":{\"@id\":\"https:\/\/teatinos.org\/it\/arzobispo-de-evora-se-reune-con-representantes-de-los-padres-teatinos\/#primaryimage\"},\"thumbnailUrl\":\"https:\/\/teatinos.org\/wp-content\/uploads\/2023\/08\/Placa-Padre-General-ITA-2023.png\",\"datePublished\":\"2025-06-02T19:19:15+00:00\",\"dateModified\":\"2025-06-02T19:20:20+00:00\",\"author\":{\"@id\":\"https:\/\/teatinos.org\/pt-br\/#\/schema\/person\/10193cb8ac6f163661033cf7ce9006a5\"},\"breadcrumb\":{\"@id\":\"https:\/\/teatinos.org\/it\/arzobispo-de-evora-se-reune-con-representantes-de-los-padres-teatinos\/#breadcrumb\"},\"inLanguage\":\"it-IT\",\"potentialAction\":[{\"@type\":\"ReadAction\",\"target\":[\"https:\/\/teatinos.org\/it\/arzobispo-de-evora-se-reune-con-representantes-de-los-padres-teatinos\/\"]}]},{\"@type\":\"ImageObject\",\"inLanguage\":\"it-IT\",\"@id\":\"https:\/\/teatinos.org\/it\/arzobispo-de-evora-se-reune-con-representantes-de-los-padres-teatinos\/#primaryimage\",\"url\":\"https:\/\/teatinos.org\/wp-content\/uploads\/2023\/08\/Placa-Padre-General-ITA-2023.png\",\"contentUrl\":\"https:\/\/teatinos.org\/wp-content\/uploads\/2023\/08\/Placa-Padre-General-ITA-2023.png\",\"width\":1080,\"height\":1080},{\"@type\":\"BreadcrumbList\",\"@id\":\"https:\/\/teatinos.org\/it\/arzobispo-de-evora-se-reune-con-representantes-de-los-padres-teatinos\/#breadcrumb\",\"itemListElement\":[{\"@type\":\"ListItem\",\"position\":1,\"name\":\"Portada\",\"item\":\"https:\/\/teatinos.org\/it\/\"},{\"@type\":\"ListItem\",\"position\":2,\"name\":\"L\u2019Arcivescovo di \u00c9vora incontra i rappresentanti dei Padri Teatini\"}]},{\"@type\":\"WebSite\",\"@id\":\"https:\/\/teatinos.org\/pt-br\/#website\",\"url\":\"https:\/\/teatinos.org\/pt-br\/\",\"name\":\"Teatinos\",\"description\":\"Orden de Cl\u00e9rigos Regulares\",\"potentialAction\":[{\"@type\":\"SearchAction\",\"target\":{\"@type\":\"EntryPoint\",\"urlTemplate\":\"https:\/\/teatinos.org\/pt-br\/?s={search_term_string}\"},\"query-input\":{\"@type\":\"PropertyValueSpecification\",\"valueRequired\":true,\"valueName\":\"search_term_string\"}}],\"inLanguage\":\"it-IT\"},{\"@type\":\"Person\",\"@id\":\"https:\/\/teatinos.org\/pt-br\/#\/schema\/person\/10193cb8ac6f163661033cf7ce9006a5\",\"name\":\"Community Manager\",\"url\":\"https:\/\/teatinos.org\/it\/author\/pascual\/\"}]}<\/script>\n<!-- \/ Yoast SEO plugin. -->","yoast_head_json":{"title":"L\u2019Arcivescovo di \u00c9vora incontra i rappresentanti dei Padri Teatini - Teatinos","robots":{"index":"index","follow":"follow","max-snippet":"max-snippet:-1","max-image-preview":"max-image-preview:large","max-video-preview":"max-video-preview:-1"},"canonical":"https:\/\/teatinos.org\/it\/arzobispo-de-evora-se-reune-con-representantes-de-los-padres-teatinos\/","og_locale":"it_IT","og_type":"article","og_title":"L\u2019Arcivescovo di \u00c9vora incontra i rappresentanti dei Padri Teatini - Teatinos","og_description":"Luned\u00ec 2 giugno, Sua Eccellenza Reverendissima Mons. Francisco Jos\u00e9 Villas-Boas Senra de Faria Coelho, Arcivescovo di \u00c9vora, ha ricevuto presso la Casa Arcivescovile il Rev. P. Salvador Rodea Gonz\u00e1lez, C.R., Superiore dei Chierici Regolari (Teatini), il P. Tacilio Ferreira Gomes, C.R., e il P. Manuel Ferreira. L\u2019incontro si \u00e8 svolto&hellip;","og_url":"https:\/\/teatinos.org\/it\/arzobispo-de-evora-se-reune-con-representantes-de-los-padres-teatinos\/","og_site_name":"Teatinos","article_published_time":"2025-06-02T19:19:15+00:00","article_modified_time":"2025-06-02T19:20:20+00:00","og_image":[{"width":1080,"height":1080,"url":"https:\/\/teatinos.org\/wp-content\/uploads\/2023\/08\/Placa-Padre-General-ITA-2023.png","type":"image\/png"}],"author":"Community Manager","twitter_card":"summary_large_image","twitter_misc":{"Scritto da":"Community Manager","Tempo di lettura stimato":"1 minuto"},"schema":{"@context":"https:\/\/schema.org","@graph":[{"@type":"WebPage","@id":"https:\/\/teatinos.org\/it\/arzobispo-de-evora-se-reune-con-representantes-de-los-padres-teatinos\/","url":"https:\/\/teatinos.org\/it\/arzobispo-de-evora-se-reune-con-representantes-de-los-padres-teatinos\/","name":"L\u2019Arcivescovo di \u00c9vora incontra i rappresentanti dei Padri Teatini - Teatinos","isPartOf":{"@id":"https:\/\/teatinos.org\/pt-br\/#website"},"primaryImageOfPage":{"@id":"https:\/\/teatinos.org\/it\/arzobispo-de-evora-se-reune-con-representantes-de-los-padres-teatinos\/#primaryimage"},"image":{"@id":"https:\/\/teatinos.org\/it\/arzobispo-de-evora-se-reune-con-representantes-de-los-padres-teatinos\/#primaryimage"},"thumbnailUrl":"https:\/\/teatinos.org\/wp-content\/uploads\/2023\/08\/Placa-Padre-General-ITA-2023.png","datePublished":"2025-06-02T19:19:15+00:00","dateModified":"2025-06-02T19:20:20+00:00","author":{"@id":"https:\/\/teatinos.org\/pt-br\/#\/schema\/person\/10193cb8ac6f163661033cf7ce9006a5"},"breadcrumb":{"@id":"https:\/\/teatinos.org\/it\/arzobispo-de-evora-se-reune-con-representantes-de-los-padres-teatinos\/#breadcrumb"},"inLanguage":"it-IT","potentialAction":[{"@type":"ReadAction","target":["https:\/\/teatinos.org\/it\/arzobispo-de-evora-se-reune-con-representantes-de-los-padres-teatinos\/"]}]},{"@type":"ImageObject","inLanguage":"it-IT","@id":"https:\/\/teatinos.org\/it\/arzobispo-de-evora-se-reune-con-representantes-de-los-padres-teatinos\/#primaryimage","url":"https:\/\/teatinos.org\/wp-content\/uploads\/2023\/08\/Placa-Padre-General-ITA-2023.png","contentUrl":"https:\/\/teatinos.org\/wp-content\/uploads\/2023\/08\/Placa-Padre-General-ITA-2023.png","width":1080,"height":1080},{"@type":"BreadcrumbList","@id":"https:\/\/teatinos.org\/it\/arzobispo-de-evora-se-reune-con-representantes-de-los-padres-teatinos\/#breadcrumb","itemListElement":[{"@type":"ListItem","position":1,"name":"Portada","item":"https:\/\/teatinos.org\/it\/"},{"@type":"ListItem","position":2,"name":"L\u2019Arcivescovo di \u00c9vora incontra i rappresentanti dei Padri Teatini"}]},{"@type":"WebSite","@id":"https:\/\/teatinos.org\/pt-br\/#website","url":"https:\/\/teatinos.org\/pt-br\/","name":"Teatinos","description":"Orden de Cl\u00e9rigos Regulares","potentialAction":[{"@type":"SearchAction","target":{"@type":"EntryPoint","urlTemplate":"https:\/\/teatinos.org\/pt-br\/?s={search_term_string}"},"query-input":{"@type":"PropertyValueSpecification","valueRequired":true,"valueName":"search_term_string"}}],"inLanguage":"it-IT"},{"@type":"Person","@id":"https:\/\/teatinos.org\/pt-br\/#\/schema\/person\/10193cb8ac6f163661033cf7ce9006a5","name":"Community Manager","url":"https:\/\/teatinos.org\/it\/author\/pascual\/"}]}},"rttpg_featured_image_url":{"full":["https:\/\/teatinos.org\/wp-content\/uploads\/2023\/08\/Placa-Padre-General-ITA-2023.png",1080,1080,false],"landscape":["https:\/\/teatinos.org\/wp-content\/uploads\/2023\/08\/Placa-Padre-General-ITA-2023.png",1080,1080,false],"portraits":["https:\/\/teatinos.org\/wp-content\/uploads\/2023\/08\/Placa-Padre-General-ITA-2023.png",1080,1080,false],"thumbnail":["https:\/\/teatinos.org\/wp-content\/uploads\/2023\/08\/Placa-Padre-General-ITA-2023-150x150.png",150,150,true],"medium":["https:\/\/teatinos.org\/wp-content\/uploads\/2023\/08\/Placa-Padre-General-ITA-2023-300x300.png",300,300,true],"large":["https:\/\/teatinos.org\/wp-content\/uploads\/2023\/08\/Placa-Padre-General-ITA-2023-1024x1024.png",1000,1000,true],"1536x1536":["https:\/\/teatinos.org\/wp-content\/uploads\/2023\/08\/Placa-Padre-General-ITA-2023.png",1080,1080,false],"2048x2048":["https:\/\/teatinos.org\/wp-content\/uploads\/2023\/08\/Placa-Padre-General-ITA-2023.png",1080,1080,false]},"rttpg_author":{"display_name":"Community Manager","author_link":"https:\/\/teatinos.org\/it\/author\/pascual\/"},"rttpg_comment":0,"rttpg_category":"<a href=\"https:\/\/teatinos.org\/it\/category\/notizie\/\" rel=\"category tag\">Notizie<\/a>","rttpg_excerpt":"Luned\u00ec 2 giugno, Sua Eccellenza Reverendissima Mons. Francisco Jos\u00e9 Villas-Boas Senra de Faria Coelho, Arcivescovo di \u00c9vora, ha ricevuto presso la Casa Arcivescovile il Rev. P. Salvador Rodea Gonz\u00e1lez, C.R., Superiore dei Chierici Regolari (Teatini), il P. Tacilio Ferreira Gomes, C.R., e il P. Manuel Ferreira. L\u2019incontro si \u00e8 svolto&hellip;","_links":{"self":[{"href":"https:\/\/teatinos.org\/it\/wp-json\/wp\/v2\/posts\/19408","targetHints":{"allow":["GET"]}}],"collection":[{"href":"https:\/\/teatinos.org\/it\/wp-json\/wp\/v2\/posts"}],"about":[{"href":"https:\/\/teatinos.org\/it\/wp-json\/wp\/v2\/types\/post"}],"author":[{"embeddable":true,"href":"https:\/\/teatinos.org\/it\/wp-json\/wp\/v2\/users\/5"}],"replies":[{"embeddable":true,"href":"https:\/\/teatinos.org\/it\/wp-json\/wp\/v2\/comments?post=19408"}],"version-history":[{"count":1,"href":"https:\/\/teatinos.org\/it\/wp-json\/wp\/v2\/posts\/19408\/revisions"}],"predecessor-version":[{"id":19410,"href":"https:\/\/teatinos.org\/it\/wp-json\/wp\/v2\/posts\/19408\/revisions\/19410"}],"wp:featuredmedia":[{"embeddable":true,"href":"https:\/\/teatinos.org\/it\/wp-json\/wp\/v2\/media\/12081"}],"wp:attachment":[{"href":"https:\/\/teatinos.org\/it\/wp-json\/wp\/v2\/media?parent=19408"}],"wp:term":[{"taxonomy":"category","embeddable":true,"href":"https:\/\/teatinos.org\/it\/wp-json\/wp\/v2\/categories?post=19408"},{"taxonomy":"post_tag","embeddable":true,"href":"https:\/\/teatinos.org\/it\/wp-json\/wp\/v2\/tags?post=19408"}],"curies":[{"name":"wp","href":"https:\/\/api.w.org\/{rel}","templated":true}]}}