{"id":17834,"date":"2024-11-02T19:28:52","date_gmt":"2024-11-02T19:28:52","guid":{"rendered":"https:\/\/teatinos.org\/misa-de-institucion-del-ministerio-del-lectorado\/"},"modified":"2024-11-02T19:31:44","modified_gmt":"2024-11-02T19:31:44","slug":"misa-de-institucion-del-ministerio-del-lectorado","status":"publish","type":"post","link":"https:\/\/teatinos.org\/it\/misa-de-institucion-del-ministerio-del-lectorado\/","title":{"rendered":"Messa di Istituzione del Ministero del Lettorato"},"content":{"rendered":"<p>La <strong>Provincia Teatina d&#8217;Argentina<\/strong> ha l&#8217;onore di invitarti a partecipare a una solenne celebrazione eucaristica in cui quattro dei nostri fratelli riceveranno il <strong>Ministero del Lettorato.<\/strong><\/p>\n<p>Con grande gioia, accompagneremo:<\/p>\n<ul>\n<li><strong>Elder Ordo\u00f1ez Gironza, C.R.<\/strong><\/li>\n<li><strong>Daniel Ricardo Rodr\u00edguez Quijano, C.R.<\/strong><\/li>\n<li><strong>Juan Diego Prieto Moreno, C.R.<\/strong><\/li>\n<li><strong>Facundo Mart\u00ednez, C.R.<\/strong>\n<p>Data: Domenica 10 novembre<br \/>\nOra: 11:00<br \/>\nLuogo: Parrocchia San Cayetano &#8211; Villa Adelina<br \/>\nIndirizzo: Dean Funes 950, Villa Adelina<\/li>\n<\/ul>\n<p>Il Ministero del Lettorato rappresenta una tappa importante nel loro cammino vocazionale, dove questi fratelli si impegneranno in modo speciale nella proclamazione della Parola di Dio e nel servizio alla comunit\u00e0. \u00c8 un passo significativo verso una vita di dedizione e fede al servizio della Chiesa.<\/p>\n<p>Ti invitiamo a unirti a noi in questa messa speciale, condividendo la nostra gioia e offrendo le tue preghiere per i nostri fratelli in questo momento cruciale della loro formazione.<\/p>\n<p>La tua presenza sar\u00e0 un dono e una benedizione! Vieni a celebrare e a testimoniare questo bellissimo impegno nella vita della Chiesa. Ti aspettiamo!<\/p>\n<p><a href=\"https:\/\/teatinos.org\/wp-content\/uploads\/2024\/11\/Lectorado-ARG-Nov24.jpg\"><img loading=\"lazy\" decoding=\"async\" class=\"alignnone size-full wp-image-17803\" src=\"https:\/\/teatinos.org\/wp-content\/uploads\/2024\/11\/Lectorado-ARG-Nov24.jpg\" alt=\"\" width=\"1135\" height=\"1600\" \/><\/a><\/p>\n","protected":false},"excerpt":{"rendered":"<p>La Provincia Teatina d&#8217;Argentina ha l&#8217;onore di invitarti a partecipare a una solenne celebrazione eucaristica in cui quattro dei nostri fratelli riceveranno il Ministero del Lettorato. Con grande gioia, accompagneremo: Elder Ordo\u00f1ez Gironza, C.R. Daniel Ricardo Rodr\u00edguez Quijano, C.R. Juan Diego Prieto Moreno, C.R. Facundo Mart\u00ednez, C.R. Data: Domenica 10&hellip;<\/p>\n","protected":false},"author":5,"featured_media":11527,"comment_status":"closed","ping_status":"open","sticky":false,"template":"","format":"standard","meta":{"_acf_changed":false,"footnotes":"","_links_to":"","_links_to_target":""},"categories":[97],"tags":[],"class_list":["post-17834","post","type-post","status-publish","format-standard","has-post-thumbnail","hentry","category-notizie"],"acf":[],"yoast_head":"<!-- This site is optimized with the Yoast SEO plugin v23.5 - https:\/\/yoast.com\/wordpress\/plugins\/seo\/ -->\n<title>Messa di Istituzione del Ministero del Lettorato - Teatinos<\/title>\n<meta name=\"robots\" content=\"index, follow, max-snippet:-1, max-image-preview:large, max-video-preview:-1\" \/>\n<link rel=\"canonical\" href=\"https:\/\/teatinos.org\/it\/misa-de-institucion-del-ministerio-del-lectorado\/\" \/>\n<meta property=\"og:locale\" content=\"it_IT\" \/>\n<meta property=\"og:type\" content=\"article\" \/>\n<meta property=\"og:title\" content=\"Messa di Istituzione del Ministero del Lettorato - Teatinos\" \/>\n<meta property=\"og:description\" content=\"La Provincia Teatina d&#8217;Argentina ha l&#8217;onore di invitarti a partecipare a una solenne celebrazione eucaristica in cui quattro dei nostri fratelli riceveranno il Ministero del Lettorato. Con grande gioia, accompagneremo: Elder Ordo\u00f1ez Gironza, C.R. Daniel Ricardo Rodr\u00edguez Quijano, C.R. Juan Diego Prieto Moreno, C.R. Facundo Mart\u00ednez, C.R. Data: Domenica 10&hellip;\" \/>\n<meta property=\"og:url\" content=\"https:\/\/teatinos.org\/it\/misa-de-institucion-del-ministerio-del-lectorado\/\" \/>\n<meta property=\"og:site_name\" content=\"Teatinos\" \/>\n<meta property=\"article:published_time\" content=\"2024-11-02T19:28:52+00:00\" \/>\n<meta property=\"article:modified_time\" content=\"2024-11-02T19:31:44+00:00\" \/>\n<meta property=\"og:image\" content=\"https:\/\/teatinos.org\/wp-content\/uploads\/2023\/05\/Placa-Argentina-2023-1024x1024.png\" \/>\n\t<meta property=\"og:image:width\" content=\"1024\" \/>\n\t<meta property=\"og:image:height\" content=\"1024\" \/>\n\t<meta property=\"og:image:type\" content=\"image\/png\" \/>\n<meta name=\"author\" content=\"Community Manager\" \/>\n<meta name=\"twitter:card\" content=\"summary_large_image\" \/>\n<meta name=\"twitter:label1\" content=\"Scritto da\" \/>\n\t<meta name=\"twitter:data1\" content=\"Community Manager\" \/>\n\t<meta name=\"twitter:label2\" content=\"Tempo di lettura stimato\" \/>\n\t<meta name=\"twitter:data2\" content=\"2 minuti\" \/>\n<script type=\"application\/ld+json\" class=\"yoast-schema-graph\">{\"@context\":\"https:\/\/schema.org\",\"@graph\":[{\"@type\":\"WebPage\",\"@id\":\"https:\/\/teatinos.org\/it\/misa-de-institucion-del-ministerio-del-lectorado\/\",\"url\":\"https:\/\/teatinos.org\/it\/misa-de-institucion-del-ministerio-del-lectorado\/\",\"name\":\"Messa di Istituzione del Ministero del Lettorato - Teatinos\",\"isPartOf\":{\"@id\":\"https:\/\/teatinos.org\/pt-br\/#website\"},\"primaryImageOfPage\":{\"@id\":\"https:\/\/teatinos.org\/it\/misa-de-institucion-del-ministerio-del-lectorado\/#primaryimage\"},\"image\":{\"@id\":\"https:\/\/teatinos.org\/it\/misa-de-institucion-del-ministerio-del-lectorado\/#primaryimage\"},\"thumbnailUrl\":\"https:\/\/teatinos.org\/wp-content\/uploads\/2023\/05\/Placa-Argentina-2023.png\",\"datePublished\":\"2024-11-02T19:28:52+00:00\",\"dateModified\":\"2024-11-02T19:31:44+00:00\",\"author\":{\"@id\":\"https:\/\/teatinos.org\/pt-br\/#\/schema\/person\/10193cb8ac6f163661033cf7ce9006a5\"},\"breadcrumb\":{\"@id\":\"https:\/\/teatinos.org\/it\/misa-de-institucion-del-ministerio-del-lectorado\/#breadcrumb\"},\"inLanguage\":\"it-IT\",\"potentialAction\":[{\"@type\":\"ReadAction\",\"target\":[\"https:\/\/teatinos.org\/it\/misa-de-institucion-del-ministerio-del-lectorado\/\"]}]},{\"@type\":\"ImageObject\",\"inLanguage\":\"it-IT\",\"@id\":\"https:\/\/teatinos.org\/it\/misa-de-institucion-del-ministerio-del-lectorado\/#primaryimage\",\"url\":\"https:\/\/teatinos.org\/wp-content\/uploads\/2023\/05\/Placa-Argentina-2023.png\",\"contentUrl\":\"https:\/\/teatinos.org\/wp-content\/uploads\/2023\/05\/Placa-Argentina-2023.png\",\"width\":1080,\"height\":1080},{\"@type\":\"BreadcrumbList\",\"@id\":\"https:\/\/teatinos.org\/it\/misa-de-institucion-del-ministerio-del-lectorado\/#breadcrumb\",\"itemListElement\":[{\"@type\":\"ListItem\",\"position\":1,\"name\":\"Portada\",\"item\":\"https:\/\/teatinos.org\/it\/\"},{\"@type\":\"ListItem\",\"position\":2,\"name\":\"Messa di Istituzione del Ministero del Lettorato\"}]},{\"@type\":\"WebSite\",\"@id\":\"https:\/\/teatinos.org\/pt-br\/#website\",\"url\":\"https:\/\/teatinos.org\/pt-br\/\",\"name\":\"Teatinos\",\"description\":\"Orden de Cl\u00e9rigos Regulares\",\"potentialAction\":[{\"@type\":\"SearchAction\",\"target\":{\"@type\":\"EntryPoint\",\"urlTemplate\":\"https:\/\/teatinos.org\/pt-br\/?s={search_term_string}\"},\"query-input\":{\"@type\":\"PropertyValueSpecification\",\"valueRequired\":true,\"valueName\":\"search_term_string\"}}],\"inLanguage\":\"it-IT\"},{\"@type\":\"Person\",\"@id\":\"https:\/\/teatinos.org\/pt-br\/#\/schema\/person\/10193cb8ac6f163661033cf7ce9006a5\",\"name\":\"Community Manager\",\"url\":\"https:\/\/teatinos.org\/it\/author\/pascual\/\"}]}<\/script>\n<!-- \/ Yoast SEO plugin. -->","yoast_head_json":{"title":"Messa di Istituzione del Ministero del Lettorato - Teatinos","robots":{"index":"index","follow":"follow","max-snippet":"max-snippet:-1","max-image-preview":"max-image-preview:large","max-video-preview":"max-video-preview:-1"},"canonical":"https:\/\/teatinos.org\/it\/misa-de-institucion-del-ministerio-del-lectorado\/","og_locale":"it_IT","og_type":"article","og_title":"Messa di Istituzione del Ministero del Lettorato - Teatinos","og_description":"La Provincia Teatina d&#8217;Argentina ha l&#8217;onore di invitarti a partecipare a una solenne celebrazione eucaristica in cui quattro dei nostri fratelli riceveranno il Ministero del Lettorato. Con grande gioia, accompagneremo: Elder Ordo\u00f1ez Gironza, C.R. Daniel Ricardo Rodr\u00edguez Quijano, C.R. Juan Diego Prieto Moreno, C.R. Facundo Mart\u00ednez, C.R. Data: Domenica 10&hellip;","og_url":"https:\/\/teatinos.org\/it\/misa-de-institucion-del-ministerio-del-lectorado\/","og_site_name":"Teatinos","article_published_time":"2024-11-02T19:28:52+00:00","article_modified_time":"2024-11-02T19:31:44+00:00","og_image":[{"width":1024,"height":1024,"url":"https:\/\/teatinos.org\/wp-content\/uploads\/2023\/05\/Placa-Argentina-2023-1024x1024.png","type":"image\/png"}],"author":"Community Manager","twitter_card":"summary_large_image","twitter_misc":{"Scritto da":"Community Manager","Tempo di lettura stimato":"2 minuti"},"schema":{"@context":"https:\/\/schema.org","@graph":[{"@type":"WebPage","@id":"https:\/\/teatinos.org\/it\/misa-de-institucion-del-ministerio-del-lectorado\/","url":"https:\/\/teatinos.org\/it\/misa-de-institucion-del-ministerio-del-lectorado\/","name":"Messa di Istituzione del Ministero del Lettorato - Teatinos","isPartOf":{"@id":"https:\/\/teatinos.org\/pt-br\/#website"},"primaryImageOfPage":{"@id":"https:\/\/teatinos.org\/it\/misa-de-institucion-del-ministerio-del-lectorado\/#primaryimage"},"image":{"@id":"https:\/\/teatinos.org\/it\/misa-de-institucion-del-ministerio-del-lectorado\/#primaryimage"},"thumbnailUrl":"https:\/\/teatinos.org\/wp-content\/uploads\/2023\/05\/Placa-Argentina-2023.png","datePublished":"2024-11-02T19:28:52+00:00","dateModified":"2024-11-02T19:31:44+00:00","author":{"@id":"https:\/\/teatinos.org\/pt-br\/#\/schema\/person\/10193cb8ac6f163661033cf7ce9006a5"},"breadcrumb":{"@id":"https:\/\/teatinos.org\/it\/misa-de-institucion-del-ministerio-del-lectorado\/#breadcrumb"},"inLanguage":"it-IT","potentialAction":[{"@type":"ReadAction","target":["https:\/\/teatinos.org\/it\/misa-de-institucion-del-ministerio-del-lectorado\/"]}]},{"@type":"ImageObject","inLanguage":"it-IT","@id":"https:\/\/teatinos.org\/it\/misa-de-institucion-del-ministerio-del-lectorado\/#primaryimage","url":"https:\/\/teatinos.org\/wp-content\/uploads\/2023\/05\/Placa-Argentina-2023.png","contentUrl":"https:\/\/teatinos.org\/wp-content\/uploads\/2023\/05\/Placa-Argentina-2023.png","width":1080,"height":1080},{"@type":"BreadcrumbList","@id":"https:\/\/teatinos.org\/it\/misa-de-institucion-del-ministerio-del-lectorado\/#breadcrumb","itemListElement":[{"@type":"ListItem","position":1,"name":"Portada","item":"https:\/\/teatinos.org\/it\/"},{"@type":"ListItem","position":2,"name":"Messa di Istituzione del Ministero del Lettorato"}]},{"@type":"WebSite","@id":"https:\/\/teatinos.org\/pt-br\/#website","url":"https:\/\/teatinos.org\/pt-br\/","name":"Teatinos","description":"Orden de Cl\u00e9rigos Regulares","potentialAction":[{"@type":"SearchAction","target":{"@type":"EntryPoint","urlTemplate":"https:\/\/teatinos.org\/pt-br\/?s={search_term_string}"},"query-input":{"@type":"PropertyValueSpecification","valueRequired":true,"valueName":"search_term_string"}}],"inLanguage":"it-IT"},{"@type":"Person","@id":"https:\/\/teatinos.org\/pt-br\/#\/schema\/person\/10193cb8ac6f163661033cf7ce9006a5","name":"Community Manager","url":"https:\/\/teatinos.org\/it\/author\/pascual\/"}]}},"rttpg_featured_image_url":{"full":["https:\/\/teatinos.org\/wp-content\/uploads\/2023\/05\/Placa-Argentina-2023.png",1080,1080,false],"landscape":["https:\/\/teatinos.org\/wp-content\/uploads\/2023\/05\/Placa-Argentina-2023.png",1080,1080,false],"portraits":["https:\/\/teatinos.org\/wp-content\/uploads\/2023\/05\/Placa-Argentina-2023.png",1080,1080,false],"thumbnail":["https:\/\/teatinos.org\/wp-content\/uploads\/2023\/05\/Placa-Argentina-2023-150x150.png",150,150,true],"medium":["https:\/\/teatinos.org\/wp-content\/uploads\/2023\/05\/Placa-Argentina-2023-300x300.png",300,300,true],"large":["https:\/\/teatinos.org\/wp-content\/uploads\/2023\/05\/Placa-Argentina-2023-1024x1024.png",1000,1000,true],"1536x1536":["https:\/\/teatinos.org\/wp-content\/uploads\/2023\/05\/Placa-Argentina-2023.png",1080,1080,false],"2048x2048":["https:\/\/teatinos.org\/wp-content\/uploads\/2023\/05\/Placa-Argentina-2023.png",1080,1080,false]},"rttpg_author":{"display_name":"Community Manager","author_link":"https:\/\/teatinos.org\/it\/author\/pascual\/"},"rttpg_comment":0,"rttpg_category":"<a href=\"https:\/\/teatinos.org\/it\/category\/notizie\/\" rel=\"category tag\">Notizie<\/a>","rttpg_excerpt":"La Provincia Teatina d&#8217;Argentina ha l&#8217;onore di invitarti a partecipare a una solenne celebrazione eucaristica in cui quattro dei nostri fratelli riceveranno il Ministero del Lettorato. Con grande gioia, accompagneremo: Elder Ordo\u00f1ez Gironza, C.R. Daniel Ricardo Rodr\u00edguez Quijano, C.R. Juan Diego Prieto Moreno, C.R. Facundo Mart\u00ednez, C.R. Data: Domenica 10&hellip;","_links":{"self":[{"href":"https:\/\/teatinos.org\/it\/wp-json\/wp\/v2\/posts\/17834","targetHints":{"allow":["GET"]}}],"collection":[{"href":"https:\/\/teatinos.org\/it\/wp-json\/wp\/v2\/posts"}],"about":[{"href":"https:\/\/teatinos.org\/it\/wp-json\/wp\/v2\/types\/post"}],"author":[{"embeddable":true,"href":"https:\/\/teatinos.org\/it\/wp-json\/wp\/v2\/users\/5"}],"replies":[{"embeddable":true,"href":"https:\/\/teatinos.org\/it\/wp-json\/wp\/v2\/comments?post=17834"}],"version-history":[{"count":1,"href":"https:\/\/teatinos.org\/it\/wp-json\/wp\/v2\/posts\/17834\/revisions"}],"predecessor-version":[{"id":17836,"href":"https:\/\/teatinos.org\/it\/wp-json\/wp\/v2\/posts\/17834\/revisions\/17836"}],"wp:featuredmedia":[{"embeddable":true,"href":"https:\/\/teatinos.org\/it\/wp-json\/wp\/v2\/media\/11527"}],"wp:attachment":[{"href":"https:\/\/teatinos.org\/it\/wp-json\/wp\/v2\/media?parent=17834"}],"wp:term":[{"taxonomy":"category","embeddable":true,"href":"https:\/\/teatinos.org\/it\/wp-json\/wp\/v2\/categories?post=17834"},{"taxonomy":"post_tag","embeddable":true,"href":"https:\/\/teatinos.org\/it\/wp-json\/wp\/v2\/tags?post=17834"}],"curies":[{"name":"wp","href":"https:\/\/api.w.org\/{rel}","templated":true}]}}