{"id":15671,"date":"2024-05-13T19:59:50","date_gmt":"2024-05-13T19:59:50","guid":{"rendered":"http:\/\/teatinos.org\/encuentro-con-el-obispo-de-chascomus-bs-as-arg\/"},"modified":"2024-05-13T20:03:49","modified_gmt":"2024-05-13T20:03:49","slug":"encuentro-con-el-obispo-de-chascomus-bs-as-arg","status":"publish","type":"post","link":"https:\/\/teatinos.org\/it\/encuentro-con-el-obispo-de-chascomus-bs-as-arg\/","title":{"rendered":"Incontro con il Vescovo di Chascom\u00fas (Bs.As.-Arg)"},"content":{"rendered":"<p>Gioved\u00ec scorso, 9 maggio 2024, la storica citt\u00e0 di Chascom\u00fas, situata nella provincia di Buenos Aires, \u00e8 stata testimone di un incontro di grande significato ecclesiastico. In un clima di cordialit\u00e0 e fraternit\u00e0, si sono incontrati il Preposito Generale dell&#8217;Ordine Teatino, Rev. Padre Salvador Rodea Gonz\u00e1lez, C.R., e Mons. Juan Ignacio Li\u00e9bana, Vescovo della Diocesi di Chascom\u00fas.<\/p>\n<p>Il motivo di questa importante visita non era solo una cortesia protocollare, ma anche il rafforzamento dei legami tra l&#8217;Ordine Teatino e la Diocesi di Chascom\u00fas. Uno dei momenti salienti dell&#8217;incontro \u00e8 stato il riconoscimento del lavoro pastorale e dell&#8217;impegno di Padre Martin Alejandro Schmidt, C.R. Quest&#8217;ultimo, che dall&#8217;ultimo trimestre dell&#8217;anno 2023 ha assunto la responsabilit\u00e0 pastorale nella Parrocchia di Santa Rita, situata nella citt\u00e0 di Brandsen, parte integrante della Diocesi di Chascom\u00fas.<\/p>\n<p>La presenza di Padre Schmidt nella comunit\u00e0 di Santa Rita \u00e8 stata un faro di speranza e di rinnovamento spirituale per i fedeli, dimostrando il fervore e la dedizione che caratterizzano l&#8217;Ordine Teatino nella sua missione evangelizzatrice. Questo incontro non \u00e8 stato solo un simbolo di unit\u00e0 tra le istituzioni ecclesiastiche, ma anche un&#8217;occasione per rafforzare la collaborazione e il lavoro comune per il servizio alla comunit\u00e0 e la diffusione del messaggio evangelico nella regione.<\/p>\n<p><a href=\"http:\/\/teatinos.org\/wp-content\/uploads\/2024\/05\/PHOTO-2024-05-09-19-44-02.jpg\"><img loading=\"lazy\" decoding=\"async\" class=\"alignnone size-full wp-image-15658\" src=\"http:\/\/teatinos.org\/wp-content\/uploads\/2024\/05\/PHOTO-2024-05-09-19-44-02.jpg\" alt=\"\" width=\"960\" height=\"1280\" \/><\/a><a href=\"http:\/\/teatinos.org\/wp-content\/uploads\/2024\/05\/PHOTO-2024-05-09-19-44-02-2.jpg\"><img loading=\"lazy\" decoding=\"async\" class=\"alignnone size-full wp-image-15663\" src=\"http:\/\/teatinos.org\/wp-content\/uploads\/2024\/05\/PHOTO-2024-05-09-19-44-02-2.jpg\" alt=\"\" width=\"960\" height=\"1280\" \/><\/a><a href=\"http:\/\/teatinos.org\/wp-content\/uploads\/2024\/05\/PHOTO-2024-05-09-19-46-12.jpg\"><img loading=\"lazy\" decoding=\"async\" class=\"alignnone size-full wp-image-15653\" src=\"http:\/\/teatinos.org\/wp-content\/uploads\/2024\/05\/PHOTO-2024-05-09-19-46-12.jpg\" alt=\"\" width=\"1152\" height=\"2048\" \/><\/a><\/p>\n","protected":false},"excerpt":{"rendered":"<p>Gioved\u00ec scorso, 9 maggio 2024, la storica citt\u00e0 di Chascom\u00fas, situata nella provincia di Buenos Aires, \u00e8 stata testimone di un incontro di grande significato ecclesiastico. In un clima di cordialit\u00e0 e fraternit\u00e0, si sono incontrati il Preposito Generale dell&#8217;Ordine Teatino, Rev. Padre Salvador Rodea Gonz\u00e1lez, C.R., e Mons. Juan&hellip;<\/p>\n","protected":false},"author":5,"featured_media":12081,"comment_status":"closed","ping_status":"open","sticky":false,"template":"","format":"standard","meta":{"_acf_changed":false,"footnotes":"","_links_to":"","_links_to_target":""},"categories":[97],"tags":[],"class_list":["post-15671","post","type-post","status-publish","format-standard","has-post-thumbnail","hentry","category-notizie"],"acf":[],"yoast_head":"<!-- This site is optimized with the Yoast SEO plugin v23.5 - https:\/\/yoast.com\/wordpress\/plugins\/seo\/ -->\n<title>Incontro con il Vescovo di Chascom\u00fas (Bs.As.-Arg) - Teatinos<\/title>\n<meta name=\"robots\" content=\"index, follow, max-snippet:-1, max-image-preview:large, max-video-preview:-1\" \/>\n<link rel=\"canonical\" href=\"https:\/\/teatinos.org\/it\/encuentro-con-el-obispo-de-chascomus-bs-as-arg\/\" \/>\n<meta property=\"og:locale\" content=\"it_IT\" \/>\n<meta property=\"og:type\" content=\"article\" \/>\n<meta property=\"og:title\" content=\"Incontro con il Vescovo di Chascom\u00fas (Bs.As.-Arg) - Teatinos\" \/>\n<meta property=\"og:description\" content=\"Gioved\u00ec scorso, 9 maggio 2024, la storica citt\u00e0 di Chascom\u00fas, situata nella provincia di Buenos Aires, \u00e8 stata testimone di un incontro di grande significato ecclesiastico. In un clima di cordialit\u00e0 e fraternit\u00e0, si sono incontrati il Preposito Generale dell&#8217;Ordine Teatino, Rev. Padre Salvador Rodea Gonz\u00e1lez, C.R., e Mons. Juan&hellip;\" \/>\n<meta property=\"og:url\" content=\"https:\/\/teatinos.org\/it\/encuentro-con-el-obispo-de-chascomus-bs-as-arg\/\" \/>\n<meta property=\"og:site_name\" content=\"Teatinos\" \/>\n<meta property=\"article:published_time\" content=\"2024-05-13T19:59:50+00:00\" \/>\n<meta property=\"article:modified_time\" content=\"2024-05-13T20:03:49+00:00\" \/>\n<meta property=\"og:image\" content=\"https:\/\/teatinos.org\/wp-content\/uploads\/2023\/08\/Placa-Padre-General-ITA-2023.png\" \/>\n\t<meta property=\"og:image:width\" content=\"1080\" \/>\n\t<meta property=\"og:image:height\" content=\"1080\" \/>\n\t<meta property=\"og:image:type\" content=\"image\/png\" \/>\n<meta name=\"author\" content=\"Community Manager\" \/>\n<meta name=\"twitter:card\" content=\"summary_large_image\" \/>\n<meta name=\"twitter:label1\" content=\"Scritto da\" \/>\n\t<meta name=\"twitter:data1\" content=\"Community Manager\" \/>\n\t<meta name=\"twitter:label2\" content=\"Tempo di lettura stimato\" \/>\n\t<meta name=\"twitter:data2\" content=\"2 minuti\" \/>\n<script type=\"application\/ld+json\" class=\"yoast-schema-graph\">{\"@context\":\"https:\/\/schema.org\",\"@graph\":[{\"@type\":\"WebPage\",\"@id\":\"https:\/\/teatinos.org\/it\/encuentro-con-el-obispo-de-chascomus-bs-as-arg\/\",\"url\":\"https:\/\/teatinos.org\/it\/encuentro-con-el-obispo-de-chascomus-bs-as-arg\/\",\"name\":\"Incontro con il Vescovo di Chascom\u00fas (Bs.As.-Arg) - Teatinos\",\"isPartOf\":{\"@id\":\"https:\/\/teatinos.org\/pt-br\/#website\"},\"primaryImageOfPage\":{\"@id\":\"https:\/\/teatinos.org\/it\/encuentro-con-el-obispo-de-chascomus-bs-as-arg\/#primaryimage\"},\"image\":{\"@id\":\"https:\/\/teatinos.org\/it\/encuentro-con-el-obispo-de-chascomus-bs-as-arg\/#primaryimage\"},\"thumbnailUrl\":\"https:\/\/teatinos.org\/wp-content\/uploads\/2023\/08\/Placa-Padre-General-ITA-2023.png\",\"datePublished\":\"2024-05-13T19:59:50+00:00\",\"dateModified\":\"2024-05-13T20:03:49+00:00\",\"author\":{\"@id\":\"https:\/\/teatinos.org\/pt-br\/#\/schema\/person\/10193cb8ac6f163661033cf7ce9006a5\"},\"breadcrumb\":{\"@id\":\"https:\/\/teatinos.org\/it\/encuentro-con-el-obispo-de-chascomus-bs-as-arg\/#breadcrumb\"},\"inLanguage\":\"it-IT\",\"potentialAction\":[{\"@type\":\"ReadAction\",\"target\":[\"https:\/\/teatinos.org\/it\/encuentro-con-el-obispo-de-chascomus-bs-as-arg\/\"]}]},{\"@type\":\"ImageObject\",\"inLanguage\":\"it-IT\",\"@id\":\"https:\/\/teatinos.org\/it\/encuentro-con-el-obispo-de-chascomus-bs-as-arg\/#primaryimage\",\"url\":\"https:\/\/teatinos.org\/wp-content\/uploads\/2023\/08\/Placa-Padre-General-ITA-2023.png\",\"contentUrl\":\"https:\/\/teatinos.org\/wp-content\/uploads\/2023\/08\/Placa-Padre-General-ITA-2023.png\",\"width\":1080,\"height\":1080},{\"@type\":\"BreadcrumbList\",\"@id\":\"https:\/\/teatinos.org\/it\/encuentro-con-el-obispo-de-chascomus-bs-as-arg\/#breadcrumb\",\"itemListElement\":[{\"@type\":\"ListItem\",\"position\":1,\"name\":\"Portada\",\"item\":\"https:\/\/teatinos.org\/it\/\"},{\"@type\":\"ListItem\",\"position\":2,\"name\":\"Incontro con il Vescovo di Chascom\u00fas (Bs.As.-Arg)\"}]},{\"@type\":\"WebSite\",\"@id\":\"https:\/\/teatinos.org\/pt-br\/#website\",\"url\":\"https:\/\/teatinos.org\/pt-br\/\",\"name\":\"Teatinos\",\"description\":\"Orden de Cl\u00e9rigos Regulares\",\"potentialAction\":[{\"@type\":\"SearchAction\",\"target\":{\"@type\":\"EntryPoint\",\"urlTemplate\":\"https:\/\/teatinos.org\/pt-br\/?s={search_term_string}\"},\"query-input\":{\"@type\":\"PropertyValueSpecification\",\"valueRequired\":true,\"valueName\":\"search_term_string\"}}],\"inLanguage\":\"it-IT\"},{\"@type\":\"Person\",\"@id\":\"https:\/\/teatinos.org\/pt-br\/#\/schema\/person\/10193cb8ac6f163661033cf7ce9006a5\",\"name\":\"Community Manager\",\"url\":\"https:\/\/teatinos.org\/it\/author\/pascual\/\"}]}<\/script>\n<!-- \/ Yoast SEO plugin. -->","yoast_head_json":{"title":"Incontro con il Vescovo di Chascom\u00fas (Bs.As.-Arg) - Teatinos","robots":{"index":"index","follow":"follow","max-snippet":"max-snippet:-1","max-image-preview":"max-image-preview:large","max-video-preview":"max-video-preview:-1"},"canonical":"https:\/\/teatinos.org\/it\/encuentro-con-el-obispo-de-chascomus-bs-as-arg\/","og_locale":"it_IT","og_type":"article","og_title":"Incontro con il Vescovo di Chascom\u00fas (Bs.As.-Arg) - Teatinos","og_description":"Gioved\u00ec scorso, 9 maggio 2024, la storica citt\u00e0 di Chascom\u00fas, situata nella provincia di Buenos Aires, \u00e8 stata testimone di un incontro di grande significato ecclesiastico. In un clima di cordialit\u00e0 e fraternit\u00e0, si sono incontrati il Preposito Generale dell&#8217;Ordine Teatino, Rev. Padre Salvador Rodea Gonz\u00e1lez, C.R., e Mons. Juan&hellip;","og_url":"https:\/\/teatinos.org\/it\/encuentro-con-el-obispo-de-chascomus-bs-as-arg\/","og_site_name":"Teatinos","article_published_time":"2024-05-13T19:59:50+00:00","article_modified_time":"2024-05-13T20:03:49+00:00","og_image":[{"width":1080,"height":1080,"url":"https:\/\/teatinos.org\/wp-content\/uploads\/2023\/08\/Placa-Padre-General-ITA-2023.png","type":"image\/png"}],"author":"Community Manager","twitter_card":"summary_large_image","twitter_misc":{"Scritto da":"Community Manager","Tempo di lettura stimato":"2 minuti"},"schema":{"@context":"https:\/\/schema.org","@graph":[{"@type":"WebPage","@id":"https:\/\/teatinos.org\/it\/encuentro-con-el-obispo-de-chascomus-bs-as-arg\/","url":"https:\/\/teatinos.org\/it\/encuentro-con-el-obispo-de-chascomus-bs-as-arg\/","name":"Incontro con il Vescovo di Chascom\u00fas (Bs.As.-Arg) - Teatinos","isPartOf":{"@id":"https:\/\/teatinos.org\/pt-br\/#website"},"primaryImageOfPage":{"@id":"https:\/\/teatinos.org\/it\/encuentro-con-el-obispo-de-chascomus-bs-as-arg\/#primaryimage"},"image":{"@id":"https:\/\/teatinos.org\/it\/encuentro-con-el-obispo-de-chascomus-bs-as-arg\/#primaryimage"},"thumbnailUrl":"https:\/\/teatinos.org\/wp-content\/uploads\/2023\/08\/Placa-Padre-General-ITA-2023.png","datePublished":"2024-05-13T19:59:50+00:00","dateModified":"2024-05-13T20:03:49+00:00","author":{"@id":"https:\/\/teatinos.org\/pt-br\/#\/schema\/person\/10193cb8ac6f163661033cf7ce9006a5"},"breadcrumb":{"@id":"https:\/\/teatinos.org\/it\/encuentro-con-el-obispo-de-chascomus-bs-as-arg\/#breadcrumb"},"inLanguage":"it-IT","potentialAction":[{"@type":"ReadAction","target":["https:\/\/teatinos.org\/it\/encuentro-con-el-obispo-de-chascomus-bs-as-arg\/"]}]},{"@type":"ImageObject","inLanguage":"it-IT","@id":"https:\/\/teatinos.org\/it\/encuentro-con-el-obispo-de-chascomus-bs-as-arg\/#primaryimage","url":"https:\/\/teatinos.org\/wp-content\/uploads\/2023\/08\/Placa-Padre-General-ITA-2023.png","contentUrl":"https:\/\/teatinos.org\/wp-content\/uploads\/2023\/08\/Placa-Padre-General-ITA-2023.png","width":1080,"height":1080},{"@type":"BreadcrumbList","@id":"https:\/\/teatinos.org\/it\/encuentro-con-el-obispo-de-chascomus-bs-as-arg\/#breadcrumb","itemListElement":[{"@type":"ListItem","position":1,"name":"Portada","item":"https:\/\/teatinos.org\/it\/"},{"@type":"ListItem","position":2,"name":"Incontro con il Vescovo di Chascom\u00fas (Bs.As.-Arg)"}]},{"@type":"WebSite","@id":"https:\/\/teatinos.org\/pt-br\/#website","url":"https:\/\/teatinos.org\/pt-br\/","name":"Teatinos","description":"Orden de Cl\u00e9rigos Regulares","potentialAction":[{"@type":"SearchAction","target":{"@type":"EntryPoint","urlTemplate":"https:\/\/teatinos.org\/pt-br\/?s={search_term_string}"},"query-input":{"@type":"PropertyValueSpecification","valueRequired":true,"valueName":"search_term_string"}}],"inLanguage":"it-IT"},{"@type":"Person","@id":"https:\/\/teatinos.org\/pt-br\/#\/schema\/person\/10193cb8ac6f163661033cf7ce9006a5","name":"Community Manager","url":"https:\/\/teatinos.org\/it\/author\/pascual\/"}]}},"rttpg_featured_image_url":{"full":["https:\/\/teatinos.org\/wp-content\/uploads\/2023\/08\/Placa-Padre-General-ITA-2023.png",1080,1080,false],"landscape":["https:\/\/teatinos.org\/wp-content\/uploads\/2023\/08\/Placa-Padre-General-ITA-2023.png",1080,1080,false],"portraits":["https:\/\/teatinos.org\/wp-content\/uploads\/2023\/08\/Placa-Padre-General-ITA-2023.png",1080,1080,false],"thumbnail":["https:\/\/teatinos.org\/wp-content\/uploads\/2023\/08\/Placa-Padre-General-ITA-2023-150x150.png",150,150,true],"medium":["https:\/\/teatinos.org\/wp-content\/uploads\/2023\/08\/Placa-Padre-General-ITA-2023-300x300.png",300,300,true],"large":["https:\/\/teatinos.org\/wp-content\/uploads\/2023\/08\/Placa-Padre-General-ITA-2023-1024x1024.png",1000,1000,true],"1536x1536":["https:\/\/teatinos.org\/wp-content\/uploads\/2023\/08\/Placa-Padre-General-ITA-2023.png",1080,1080,false],"2048x2048":["https:\/\/teatinos.org\/wp-content\/uploads\/2023\/08\/Placa-Padre-General-ITA-2023.png",1080,1080,false]},"rttpg_author":{"display_name":"Community Manager","author_link":"https:\/\/teatinos.org\/it\/author\/pascual\/"},"rttpg_comment":0,"rttpg_category":"<a href=\"https:\/\/teatinos.org\/it\/category\/notizie\/\" rel=\"category tag\">Notizie<\/a>","rttpg_excerpt":"Gioved\u00ec scorso, 9 maggio 2024, la storica citt\u00e0 di Chascom\u00fas, situata nella provincia di Buenos Aires, \u00e8 stata testimone di un incontro di grande significato ecclesiastico. In un clima di cordialit\u00e0 e fraternit\u00e0, si sono incontrati il Preposito Generale dell&#8217;Ordine Teatino, Rev. Padre Salvador Rodea Gonz\u00e1lez, C.R., e Mons. Juan&hellip;","_links":{"self":[{"href":"https:\/\/teatinos.org\/it\/wp-json\/wp\/v2\/posts\/15671","targetHints":{"allow":["GET"]}}],"collection":[{"href":"https:\/\/teatinos.org\/it\/wp-json\/wp\/v2\/posts"}],"about":[{"href":"https:\/\/teatinos.org\/it\/wp-json\/wp\/v2\/types\/post"}],"author":[{"embeddable":true,"href":"https:\/\/teatinos.org\/it\/wp-json\/wp\/v2\/users\/5"}],"replies":[{"embeddable":true,"href":"https:\/\/teatinos.org\/it\/wp-json\/wp\/v2\/comments?post=15671"}],"version-history":[{"count":1,"href":"https:\/\/teatinos.org\/it\/wp-json\/wp\/v2\/posts\/15671\/revisions"}],"predecessor-version":[{"id":15673,"href":"https:\/\/teatinos.org\/it\/wp-json\/wp\/v2\/posts\/15671\/revisions\/15673"}],"wp:featuredmedia":[{"embeddable":true,"href":"https:\/\/teatinos.org\/it\/wp-json\/wp\/v2\/media\/12081"}],"wp:attachment":[{"href":"https:\/\/teatinos.org\/it\/wp-json\/wp\/v2\/media?parent=15671"}],"wp:term":[{"taxonomy":"category","embeddable":true,"href":"https:\/\/teatinos.org\/it\/wp-json\/wp\/v2\/categories?post=15671"},{"taxonomy":"post_tag","embeddable":true,"href":"https:\/\/teatinos.org\/it\/wp-json\/wp\/v2\/tags?post=15671"}],"curies":[{"name":"wp","href":"https:\/\/api.w.org\/{rel}","templated":true}]}}