{"id":15341,"date":"2024-04-19T13:41:30","date_gmt":"2024-04-19T13:41:30","guid":{"rendered":"http:\/\/teatinos.org\/el-padre-adam-marek-c-r-viaja-a-hamrun-malta\/"},"modified":"2024-04-19T13:48:16","modified_gmt":"2024-04-19T13:48:16","slug":"el-padre-adam-marek-c-r-viaja-a-hamrun-malta","status":"publish","type":"post","link":"https:\/\/teatinos.org\/it\/el-padre-adam-marek-c-r-viaja-a-hamrun-malta\/","title":{"rendered":"Padre Adam Marek, C.R. si reca ad Hamrun (Malta)"},"content":{"rendered":"<p>L&#8217;Ordine dei Chierici Regolari Teatini \u00e8 lieto di condividere l&#8217;entusiasmante notizia che la Societ\u00e0 Musicale San Giuseppe di Hamrun ha annunciato con grande piacere la partecipazione del Rettore della Chiesa di San Giuseppe dei Padri Teatini di Palermo come ospite speciale alla celebrazione della Festa di San Giuseppe ad Hamrun, Malta. Quest&#8217;anno la festa si svolger\u00e0 dal 22 al 28 aprile e siamo lieti che padre Adam Marek, C.R., si unisca alla Societ\u00e0 Musicale di San Giuseppe in questo importante evento.<\/p>\n<p>Rivolgiamo un caloroso invito a tutta la comunit\u00e0 a unirsi a noi nel dare un caloroso benvenuto a Padre Adam Marek, C.R. La sua presenza a questo evento sottolinea il profondo legame tra l&#8217;Ordine Teatino e la comunit\u00e0 di ?amrun, rafforzando ulteriormente i nostri legami di amicizia e collaborazione.<\/p>\n<p>\u00c8 importante notare che questo incontro si colloca nell&#8217;ambito dell&#8217;Anno Giubilare Teatino, un periodo di particolare importanza nella storia del nostro Ordine, in quanto commemoriamo il cammino verso il 500\u00b0 anniversario della sua fondazione. In questo contesto di celebrazione e riflessione, la presenza di Padre Adam Marek, C.R., ricorda la continua dedizione dell&#8217;Ordine Teatino al servizio della comunit\u00e0 e alla promozione dei valori di fede, solidariet\u00e0 e fraternit\u00e0.<\/p>\n<p>Che questa festa di San Giuseppe ad Hamrun sia un momento di gioia, di unit\u00e0 e di rinnovamento spirituale per tutti coloro che vi partecipano. Non vediamo l&#8217;ora di celebrare insieme questa occasione speciale!<\/p>\n<p>fonte:<br \/>\n<span class=\"xt0psk2\"><a class=\"x1i10hfl xjbqb8w x1ejq31n xd10rxx x1sy0etr x17r0tee x972fbf xcfux6l x1qhh985 xm0m39n x9f619 x1ypdohk xt0psk2 xe8uvvx xdj266r x11i5rnm xat24cr x1mh8g0r xexx8yu x4uap5 x18d9i69 xkhd6sd x16tdsg8 x1hl2dhg xggy1nq x1a2a7pz xt0b8zv xzsf02u x1s688f\" tabindex=\"0\" role=\"link\" href=\"https:\/\/www.facebook.com\/smsghamrun?__cft__[0]=AZUOlUrlYuxbVDpV6bii5llRcLFDkxgDRxadLwdf-EcK_1BcASY_WT5kmJlUUuk3MY6M48y-IJy5dDOaLazG2vGe0uyZ9bu2KzZJteXlvGP95UxdmbOxEFzRyVHIaVeVAFYNZ2fzslJluwR1wdDjnLQwD7uM2eeVHZ-rqAqz_Vv3Ac9Uxieu6z3UDgj3JKVEdqqK8UsrllgwtO_3auL2ZTk7&amp;__tn__=-UC%2CP-R\"><strong>Societ\u00e0 Musicale San Giuseppe di Hamrun &#8211; A.D. 1889<\/strong><\/a><\/span><\/p>\n<p><a href=\"http:\/\/teatinos.org\/wp-content\/uploads\/2024\/04\/429944819_472378095116915_7706500493477385504_n.jpg\"><img loading=\"lazy\" decoding=\"async\" class=\"alignnone size-full wp-image-15329\" src=\"http:\/\/teatinos.org\/wp-content\/uploads\/2024\/04\/429944819_472378095116915_7706500493477385504_n.jpg\" alt=\"\" width=\"666\" height=\"960\" \/><\/a><a href=\"http:\/\/teatinos.org\/wp-content\/uploads\/2024\/04\/436489897_472378131783578_8193911740309300175_n.jpg\"><img loading=\"lazy\" decoding=\"async\" class=\"alignnone size-full wp-image-15334\" src=\"http:\/\/teatinos.org\/wp-content\/uploads\/2024\/04\/436489897_472378131783578_8193911740309300175_n.jpg\" alt=\"\" width=\"732\" height=\"960\" \/><\/a><a href=\"http:\/\/teatinos.org\/wp-content\/uploads\/2024\/04\/417397504_472378175116907_7232450712506131654_n.jpg\"><img loading=\"lazy\" decoding=\"async\" class=\"alignnone size-full wp-image-15324\" src=\"http:\/\/teatinos.org\/wp-content\/uploads\/2024\/04\/417397504_472378175116907_7232450712506131654_n.jpg\" alt=\"\" width=\"639\" height=\"960\" \/><\/a><\/p>\n","protected":false},"excerpt":{"rendered":"<p>L&#8217;Ordine dei Chierici Regolari Teatini \u00e8 lieto di condividere l&#8217;entusiasmante notizia che la Societ\u00e0 Musicale San Giuseppe di Hamrun ha annunciato con grande piacere la partecipazione del Rettore della Chiesa di San Giuseppe dei Padri Teatini di Palermo come ospite speciale alla celebrazione della Festa di San Giuseppe ad Hamrun,&hellip;<\/p>\n","protected":false},"author":5,"featured_media":15244,"comment_status":"closed","ping_status":"open","sticky":false,"template":"","format":"standard","meta":{"_acf_changed":false,"footnotes":"","_links_to":"","_links_to_target":""},"categories":[111,97],"tags":[],"class_list":["post-15341","post","type-post","status-publish","format-standard","has-post-thumbnail","hentry","category-500-anni","category-notizie"],"acf":[],"yoast_head":"<!-- This site is optimized with the Yoast SEO plugin v23.5 - https:\/\/yoast.com\/wordpress\/plugins\/seo\/ -->\n<title>Padre Adam Marek, C.R. si reca ad Hamrun (Malta) - Teatinos<\/title>\n<meta name=\"robots\" content=\"index, follow, max-snippet:-1, max-image-preview:large, max-video-preview:-1\" \/>\n<link rel=\"canonical\" href=\"https:\/\/teatinos.org\/it\/el-padre-adam-marek-c-r-viaja-a-hamrun-malta\/\" \/>\n<meta property=\"og:locale\" content=\"it_IT\" \/>\n<meta property=\"og:type\" content=\"article\" \/>\n<meta property=\"og:title\" content=\"Padre Adam Marek, C.R. si reca ad Hamrun (Malta) - Teatinos\" \/>\n<meta property=\"og:description\" content=\"L&#8217;Ordine dei Chierici Regolari Teatini \u00e8 lieto di condividere l&#8217;entusiasmante notizia che la Societ\u00e0 Musicale San Giuseppe di Hamrun ha annunciato con grande piacere la partecipazione del Rettore della Chiesa di San Giuseppe dei Padri Teatini di Palermo come ospite speciale alla celebrazione della Festa di San Giuseppe ad Hamrun,&hellip;\" \/>\n<meta property=\"og:url\" content=\"https:\/\/teatinos.org\/it\/el-padre-adam-marek-c-r-viaja-a-hamrun-malta\/\" \/>\n<meta property=\"og:site_name\" content=\"Teatinos\" \/>\n<meta property=\"article:published_time\" content=\"2024-04-19T13:41:30+00:00\" \/>\n<meta property=\"article:modified_time\" content=\"2024-04-19T13:48:16+00:00\" \/>\n<meta property=\"og:image\" content=\"https:\/\/teatinos.org\/wp-content\/uploads\/2024\/04\/Placa-Novedades-500-2024-ITA.png\" \/>\n\t<meta property=\"og:image:width\" content=\"1080\" \/>\n\t<meta property=\"og:image:height\" content=\"1080\" \/>\n\t<meta property=\"og:image:type\" content=\"image\/png\" \/>\n<meta name=\"author\" content=\"Community Manager\" \/>\n<meta name=\"twitter:card\" content=\"summary_large_image\" \/>\n<meta name=\"twitter:label1\" content=\"Scritto da\" \/>\n\t<meta name=\"twitter:data1\" content=\"Community Manager\" \/>\n\t<meta name=\"twitter:label2\" content=\"Tempo di lettura stimato\" \/>\n\t<meta name=\"twitter:data2\" content=\"2 minuti\" \/>\n<script type=\"application\/ld+json\" class=\"yoast-schema-graph\">{\"@context\":\"https:\/\/schema.org\",\"@graph\":[{\"@type\":\"WebPage\",\"@id\":\"https:\/\/teatinos.org\/it\/el-padre-adam-marek-c-r-viaja-a-hamrun-malta\/\",\"url\":\"https:\/\/teatinos.org\/it\/el-padre-adam-marek-c-r-viaja-a-hamrun-malta\/\",\"name\":\"Padre Adam Marek, C.R. si reca ad Hamrun (Malta) - Teatinos\",\"isPartOf\":{\"@id\":\"https:\/\/teatinos.org\/pt-br\/#website\"},\"primaryImageOfPage\":{\"@id\":\"https:\/\/teatinos.org\/it\/el-padre-adam-marek-c-r-viaja-a-hamrun-malta\/#primaryimage\"},\"image\":{\"@id\":\"https:\/\/teatinos.org\/it\/el-padre-adam-marek-c-r-viaja-a-hamrun-malta\/#primaryimage\"},\"thumbnailUrl\":\"https:\/\/teatinos.org\/wp-content\/uploads\/2024\/04\/Placa-Novedades-500-2024-ITA.png\",\"datePublished\":\"2024-04-19T13:41:30+00:00\",\"dateModified\":\"2024-04-19T13:48:16+00:00\",\"author\":{\"@id\":\"https:\/\/teatinos.org\/pt-br\/#\/schema\/person\/10193cb8ac6f163661033cf7ce9006a5\"},\"breadcrumb\":{\"@id\":\"https:\/\/teatinos.org\/it\/el-padre-adam-marek-c-r-viaja-a-hamrun-malta\/#breadcrumb\"},\"inLanguage\":\"it-IT\",\"potentialAction\":[{\"@type\":\"ReadAction\",\"target\":[\"https:\/\/teatinos.org\/it\/el-padre-adam-marek-c-r-viaja-a-hamrun-malta\/\"]}]},{\"@type\":\"ImageObject\",\"inLanguage\":\"it-IT\",\"@id\":\"https:\/\/teatinos.org\/it\/el-padre-adam-marek-c-r-viaja-a-hamrun-malta\/#primaryimage\",\"url\":\"https:\/\/teatinos.org\/wp-content\/uploads\/2024\/04\/Placa-Novedades-500-2024-ITA.png\",\"contentUrl\":\"https:\/\/teatinos.org\/wp-content\/uploads\/2024\/04\/Placa-Novedades-500-2024-ITA.png\",\"width\":1080,\"height\":1080},{\"@type\":\"BreadcrumbList\",\"@id\":\"https:\/\/teatinos.org\/it\/el-padre-adam-marek-c-r-viaja-a-hamrun-malta\/#breadcrumb\",\"itemListElement\":[{\"@type\":\"ListItem\",\"position\":1,\"name\":\"Portada\",\"item\":\"https:\/\/teatinos.org\/it\/\"},{\"@type\":\"ListItem\",\"position\":2,\"name\":\"Padre Adam Marek, C.R. si reca ad Hamrun (Malta)\"}]},{\"@type\":\"WebSite\",\"@id\":\"https:\/\/teatinos.org\/pt-br\/#website\",\"url\":\"https:\/\/teatinos.org\/pt-br\/\",\"name\":\"Teatinos\",\"description\":\"Orden de Cl\u00e9rigos Regulares\",\"potentialAction\":[{\"@type\":\"SearchAction\",\"target\":{\"@type\":\"EntryPoint\",\"urlTemplate\":\"https:\/\/teatinos.org\/pt-br\/?s={search_term_string}\"},\"query-input\":{\"@type\":\"PropertyValueSpecification\",\"valueRequired\":true,\"valueName\":\"search_term_string\"}}],\"inLanguage\":\"it-IT\"},{\"@type\":\"Person\",\"@id\":\"https:\/\/teatinos.org\/pt-br\/#\/schema\/person\/10193cb8ac6f163661033cf7ce9006a5\",\"name\":\"Community Manager\",\"url\":\"https:\/\/teatinos.org\/it\/author\/pascual\/\"}]}<\/script>\n<!-- \/ Yoast SEO plugin. -->","yoast_head_json":{"title":"Padre Adam Marek, C.R. si reca ad Hamrun (Malta) - Teatinos","robots":{"index":"index","follow":"follow","max-snippet":"max-snippet:-1","max-image-preview":"max-image-preview:large","max-video-preview":"max-video-preview:-1"},"canonical":"https:\/\/teatinos.org\/it\/el-padre-adam-marek-c-r-viaja-a-hamrun-malta\/","og_locale":"it_IT","og_type":"article","og_title":"Padre Adam Marek, C.R. si reca ad Hamrun (Malta) - Teatinos","og_description":"L&#8217;Ordine dei Chierici Regolari Teatini \u00e8 lieto di condividere l&#8217;entusiasmante notizia che la Societ\u00e0 Musicale San Giuseppe di Hamrun ha annunciato con grande piacere la partecipazione del Rettore della Chiesa di San Giuseppe dei Padri Teatini di Palermo come ospite speciale alla celebrazione della Festa di San Giuseppe ad Hamrun,&hellip;","og_url":"https:\/\/teatinos.org\/it\/el-padre-adam-marek-c-r-viaja-a-hamrun-malta\/","og_site_name":"Teatinos","article_published_time":"2024-04-19T13:41:30+00:00","article_modified_time":"2024-04-19T13:48:16+00:00","og_image":[{"width":1080,"height":1080,"url":"https:\/\/teatinos.org\/wp-content\/uploads\/2024\/04\/Placa-Novedades-500-2024-ITA.png","type":"image\/png"}],"author":"Community Manager","twitter_card":"summary_large_image","twitter_misc":{"Scritto da":"Community Manager","Tempo di lettura stimato":"2 minuti"},"schema":{"@context":"https:\/\/schema.org","@graph":[{"@type":"WebPage","@id":"https:\/\/teatinos.org\/it\/el-padre-adam-marek-c-r-viaja-a-hamrun-malta\/","url":"https:\/\/teatinos.org\/it\/el-padre-adam-marek-c-r-viaja-a-hamrun-malta\/","name":"Padre Adam Marek, C.R. si reca ad Hamrun (Malta) - Teatinos","isPartOf":{"@id":"https:\/\/teatinos.org\/pt-br\/#website"},"primaryImageOfPage":{"@id":"https:\/\/teatinos.org\/it\/el-padre-adam-marek-c-r-viaja-a-hamrun-malta\/#primaryimage"},"image":{"@id":"https:\/\/teatinos.org\/it\/el-padre-adam-marek-c-r-viaja-a-hamrun-malta\/#primaryimage"},"thumbnailUrl":"https:\/\/teatinos.org\/wp-content\/uploads\/2024\/04\/Placa-Novedades-500-2024-ITA.png","datePublished":"2024-04-19T13:41:30+00:00","dateModified":"2024-04-19T13:48:16+00:00","author":{"@id":"https:\/\/teatinos.org\/pt-br\/#\/schema\/person\/10193cb8ac6f163661033cf7ce9006a5"},"breadcrumb":{"@id":"https:\/\/teatinos.org\/it\/el-padre-adam-marek-c-r-viaja-a-hamrun-malta\/#breadcrumb"},"inLanguage":"it-IT","potentialAction":[{"@type":"ReadAction","target":["https:\/\/teatinos.org\/it\/el-padre-adam-marek-c-r-viaja-a-hamrun-malta\/"]}]},{"@type":"ImageObject","inLanguage":"it-IT","@id":"https:\/\/teatinos.org\/it\/el-padre-adam-marek-c-r-viaja-a-hamrun-malta\/#primaryimage","url":"https:\/\/teatinos.org\/wp-content\/uploads\/2024\/04\/Placa-Novedades-500-2024-ITA.png","contentUrl":"https:\/\/teatinos.org\/wp-content\/uploads\/2024\/04\/Placa-Novedades-500-2024-ITA.png","width":1080,"height":1080},{"@type":"BreadcrumbList","@id":"https:\/\/teatinos.org\/it\/el-padre-adam-marek-c-r-viaja-a-hamrun-malta\/#breadcrumb","itemListElement":[{"@type":"ListItem","position":1,"name":"Portada","item":"https:\/\/teatinos.org\/it\/"},{"@type":"ListItem","position":2,"name":"Padre Adam Marek, C.R. si reca ad Hamrun (Malta)"}]},{"@type":"WebSite","@id":"https:\/\/teatinos.org\/pt-br\/#website","url":"https:\/\/teatinos.org\/pt-br\/","name":"Teatinos","description":"Orden de Cl\u00e9rigos Regulares","potentialAction":[{"@type":"SearchAction","target":{"@type":"EntryPoint","urlTemplate":"https:\/\/teatinos.org\/pt-br\/?s={search_term_string}"},"query-input":{"@type":"PropertyValueSpecification","valueRequired":true,"valueName":"search_term_string"}}],"inLanguage":"it-IT"},{"@type":"Person","@id":"https:\/\/teatinos.org\/pt-br\/#\/schema\/person\/10193cb8ac6f163661033cf7ce9006a5","name":"Community Manager","url":"https:\/\/teatinos.org\/it\/author\/pascual\/"}]}},"rttpg_featured_image_url":{"full":["https:\/\/teatinos.org\/wp-content\/uploads\/2024\/04\/Placa-Novedades-500-2024-ITA.png",1080,1080,false],"landscape":["https:\/\/teatinos.org\/wp-content\/uploads\/2024\/04\/Placa-Novedades-500-2024-ITA.png",1080,1080,false],"portraits":["https:\/\/teatinos.org\/wp-content\/uploads\/2024\/04\/Placa-Novedades-500-2024-ITA.png",1080,1080,false],"thumbnail":["https:\/\/teatinos.org\/wp-content\/uploads\/2024\/04\/Placa-Novedades-500-2024-ITA-150x150.png",150,150,true],"medium":["https:\/\/teatinos.org\/wp-content\/uploads\/2024\/04\/Placa-Novedades-500-2024-ITA-300x300.png",300,300,true],"large":["https:\/\/teatinos.org\/wp-content\/uploads\/2024\/04\/Placa-Novedades-500-2024-ITA-1024x1024.png",1000,1000,true],"1536x1536":["https:\/\/teatinos.org\/wp-content\/uploads\/2024\/04\/Placa-Novedades-500-2024-ITA.png",1080,1080,false],"2048x2048":["https:\/\/teatinos.org\/wp-content\/uploads\/2024\/04\/Placa-Novedades-500-2024-ITA.png",1080,1080,false]},"rttpg_author":{"display_name":"Community Manager","author_link":"https:\/\/teatinos.org\/it\/author\/pascual\/"},"rttpg_comment":0,"rttpg_category":"<a href=\"https:\/\/teatinos.org\/it\/category\/500-anni\/\" rel=\"category tag\">500 Anni<\/a> <a href=\"https:\/\/teatinos.org\/it\/category\/notizie\/\" rel=\"category tag\">Notizie<\/a>","rttpg_excerpt":"L&#8217;Ordine dei Chierici Regolari Teatini \u00e8 lieto di condividere l&#8217;entusiasmante notizia che la Societ\u00e0 Musicale San Giuseppe di Hamrun ha annunciato con grande piacere la partecipazione del Rettore della Chiesa di San Giuseppe dei Padri Teatini di Palermo come ospite speciale alla celebrazione della Festa di San Giuseppe ad Hamrun,&hellip;","_links":{"self":[{"href":"https:\/\/teatinos.org\/it\/wp-json\/wp\/v2\/posts\/15341","targetHints":{"allow":["GET"]}}],"collection":[{"href":"https:\/\/teatinos.org\/it\/wp-json\/wp\/v2\/posts"}],"about":[{"href":"https:\/\/teatinos.org\/it\/wp-json\/wp\/v2\/types\/post"}],"author":[{"embeddable":true,"href":"https:\/\/teatinos.org\/it\/wp-json\/wp\/v2\/users\/5"}],"replies":[{"embeddable":true,"href":"https:\/\/teatinos.org\/it\/wp-json\/wp\/v2\/comments?post=15341"}],"version-history":[{"count":2,"href":"https:\/\/teatinos.org\/it\/wp-json\/wp\/v2\/posts\/15341\/revisions"}],"predecessor-version":[{"id":15352,"href":"https:\/\/teatinos.org\/it\/wp-json\/wp\/v2\/posts\/15341\/revisions\/15352"}],"wp:featuredmedia":[{"embeddable":true,"href":"https:\/\/teatinos.org\/it\/wp-json\/wp\/v2\/media\/15244"}],"wp:attachment":[{"href":"https:\/\/teatinos.org\/it\/wp-json\/wp\/v2\/media?parent=15341"}],"wp:term":[{"taxonomy":"category","embeddable":true,"href":"https:\/\/teatinos.org\/it\/wp-json\/wp\/v2\/categories?post=15341"},{"taxonomy":"post_tag","embeddable":true,"href":"https:\/\/teatinos.org\/it\/wp-json\/wp\/v2\/tags?post=15341"}],"curies":[{"name":"wp","href":"https:\/\/api.w.org\/{rel}","templated":true}]}}