{"id":14331,"date":"2024-02-22T18:06:14","date_gmt":"2024-02-22T18:06:14","guid":{"rendered":"http:\/\/teatinos.org\/sem-outra-regra-alem-do-amor\/"},"modified":"2024-02-22T18:09:23","modified_gmt":"2024-02-22T18:09:23","slug":"sem-outra-regra-alem-do-amor","status":"publish","type":"post","link":"https:\/\/teatinos.org\/it\/sem-outra-regra-alem-do-amor\/","title":{"rendered":"&#8220;Senza altra regola che l&#8217;amore!&#8221;"},"content":{"rendered":"<p>La mattina dell&#8217;11 febbraio, a Pato Branco-PR, il Rev. Padre Rafael Tadeu, CR; Alla Celebrazione dei 25 anni di vita religiosa di Sor Simone erano presenti il ??Preposto provinciale del Brasile accompagnato da D. Lucas Gobbo, CR, Segretario e Consigliere provinciale, e da D. Guilherme Alves, CR, Preposto locale, Rettore e Parroco di Guarulhos Polidoro, religioso della Congregazione delle Suore Teatine dell&#8217;Immacolata Concezione. Il Rev. Padre Rafael Tadeu, CR, ha presieduto la Celebrazione Eucaristica.<\/p>\n<p>Erano presenti anche Madre Mar\u00eda \u00c1ngeles Vicente, Superiora Generale dei Teatini; Suor Guadalupe Mart\u00ednez, Consigliera Generale ed Economista; Suor Tarcisia Masucci, Segretaria e Consigliera provinciale delle Teatine d&#8217;Italia e Suor Lourdes Polidoro, Consigliera provinciale d&#8217;Italia e le altre sorelle Teatine del Brasile.<br \/>\nMomento di profonda gioia e di fraternit\u00e0 tra i teatini e le teatine, come dicono le nostre Costituzioni agli articoli 94-97.<\/p>\n<p><em><strong>&#8220;Senza altra regola che l&#8217;amore!&#8221;<\/strong><\/em> &#8211; Venire. \u00darsula Benincasa, fondatrice della Congregazione delle Suore Teatine dell&#8217;Immacolata Concezione.<\/p>\n<p><a href=\"http:\/\/teatinos.org\/wp-content\/uploads\/2024\/02\/Bra-2-24-01.jpg\"><img loading=\"lazy\" decoding=\"async\" class=\"alignnone size-full wp-image-14307\" src=\"http:\/\/teatinos.org\/wp-content\/uploads\/2024\/02\/Bra-2-24-01.jpg\" alt=\"\" width=\"1280\" height=\"960\" \/><\/a><a href=\"http:\/\/teatinos.org\/wp-content\/uploads\/2024\/02\/Bra-2-24-02.jpg\"><img loading=\"lazy\" decoding=\"async\" class=\"alignnone size-full wp-image-14312\" src=\"http:\/\/teatinos.org\/wp-content\/uploads\/2024\/02\/Bra-2-24-02.jpg\" alt=\"\" width=\"1122\" height=\"990\" \/><\/a><a href=\"http:\/\/teatinos.org\/wp-content\/uploads\/2024\/02\/Bra-2-24-03.jpg\"><img loading=\"lazy\" decoding=\"async\" class=\"alignnone size-full wp-image-14317\" src=\"http:\/\/teatinos.org\/wp-content\/uploads\/2024\/02\/Bra-2-24-03.jpg\" alt=\"\" width=\"972\" height=\"1600\" \/><\/a><a href=\"http:\/\/teatinos.org\/wp-content\/uploads\/2024\/02\/Bra-2-24-04.jpg\"><img loading=\"lazy\" decoding=\"async\" class=\"alignnone size-full wp-image-14322\" src=\"http:\/\/teatinos.org\/wp-content\/uploads\/2024\/02\/Bra-2-24-04.jpg\" alt=\"\" width=\"960\" height=\"1280\" \/><\/a><\/p>\n","protected":false},"excerpt":{"rendered":"<p>La mattina dell&#8217;11 febbraio, a Pato Branco-PR, il Rev. Padre Rafael Tadeu, CR; Alla Celebrazione dei 25 anni di vita religiosa di Sor Simone erano presenti il ??Preposto provinciale del Brasile accompagnato da D. Lucas Gobbo, CR, Segretario e Consigliere provinciale, e da D. Guilherme Alves, CR, Preposto locale, Rettore&hellip;<\/p>\n","protected":false},"author":5,"featured_media":11532,"comment_status":"closed","ping_status":"open","sticky":false,"template":"","format":"standard","meta":{"_acf_changed":false,"footnotes":"","_links_to":"","_links_to_target":""},"categories":[97],"tags":[],"class_list":["post-14331","post","type-post","status-publish","format-standard","has-post-thumbnail","hentry","category-notizie"],"acf":[],"yoast_head":"<!-- This site is optimized with the Yoast SEO plugin v23.5 - https:\/\/yoast.com\/wordpress\/plugins\/seo\/ -->\n<title>&quot;Senza altra regola che l&#039;amore!&quot; - Teatinos<\/title>\n<meta name=\"robots\" content=\"index, follow, max-snippet:-1, max-image-preview:large, max-video-preview:-1\" \/>\n<link rel=\"canonical\" href=\"https:\/\/teatinos.org\/it\/sem-outra-regra-alem-do-amor\/\" \/>\n<meta property=\"og:locale\" content=\"it_IT\" \/>\n<meta property=\"og:type\" content=\"article\" \/>\n<meta property=\"og:title\" content=\"&quot;Senza altra regola che l&#039;amore!&quot; - Teatinos\" \/>\n<meta property=\"og:description\" content=\"La mattina dell&#8217;11 febbraio, a Pato Branco-PR, il Rev. Padre Rafael Tadeu, CR; Alla Celebrazione dei 25 anni di vita religiosa di Sor Simone erano presenti il ??Preposto provinciale del Brasile accompagnato da D. Lucas Gobbo, CR, Segretario e Consigliere provinciale, e da D. Guilherme Alves, CR, Preposto locale, Rettore&hellip;\" \/>\n<meta property=\"og:url\" content=\"https:\/\/teatinos.org\/it\/sem-outra-regra-alem-do-amor\/\" \/>\n<meta property=\"og:site_name\" content=\"Teatinos\" \/>\n<meta property=\"article:published_time\" content=\"2024-02-22T18:06:14+00:00\" \/>\n<meta property=\"article:modified_time\" content=\"2024-02-22T18:09:23+00:00\" \/>\n<meta property=\"og:image\" content=\"https:\/\/teatinos.org\/wp-content\/uploads\/2023\/05\/Placa-Brasil-2023.png\" \/>\n\t<meta property=\"og:image:width\" content=\"1080\" \/>\n\t<meta property=\"og:image:height\" content=\"1080\" \/>\n\t<meta property=\"og:image:type\" content=\"image\/png\" \/>\n<meta name=\"author\" content=\"Community Manager\" \/>\n<meta name=\"twitter:card\" content=\"summary_large_image\" \/>\n<meta name=\"twitter:label1\" content=\"Scritto da\" \/>\n\t<meta name=\"twitter:data1\" content=\"Community Manager\" \/>\n\t<meta name=\"twitter:label2\" content=\"Tempo di lettura stimato\" \/>\n\t<meta name=\"twitter:data2\" content=\"2 minuti\" \/>\n<script type=\"application\/ld+json\" class=\"yoast-schema-graph\">{\"@context\":\"https:\/\/schema.org\",\"@graph\":[{\"@type\":\"WebPage\",\"@id\":\"https:\/\/teatinos.org\/it\/sem-outra-regra-alem-do-amor\/\",\"url\":\"https:\/\/teatinos.org\/it\/sem-outra-regra-alem-do-amor\/\",\"name\":\"\\\"Senza altra regola che l'amore!\\\" - Teatinos\",\"isPartOf\":{\"@id\":\"https:\/\/teatinos.org\/pt-br\/#website\"},\"primaryImageOfPage\":{\"@id\":\"https:\/\/teatinos.org\/it\/sem-outra-regra-alem-do-amor\/#primaryimage\"},\"image\":{\"@id\":\"https:\/\/teatinos.org\/it\/sem-outra-regra-alem-do-amor\/#primaryimage\"},\"thumbnailUrl\":\"https:\/\/teatinos.org\/wp-content\/uploads\/2023\/05\/Placa-Brasil-2023.png\",\"datePublished\":\"2024-02-22T18:06:14+00:00\",\"dateModified\":\"2024-02-22T18:09:23+00:00\",\"author\":{\"@id\":\"https:\/\/teatinos.org\/pt-br\/#\/schema\/person\/10193cb8ac6f163661033cf7ce9006a5\"},\"breadcrumb\":{\"@id\":\"https:\/\/teatinos.org\/it\/sem-outra-regra-alem-do-amor\/#breadcrumb\"},\"inLanguage\":\"it-IT\",\"potentialAction\":[{\"@type\":\"ReadAction\",\"target\":[\"https:\/\/teatinos.org\/it\/sem-outra-regra-alem-do-amor\/\"]}]},{\"@type\":\"ImageObject\",\"inLanguage\":\"it-IT\",\"@id\":\"https:\/\/teatinos.org\/it\/sem-outra-regra-alem-do-amor\/#primaryimage\",\"url\":\"https:\/\/teatinos.org\/wp-content\/uploads\/2023\/05\/Placa-Brasil-2023.png\",\"contentUrl\":\"https:\/\/teatinos.org\/wp-content\/uploads\/2023\/05\/Placa-Brasil-2023.png\",\"width\":1080,\"height\":1080},{\"@type\":\"BreadcrumbList\",\"@id\":\"https:\/\/teatinos.org\/it\/sem-outra-regra-alem-do-amor\/#breadcrumb\",\"itemListElement\":[{\"@type\":\"ListItem\",\"position\":1,\"name\":\"Portada\",\"item\":\"https:\/\/teatinos.org\/it\/\"},{\"@type\":\"ListItem\",\"position\":2,\"name\":\"&#8220;Senza altra regola che l&#8217;amore!&#8221;\"}]},{\"@type\":\"WebSite\",\"@id\":\"https:\/\/teatinos.org\/pt-br\/#website\",\"url\":\"https:\/\/teatinos.org\/pt-br\/\",\"name\":\"Teatinos\",\"description\":\"Orden de Cl\u00e9rigos Regulares\",\"potentialAction\":[{\"@type\":\"SearchAction\",\"target\":{\"@type\":\"EntryPoint\",\"urlTemplate\":\"https:\/\/teatinos.org\/pt-br\/?s={search_term_string}\"},\"query-input\":{\"@type\":\"PropertyValueSpecification\",\"valueRequired\":true,\"valueName\":\"search_term_string\"}}],\"inLanguage\":\"it-IT\"},{\"@type\":\"Person\",\"@id\":\"https:\/\/teatinos.org\/pt-br\/#\/schema\/person\/10193cb8ac6f163661033cf7ce9006a5\",\"name\":\"Community Manager\",\"url\":\"https:\/\/teatinos.org\/it\/author\/pascual\/\"}]}<\/script>\n<!-- \/ Yoast SEO plugin. -->","yoast_head_json":{"title":"\"Senza altra regola che l'amore!\" - Teatinos","robots":{"index":"index","follow":"follow","max-snippet":"max-snippet:-1","max-image-preview":"max-image-preview:large","max-video-preview":"max-video-preview:-1"},"canonical":"https:\/\/teatinos.org\/it\/sem-outra-regra-alem-do-amor\/","og_locale":"it_IT","og_type":"article","og_title":"\"Senza altra regola che l'amore!\" - Teatinos","og_description":"La mattina dell&#8217;11 febbraio, a Pato Branco-PR, il Rev. Padre Rafael Tadeu, CR; Alla Celebrazione dei 25 anni di vita religiosa di Sor Simone erano presenti il ??Preposto provinciale del Brasile accompagnato da D. Lucas Gobbo, CR, Segretario e Consigliere provinciale, e da D. Guilherme Alves, CR, Preposto locale, Rettore&hellip;","og_url":"https:\/\/teatinos.org\/it\/sem-outra-regra-alem-do-amor\/","og_site_name":"Teatinos","article_published_time":"2024-02-22T18:06:14+00:00","article_modified_time":"2024-02-22T18:09:23+00:00","og_image":[{"width":1080,"height":1080,"url":"https:\/\/teatinos.org\/wp-content\/uploads\/2023\/05\/Placa-Brasil-2023.png","type":"image\/png"}],"author":"Community Manager","twitter_card":"summary_large_image","twitter_misc":{"Scritto da":"Community Manager","Tempo di lettura stimato":"2 minuti"},"schema":{"@context":"https:\/\/schema.org","@graph":[{"@type":"WebPage","@id":"https:\/\/teatinos.org\/it\/sem-outra-regra-alem-do-amor\/","url":"https:\/\/teatinos.org\/it\/sem-outra-regra-alem-do-amor\/","name":"\"Senza altra regola che l'amore!\" - Teatinos","isPartOf":{"@id":"https:\/\/teatinos.org\/pt-br\/#website"},"primaryImageOfPage":{"@id":"https:\/\/teatinos.org\/it\/sem-outra-regra-alem-do-amor\/#primaryimage"},"image":{"@id":"https:\/\/teatinos.org\/it\/sem-outra-regra-alem-do-amor\/#primaryimage"},"thumbnailUrl":"https:\/\/teatinos.org\/wp-content\/uploads\/2023\/05\/Placa-Brasil-2023.png","datePublished":"2024-02-22T18:06:14+00:00","dateModified":"2024-02-22T18:09:23+00:00","author":{"@id":"https:\/\/teatinos.org\/pt-br\/#\/schema\/person\/10193cb8ac6f163661033cf7ce9006a5"},"breadcrumb":{"@id":"https:\/\/teatinos.org\/it\/sem-outra-regra-alem-do-amor\/#breadcrumb"},"inLanguage":"it-IT","potentialAction":[{"@type":"ReadAction","target":["https:\/\/teatinos.org\/it\/sem-outra-regra-alem-do-amor\/"]}]},{"@type":"ImageObject","inLanguage":"it-IT","@id":"https:\/\/teatinos.org\/it\/sem-outra-regra-alem-do-amor\/#primaryimage","url":"https:\/\/teatinos.org\/wp-content\/uploads\/2023\/05\/Placa-Brasil-2023.png","contentUrl":"https:\/\/teatinos.org\/wp-content\/uploads\/2023\/05\/Placa-Brasil-2023.png","width":1080,"height":1080},{"@type":"BreadcrumbList","@id":"https:\/\/teatinos.org\/it\/sem-outra-regra-alem-do-amor\/#breadcrumb","itemListElement":[{"@type":"ListItem","position":1,"name":"Portada","item":"https:\/\/teatinos.org\/it\/"},{"@type":"ListItem","position":2,"name":"&#8220;Senza altra regola che l&#8217;amore!&#8221;"}]},{"@type":"WebSite","@id":"https:\/\/teatinos.org\/pt-br\/#website","url":"https:\/\/teatinos.org\/pt-br\/","name":"Teatinos","description":"Orden de Cl\u00e9rigos Regulares","potentialAction":[{"@type":"SearchAction","target":{"@type":"EntryPoint","urlTemplate":"https:\/\/teatinos.org\/pt-br\/?s={search_term_string}"},"query-input":{"@type":"PropertyValueSpecification","valueRequired":true,"valueName":"search_term_string"}}],"inLanguage":"it-IT"},{"@type":"Person","@id":"https:\/\/teatinos.org\/pt-br\/#\/schema\/person\/10193cb8ac6f163661033cf7ce9006a5","name":"Community Manager","url":"https:\/\/teatinos.org\/it\/author\/pascual\/"}]}},"rttpg_featured_image_url":{"full":["https:\/\/teatinos.org\/wp-content\/uploads\/2023\/05\/Placa-Brasil-2023.png",1080,1080,false],"landscape":["https:\/\/teatinos.org\/wp-content\/uploads\/2023\/05\/Placa-Brasil-2023.png",1080,1080,false],"portraits":["https:\/\/teatinos.org\/wp-content\/uploads\/2023\/05\/Placa-Brasil-2023.png",1080,1080,false],"thumbnail":["https:\/\/teatinos.org\/wp-content\/uploads\/2023\/05\/Placa-Brasil-2023-150x150.png",150,150,true],"medium":["https:\/\/teatinos.org\/wp-content\/uploads\/2023\/05\/Placa-Brasil-2023-300x300.png",300,300,true],"large":["https:\/\/teatinos.org\/wp-content\/uploads\/2023\/05\/Placa-Brasil-2023-1024x1024.png",1000,1000,true],"1536x1536":["https:\/\/teatinos.org\/wp-content\/uploads\/2023\/05\/Placa-Brasil-2023.png",1080,1080,false],"2048x2048":["https:\/\/teatinos.org\/wp-content\/uploads\/2023\/05\/Placa-Brasil-2023.png",1080,1080,false]},"rttpg_author":{"display_name":"Community Manager","author_link":"https:\/\/teatinos.org\/it\/author\/pascual\/"},"rttpg_comment":0,"rttpg_category":"<a href=\"https:\/\/teatinos.org\/it\/category\/notizie\/\" rel=\"category tag\">Notizie<\/a>","rttpg_excerpt":"La mattina dell&#8217;11 febbraio, a Pato Branco-PR, il Rev. Padre Rafael Tadeu, CR; Alla Celebrazione dei 25 anni di vita religiosa di Sor Simone erano presenti il ??Preposto provinciale del Brasile accompagnato da D. Lucas Gobbo, CR, Segretario e Consigliere provinciale, e da D. Guilherme Alves, CR, Preposto locale, Rettore&hellip;","_links":{"self":[{"href":"https:\/\/teatinos.org\/it\/wp-json\/wp\/v2\/posts\/14331","targetHints":{"allow":["GET"]}}],"collection":[{"href":"https:\/\/teatinos.org\/it\/wp-json\/wp\/v2\/posts"}],"about":[{"href":"https:\/\/teatinos.org\/it\/wp-json\/wp\/v2\/types\/post"}],"author":[{"embeddable":true,"href":"https:\/\/teatinos.org\/it\/wp-json\/wp\/v2\/users\/5"}],"replies":[{"embeddable":true,"href":"https:\/\/teatinos.org\/it\/wp-json\/wp\/v2\/comments?post=14331"}],"version-history":[{"count":1,"href":"https:\/\/teatinos.org\/it\/wp-json\/wp\/v2\/posts\/14331\/revisions"}],"predecessor-version":[{"id":14335,"href":"https:\/\/teatinos.org\/it\/wp-json\/wp\/v2\/posts\/14331\/revisions\/14335"}],"wp:featuredmedia":[{"embeddable":true,"href":"https:\/\/teatinos.org\/it\/wp-json\/wp\/v2\/media\/11532"}],"wp:attachment":[{"href":"https:\/\/teatinos.org\/it\/wp-json\/wp\/v2\/media?parent=14331"}],"wp:term":[{"taxonomy":"category","embeddable":true,"href":"https:\/\/teatinos.org\/it\/wp-json\/wp\/v2\/categories?post=14331"},{"taxonomy":"post_tag","embeddable":true,"href":"https:\/\/teatinos.org\/it\/wp-json\/wp\/v2\/tags?post=14331"}],"curies":[{"name":"wp","href":"https:\/\/api.w.org\/{rel}","templated":true}]}}