{"id":14289,"date":"2024-02-22T17:55:48","date_gmt":"2024-02-22T17:55:48","guid":{"rendered":"http:\/\/teatinos.org\/tratado-del-santisimo-sacramento-del-altar\/"},"modified":"2024-02-22T18:01:09","modified_gmt":"2024-02-22T18:01:09","slug":"tratado-del-santisimo-sacramento-del-altar","status":"publish","type":"post","link":"https:\/\/teatinos.org\/it\/tratado-del-santisimo-sacramento-del-altar\/","title":{"rendered":"Trattato del Santissimo Sacramento dell&#8217;altare"},"content":{"rendered":"<p>Questo trattato cerca di rispondere al motivo per cui il Signore ha istituito questo grande Sacramento. Per questo Andrea Avellino spiega come Dio, avendo creato l&#8217;uomo con corpo e anima, gli ha provveduto il cibo. E spiega quali sono i cibi del corpo e quelli dell&#8217;anima.<br \/>\nCristo ha istituito il Sacramento del suo Corpo non solo per essere cibo per coloro che vogliono restare nella vita di grazia, ma anche per dimostrarci ulteriormente il suo divino amore e la sua umilt\u00e0, che sono, dice Avellino, le virt\u00f9 necessarie per riceverlo. Per ricevere degnamente il Corpo del Signore occorre ricordare la passione e la morte di Cristo. Insegna che Dio, avendo piet\u00e0 delle nostre anime, inclinate al male e dalla carne corrotta, ci ha provvisto di un&#8217;altra carne santa e immacolata, che \u00e8 la carne di Cristo, dal cui contatto sono santificati l&#8217;anima e il corpo di coloro che la ricevono. degnamente. E con l&#8217;unione con la carne di Cristo, l&#8217;anima riceve la vera vita di grazia e di gloria. L&#8217;unione con la carne di Cristo \u00e8 la causa dell&#8217;unione con Dio e con il prossimo. Cos\u00ec ha previsto Dio per riunire le anime a S\u00e9 e tra loro.<\/p>\n<p><a href=\"http:\/\/teatinos.org\/wp-content\/uploads\/2024\/02\/Tratado-del-Smo-Sacr-del-Altar-Ambrosio-Cots.png\"><img loading=\"lazy\" decoding=\"async\" class=\"alignnone size-full wp-image-14281\" src=\"http:\/\/teatinos.org\/wp-content\/uploads\/2024\/02\/Tratado-del-Smo-Sacr-del-Altar-Ambrosio-Cots.png\" alt=\"\" width=\"1216\" height=\"1964\" \/><\/a><\/p>\n","protected":false},"excerpt":{"rendered":"<p>Questo trattato cerca di rispondere al motivo per cui il Signore ha istituito questo grande Sacramento. Per questo Andrea Avellino spiega come Dio, avendo creato l&#8217;uomo con corpo e anima, gli ha provveduto il cibo. E spiega quali sono i cibi del corpo e quelli dell&#8217;anima. Cristo ha istituito il&hellip;<\/p>\n","protected":false},"author":5,"featured_media":11552,"comment_status":"closed","ping_status":"open","sticky":false,"template":"","format":"standard","meta":{"_acf_changed":false,"footnotes":"","_links_to":"","_links_to_target":""},"categories":[97],"tags":[],"class_list":["post-14289","post","type-post","status-publish","format-standard","has-post-thumbnail","hentry","category-notizie"],"acf":[],"yoast_head":"<!-- This site is optimized with the Yoast SEO plugin v23.5 - https:\/\/yoast.com\/wordpress\/plugins\/seo\/ -->\n<title>Trattato del Santissimo Sacramento dell&#039;altare - Teatinos<\/title>\n<meta name=\"robots\" content=\"index, follow, max-snippet:-1, max-image-preview:large, max-video-preview:-1\" \/>\n<link rel=\"canonical\" href=\"https:\/\/teatinos.org\/it\/tratado-del-santisimo-sacramento-del-altar\/\" \/>\n<meta property=\"og:locale\" content=\"it_IT\" \/>\n<meta property=\"og:type\" content=\"article\" \/>\n<meta property=\"og:title\" content=\"Trattato del Santissimo Sacramento dell&#039;altare - Teatinos\" \/>\n<meta property=\"og:description\" content=\"Questo trattato cerca di rispondere al motivo per cui il Signore ha istituito questo grande Sacramento. Per questo Andrea Avellino spiega come Dio, avendo creato l&#8217;uomo con corpo e anima, gli ha provveduto il cibo. E spiega quali sono i cibi del corpo e quelli dell&#8217;anima. Cristo ha istituito il&hellip;\" \/>\n<meta property=\"og:url\" content=\"https:\/\/teatinos.org\/it\/tratado-del-santisimo-sacramento-del-altar\/\" \/>\n<meta property=\"og:site_name\" content=\"Teatinos\" \/>\n<meta property=\"article:published_time\" content=\"2024-02-22T17:55:48+00:00\" \/>\n<meta property=\"article:modified_time\" content=\"2024-02-22T18:01:09+00:00\" \/>\n<meta property=\"og:image\" content=\"https:\/\/teatinos.org\/wp-content\/uploads\/2023\/05\/Placa-Curia-Ita-2023.png\" \/>\n\t<meta property=\"og:image:width\" content=\"1080\" \/>\n\t<meta property=\"og:image:height\" content=\"1080\" \/>\n\t<meta property=\"og:image:type\" content=\"image\/png\" \/>\n<meta name=\"author\" content=\"Community Manager\" \/>\n<meta name=\"twitter:card\" content=\"summary_large_image\" \/>\n<meta name=\"twitter:label1\" content=\"Scritto da\" \/>\n\t<meta name=\"twitter:data1\" content=\"Community Manager\" \/>\n\t<meta name=\"twitter:label2\" content=\"Tempo di lettura stimato\" \/>\n\t<meta name=\"twitter:data2\" content=\"2 minuti\" \/>\n<script type=\"application\/ld+json\" class=\"yoast-schema-graph\">{\"@context\":\"https:\/\/schema.org\",\"@graph\":[{\"@type\":\"WebPage\",\"@id\":\"https:\/\/teatinos.org\/it\/tratado-del-santisimo-sacramento-del-altar\/\",\"url\":\"https:\/\/teatinos.org\/it\/tratado-del-santisimo-sacramento-del-altar\/\",\"name\":\"Trattato del Santissimo Sacramento dell'altare - Teatinos\",\"isPartOf\":{\"@id\":\"https:\/\/teatinos.org\/pt-br\/#website\"},\"primaryImageOfPage\":{\"@id\":\"https:\/\/teatinos.org\/it\/tratado-del-santisimo-sacramento-del-altar\/#primaryimage\"},\"image\":{\"@id\":\"https:\/\/teatinos.org\/it\/tratado-del-santisimo-sacramento-del-altar\/#primaryimage\"},\"thumbnailUrl\":\"https:\/\/teatinos.org\/wp-content\/uploads\/2023\/05\/Placa-Curia-Ita-2023.png\",\"datePublished\":\"2024-02-22T17:55:48+00:00\",\"dateModified\":\"2024-02-22T18:01:09+00:00\",\"author\":{\"@id\":\"https:\/\/teatinos.org\/pt-br\/#\/schema\/person\/10193cb8ac6f163661033cf7ce9006a5\"},\"breadcrumb\":{\"@id\":\"https:\/\/teatinos.org\/it\/tratado-del-santisimo-sacramento-del-altar\/#breadcrumb\"},\"inLanguage\":\"it-IT\",\"potentialAction\":[{\"@type\":\"ReadAction\",\"target\":[\"https:\/\/teatinos.org\/it\/tratado-del-santisimo-sacramento-del-altar\/\"]}]},{\"@type\":\"ImageObject\",\"inLanguage\":\"it-IT\",\"@id\":\"https:\/\/teatinos.org\/it\/tratado-del-santisimo-sacramento-del-altar\/#primaryimage\",\"url\":\"https:\/\/teatinos.org\/wp-content\/uploads\/2023\/05\/Placa-Curia-Ita-2023.png\",\"contentUrl\":\"https:\/\/teatinos.org\/wp-content\/uploads\/2023\/05\/Placa-Curia-Ita-2023.png\",\"width\":1080,\"height\":1080},{\"@type\":\"BreadcrumbList\",\"@id\":\"https:\/\/teatinos.org\/it\/tratado-del-santisimo-sacramento-del-altar\/#breadcrumb\",\"itemListElement\":[{\"@type\":\"ListItem\",\"position\":1,\"name\":\"Portada\",\"item\":\"https:\/\/teatinos.org\/it\/\"},{\"@type\":\"ListItem\",\"position\":2,\"name\":\"Trattato del Santissimo Sacramento dell&#8217;altare\"}]},{\"@type\":\"WebSite\",\"@id\":\"https:\/\/teatinos.org\/pt-br\/#website\",\"url\":\"https:\/\/teatinos.org\/pt-br\/\",\"name\":\"Teatinos\",\"description\":\"Orden de Cl\u00e9rigos Regulares\",\"potentialAction\":[{\"@type\":\"SearchAction\",\"target\":{\"@type\":\"EntryPoint\",\"urlTemplate\":\"https:\/\/teatinos.org\/pt-br\/?s={search_term_string}\"},\"query-input\":{\"@type\":\"PropertyValueSpecification\",\"valueRequired\":true,\"valueName\":\"search_term_string\"}}],\"inLanguage\":\"it-IT\"},{\"@type\":\"Person\",\"@id\":\"https:\/\/teatinos.org\/pt-br\/#\/schema\/person\/10193cb8ac6f163661033cf7ce9006a5\",\"name\":\"Community Manager\",\"url\":\"https:\/\/teatinos.org\/it\/author\/pascual\/\"}]}<\/script>\n<!-- \/ Yoast SEO plugin. -->","yoast_head_json":{"title":"Trattato del Santissimo Sacramento dell'altare - Teatinos","robots":{"index":"index","follow":"follow","max-snippet":"max-snippet:-1","max-image-preview":"max-image-preview:large","max-video-preview":"max-video-preview:-1"},"canonical":"https:\/\/teatinos.org\/it\/tratado-del-santisimo-sacramento-del-altar\/","og_locale":"it_IT","og_type":"article","og_title":"Trattato del Santissimo Sacramento dell'altare - Teatinos","og_description":"Questo trattato cerca di rispondere al motivo per cui il Signore ha istituito questo grande Sacramento. Per questo Andrea Avellino spiega come Dio, avendo creato l&#8217;uomo con corpo e anima, gli ha provveduto il cibo. E spiega quali sono i cibi del corpo e quelli dell&#8217;anima. Cristo ha istituito il&hellip;","og_url":"https:\/\/teatinos.org\/it\/tratado-del-santisimo-sacramento-del-altar\/","og_site_name":"Teatinos","article_published_time":"2024-02-22T17:55:48+00:00","article_modified_time":"2024-02-22T18:01:09+00:00","og_image":[{"width":1080,"height":1080,"url":"https:\/\/teatinos.org\/wp-content\/uploads\/2023\/05\/Placa-Curia-Ita-2023.png","type":"image\/png"}],"author":"Community Manager","twitter_card":"summary_large_image","twitter_misc":{"Scritto da":"Community Manager","Tempo di lettura stimato":"2 minuti"},"schema":{"@context":"https:\/\/schema.org","@graph":[{"@type":"WebPage","@id":"https:\/\/teatinos.org\/it\/tratado-del-santisimo-sacramento-del-altar\/","url":"https:\/\/teatinos.org\/it\/tratado-del-santisimo-sacramento-del-altar\/","name":"Trattato del Santissimo Sacramento dell'altare - Teatinos","isPartOf":{"@id":"https:\/\/teatinos.org\/pt-br\/#website"},"primaryImageOfPage":{"@id":"https:\/\/teatinos.org\/it\/tratado-del-santisimo-sacramento-del-altar\/#primaryimage"},"image":{"@id":"https:\/\/teatinos.org\/it\/tratado-del-santisimo-sacramento-del-altar\/#primaryimage"},"thumbnailUrl":"https:\/\/teatinos.org\/wp-content\/uploads\/2023\/05\/Placa-Curia-Ita-2023.png","datePublished":"2024-02-22T17:55:48+00:00","dateModified":"2024-02-22T18:01:09+00:00","author":{"@id":"https:\/\/teatinos.org\/pt-br\/#\/schema\/person\/10193cb8ac6f163661033cf7ce9006a5"},"breadcrumb":{"@id":"https:\/\/teatinos.org\/it\/tratado-del-santisimo-sacramento-del-altar\/#breadcrumb"},"inLanguage":"it-IT","potentialAction":[{"@type":"ReadAction","target":["https:\/\/teatinos.org\/it\/tratado-del-santisimo-sacramento-del-altar\/"]}]},{"@type":"ImageObject","inLanguage":"it-IT","@id":"https:\/\/teatinos.org\/it\/tratado-del-santisimo-sacramento-del-altar\/#primaryimage","url":"https:\/\/teatinos.org\/wp-content\/uploads\/2023\/05\/Placa-Curia-Ita-2023.png","contentUrl":"https:\/\/teatinos.org\/wp-content\/uploads\/2023\/05\/Placa-Curia-Ita-2023.png","width":1080,"height":1080},{"@type":"BreadcrumbList","@id":"https:\/\/teatinos.org\/it\/tratado-del-santisimo-sacramento-del-altar\/#breadcrumb","itemListElement":[{"@type":"ListItem","position":1,"name":"Portada","item":"https:\/\/teatinos.org\/it\/"},{"@type":"ListItem","position":2,"name":"Trattato del Santissimo Sacramento dell&#8217;altare"}]},{"@type":"WebSite","@id":"https:\/\/teatinos.org\/pt-br\/#website","url":"https:\/\/teatinos.org\/pt-br\/","name":"Teatinos","description":"Orden de Cl\u00e9rigos Regulares","potentialAction":[{"@type":"SearchAction","target":{"@type":"EntryPoint","urlTemplate":"https:\/\/teatinos.org\/pt-br\/?s={search_term_string}"},"query-input":{"@type":"PropertyValueSpecification","valueRequired":true,"valueName":"search_term_string"}}],"inLanguage":"it-IT"},{"@type":"Person","@id":"https:\/\/teatinos.org\/pt-br\/#\/schema\/person\/10193cb8ac6f163661033cf7ce9006a5","name":"Community Manager","url":"https:\/\/teatinos.org\/it\/author\/pascual\/"}]}},"rttpg_featured_image_url":{"full":["https:\/\/teatinos.org\/wp-content\/uploads\/2023\/05\/Placa-Curia-Ita-2023.png",1080,1080,false],"landscape":["https:\/\/teatinos.org\/wp-content\/uploads\/2023\/05\/Placa-Curia-Ita-2023.png",1080,1080,false],"portraits":["https:\/\/teatinos.org\/wp-content\/uploads\/2023\/05\/Placa-Curia-Ita-2023.png",1080,1080,false],"thumbnail":["https:\/\/teatinos.org\/wp-content\/uploads\/2023\/05\/Placa-Curia-Ita-2023-150x150.png",150,150,true],"medium":["https:\/\/teatinos.org\/wp-content\/uploads\/2023\/05\/Placa-Curia-Ita-2023-300x300.png",300,300,true],"large":["https:\/\/teatinos.org\/wp-content\/uploads\/2023\/05\/Placa-Curia-Ita-2023-1024x1024.png",1000,1000,true],"1536x1536":["https:\/\/teatinos.org\/wp-content\/uploads\/2023\/05\/Placa-Curia-Ita-2023.png",1080,1080,false],"2048x2048":["https:\/\/teatinos.org\/wp-content\/uploads\/2023\/05\/Placa-Curia-Ita-2023.png",1080,1080,false]},"rttpg_author":{"display_name":"Community Manager","author_link":"https:\/\/teatinos.org\/it\/author\/pascual\/"},"rttpg_comment":0,"rttpg_category":"<a href=\"https:\/\/teatinos.org\/it\/category\/notizie\/\" rel=\"category tag\">Notizie<\/a>","rttpg_excerpt":"Questo trattato cerca di rispondere al motivo per cui il Signore ha istituito questo grande Sacramento. Per questo Andrea Avellino spiega come Dio, avendo creato l&#8217;uomo con corpo e anima, gli ha provveduto il cibo. E spiega quali sono i cibi del corpo e quelli dell&#8217;anima. Cristo ha istituito il&hellip;","_links":{"self":[{"href":"https:\/\/teatinos.org\/it\/wp-json\/wp\/v2\/posts\/14289","targetHints":{"allow":["GET"]}}],"collection":[{"href":"https:\/\/teatinos.org\/it\/wp-json\/wp\/v2\/posts"}],"about":[{"href":"https:\/\/teatinos.org\/it\/wp-json\/wp\/v2\/types\/post"}],"author":[{"embeddable":true,"href":"https:\/\/teatinos.org\/it\/wp-json\/wp\/v2\/users\/5"}],"replies":[{"embeddable":true,"href":"https:\/\/teatinos.org\/it\/wp-json\/wp\/v2\/comments?post=14289"}],"version-history":[{"count":4,"href":"https:\/\/teatinos.org\/it\/wp-json\/wp\/v2\/posts\/14289\/revisions"}],"predecessor-version":[{"id":14305,"href":"https:\/\/teatinos.org\/it\/wp-json\/wp\/v2\/posts\/14289\/revisions\/14305"}],"wp:featuredmedia":[{"embeddable":true,"href":"https:\/\/teatinos.org\/it\/wp-json\/wp\/v2\/media\/11552"}],"wp:attachment":[{"href":"https:\/\/teatinos.org\/it\/wp-json\/wp\/v2\/media?parent=14289"}],"wp:term":[{"taxonomy":"category","embeddable":true,"href":"https:\/\/teatinos.org\/it\/wp-json\/wp\/v2\/categories?post=14289"},{"taxonomy":"post_tag","embeddable":true,"href":"https:\/\/teatinos.org\/it\/wp-json\/wp\/v2\/tags?post=14289"}],"curies":[{"name":"wp","href":"https:\/\/api.w.org\/{rel}","templated":true}]}}