{"id":12724,"date":"2023-09-21T12:28:42","date_gmt":"2023-09-21T12:28:42","guid":{"rendered":"http:\/\/teatinos.org\/planificacion-del-ano-jubilar-teatinos-de-argentina\/"},"modified":"2023-09-21T12:35:24","modified_gmt":"2023-09-21T12:35:24","slug":"planificacion-del-ano-jubilar-teatinos-de-argentina","status":"publish","type":"post","link":"https:\/\/teatinos.org\/it\/planificacion-del-ano-jubilar-teatinos-de-argentina\/","title":{"rendered":"Pianificazione dell&#8217;anno giubilare &#8211; Teatini d&#8217;Argentina"},"content":{"rendered":"<p><a href=\"http:\/\/teatinos.org\/wp-content\/uploads\/2023\/09\/Teatinos-Argentina-Banner.png\"><img loading=\"lazy\" decoding=\"async\" class=\"alignnone size-full wp-image-12716\" src=\"http:\/\/teatinos.org\/wp-content\/uploads\/2023\/09\/Teatinos-Argentina-Banner.png\" alt=\"\" width=\"1432\" height=\"354\" \/><\/a><\/p>\n<p>I sacerdoti professi e i religiosi che compongono l&#8217;Ordine, riuniti in un&#8217;assemblea presieduta dal Rev. P. Provinciale Pedro M. Romero, CR, in occasione della riunione provinciale ordinaria annuale del 13, 14 e 15 febbraio 2023, hanno discusso il contesto e la situazione attuale della Provincia. In vista delle celebrazioni giubilari in occasione del quinto centenario della fondazione dell&#8217;Ordine Teatino, abbiamo proposto le seguenti iniziative:<\/p>\n<p><strong>INCONTRI<\/strong><br \/>\nDurante il periodo delle celebrazioni, si terranno una serie di incontri tra sacerdoti, religiosi e laici con l&#8217;obiettivo di approfondire il carisma, la spiritualit\u00e0, la storia e l&#8217;attualit\u00e0 del nostro Istituto. La dinamica di questi incontri avr\u00e0 la forma di conferenze, seminari di interpretazione e lettura di testi, esercizi spirituali, incontri conviviali, ecc. Si terr\u00e0 conto dell&#8217;et\u00e0 dei partecipanti e della loro missione nella dinamica comunitaria. Poich\u00e9 la finalit\u00e0 degli incontri \u00e8 formativa, il loro scopo sar\u00e0 quello di dare maggiore contenuto a un apprezzamento dei Teatini che si avverte da anni e che sarebbe arricchito da una maggiore conoscenza di fonti, testi, scritti, ecc. Sar\u00e0 incoraggiata la partecipazione dei laici insieme ai religiosi all&#8217;incontro di Roma del settembre 2024.<\/p>\n<p><strong>FORMAZIONE<\/strong><br \/>\nLa celebrazione del V centenario dell&#8217;origine dei chierici regolari nella storia della Chiesa pu\u00f2 diventare un&#8217;occasione favorevole di studio, riflessione e dibattito anche in ambito accademico. Con argomenti e temi diversi, cercheremo di entrare in dialogo con il mondo universitario, i seminari conciliari, gli istituti storici, gli istituti di spiritualit\u00e0, di vita religiosa e altri centri dedicati allo studio delle scienze sociali, della cultura, ecc.<\/p>\n<p><strong>ISTITUZIONI EDUCATIVE<\/strong><br \/>\nPoich\u00e9 le tre case che compongono la Provincia sono fortemente legate alla pastorale educativa, riteniamo necessario ed essenziale introdurre le nostre scuole nel quadro della celebrazione dell&#8217;Anno giubilare teatino. A tal fine, lavoreremo insieme alla direzione, al personale docente e ai genitori della scuola per generare un clima di festa, con la consapevolezza del motivo delle celebrazioni e generando negli studenti, per quanto possibile, un senso di appartenenza al carisma dell&#8217;Ordine e al suo spirito di riforma umanistica e cristiana, sempre considerando e rispettando le circostanze e le particolarit\u00e0 di ogni istituzione educativa.<\/p>\n<p><strong>RETI SOCIALI<\/strong><br \/>\nCome membri consacrati di un Istituto nato cinque secoli fa e che continua a cercare il Regno di Dio nel XXI secolo, riteniamo di grande importanza l&#8217;aggiornamento delle reti sociali della nostra Provincia e la formazione dei suoi membri al loro uso e beneficio per il servizio di Dio e del suo popolo. Perci\u00f2 proponiamo, per quanto riguarda le reti sociali della Provincia:<br \/>\n&#8211; Maggiore presenza sui social network: Facebook, Instagram, Twitter, YouTube.<br \/>\n&#8211; Aggiornamento del sito web &#8220;Teatinos de Argentina&#8221;.<br \/>\n&#8211; Composizione di podcast sulla piattaforma Spotify<br \/>\nIn questi cercheremo di sviluppare contenuti carismatici, specifici della spiritualit\u00e0 e della storia del nostro Istituto; di grande importanza sar\u00e0 la pubblicazione di eventi attuali sia della vita comunitaria dei religiosi che dei laici che si sentono in comunione e sono arricchiti dal carisma teatino. Cercheremo anche di accedere ad altri mezzi di diffusione come la radio, la televisione e il giornalismo scritto per far conoscere l&#8217;Istituto e i nostri santi nel contesto del quinto centenario.<\/p>\n<p><strong>ESPRESSIONI ARTISTICHE<\/strong><br \/>\nI cinquecento anni dell&#8217;Ordine si presentano come un&#8217;occasione propizia per generare e dare spazio all&#8217;originalit\u00e0 artistica come modalit\u00e0 di espressione carismatica. A tal fine, cercheremo di promuovere nelle nostre scuole e parrocchie, sia tra i religiosi che tra i laici, la pittura e le altre arti plastiche, il teatro, la musica e la poesia. La crescita del patrimonio artistico dell&#8217;Ordine nel nostro Paese sar\u00e0 incoraggiata anche attraverso il contributo di artisti e altri specialisti dell&#8217;arte sacra.<\/p>\n<p><strong>SOUVENIRES<\/strong><br \/>\nConsiderando il profondo legame con i laici che ci hanno accompagnato per decenni e persino sostenuto le nostre opere apostoliche, vogliamo celebrare con loro questo anno giubilare con segni concreti e lasciarlo ai posteri. A tal fine, riteniamo arricchente produrre una serie di oggetti con l&#8217;emblema dell&#8217;ordine e il logo del quinto centenario. Tali oggetti potrebbero essere<br \/>\n&#8211; Domestici: tazze, portachiavi, compagni, magliette, sciarpe;<br \/>\n&#8211; Chiese: acquasantiere, paramenti, teli per la Messa, immagini, santini, preghiere.<br \/>\n&#8211; Scuole: striscioni, quaderni, zaini, penne e matite, diari, ecc.<\/p>\n<p><strong>CALENDARIO DELLE CELEBRAZIONI<\/strong><br \/>\n<strong>ANNO 2023<\/strong><\/p>\n<p>3 maggio: 499\u00b0 anniversario della presentazione del progetto di fondazione a Papa Clemente VII. Inizio dei preparativi per l&#8217;Anno giubilare. Celebrazioni eucaristiche in ciascuna delle case con le rispettive opere apostoliche.<br \/>\n8 maggio: Solennit\u00e0 di Nostra Signora di Lujan, titolare della nostra Provincia. Solenne celebrazione liturgica presieduta dal P. Provinciale nella casa di formazione. Incontro provinciale dei professi.<br \/>\n17 giugno: Memoria del Beato Paolo Burali, Cardinale Arcivescovo di Napoli.<br \/>\n24 giugno: Approvazione pontificia (Breve &#8220;Exponi Nobis&#8221;).<br \/>\n29 giugno: Solennit\u00e0 dei Santi Pietro e Paolo.<br \/>\n5 agosto: Transito del Venerabile Bonifacio de&#8217;Colli, fondatore.<br \/>\n7 agosto: Solennit\u00e0 di San Gaetano, fondatore.<br \/>\n18 agosto: Transito del Venerabile Giovanni Pietro Carafa, PP Paolo IV, fondatore.<br \/>\n22 agosto: Transito del Venerabile Vincenzo Maria Morelli, Teatino, Arcivescovo di Otranto.<br \/>\n8 settembre: Memoria locale della Madonna della Purit\u00e0.<br \/>\n14 settembre: 499\u00b0 anniversario della fondazione dell&#8217;Ordine Teatino. Inizio solenne dell&#8217;anno giubilare.<br \/>\nSabato 16: apertura dell&#8217;anno giubilare a Luj\u00e1n. Eucaristia presieduta da Mons. Oscar Vicente Ojea, Vescovo titolare della diocesi di San Isidro, Presidente della Conferenza Episcopale Argentina.<br \/>\nConferenza di settembre: &#8220;Cronache della fondazione&#8221;.<br \/>\n30 settembre e 1\u00b0 ottobre: Pellegrinaggio giovanile a Luj\u00e1n. Stand in occasione del V centenario e informazioni sull&#8217;Ordine.<br \/>\n12 ottobre: Anniversario della canonizzazione di San Giuseppe Maria Tomasi.<br \/>\nCelebrazioni delle comunit\u00e0 di San Isidro insieme alla quasi-parrocchia di San Giuseppe Maria Tomasi. Venerazione delle reliquie del Santo.<br \/>\n13 ottobre: Festa della Famiglia. La Plata<br \/>\n20 ottobre: Transito della Venerabile Suor Ursula Benincasa.<br \/>\nConferenza di ottobre: &#8220;Teatinit\u00e0 e cammino di perfezione&#8221;.<br \/>\n6 novembre: Transito del Servo di Dio Antonio Sagrera y Gay\u00e1.<br \/>\nPellegrinaggio e celebrazione eucaristica nella cappella del cimitero di La Plata presieduta dal P. Provinciale in memoria del Servo di Dio e dei teatini defunti.<br \/>\nConferenza di novembre: &#8220;San Gaetano e le donne&#8221;.<br \/>\n10 novembre: Memoria di Sant&#8217;Andrea Avelino.<br \/>\nCelebrazioni delle comunit\u00e0 di Sant&#8217;Isidoro insieme alla parrocchia di Sant&#8217;Andrea Avelino. Venerazione delle reliquie del Santo.<br \/>\n16 dicembre: anniversario dell&#8217;arrivo dei primi teatini nel porto di Buenos Aires.<br \/>\nGiornata di esercizi spirituali per laici.<br \/>\n12 dicembre: Memoria del Beato Giovanni Marinoni.<\/p>\n<p><strong>ANNO 2024<\/strong><br \/>\n3 gennaio: Memoria di San Giuseppe Maria Tomasi.<br \/>\nConferenza di gennaio: &#8220;I teatri e la liturgia&#8221;.<br \/>\n19 gennaio: Memoria della Madonna della Provvidenza.<br \/>\nMissione vocazionale<br \/>\n21 febbraio: Transito del Venerabile Francesco Olimpio.<br \/>\n8 e 9 febbraio: Esercizi spirituali per direttori, insegnanti, ecc.<br \/>\nConferenza di febbraio: &#8220;Teatini, uomini di scienza&#8221;.<br \/>\nConferenza di marzo: &#8220;La croce, stemma ed emblema dell&#8217;Ordine Teatino&#8221;.<br \/>\n28, 29, 30 e 31 marzo: Pasqua dei giovani teatini.<br \/>\n14 aprile: Transito del Venerabile Paolo Consiglieri, fondatore.<br \/>\nEsercizi spirituali vocazionali<br \/>\nConferenza di aprile: &#8220;Teatini, uomini di governo&#8221;.<br \/>\n3 maggio: V centenario della presentazione del Progetto a PP Clemente VII.<br \/>\nInaugurazione del Museo Teatino<br \/>\n6 maggio: Solennit\u00e0 di Nostra Signora di Lujan, titolare della nostra Provincia. Solenne celebrazione liturgica presieduta dal P. Provinciale nella casa di formazione. Incontro provinciale dei professi.<br \/>\n8 maggio: Consacrazione dei Teatini dell&#8217;Argentina a Nostra Signora di Luj\u00e1n. Solennit\u00e0 in ogni comunit\u00e0.<br \/>\n26 maggio: Incoronazione pontificia di Giovanni Pietro Carafa, PP Paolo IV.<br \/>\nConferenza di maggio: &#8220;Maria nell&#8217;Ordine Teatino&#8221;.<br \/>\n17 giugno: Memoria del Beato Paolo Burali, Cardinale Arcivescovo di Napoli.<br \/>\n24 giugno: Approvazione pontificia (Breve &#8220;Exponi Nobis&#8221;).<br \/>\nGiugno, Esercizi spirituali della Giovent\u00f9 Teatina.<br \/>\nConferenza di giugno: &#8220;I Teatini nella riforma della Chiesa&#8221;.<br \/>\n29 giugno: Solennit\u00e0 di San Pietro e San Paolo.<br \/>\nCelebrazione solenne in ogni comunit\u00e0. Incontro vocazionale.<br \/>\nLuglio: Esercizi spirituali della Provincia.<br \/>\nConferenza di luglio: &#8220;Il combattimento spirituale, un manuale teatino&#8221;.<br \/>\n3 agosto: pellegrinaggio teatino al Santuario di San Gaetano, Liniers.<br \/>\n5 agosto: Transito del Venerabile Bonifacio de&#8217;Colli, fondatore.<br \/>\n7 agosto: Solennit\u00e0 di San Gaetano, fondatore.<br \/>\n18 agosto: Transito del Venerabile Giovanni Pietro Carafa, PP Paolo IV, fondatore.<br \/>\nDomenica 18 e 19; celebrazione dei nostri fondatori in comunit\u00e0. Convivialit\u00e0.<br \/>\n22 agosto: Transito del Venerabile Vincenzo Maria Morelli, Teatino, Arcivescovo di Otranto.<br \/>\nConferenza di agosto: &#8220;San Gaetano, patriarca dei chierici regolari&#8221;.<br \/>\nCelebrazioni giubilari nelle cattedrali di La Plata e San Isidro.<br \/>\n8 settembre: memoria locale di Nostra Signora della Purezza.<br \/>\nSettimana del V Centenario: incontro della giovent\u00f9 teatina. Solenne celebrazione eucaristica presieduta dal P. Provinciale nella Cappella di Nostra Signora della Purit\u00e0.<\/p>\n<p>14 SETTEMBRE: 500\u00b0 ANNIVERSARIO DELLA FONDAZIONE DEL NOSTRO ISTITUTO RELIGIOSO.<br \/>\nGIORNATA DI FESTA E RICREAZIONE NELLE ISTITUZIONI EDUCATIVE E NELLE COMUNIT\u00c0 PASTORALI.<br \/>\nConferenza di settembre: &#8220;Teatinos per il mondo e la Chiesa di oggi&#8221;.<br \/>\n30 settembre: anniversario dell&#8217;ordinazione sacerdotale di San Gaetano.<br \/>\nPellegrinaggio vocazionale<br \/>\n12 ottobre: Anniversario della canonizzazione di San Giuseppe Maria Tomasi.<br \/>\n20 ottobre: Transito della Venerabile Suor Orsola Benincasa.<br \/>\nConferenza di ottobre: &#8220;I Teatini e la Missione Ad Gentes&#8221;.<br \/>\n3 novembre: Transito del Servo di Dio Antonio Sagrera y Gay\u00e1.<br \/>\nPellegrinaggio e celebrazione eucaristica nella cappella del cimitero di La Plata.<br \/>\n5 novembre: commemorazione dei teatini defunti in ogni comunit\u00e0.<br \/>\n10 novembre: commemorazione di San Andr\u00e9s Avelino.<br \/>\nConferenza di novembre: &#8221; Sant&#8217;Andrea Avelino, Typus et exemplar ecclesiasticus&#8221;.<br \/>\n14 dicembre: Assemblea provinciale con la partecipazione dei laici e chiusura solenne dell&#8217;Anno giubilare.<br \/>\n16 dicembre: Anniversario dell&#8217;arrivo dei primi teatini nel porto di Buenos Aires.<br \/>\nConferenza di dicembre: &#8220;Il Beato Giovanni Marinoni, angelo in carne umana&#8221;.<\/p>\n<p><strong>CALENDARIO DEI TEMI<\/strong><br \/>\n<strong>E ARGOMENTI DELLE CONFERENZE MENSILI<\/strong><\/p>\n<p><strong>2023<\/strong><br \/>\nSettembre<br \/>\nCronache della fondazione dei Chierici Regolari<br \/>\nVenerd\u00ec 29 &#8211; Casa del Sacro Cuore, Boulogne<br \/>\nottobre<br \/>\nLa Teatinidad e la via della perfezione<br \/>\nSabato 28 &#8211; Casa San Cayetano, La Plata<br \/>\nNovembre<br \/>\nSan Gaetano e le donne<br \/>\nSabato 25 &#8211; Casa Ntra. Sra. de Luj\u00e1n, Villa Adelina<br \/>\nDicembre<br \/>\nGiornata di esercizi spirituali<br \/>\nSabato 16 &#8211; Casa delle Suore Trinitarie, Boulogne<br \/>\n<strong>2024<\/strong><br \/>\nGennaio<br \/>\nI Teatini e la liturgia<br \/>\nSabato 6 &#8211; Casa del Sacro Cuore, Boulogne<br \/>\nFebbraio<br \/>\nI Teatini, uomini di scienza<br \/>\nSabato 24 &#8211; Casa San Cayetano, La Plata<br \/>\nMarzo<br \/>\nLa Croce, emblema e stemma<br \/>\nVenerd\u00ec 22 &#8211; Casa Ntra. Sra. de Luj\u00e1n, Villa Adelina<br \/>\nAprile<br \/>\nMaria nell&#8217;Ordine Teatino<br \/>\nVenerd\u00ec 27 &#8211; Casa San Cayetano, La Plata<br \/>\nMaggio<br \/>\nCronache della fondazione teatina in Argentina<br \/>\nSabato 25 &#8211; Casa del Sacro Cuore, Boulogne, Francia<br \/>\nGiugno<br \/>\nI Teatini nella riforma della Chiesa<br \/>\nSabato 29 &#8211; Casa San Cayetano, La Plata<br \/>\nluglio<br \/>\nSan Gaetano Patriarca dei Chierici Regolari?<br \/>\nSabato 27 &#8211; Casa Ntra. Sra. de Luj\u00e1n, Villa Adelina<br \/>\nAgosto<br \/>\nIl Combattimento Spirituale, Manuale dei Teatini<br \/>\nSabato 31 &#8211; Casa San Cayetano, La Plata<br \/>\nSettembre<br \/>\nI teatini e la missione Ad Gentes<br \/>\nSabato 28 &#8211; Casa Sagrado Coraz\u00f3n, Boulogne<br \/>\nOttobre<br \/>\nSant&#8217;Andrea Avelino, Typus et exemplar ecclesiasticus<br \/>\nSabato 26 &#8211; Casa San Cayetano, La Plata<br \/>\nNovembre<br \/>\nBeato Giovanni Marinoni, angelo in carne umana<br \/>\nSabato 30 &#8211; Casa Ntra. Sra. de Luj\u00e1n, Villa Adelina<br \/>\nDicembre<br \/>\nTeatrini per il mondo e la Chiesa di oggi<br \/>\nAssemblea provinciale con la partecipazione dei laici e chiusura solenne dell&#8217;Anno giubilare.<br \/>\nSabato 14 &#8211; Casa San Cayetano, La Plata.<\/p>\n<p><strong>R.P. Pedro Romero C.R.<\/strong><br \/>\n<strong>Superiore Provinciale<\/strong><\/p>\n","protected":false},"excerpt":{"rendered":"<p>I sacerdoti professi e i religiosi che compongono l&#8217;Ordine, riuniti in un&#8217;assemblea presieduta dal Rev. P. Provinciale Pedro M. Romero, CR, in occasione della riunione provinciale ordinaria annuale del 13, 14 e 15 febbraio 2023, hanno discusso il contesto e la situazione attuale della Provincia. In vista delle celebrazioni giubilari&hellip;<\/p>\n","protected":false},"author":5,"featured_media":11527,"comment_status":"closed","ping_status":"open","sticky":false,"template":"","format":"standard","meta":{"_acf_changed":false,"footnotes":"","_links_to":"","_links_to_target":""},"categories":[111,97],"tags":[],"class_list":["post-12724","post","type-post","status-publish","format-standard","has-post-thumbnail","hentry","category-500-anni","category-notizie"],"acf":[],"yoast_head":"<!-- This site is optimized with the Yoast SEO plugin v23.5 - https:\/\/yoast.com\/wordpress\/plugins\/seo\/ -->\n<title>Pianificazione dell&#039;anno giubilare - Teatini d&#039;Argentina - Teatinos<\/title>\n<meta name=\"robots\" content=\"index, follow, max-snippet:-1, max-image-preview:large, max-video-preview:-1\" \/>\n<link rel=\"canonical\" href=\"https:\/\/teatinos.org\/it\/planificacion-del-ano-jubilar-teatinos-de-argentina\/\" \/>\n<meta property=\"og:locale\" content=\"it_IT\" \/>\n<meta property=\"og:type\" content=\"article\" \/>\n<meta property=\"og:title\" content=\"Pianificazione dell&#039;anno giubilare - Teatini d&#039;Argentina - Teatinos\" \/>\n<meta property=\"og:description\" content=\"I sacerdoti professi e i religiosi che compongono l&#8217;Ordine, riuniti in un&#8217;assemblea presieduta dal Rev. P. Provinciale Pedro M. Romero, CR, in occasione della riunione provinciale ordinaria annuale del 13, 14 e 15 febbraio 2023, hanno discusso il contesto e la situazione attuale della Provincia. In vista delle celebrazioni giubilari&hellip;\" \/>\n<meta property=\"og:url\" content=\"https:\/\/teatinos.org\/it\/planificacion-del-ano-jubilar-teatinos-de-argentina\/\" \/>\n<meta property=\"og:site_name\" content=\"Teatinos\" \/>\n<meta property=\"article:published_time\" content=\"2023-09-21T12:28:42+00:00\" \/>\n<meta property=\"article:modified_time\" content=\"2023-09-21T12:35:24+00:00\" \/>\n<meta property=\"og:image\" content=\"https:\/\/teatinos.org\/wp-content\/uploads\/2023\/05\/Placa-Argentina-2023-1024x1024.png\" \/>\n\t<meta property=\"og:image:width\" content=\"1024\" \/>\n\t<meta property=\"og:image:height\" content=\"1024\" \/>\n\t<meta property=\"og:image:type\" content=\"image\/png\" \/>\n<meta name=\"author\" content=\"Community Manager\" \/>\n<meta name=\"twitter:card\" content=\"summary_large_image\" \/>\n<meta name=\"twitter:label1\" content=\"Scritto da\" \/>\n\t<meta name=\"twitter:data1\" content=\"Community Manager\" \/>\n\t<meta name=\"twitter:label2\" content=\"Tempo di lettura stimato\" \/>\n\t<meta name=\"twitter:data2\" content=\"9 minuti\" \/>\n<script type=\"application\/ld+json\" class=\"yoast-schema-graph\">{\"@context\":\"https:\/\/schema.org\",\"@graph\":[{\"@type\":\"WebPage\",\"@id\":\"https:\/\/teatinos.org\/it\/planificacion-del-ano-jubilar-teatinos-de-argentina\/\",\"url\":\"https:\/\/teatinos.org\/it\/planificacion-del-ano-jubilar-teatinos-de-argentina\/\",\"name\":\"Pianificazione dell'anno giubilare - Teatini d'Argentina - Teatinos\",\"isPartOf\":{\"@id\":\"https:\/\/teatinos.org\/pt-br\/#website\"},\"primaryImageOfPage\":{\"@id\":\"https:\/\/teatinos.org\/it\/planificacion-del-ano-jubilar-teatinos-de-argentina\/#primaryimage\"},\"image\":{\"@id\":\"https:\/\/teatinos.org\/it\/planificacion-del-ano-jubilar-teatinos-de-argentina\/#primaryimage\"},\"thumbnailUrl\":\"https:\/\/teatinos.org\/wp-content\/uploads\/2023\/05\/Placa-Argentina-2023.png\",\"datePublished\":\"2023-09-21T12:28:42+00:00\",\"dateModified\":\"2023-09-21T12:35:24+00:00\",\"author\":{\"@id\":\"https:\/\/teatinos.org\/pt-br\/#\/schema\/person\/10193cb8ac6f163661033cf7ce9006a5\"},\"breadcrumb\":{\"@id\":\"https:\/\/teatinos.org\/it\/planificacion-del-ano-jubilar-teatinos-de-argentina\/#breadcrumb\"},\"inLanguage\":\"it-IT\",\"potentialAction\":[{\"@type\":\"ReadAction\",\"target\":[\"https:\/\/teatinos.org\/it\/planificacion-del-ano-jubilar-teatinos-de-argentina\/\"]}]},{\"@type\":\"ImageObject\",\"inLanguage\":\"it-IT\",\"@id\":\"https:\/\/teatinos.org\/it\/planificacion-del-ano-jubilar-teatinos-de-argentina\/#primaryimage\",\"url\":\"https:\/\/teatinos.org\/wp-content\/uploads\/2023\/05\/Placa-Argentina-2023.png\",\"contentUrl\":\"https:\/\/teatinos.org\/wp-content\/uploads\/2023\/05\/Placa-Argentina-2023.png\",\"width\":1080,\"height\":1080},{\"@type\":\"BreadcrumbList\",\"@id\":\"https:\/\/teatinos.org\/it\/planificacion-del-ano-jubilar-teatinos-de-argentina\/#breadcrumb\",\"itemListElement\":[{\"@type\":\"ListItem\",\"position\":1,\"name\":\"Portada\",\"item\":\"https:\/\/teatinos.org\/it\/\"},{\"@type\":\"ListItem\",\"position\":2,\"name\":\"Pianificazione dell&#8217;anno giubilare &#8211; Teatini d&#8217;Argentina\"}]},{\"@type\":\"WebSite\",\"@id\":\"https:\/\/teatinos.org\/pt-br\/#website\",\"url\":\"https:\/\/teatinos.org\/pt-br\/\",\"name\":\"Teatinos\",\"description\":\"Orden de Cl\u00e9rigos Regulares\",\"potentialAction\":[{\"@type\":\"SearchAction\",\"target\":{\"@type\":\"EntryPoint\",\"urlTemplate\":\"https:\/\/teatinos.org\/pt-br\/?s={search_term_string}\"},\"query-input\":{\"@type\":\"PropertyValueSpecification\",\"valueRequired\":true,\"valueName\":\"search_term_string\"}}],\"inLanguage\":\"it-IT\"},{\"@type\":\"Person\",\"@id\":\"https:\/\/teatinos.org\/pt-br\/#\/schema\/person\/10193cb8ac6f163661033cf7ce9006a5\",\"name\":\"Community Manager\",\"url\":\"https:\/\/teatinos.org\/it\/author\/pascual\/\"}]}<\/script>\n<!-- \/ Yoast SEO plugin. -->","yoast_head_json":{"title":"Pianificazione dell'anno giubilare - Teatini d'Argentina - Teatinos","robots":{"index":"index","follow":"follow","max-snippet":"max-snippet:-1","max-image-preview":"max-image-preview:large","max-video-preview":"max-video-preview:-1"},"canonical":"https:\/\/teatinos.org\/it\/planificacion-del-ano-jubilar-teatinos-de-argentina\/","og_locale":"it_IT","og_type":"article","og_title":"Pianificazione dell'anno giubilare - Teatini d'Argentina - Teatinos","og_description":"I sacerdoti professi e i religiosi che compongono l&#8217;Ordine, riuniti in un&#8217;assemblea presieduta dal Rev. P. Provinciale Pedro M. Romero, CR, in occasione della riunione provinciale ordinaria annuale del 13, 14 e 15 febbraio 2023, hanno discusso il contesto e la situazione attuale della Provincia. In vista delle celebrazioni giubilari&hellip;","og_url":"https:\/\/teatinos.org\/it\/planificacion-del-ano-jubilar-teatinos-de-argentina\/","og_site_name":"Teatinos","article_published_time":"2023-09-21T12:28:42+00:00","article_modified_time":"2023-09-21T12:35:24+00:00","og_image":[{"width":1024,"height":1024,"url":"https:\/\/teatinos.org\/wp-content\/uploads\/2023\/05\/Placa-Argentina-2023-1024x1024.png","type":"image\/png"}],"author":"Community Manager","twitter_card":"summary_large_image","twitter_misc":{"Scritto da":"Community Manager","Tempo di lettura stimato":"9 minuti"},"schema":{"@context":"https:\/\/schema.org","@graph":[{"@type":"WebPage","@id":"https:\/\/teatinos.org\/it\/planificacion-del-ano-jubilar-teatinos-de-argentina\/","url":"https:\/\/teatinos.org\/it\/planificacion-del-ano-jubilar-teatinos-de-argentina\/","name":"Pianificazione dell'anno giubilare - Teatini d'Argentina - Teatinos","isPartOf":{"@id":"https:\/\/teatinos.org\/pt-br\/#website"},"primaryImageOfPage":{"@id":"https:\/\/teatinos.org\/it\/planificacion-del-ano-jubilar-teatinos-de-argentina\/#primaryimage"},"image":{"@id":"https:\/\/teatinos.org\/it\/planificacion-del-ano-jubilar-teatinos-de-argentina\/#primaryimage"},"thumbnailUrl":"https:\/\/teatinos.org\/wp-content\/uploads\/2023\/05\/Placa-Argentina-2023.png","datePublished":"2023-09-21T12:28:42+00:00","dateModified":"2023-09-21T12:35:24+00:00","author":{"@id":"https:\/\/teatinos.org\/pt-br\/#\/schema\/person\/10193cb8ac6f163661033cf7ce9006a5"},"breadcrumb":{"@id":"https:\/\/teatinos.org\/it\/planificacion-del-ano-jubilar-teatinos-de-argentina\/#breadcrumb"},"inLanguage":"it-IT","potentialAction":[{"@type":"ReadAction","target":["https:\/\/teatinos.org\/it\/planificacion-del-ano-jubilar-teatinos-de-argentina\/"]}]},{"@type":"ImageObject","inLanguage":"it-IT","@id":"https:\/\/teatinos.org\/it\/planificacion-del-ano-jubilar-teatinos-de-argentina\/#primaryimage","url":"https:\/\/teatinos.org\/wp-content\/uploads\/2023\/05\/Placa-Argentina-2023.png","contentUrl":"https:\/\/teatinos.org\/wp-content\/uploads\/2023\/05\/Placa-Argentina-2023.png","width":1080,"height":1080},{"@type":"BreadcrumbList","@id":"https:\/\/teatinos.org\/it\/planificacion-del-ano-jubilar-teatinos-de-argentina\/#breadcrumb","itemListElement":[{"@type":"ListItem","position":1,"name":"Portada","item":"https:\/\/teatinos.org\/it\/"},{"@type":"ListItem","position":2,"name":"Pianificazione dell&#8217;anno giubilare &#8211; Teatini d&#8217;Argentina"}]},{"@type":"WebSite","@id":"https:\/\/teatinos.org\/pt-br\/#website","url":"https:\/\/teatinos.org\/pt-br\/","name":"Teatinos","description":"Orden de Cl\u00e9rigos Regulares","potentialAction":[{"@type":"SearchAction","target":{"@type":"EntryPoint","urlTemplate":"https:\/\/teatinos.org\/pt-br\/?s={search_term_string}"},"query-input":{"@type":"PropertyValueSpecification","valueRequired":true,"valueName":"search_term_string"}}],"inLanguage":"it-IT"},{"@type":"Person","@id":"https:\/\/teatinos.org\/pt-br\/#\/schema\/person\/10193cb8ac6f163661033cf7ce9006a5","name":"Community Manager","url":"https:\/\/teatinos.org\/it\/author\/pascual\/"}]}},"rttpg_featured_image_url":{"full":["https:\/\/teatinos.org\/wp-content\/uploads\/2023\/05\/Placa-Argentina-2023.png",1080,1080,false],"landscape":["https:\/\/teatinos.org\/wp-content\/uploads\/2023\/05\/Placa-Argentina-2023.png",1080,1080,false],"portraits":["https:\/\/teatinos.org\/wp-content\/uploads\/2023\/05\/Placa-Argentina-2023.png",1080,1080,false],"thumbnail":["https:\/\/teatinos.org\/wp-content\/uploads\/2023\/05\/Placa-Argentina-2023-150x150.png",150,150,true],"medium":["https:\/\/teatinos.org\/wp-content\/uploads\/2023\/05\/Placa-Argentina-2023-300x300.png",300,300,true],"large":["https:\/\/teatinos.org\/wp-content\/uploads\/2023\/05\/Placa-Argentina-2023-1024x1024.png",1000,1000,true],"1536x1536":["https:\/\/teatinos.org\/wp-content\/uploads\/2023\/05\/Placa-Argentina-2023.png",1080,1080,false],"2048x2048":["https:\/\/teatinos.org\/wp-content\/uploads\/2023\/05\/Placa-Argentina-2023.png",1080,1080,false]},"rttpg_author":{"display_name":"Community Manager","author_link":"https:\/\/teatinos.org\/it\/author\/pascual\/"},"rttpg_comment":0,"rttpg_category":"<a href=\"https:\/\/teatinos.org\/it\/category\/500-anni\/\" rel=\"category tag\">500 Anni<\/a> <a href=\"https:\/\/teatinos.org\/it\/category\/notizie\/\" rel=\"category tag\">Notizie<\/a>","rttpg_excerpt":"I sacerdoti professi e i religiosi che compongono l&#8217;Ordine, riuniti in un&#8217;assemblea presieduta dal Rev. P. Provinciale Pedro M. Romero, CR, in occasione della riunione provinciale ordinaria annuale del 13, 14 e 15 febbraio 2023, hanno discusso il contesto e la situazione attuale della Provincia. In vista delle celebrazioni giubilari&hellip;","_links":{"self":[{"href":"https:\/\/teatinos.org\/it\/wp-json\/wp\/v2\/posts\/12724","targetHints":{"allow":["GET"]}}],"collection":[{"href":"https:\/\/teatinos.org\/it\/wp-json\/wp\/v2\/posts"}],"about":[{"href":"https:\/\/teatinos.org\/it\/wp-json\/wp\/v2\/types\/post"}],"author":[{"embeddable":true,"href":"https:\/\/teatinos.org\/it\/wp-json\/wp\/v2\/users\/5"}],"replies":[{"embeddable":true,"href":"https:\/\/teatinos.org\/it\/wp-json\/wp\/v2\/comments?post=12724"}],"version-history":[{"count":2,"href":"https:\/\/teatinos.org\/it\/wp-json\/wp\/v2\/posts\/12724\/revisions"}],"predecessor-version":[{"id":12727,"href":"https:\/\/teatinos.org\/it\/wp-json\/wp\/v2\/posts\/12724\/revisions\/12727"}],"wp:featuredmedia":[{"embeddable":true,"href":"https:\/\/teatinos.org\/it\/wp-json\/wp\/v2\/media\/11527"}],"wp:attachment":[{"href":"https:\/\/teatinos.org\/it\/wp-json\/wp\/v2\/media?parent=12724"}],"wp:term":[{"taxonomy":"category","embeddable":true,"href":"https:\/\/teatinos.org\/it\/wp-json\/wp\/v2\/categories?post=12724"},{"taxonomy":"post_tag","embeddable":true,"href":"https:\/\/teatinos.org\/it\/wp-json\/wp\/v2\/tags?post=12724"}],"curies":[{"name":"wp","href":"https:\/\/api.w.org\/{rel}","templated":true}]}}