{"id":12660,"date":"2023-09-19T20:41:18","date_gmt":"2023-09-19T20:41:18","guid":{"rendered":"http:\/\/teatinos.org\/?p=12660"},"modified":"2023-09-19T20:45:19","modified_gmt":"2023-09-19T20:45:19","slug":"beato-paolo-burali-vescovo-di-piacenza-arcivescovo-di-napoli-cardinale-3o-parte","status":"publish","type":"post","link":"https:\/\/teatinos.org\/it\/beato-paolo-burali-vescovo-di-piacenza-arcivescovo-di-napoli-cardinale-3o-parte\/","title":{"rendered":"BEATO PAOLO BURALI  Vescovo di Piacenza. Arcivescovo di Napoli. Cardinale. III"},"content":{"rendered":"<p><strong>S. Andrea Avellino, primo biografo del Beato Paolo Burali<\/strong><\/p>\n<p><em><strong>Vescovo di Piacenza, sotto pena di peccato mortale.<\/strong><\/em><\/p>\n<p>Nominato Vescovo di Piacenza, ne fu avvertito dal Cardinale di Pisa, che lo consigli\u00f2 di non insistere nella renuncia e gli disse che non avrebbe ottenuto niente, perche Pio V esigeva risolutamente che accettase la dignit\u00e0 vescovile.<br \/>\nCi\u00f2 nonostante il detto Padre, si rec\u00f3 nello stesso giorno diritto dal Papa e voleva a tutti i costi declinare l\u2019onorevole incarico, allegando molti motivi. Ecco il primo motivo: \u201cPadre Santo, non posso accettare questo peso perch\u00e8 non sono adatto a governare anime\u201d. Il Papa replic\u00f3: \u201cSono stati scelti gli eremiti dal deserto e Dio li ha guidati nel governo e li ha aiutati nel portare tale peso\u201d. Il Padre Burali prosegu\u00ed: \u201cSono infermo, Padre Santo, e non ho la salute sufficente per dirigere una diocesi\u201d. Rispose Pio V che il Signore ci avrebbe pensato.<br \/>\nIn terzo luogo lo schivo Padre disse: \u201cPadre Santo, si dar\u00e0 scandalo al mondo. Che cosa si penser\u00e0, sapendo che non ho accettato i Vescovadi offerti dal Re Filippo che erano di minor valuta, se accetto quello di Piacenza che \u00e8 di maggior entrata?\u201d. Il Santo Pontefice tagli\u00f2 corto: \u201cLasciamo questi rispetti umani\u201d. Infine il Burali si difese: \u201cPadre Santo, non fate di me un infelice per tutta la vita\u201d. Il Papa concluse con autorit\u00e0: \u201cQuesto \u00e8 troppo. Io vi comando in virt\u00f9 di santa obbedienza e sotto pena di peccato mortale che non parliate pi\u00f9\u201d. Il Padre scoppi\u00f2 a piangere e non poteva proferir parola. Il Papa lo consol\u00f2 dicendo: \u201cAlzatevi. Domani (che fu il sabato) vi preparate e postdomani vi farete consacrare\u201d.<br \/>\nLa domenica il Cardinale di Pisa and\u00f2 nella Chiesa di S. Silvestro e lo consacr\u00f2. In seguito si present\u00f2 al neo-eletto colui che aveva compilato le bolle per essere pagato. Il Padre gli rispose: \u201cDove li prendo tanti scudi? Dite al Papa che si tenga il Vescovado e le Bolle\u201d. Saputo ci\u00f2, Pio V ordin\u00f2 che gli si regalassero le Bolle e, inoltre gli mand\u00f2 cinquecento scudi e gli ordin\u00f2 di mettersi in viaggio.<\/p>\n<hr \/>\n<p><strong>Preghiera<\/strong><\/p>\n<p>O Dio, che hai manifestato nel Beato Paolo Burali le multiformi e mirabili vie della tua chiamata alla perfezione cristiana, concedi a noi il comforto della sua celeste protezione per seguire te con tutto il cuore. Per Cristo nostro Signore. Am\u00e9n.<\/p>\n<p>(si fa un piccolo silenzio per domandare la grazia che ciascuno porta nel suo cuore)<\/p>\n<p><em><strong>Padre nostro, Ave Maria e Gloria<\/strong><\/em><\/p>\n<hr \/>\n<p><strong>Pensiero del Beato Pablo Burali:<\/strong><\/p>\n<p>\u201cChi \u00e8 di Cristo cerchi Cristo, e lo cerchi con il cuore e la libert\u00e0 dello spirito. Solo cos\u00ec il giogo di Cristo diventer\u00e0 leggero e soave, altrimenti lo si porter\u00e0 nolenti e ricalcitranti, senza che mai l\u2019anima possa nutrire la speranza di respirare nella luce della infinita bont\u00e0 di Dio\u201d .<\/p>\n<p><strong><em>QPRD<\/em><\/strong><\/p>\n","protected":false},"excerpt":{"rendered":"<p>S. Andrea Avellino, primo biografo del Beato Paolo Burali Vescovo di Piacenza, sotto pena di peccato mortale. Nominato Vescovo di Piacenza, ne fu avvertito dal Cardinale di Pisa, che lo consigli\u00f2 di non insistere nella renuncia e gli disse che non avrebbe ottenuto niente, perche Pio V esigeva risolutamente che&hellip;<\/p>\n","protected":false},"author":5,"featured_media":12657,"comment_status":"closed","ping_status":"open","sticky":false,"template":"","format":"standard","meta":{"_acf_changed":false,"footnotes":"","_links_to":"","_links_to_target":""},"categories":[97],"tags":[],"class_list":["post-12660","post","type-post","status-publish","format-standard","has-post-thumbnail","hentry","category-notizie"],"acf":[],"yoast_head":"<!-- This site is optimized with the Yoast SEO plugin v23.5 - https:\/\/yoast.com\/wordpress\/plugins\/seo\/ -->\n<title>BEATO PAOLO BURALI Vescovo di Piacenza. Arcivescovo di Napoli. Cardinale. III - Teatinos<\/title>\n<meta name=\"robots\" content=\"index, follow, max-snippet:-1, max-image-preview:large, max-video-preview:-1\" \/>\n<link rel=\"canonical\" href=\"https:\/\/teatinos.org\/it\/beato-paolo-burali-vescovo-di-piacenza-arcivescovo-di-napoli-cardinale-3o-parte\/\" \/>\n<meta property=\"og:locale\" content=\"it_IT\" \/>\n<meta property=\"og:type\" content=\"article\" \/>\n<meta property=\"og:title\" content=\"BEATO PAOLO BURALI Vescovo di Piacenza. Arcivescovo di Napoli. Cardinale. III - Teatinos\" \/>\n<meta property=\"og:description\" content=\"S. Andrea Avellino, primo biografo del Beato Paolo Burali Vescovo di Piacenza, sotto pena di peccato mortale. Nominato Vescovo di Piacenza, ne fu avvertito dal Cardinale di Pisa, che lo consigli\u00f2 di non insistere nella renuncia e gli disse che non avrebbe ottenuto niente, perche Pio V esigeva risolutamente che&hellip;\" \/>\n<meta property=\"og:url\" content=\"https:\/\/teatinos.org\/it\/beato-paolo-burali-vescovo-di-piacenza-arcivescovo-di-napoli-cardinale-3o-parte\/\" \/>\n<meta property=\"og:site_name\" content=\"Teatinos\" \/>\n<meta property=\"article:published_time\" content=\"2023-09-19T20:41:18+00:00\" \/>\n<meta property=\"article:modified_time\" content=\"2023-09-19T20:45:19+00:00\" \/>\n<meta property=\"og:image\" content=\"https:\/\/teatinos.org\/wp-content\/uploads\/2023\/09\/Teatinos-en-Camino-Beato-Pablo-Burali-septiembre-2023.png\" \/>\n\t<meta property=\"og:image:width\" content=\"1080\" \/>\n\t<meta property=\"og:image:height\" content=\"1080\" \/>\n\t<meta property=\"og:image:type\" content=\"image\/png\" \/>\n<meta name=\"author\" content=\"Community Manager\" \/>\n<meta name=\"twitter:card\" content=\"summary_large_image\" \/>\n<meta name=\"twitter:label1\" content=\"Scritto da\" \/>\n\t<meta name=\"twitter:data1\" content=\"Community Manager\" \/>\n\t<meta name=\"twitter:label2\" content=\"Tempo di lettura stimato\" \/>\n\t<meta name=\"twitter:data2\" content=\"3 minuti\" \/>\n<script type=\"application\/ld+json\" class=\"yoast-schema-graph\">{\"@context\":\"https:\/\/schema.org\",\"@graph\":[{\"@type\":\"WebPage\",\"@id\":\"https:\/\/teatinos.org\/it\/beato-paolo-burali-vescovo-di-piacenza-arcivescovo-di-napoli-cardinale-3o-parte\/\",\"url\":\"https:\/\/teatinos.org\/it\/beato-paolo-burali-vescovo-di-piacenza-arcivescovo-di-napoli-cardinale-3o-parte\/\",\"name\":\"BEATO PAOLO BURALI Vescovo di Piacenza. Arcivescovo di Napoli. Cardinale. III - Teatinos\",\"isPartOf\":{\"@id\":\"https:\/\/teatinos.org\/pt-br\/#website\"},\"primaryImageOfPage\":{\"@id\":\"https:\/\/teatinos.org\/it\/beato-paolo-burali-vescovo-di-piacenza-arcivescovo-di-napoli-cardinale-3o-parte\/#primaryimage\"},\"image\":{\"@id\":\"https:\/\/teatinos.org\/it\/beato-paolo-burali-vescovo-di-piacenza-arcivescovo-di-napoli-cardinale-3o-parte\/#primaryimage\"},\"thumbnailUrl\":\"https:\/\/teatinos.org\/wp-content\/uploads\/2023\/09\/Teatinos-en-Camino-Beato-Pablo-Burali-septiembre-2023.png\",\"datePublished\":\"2023-09-19T20:41:18+00:00\",\"dateModified\":\"2023-09-19T20:45:19+00:00\",\"author\":{\"@id\":\"https:\/\/teatinos.org\/pt-br\/#\/schema\/person\/10193cb8ac6f163661033cf7ce9006a5\"},\"breadcrumb\":{\"@id\":\"https:\/\/teatinos.org\/it\/beato-paolo-burali-vescovo-di-piacenza-arcivescovo-di-napoli-cardinale-3o-parte\/#breadcrumb\"},\"inLanguage\":\"it-IT\",\"potentialAction\":[{\"@type\":\"ReadAction\",\"target\":[\"https:\/\/teatinos.org\/it\/beato-paolo-burali-vescovo-di-piacenza-arcivescovo-di-napoli-cardinale-3o-parte\/\"]}]},{\"@type\":\"ImageObject\",\"inLanguage\":\"it-IT\",\"@id\":\"https:\/\/teatinos.org\/it\/beato-paolo-burali-vescovo-di-piacenza-arcivescovo-di-napoli-cardinale-3o-parte\/#primaryimage\",\"url\":\"https:\/\/teatinos.org\/wp-content\/uploads\/2023\/09\/Teatinos-en-Camino-Beato-Pablo-Burali-septiembre-2023.png\",\"contentUrl\":\"https:\/\/teatinos.org\/wp-content\/uploads\/2023\/09\/Teatinos-en-Camino-Beato-Pablo-Burali-septiembre-2023.png\",\"width\":1080,\"height\":1080},{\"@type\":\"BreadcrumbList\",\"@id\":\"https:\/\/teatinos.org\/it\/beato-paolo-burali-vescovo-di-piacenza-arcivescovo-di-napoli-cardinale-3o-parte\/#breadcrumb\",\"itemListElement\":[{\"@type\":\"ListItem\",\"position\":1,\"name\":\"Portada\",\"item\":\"https:\/\/teatinos.org\/it\/\"},{\"@type\":\"ListItem\",\"position\":2,\"name\":\"BEATO PAOLO BURALI Vescovo di Piacenza. Arcivescovo di Napoli. Cardinale. III\"}]},{\"@type\":\"WebSite\",\"@id\":\"https:\/\/teatinos.org\/pt-br\/#website\",\"url\":\"https:\/\/teatinos.org\/pt-br\/\",\"name\":\"Teatinos\",\"description\":\"Orden de Cl\u00e9rigos Regulares\",\"potentialAction\":[{\"@type\":\"SearchAction\",\"target\":{\"@type\":\"EntryPoint\",\"urlTemplate\":\"https:\/\/teatinos.org\/pt-br\/?s={search_term_string}\"},\"query-input\":{\"@type\":\"PropertyValueSpecification\",\"valueRequired\":true,\"valueName\":\"search_term_string\"}}],\"inLanguage\":\"it-IT\"},{\"@type\":\"Person\",\"@id\":\"https:\/\/teatinos.org\/pt-br\/#\/schema\/person\/10193cb8ac6f163661033cf7ce9006a5\",\"name\":\"Community Manager\",\"url\":\"https:\/\/teatinos.org\/it\/author\/pascual\/\"}]}<\/script>\n<!-- \/ Yoast SEO plugin. -->","yoast_head_json":{"title":"BEATO PAOLO BURALI Vescovo di Piacenza. Arcivescovo di Napoli. Cardinale. III - Teatinos","robots":{"index":"index","follow":"follow","max-snippet":"max-snippet:-1","max-image-preview":"max-image-preview:large","max-video-preview":"max-video-preview:-1"},"canonical":"https:\/\/teatinos.org\/it\/beato-paolo-burali-vescovo-di-piacenza-arcivescovo-di-napoli-cardinale-3o-parte\/","og_locale":"it_IT","og_type":"article","og_title":"BEATO PAOLO BURALI Vescovo di Piacenza. Arcivescovo di Napoli. Cardinale. III - Teatinos","og_description":"S. Andrea Avellino, primo biografo del Beato Paolo Burali Vescovo di Piacenza, sotto pena di peccato mortale. Nominato Vescovo di Piacenza, ne fu avvertito dal Cardinale di Pisa, che lo consigli\u00f2 di non insistere nella renuncia e gli disse che non avrebbe ottenuto niente, perche Pio V esigeva risolutamente che&hellip;","og_url":"https:\/\/teatinos.org\/it\/beato-paolo-burali-vescovo-di-piacenza-arcivescovo-di-napoli-cardinale-3o-parte\/","og_site_name":"Teatinos","article_published_time":"2023-09-19T20:41:18+00:00","article_modified_time":"2023-09-19T20:45:19+00:00","og_image":[{"width":1080,"height":1080,"url":"https:\/\/teatinos.org\/wp-content\/uploads\/2023\/09\/Teatinos-en-Camino-Beato-Pablo-Burali-septiembre-2023.png","type":"image\/png"}],"author":"Community Manager","twitter_card":"summary_large_image","twitter_misc":{"Scritto da":"Community Manager","Tempo di lettura stimato":"3 minuti"},"schema":{"@context":"https:\/\/schema.org","@graph":[{"@type":"WebPage","@id":"https:\/\/teatinos.org\/it\/beato-paolo-burali-vescovo-di-piacenza-arcivescovo-di-napoli-cardinale-3o-parte\/","url":"https:\/\/teatinos.org\/it\/beato-paolo-burali-vescovo-di-piacenza-arcivescovo-di-napoli-cardinale-3o-parte\/","name":"BEATO PAOLO BURALI Vescovo di Piacenza. Arcivescovo di Napoli. Cardinale. III - Teatinos","isPartOf":{"@id":"https:\/\/teatinos.org\/pt-br\/#website"},"primaryImageOfPage":{"@id":"https:\/\/teatinos.org\/it\/beato-paolo-burali-vescovo-di-piacenza-arcivescovo-di-napoli-cardinale-3o-parte\/#primaryimage"},"image":{"@id":"https:\/\/teatinos.org\/it\/beato-paolo-burali-vescovo-di-piacenza-arcivescovo-di-napoli-cardinale-3o-parte\/#primaryimage"},"thumbnailUrl":"https:\/\/teatinos.org\/wp-content\/uploads\/2023\/09\/Teatinos-en-Camino-Beato-Pablo-Burali-septiembre-2023.png","datePublished":"2023-09-19T20:41:18+00:00","dateModified":"2023-09-19T20:45:19+00:00","author":{"@id":"https:\/\/teatinos.org\/pt-br\/#\/schema\/person\/10193cb8ac6f163661033cf7ce9006a5"},"breadcrumb":{"@id":"https:\/\/teatinos.org\/it\/beato-paolo-burali-vescovo-di-piacenza-arcivescovo-di-napoli-cardinale-3o-parte\/#breadcrumb"},"inLanguage":"it-IT","potentialAction":[{"@type":"ReadAction","target":["https:\/\/teatinos.org\/it\/beato-paolo-burali-vescovo-di-piacenza-arcivescovo-di-napoli-cardinale-3o-parte\/"]}]},{"@type":"ImageObject","inLanguage":"it-IT","@id":"https:\/\/teatinos.org\/it\/beato-paolo-burali-vescovo-di-piacenza-arcivescovo-di-napoli-cardinale-3o-parte\/#primaryimage","url":"https:\/\/teatinos.org\/wp-content\/uploads\/2023\/09\/Teatinos-en-Camino-Beato-Pablo-Burali-septiembre-2023.png","contentUrl":"https:\/\/teatinos.org\/wp-content\/uploads\/2023\/09\/Teatinos-en-Camino-Beato-Pablo-Burali-septiembre-2023.png","width":1080,"height":1080},{"@type":"BreadcrumbList","@id":"https:\/\/teatinos.org\/it\/beato-paolo-burali-vescovo-di-piacenza-arcivescovo-di-napoli-cardinale-3o-parte\/#breadcrumb","itemListElement":[{"@type":"ListItem","position":1,"name":"Portada","item":"https:\/\/teatinos.org\/it\/"},{"@type":"ListItem","position":2,"name":"BEATO PAOLO BURALI Vescovo di Piacenza. Arcivescovo di Napoli. Cardinale. III"}]},{"@type":"WebSite","@id":"https:\/\/teatinos.org\/pt-br\/#website","url":"https:\/\/teatinos.org\/pt-br\/","name":"Teatinos","description":"Orden de Cl\u00e9rigos Regulares","potentialAction":[{"@type":"SearchAction","target":{"@type":"EntryPoint","urlTemplate":"https:\/\/teatinos.org\/pt-br\/?s={search_term_string}"},"query-input":{"@type":"PropertyValueSpecification","valueRequired":true,"valueName":"search_term_string"}}],"inLanguage":"it-IT"},{"@type":"Person","@id":"https:\/\/teatinos.org\/pt-br\/#\/schema\/person\/10193cb8ac6f163661033cf7ce9006a5","name":"Community Manager","url":"https:\/\/teatinos.org\/it\/author\/pascual\/"}]}},"rttpg_featured_image_url":{"full":["https:\/\/teatinos.org\/wp-content\/uploads\/2023\/09\/Teatinos-en-Camino-Beato-Pablo-Burali-septiembre-2023.png",1080,1080,false],"landscape":["https:\/\/teatinos.org\/wp-content\/uploads\/2023\/09\/Teatinos-en-Camino-Beato-Pablo-Burali-septiembre-2023.png",1080,1080,false],"portraits":["https:\/\/teatinos.org\/wp-content\/uploads\/2023\/09\/Teatinos-en-Camino-Beato-Pablo-Burali-septiembre-2023.png",1080,1080,false],"thumbnail":["https:\/\/teatinos.org\/wp-content\/uploads\/2023\/09\/Teatinos-en-Camino-Beato-Pablo-Burali-septiembre-2023-150x150.png",150,150,true],"medium":["https:\/\/teatinos.org\/wp-content\/uploads\/2023\/09\/Teatinos-en-Camino-Beato-Pablo-Burali-septiembre-2023-300x300.png",300,300,true],"large":["https:\/\/teatinos.org\/wp-content\/uploads\/2023\/09\/Teatinos-en-Camino-Beato-Pablo-Burali-septiembre-2023-1024x1024.png",1000,1000,true],"1536x1536":["https:\/\/teatinos.org\/wp-content\/uploads\/2023\/09\/Teatinos-en-Camino-Beato-Pablo-Burali-septiembre-2023.png",1080,1080,false],"2048x2048":["https:\/\/teatinos.org\/wp-content\/uploads\/2023\/09\/Teatinos-en-Camino-Beato-Pablo-Burali-septiembre-2023.png",1080,1080,false]},"rttpg_author":{"display_name":"Community Manager","author_link":"https:\/\/teatinos.org\/it\/author\/pascual\/"},"rttpg_comment":0,"rttpg_category":"<a href=\"https:\/\/teatinos.org\/it\/category\/notizie\/\" rel=\"category tag\">Notizie<\/a>","rttpg_excerpt":"S. Andrea Avellino, primo biografo del Beato Paolo Burali Vescovo di Piacenza, sotto pena di peccato mortale. Nominato Vescovo di Piacenza, ne fu avvertito dal Cardinale di Pisa, che lo consigli\u00f2 di non insistere nella renuncia e gli disse che non avrebbe ottenuto niente, perche Pio V esigeva risolutamente che&hellip;","_links":{"self":[{"href":"https:\/\/teatinos.org\/it\/wp-json\/wp\/v2\/posts\/12660","targetHints":{"allow":["GET"]}}],"collection":[{"href":"https:\/\/teatinos.org\/it\/wp-json\/wp\/v2\/posts"}],"about":[{"href":"https:\/\/teatinos.org\/it\/wp-json\/wp\/v2\/types\/post"}],"author":[{"embeddable":true,"href":"https:\/\/teatinos.org\/it\/wp-json\/wp\/v2\/users\/5"}],"replies":[{"embeddable":true,"href":"https:\/\/teatinos.org\/it\/wp-json\/wp\/v2\/comments?post=12660"}],"version-history":[{"count":4,"href":"https:\/\/teatinos.org\/it\/wp-json\/wp\/v2\/posts\/12660\/revisions"}],"predecessor-version":[{"id":12670,"href":"https:\/\/teatinos.org\/it\/wp-json\/wp\/v2\/posts\/12660\/revisions\/12670"}],"wp:featuredmedia":[{"embeddable":true,"href":"https:\/\/teatinos.org\/it\/wp-json\/wp\/v2\/media\/12657"}],"wp:attachment":[{"href":"https:\/\/teatinos.org\/it\/wp-json\/wp\/v2\/media?parent=12660"}],"wp:term":[{"taxonomy":"category","embeddable":true,"href":"https:\/\/teatinos.org\/it\/wp-json\/wp\/v2\/categories?post=12660"},{"taxonomy":"post_tag","embeddable":true,"href":"https:\/\/teatinos.org\/it\/wp-json\/wp\/v2\/tags?post=12660"}],"curies":[{"name":"wp","href":"https:\/\/api.w.org\/{rel}","templated":true}]}}