{"id":12561,"date":"2023-09-06T21:57:47","date_gmt":"2023-09-06T21:57:47","guid":{"rendered":"http:\/\/teatinos.org\/nueva-pintura-en-la-casa-general\/"},"modified":"2023-09-06T21:58:46","modified_gmt":"2023-09-06T21:58:46","slug":"nueva-pintura-en-la-casa-general","status":"publish","type":"post","link":"https:\/\/teatinos.org\/it\/nueva-pintura-en-la-casa-general\/","title":{"rendered":"Nuovo dipinto alla Casa Generalizia"},"content":{"rendered":"<p>Ieri, nel cortile centrale della Casa Generalizia dell&#8217;Ordine, \u00e8 stato collocato il dipinto commissionato all&#8217;artista Rodolfo Papa, con le sue parole:<\/p>\n<p>&#8220;Maria si staglia al centro, irradiando luce. L&#8217;arcobaleno che la circonda simboleggia la pace, in linea con la tradizione di Isaia che vede Cristo come Signore della Pace e l&#8217;arcobaleno come suo simbolo. Maria personifica pienamente questo segno di pace. Indossa l&#8217;abito rosso, simbolo della grazia divina. Gaetano, accanto al bambino Ges\u00f9, dialoga con Lui, condividendo la luce che Egli rappresenta. La spiritualit\u00e0 teatina cerca di avvicinarlo alla gente, promuovendo la misericordia e la luce di Ges\u00f9 Bambino&#8221;<\/p>\n<p>Grazie mille Rodolfo per questo bellissimo dipinto! Che tu sia molto benedetto!<\/p>\n<p><a href=\"http:\/\/teatinos.org\/wp-content\/uploads\/2023\/09\/Nuevo-Cuadro-Rodolfo-Papa-2023-1.png\"><img loading=\"lazy\" decoding=\"async\" class=\"alignnone size-full wp-image-12508\" src=\"http:\/\/teatinos.org\/wp-content\/uploads\/2023\/09\/Nuevo-Cuadro-Rodolfo-Papa-2023-1.png\" alt=\"\" width=\"1080\" height=\"1080\" \/><\/a><a href=\"http:\/\/teatinos.org\/wp-content\/uploads\/2023\/09\/Nuevo-Cuadro-Rodolfo-Papa-2023-2.png\"><img loading=\"lazy\" decoding=\"async\" class=\"alignnone size-full wp-image-12513\" src=\"http:\/\/teatinos.org\/wp-content\/uploads\/2023\/09\/Nuevo-Cuadro-Rodolfo-Papa-2023-2.png\" alt=\"\" width=\"1080\" height=\"1080\" \/><\/a><a href=\"http:\/\/teatinos.org\/wp-content\/uploads\/2023\/09\/Nuevo-Cuadro-Rodolfo-Papa-2023-3.png\"><img loading=\"lazy\" decoding=\"async\" class=\"alignnone size-full wp-image-12518\" src=\"http:\/\/teatinos.org\/wp-content\/uploads\/2023\/09\/Nuevo-Cuadro-Rodolfo-Papa-2023-3.png\" alt=\"\" width=\"1080\" height=\"1080\" \/><\/a><a href=\"http:\/\/teatinos.org\/wp-content\/uploads\/2023\/09\/Nuevo-Cuadro-Rodolfo-Papa-2023-4.png\"><img loading=\"lazy\" decoding=\"async\" class=\"alignnone size-full wp-image-12523\" src=\"http:\/\/teatinos.org\/wp-content\/uploads\/2023\/09\/Nuevo-Cuadro-Rodolfo-Papa-2023-4.png\" alt=\"\" width=\"1080\" height=\"1080\" \/><\/a><a href=\"http:\/\/teatinos.org\/wp-content\/uploads\/2023\/09\/Nuevo-Cuadro-Rodolfo-Papa-2023-5.png\"><img loading=\"lazy\" decoding=\"async\" class=\"alignnone size-full wp-image-12528\" src=\"http:\/\/teatinos.org\/wp-content\/uploads\/2023\/09\/Nuevo-Cuadro-Rodolfo-Papa-2023-5.png\" alt=\"\" width=\"1080\" height=\"1080\" \/><\/a><a href=\"http:\/\/teatinos.org\/wp-content\/uploads\/2023\/09\/Nuevo-Cuadro-Rodolfo-Papa-2023-6.png\"><img loading=\"lazy\" decoding=\"async\" class=\"alignnone size-full wp-image-12533\" src=\"http:\/\/teatinos.org\/wp-content\/uploads\/2023\/09\/Nuevo-Cuadro-Rodolfo-Papa-2023-6.png\" alt=\"\" width=\"1080\" height=\"1080\" \/><\/a><a href=\"http:\/\/teatinos.org\/wp-content\/uploads\/2023\/09\/Nuevo-Cuadro-Rodolfo-Papa-2023-7.png\"><img loading=\"lazy\" decoding=\"async\" class=\"alignnone size-full wp-image-12538\" src=\"http:\/\/teatinos.org\/wp-content\/uploads\/2023\/09\/Nuevo-Cuadro-Rodolfo-Papa-2023-7.png\" alt=\"\" width=\"1080\" height=\"1080\" \/><\/a><a href=\"http:\/\/teatinos.org\/wp-content\/uploads\/2023\/09\/Nuevo-Cuadro-Rodolfo-Papa-2023-8.png\"><img loading=\"lazy\" decoding=\"async\" class=\"alignnone size-full wp-image-12543\" src=\"http:\/\/teatinos.org\/wp-content\/uploads\/2023\/09\/Nuevo-Cuadro-Rodolfo-Papa-2023-8.png\" alt=\"\" width=\"1080\" height=\"1080\" \/><\/a><a href=\"http:\/\/teatinos.org\/wp-content\/uploads\/2023\/09\/Nuevo-Cuadro-Rodolfo-Papa-2023-9.png\"><img loading=\"lazy\" decoding=\"async\" class=\"alignnone size-full wp-image-12548\" src=\"http:\/\/teatinos.org\/wp-content\/uploads\/2023\/09\/Nuevo-Cuadro-Rodolfo-Papa-2023-9.png\" alt=\"\" width=\"1080\" height=\"1080\" \/><\/a><a href=\"http:\/\/teatinos.org\/wp-content\/uploads\/2023\/09\/Nuevo-Cuadro-Rodolfo-Papa-2023-10.png\"><img loading=\"lazy\" decoding=\"async\" class=\"alignnone size-full wp-image-12553\" src=\"http:\/\/teatinos.org\/wp-content\/uploads\/2023\/09\/Nuevo-Cuadro-Rodolfo-Papa-2023-10.png\" alt=\"\" width=\"1080\" height=\"1080\" \/><\/a><\/p>\n","protected":false},"excerpt":{"rendered":"<p>Ieri, nel cortile centrale della Casa Generalizia dell&#8217;Ordine, \u00e8 stato collocato il dipinto commissionato all&#8217;artista Rodolfo Papa, con le sue parole: &#8220;Maria si staglia al centro, irradiando luce. L&#8217;arcobaleno che la circonda simboleggia la pace, in linea con la tradizione di Isaia che vede Cristo come Signore della Pace e&hellip;<\/p>\n","protected":false},"author":5,"featured_media":11552,"comment_status":"closed","ping_status":"open","sticky":false,"template":"","format":"standard","meta":{"_acf_changed":false,"footnotes":"","_links_to":"","_links_to_target":""},"categories":[97],"tags":[],"class_list":["post-12561","post","type-post","status-publish","format-standard","has-post-thumbnail","hentry","category-notizie"],"acf":[],"yoast_head":"<!-- This site is optimized with the Yoast SEO plugin v23.5 - https:\/\/yoast.com\/wordpress\/plugins\/seo\/ -->\n<title>Nuovo dipinto alla Casa Generalizia - Teatinos<\/title>\n<meta name=\"robots\" content=\"index, follow, max-snippet:-1, max-image-preview:large, max-video-preview:-1\" \/>\n<link rel=\"canonical\" href=\"https:\/\/teatinos.org\/it\/nueva-pintura-en-la-casa-general\/\" \/>\n<meta property=\"og:locale\" content=\"it_IT\" \/>\n<meta property=\"og:type\" content=\"article\" \/>\n<meta property=\"og:title\" content=\"Nuovo dipinto alla Casa Generalizia - Teatinos\" \/>\n<meta property=\"og:description\" content=\"Ieri, nel cortile centrale della Casa Generalizia dell&#8217;Ordine, \u00e8 stato collocato il dipinto commissionato all&#8217;artista Rodolfo Papa, con le sue parole: &#8220;Maria si staglia al centro, irradiando luce. L&#8217;arcobaleno che la circonda simboleggia la pace, in linea con la tradizione di Isaia che vede Cristo come Signore della Pace e&hellip;\" \/>\n<meta property=\"og:url\" content=\"https:\/\/teatinos.org\/it\/nueva-pintura-en-la-casa-general\/\" \/>\n<meta property=\"og:site_name\" content=\"Teatinos\" \/>\n<meta property=\"article:published_time\" content=\"2023-09-06T21:57:47+00:00\" \/>\n<meta property=\"article:modified_time\" content=\"2023-09-06T21:58:46+00:00\" \/>\n<meta property=\"og:image\" content=\"https:\/\/teatinos.org\/wp-content\/uploads\/2023\/05\/Placa-Curia-Ita-2023.png\" \/>\n\t<meta property=\"og:image:width\" content=\"1080\" \/>\n\t<meta property=\"og:image:height\" content=\"1080\" \/>\n\t<meta property=\"og:image:type\" content=\"image\/png\" \/>\n<meta name=\"author\" content=\"Community Manager\" \/>\n<meta name=\"twitter:card\" content=\"summary_large_image\" \/>\n<meta name=\"twitter:label1\" content=\"Scritto da\" \/>\n\t<meta name=\"twitter:data1\" content=\"Community Manager\" \/>\n\t<meta name=\"twitter:label2\" content=\"Tempo di lettura stimato\" \/>\n\t<meta name=\"twitter:data2\" content=\"3 minuti\" \/>\n<script type=\"application\/ld+json\" class=\"yoast-schema-graph\">{\"@context\":\"https:\/\/schema.org\",\"@graph\":[{\"@type\":\"WebPage\",\"@id\":\"https:\/\/teatinos.org\/it\/nueva-pintura-en-la-casa-general\/\",\"url\":\"https:\/\/teatinos.org\/it\/nueva-pintura-en-la-casa-general\/\",\"name\":\"Nuovo dipinto alla Casa Generalizia - Teatinos\",\"isPartOf\":{\"@id\":\"https:\/\/teatinos.org\/pt-br\/#website\"},\"primaryImageOfPage\":{\"@id\":\"https:\/\/teatinos.org\/it\/nueva-pintura-en-la-casa-general\/#primaryimage\"},\"image\":{\"@id\":\"https:\/\/teatinos.org\/it\/nueva-pintura-en-la-casa-general\/#primaryimage\"},\"thumbnailUrl\":\"https:\/\/teatinos.org\/wp-content\/uploads\/2023\/05\/Placa-Curia-Ita-2023.png\",\"datePublished\":\"2023-09-06T21:57:47+00:00\",\"dateModified\":\"2023-09-06T21:58:46+00:00\",\"author\":{\"@id\":\"https:\/\/teatinos.org\/pt-br\/#\/schema\/person\/10193cb8ac6f163661033cf7ce9006a5\"},\"breadcrumb\":{\"@id\":\"https:\/\/teatinos.org\/it\/nueva-pintura-en-la-casa-general\/#breadcrumb\"},\"inLanguage\":\"it-IT\",\"potentialAction\":[{\"@type\":\"ReadAction\",\"target\":[\"https:\/\/teatinos.org\/it\/nueva-pintura-en-la-casa-general\/\"]}]},{\"@type\":\"ImageObject\",\"inLanguage\":\"it-IT\",\"@id\":\"https:\/\/teatinos.org\/it\/nueva-pintura-en-la-casa-general\/#primaryimage\",\"url\":\"https:\/\/teatinos.org\/wp-content\/uploads\/2023\/05\/Placa-Curia-Ita-2023.png\",\"contentUrl\":\"https:\/\/teatinos.org\/wp-content\/uploads\/2023\/05\/Placa-Curia-Ita-2023.png\",\"width\":1080,\"height\":1080},{\"@type\":\"BreadcrumbList\",\"@id\":\"https:\/\/teatinos.org\/it\/nueva-pintura-en-la-casa-general\/#breadcrumb\",\"itemListElement\":[{\"@type\":\"ListItem\",\"position\":1,\"name\":\"Portada\",\"item\":\"https:\/\/teatinos.org\/it\/\"},{\"@type\":\"ListItem\",\"position\":2,\"name\":\"Nuovo dipinto alla Casa Generalizia\"}]},{\"@type\":\"WebSite\",\"@id\":\"https:\/\/teatinos.org\/pt-br\/#website\",\"url\":\"https:\/\/teatinos.org\/pt-br\/\",\"name\":\"Teatinos\",\"description\":\"Orden de Cl\u00e9rigos Regulares\",\"potentialAction\":[{\"@type\":\"SearchAction\",\"target\":{\"@type\":\"EntryPoint\",\"urlTemplate\":\"https:\/\/teatinos.org\/pt-br\/?s={search_term_string}\"},\"query-input\":{\"@type\":\"PropertyValueSpecification\",\"valueRequired\":true,\"valueName\":\"search_term_string\"}}],\"inLanguage\":\"it-IT\"},{\"@type\":\"Person\",\"@id\":\"https:\/\/teatinos.org\/pt-br\/#\/schema\/person\/10193cb8ac6f163661033cf7ce9006a5\",\"name\":\"Community Manager\",\"url\":\"https:\/\/teatinos.org\/it\/author\/pascual\/\"}]}<\/script>\n<!-- \/ Yoast SEO plugin. -->","yoast_head_json":{"title":"Nuovo dipinto alla Casa Generalizia - Teatinos","robots":{"index":"index","follow":"follow","max-snippet":"max-snippet:-1","max-image-preview":"max-image-preview:large","max-video-preview":"max-video-preview:-1"},"canonical":"https:\/\/teatinos.org\/it\/nueva-pintura-en-la-casa-general\/","og_locale":"it_IT","og_type":"article","og_title":"Nuovo dipinto alla Casa Generalizia - Teatinos","og_description":"Ieri, nel cortile centrale della Casa Generalizia dell&#8217;Ordine, \u00e8 stato collocato il dipinto commissionato all&#8217;artista Rodolfo Papa, con le sue parole: &#8220;Maria si staglia al centro, irradiando luce. L&#8217;arcobaleno che la circonda simboleggia la pace, in linea con la tradizione di Isaia che vede Cristo come Signore della Pace e&hellip;","og_url":"https:\/\/teatinos.org\/it\/nueva-pintura-en-la-casa-general\/","og_site_name":"Teatinos","article_published_time":"2023-09-06T21:57:47+00:00","article_modified_time":"2023-09-06T21:58:46+00:00","og_image":[{"width":1080,"height":1080,"url":"https:\/\/teatinos.org\/wp-content\/uploads\/2023\/05\/Placa-Curia-Ita-2023.png","type":"image\/png"}],"author":"Community Manager","twitter_card":"summary_large_image","twitter_misc":{"Scritto da":"Community Manager","Tempo di lettura stimato":"3 minuti"},"schema":{"@context":"https:\/\/schema.org","@graph":[{"@type":"WebPage","@id":"https:\/\/teatinos.org\/it\/nueva-pintura-en-la-casa-general\/","url":"https:\/\/teatinos.org\/it\/nueva-pintura-en-la-casa-general\/","name":"Nuovo dipinto alla Casa Generalizia - Teatinos","isPartOf":{"@id":"https:\/\/teatinos.org\/pt-br\/#website"},"primaryImageOfPage":{"@id":"https:\/\/teatinos.org\/it\/nueva-pintura-en-la-casa-general\/#primaryimage"},"image":{"@id":"https:\/\/teatinos.org\/it\/nueva-pintura-en-la-casa-general\/#primaryimage"},"thumbnailUrl":"https:\/\/teatinos.org\/wp-content\/uploads\/2023\/05\/Placa-Curia-Ita-2023.png","datePublished":"2023-09-06T21:57:47+00:00","dateModified":"2023-09-06T21:58:46+00:00","author":{"@id":"https:\/\/teatinos.org\/pt-br\/#\/schema\/person\/10193cb8ac6f163661033cf7ce9006a5"},"breadcrumb":{"@id":"https:\/\/teatinos.org\/it\/nueva-pintura-en-la-casa-general\/#breadcrumb"},"inLanguage":"it-IT","potentialAction":[{"@type":"ReadAction","target":["https:\/\/teatinos.org\/it\/nueva-pintura-en-la-casa-general\/"]}]},{"@type":"ImageObject","inLanguage":"it-IT","@id":"https:\/\/teatinos.org\/it\/nueva-pintura-en-la-casa-general\/#primaryimage","url":"https:\/\/teatinos.org\/wp-content\/uploads\/2023\/05\/Placa-Curia-Ita-2023.png","contentUrl":"https:\/\/teatinos.org\/wp-content\/uploads\/2023\/05\/Placa-Curia-Ita-2023.png","width":1080,"height":1080},{"@type":"BreadcrumbList","@id":"https:\/\/teatinos.org\/it\/nueva-pintura-en-la-casa-general\/#breadcrumb","itemListElement":[{"@type":"ListItem","position":1,"name":"Portada","item":"https:\/\/teatinos.org\/it\/"},{"@type":"ListItem","position":2,"name":"Nuovo dipinto alla Casa Generalizia"}]},{"@type":"WebSite","@id":"https:\/\/teatinos.org\/pt-br\/#website","url":"https:\/\/teatinos.org\/pt-br\/","name":"Teatinos","description":"Orden de Cl\u00e9rigos Regulares","potentialAction":[{"@type":"SearchAction","target":{"@type":"EntryPoint","urlTemplate":"https:\/\/teatinos.org\/pt-br\/?s={search_term_string}"},"query-input":{"@type":"PropertyValueSpecification","valueRequired":true,"valueName":"search_term_string"}}],"inLanguage":"it-IT"},{"@type":"Person","@id":"https:\/\/teatinos.org\/pt-br\/#\/schema\/person\/10193cb8ac6f163661033cf7ce9006a5","name":"Community Manager","url":"https:\/\/teatinos.org\/it\/author\/pascual\/"}]}},"rttpg_featured_image_url":{"full":["https:\/\/teatinos.org\/wp-content\/uploads\/2023\/05\/Placa-Curia-Ita-2023.png",1080,1080,false],"landscape":["https:\/\/teatinos.org\/wp-content\/uploads\/2023\/05\/Placa-Curia-Ita-2023.png",1080,1080,false],"portraits":["https:\/\/teatinos.org\/wp-content\/uploads\/2023\/05\/Placa-Curia-Ita-2023.png",1080,1080,false],"thumbnail":["https:\/\/teatinos.org\/wp-content\/uploads\/2023\/05\/Placa-Curia-Ita-2023-150x150.png",150,150,true],"medium":["https:\/\/teatinos.org\/wp-content\/uploads\/2023\/05\/Placa-Curia-Ita-2023-300x300.png",300,300,true],"large":["https:\/\/teatinos.org\/wp-content\/uploads\/2023\/05\/Placa-Curia-Ita-2023-1024x1024.png",1000,1000,true],"1536x1536":["https:\/\/teatinos.org\/wp-content\/uploads\/2023\/05\/Placa-Curia-Ita-2023.png",1080,1080,false],"2048x2048":["https:\/\/teatinos.org\/wp-content\/uploads\/2023\/05\/Placa-Curia-Ita-2023.png",1080,1080,false]},"rttpg_author":{"display_name":"Community Manager","author_link":"https:\/\/teatinos.org\/it\/author\/pascual\/"},"rttpg_comment":0,"rttpg_category":"<a href=\"https:\/\/teatinos.org\/it\/category\/notizie\/\" rel=\"category tag\">Notizie<\/a>","rttpg_excerpt":"Ieri, nel cortile centrale della Casa Generalizia dell&#8217;Ordine, \u00e8 stato collocato il dipinto commissionato all&#8217;artista Rodolfo Papa, con le sue parole: &#8220;Maria si staglia al centro, irradiando luce. L&#8217;arcobaleno che la circonda simboleggia la pace, in linea con la tradizione di Isaia che vede Cristo come Signore della Pace e&hellip;","_links":{"self":[{"href":"https:\/\/teatinos.org\/it\/wp-json\/wp\/v2\/posts\/12561","targetHints":{"allow":["GET"]}}],"collection":[{"href":"https:\/\/teatinos.org\/it\/wp-json\/wp\/v2\/posts"}],"about":[{"href":"https:\/\/teatinos.org\/it\/wp-json\/wp\/v2\/types\/post"}],"author":[{"embeddable":true,"href":"https:\/\/teatinos.org\/it\/wp-json\/wp\/v2\/users\/5"}],"replies":[{"embeddable":true,"href":"https:\/\/teatinos.org\/it\/wp-json\/wp\/v2\/comments?post=12561"}],"version-history":[{"count":1,"href":"https:\/\/teatinos.org\/it\/wp-json\/wp\/v2\/posts\/12561\/revisions"}],"predecessor-version":[{"id":12563,"href":"https:\/\/teatinos.org\/it\/wp-json\/wp\/v2\/posts\/12561\/revisions\/12563"}],"wp:featuredmedia":[{"embeddable":true,"href":"https:\/\/teatinos.org\/it\/wp-json\/wp\/v2\/media\/11552"}],"wp:attachment":[{"href":"https:\/\/teatinos.org\/it\/wp-json\/wp\/v2\/media?parent=12561"}],"wp:term":[{"taxonomy":"category","embeddable":true,"href":"https:\/\/teatinos.org\/it\/wp-json\/wp\/v2\/categories?post=12561"},{"taxonomy":"post_tag","embeddable":true,"href":"https:\/\/teatinos.org\/it\/wp-json\/wp\/v2\/tags?post=12561"}],"curies":[{"name":"wp","href":"https:\/\/api.w.org\/{rel}","templated":true}]}}