{"id":9721,"date":"2022-06-02T01:16:58","date_gmt":"2022-06-02T01:16:58","guid":{"rendered":"http:\/\/teatinos.org\/ad-multos-annos-celebrazione-del-60-anniversario-della-parrocchia-di-san-gaetano-a-roma\/"},"modified":"2022-06-02T01:25:45","modified_gmt":"2022-06-02T01:25:45","slug":"ad-multos-annos-celebrazione-del-60-anniversario-della-parrocchia-di-san-gaetano-a-roma","status":"publish","type":"post","link":"https:\/\/teatinos.org\/fr\/ad-multos-annos-celebrazione-del-60-anniversario-della-parrocchia-di-san-gaetano-a-roma\/","title":{"rendered":"Ad multos annos !! C\u00e9l\u00e9bration du 60e anniversaire de la paroisse de San Gaetano \u00e0 Rome"},"content":{"rendered":"<p>Dimanche dernier, 29 mai, dans la paroisse de San Gaetano \u00e0 Rome, S.E. Le <strong>Cardinal Angelo De Donatis<\/strong>, Vicaire du Pape pour le dioc\u00e8se de Rome, a pr\u00e9sid\u00e9 la Sainte Messe avec le P. Marcelo Zubia C.R. et P. Antonio Cabrera C.R. de la Curie g\u00e9n\u00e9rale, le cur\u00e9 P. Umberto Micillo C.R. et ses collaborateurs, le P. Marquinhos C.R., le P. Juan Miguel C.R. et P. H\u00e9ctor C.R, et quelques membres du Coll\u00e8ge des Th\u00e9atins.<br \/>\nAu cours de la c\u00e9l\u00e9bration, les pr\u00eatres et la famille la\u00efque ont remerci\u00e9 Dieu pour le 60e anniversaire de la fondation de la paroisse de San Caetano qui, d\u00e8s le d\u00e9but, a \u00e9t\u00e9 confi\u00e9e aux P\u00e8res Th\u00e9atins.<br \/>\nApr\u00e8s la messe, le Cardinal a b\u00e9ni un petit appartement, r\u00e9sultat du <strong>projet Casa Mia<\/strong>. Il s&rsquo;agit d&rsquo;un projet bienvenu pour lequel la paroisse, avec l&rsquo;aide de la Caritas dioc\u00e9saine, met \u00e0 disposition des chambres pour une famille en difficult\u00e9 \u00e9conomique. \u00ab\u00a0La volont\u00e9, dit P. Umberto Micillo, est de laisser un signe tangible et une trace visible de l&rsquo;anniversaire, en faisant v\u00e9ritablement une nouvelle r\u00e9alit\u00e9 de notre communaut\u00e9\u00a0\u00bb.<br \/>\nUn signe concret de charit\u00e9 fraternelle qui donne non seulement de l&rsquo;espace, mais l&rsquo;opportunit\u00e9 d&rsquo;une vie meilleure aux personnes qui y vivront.<\/p>\n<p><a href=\"http:\/\/teatinos.org\/wp-content\/uploads\/2022\/06\/60-aniv-parroquia-san-cayetano-roma.png\"><img loading=\"lazy\" decoding=\"async\" class=\"alignnone size-full wp-image-9634\" src=\"http:\/\/teatinos.org\/wp-content\/uploads\/2022\/06\/60-aniv-parroquia-san-cayetano-roma.png\" alt=\"\" width=\"1080\" height=\"1080\" \/><\/a><\/p>\n","protected":false},"excerpt":{"rendered":"<p>Dimanche dernier, 29 mai, dans la paroisse de San Gaetano \u00e0 Rome, S.E. Le Cardinal Angelo De Donatis, Vicaire du Pape pour le dioc\u00e8se de Rome, a pr\u00e9sid\u00e9 la Sainte Messe avec le P. Marcelo Zubia C.R. et P. Antonio Cabrera C.R. de la Curie g\u00e9n\u00e9rale, le cur\u00e9 P. Umberto\u2026<\/p>\n","protected":false},"author":5,"featured_media":9633,"comment_status":"closed","ping_status":"open","sticky":false,"template":"","format":"standard","meta":{"_acf_changed":false,"footnotes":"","_links_to":"","_links_to_target":""},"categories":[96],"tags":[],"class_list":["post-9721","post","type-post","status-publish","format-standard","has-post-thumbnail","hentry","category-actualite"],"acf":[],"yoast_head":"<!-- This site is optimized with the Yoast SEO plugin v23.5 - https:\/\/yoast.com\/wordpress\/plugins\/seo\/ -->\n<title>Ad multos annos !! C\u00e9l\u00e9bration du 60e anniversaire de la paroisse de San Gaetano \u00e0 Rome - Teatinos<\/title>\n<meta name=\"robots\" content=\"index, follow, max-snippet:-1, max-image-preview:large, max-video-preview:-1\" \/>\n<link rel=\"canonical\" href=\"https:\/\/teatinos.org\/fr\/ad-multos-annos-celebrazione-del-60-anniversario-della-parrocchia-di-san-gaetano-a-roma\/\" \/>\n<meta property=\"og:locale\" content=\"fr_FR\" \/>\n<meta property=\"og:type\" content=\"article\" \/>\n<meta property=\"og:title\" content=\"Ad multos annos !! C\u00e9l\u00e9bration du 60e anniversaire de la paroisse de San Gaetano \u00e0 Rome - Teatinos\" \/>\n<meta property=\"og:description\" content=\"Dimanche dernier, 29 mai, dans la paroisse de San Gaetano \u00e0 Rome, S.E. Le Cardinal Angelo De Donatis, Vicaire du Pape pour le dioc\u00e8se de Rome, a pr\u00e9sid\u00e9 la Sainte Messe avec le P. Marcelo Zubia C.R. et P. Antonio Cabrera C.R. de la Curie g\u00e9n\u00e9rale, le cur\u00e9 P. Umberto\u2026\" \/>\n<meta property=\"og:url\" content=\"https:\/\/teatinos.org\/fr\/ad-multos-annos-celebrazione-del-60-anniversario-della-parrocchia-di-san-gaetano-a-roma\/\" \/>\n<meta property=\"og:site_name\" content=\"Teatinos\" \/>\n<meta property=\"article:published_time\" content=\"2022-06-02T01:16:58+00:00\" \/>\n<meta property=\"article:modified_time\" content=\"2022-06-02T01:25:45+00:00\" \/>\n<meta property=\"og:image\" content=\"https:\/\/teatinos.org\/wp-content\/uploads\/2022\/06\/60-aniv-parroquia-san-cayetano-roma.png\" \/>\n\t<meta property=\"og:image:width\" content=\"1080\" \/>\n\t<meta property=\"og:image:height\" content=\"1080\" \/>\n\t<meta property=\"og:image:type\" content=\"image\/png\" \/>\n<meta name=\"author\" content=\"Community Manager\" \/>\n<meta name=\"twitter:card\" content=\"summary_large_image\" \/>\n<meta name=\"twitter:label1\" content=\"\u00c9crit par\" \/>\n\t<meta name=\"twitter:data1\" content=\"Community Manager\" \/>\n\t<meta name=\"twitter:label2\" content=\"Dur\u00e9e de lecture estim\u00e9e\" \/>\n\t<meta name=\"twitter:data2\" content=\"1 minute\" \/>\n<script type=\"application\/ld+json\" class=\"yoast-schema-graph\">{\"@context\":\"https:\/\/schema.org\",\"@graph\":[{\"@type\":\"WebPage\",\"@id\":\"https:\/\/teatinos.org\/fr\/ad-multos-annos-celebrazione-del-60-anniversario-della-parrocchia-di-san-gaetano-a-roma\/\",\"url\":\"https:\/\/teatinos.org\/fr\/ad-multos-annos-celebrazione-del-60-anniversario-della-parrocchia-di-san-gaetano-a-roma\/\",\"name\":\"Ad multos annos !! C\u00e9l\u00e9bration du 60e anniversaire de la paroisse de San Gaetano \u00e0 Rome - Teatinos\",\"isPartOf\":{\"@id\":\"https:\/\/teatinos.org\/pt-br\/#website\"},\"primaryImageOfPage\":{\"@id\":\"https:\/\/teatinos.org\/fr\/ad-multos-annos-celebrazione-del-60-anniversario-della-parrocchia-di-san-gaetano-a-roma\/#primaryimage\"},\"image\":{\"@id\":\"https:\/\/teatinos.org\/fr\/ad-multos-annos-celebrazione-del-60-anniversario-della-parrocchia-di-san-gaetano-a-roma\/#primaryimage\"},\"thumbnailUrl\":\"https:\/\/teatinos.org\/wp-content\/uploads\/2022\/06\/60-aniv-parroquia-san-cayetano-roma.png\",\"datePublished\":\"2022-06-02T01:16:58+00:00\",\"dateModified\":\"2022-06-02T01:25:45+00:00\",\"author\":{\"@id\":\"https:\/\/teatinos.org\/pt-br\/#\/schema\/person\/10193cb8ac6f163661033cf7ce9006a5\"},\"breadcrumb\":{\"@id\":\"https:\/\/teatinos.org\/fr\/ad-multos-annos-celebrazione-del-60-anniversario-della-parrocchia-di-san-gaetano-a-roma\/#breadcrumb\"},\"inLanguage\":\"fr-FR\",\"potentialAction\":[{\"@type\":\"ReadAction\",\"target\":[\"https:\/\/teatinos.org\/fr\/ad-multos-annos-celebrazione-del-60-anniversario-della-parrocchia-di-san-gaetano-a-roma\/\"]}]},{\"@type\":\"ImageObject\",\"inLanguage\":\"fr-FR\",\"@id\":\"https:\/\/teatinos.org\/fr\/ad-multos-annos-celebrazione-del-60-anniversario-della-parrocchia-di-san-gaetano-a-roma\/#primaryimage\",\"url\":\"https:\/\/teatinos.org\/wp-content\/uploads\/2022\/06\/60-aniv-parroquia-san-cayetano-roma.png\",\"contentUrl\":\"https:\/\/teatinos.org\/wp-content\/uploads\/2022\/06\/60-aniv-parroquia-san-cayetano-roma.png\",\"width\":1080,\"height\":1080},{\"@type\":\"BreadcrumbList\",\"@id\":\"https:\/\/teatinos.org\/fr\/ad-multos-annos-celebrazione-del-60-anniversario-della-parrocchia-di-san-gaetano-a-roma\/#breadcrumb\",\"itemListElement\":[{\"@type\":\"ListItem\",\"position\":1,\"name\":\"Portada\",\"item\":\"https:\/\/teatinos.org\/fr\/\"},{\"@type\":\"ListItem\",\"position\":2,\"name\":\"Ad multos annos !! C\u00e9l\u00e9bration du 60e anniversaire de la paroisse de San Gaetano \u00e0 Rome\"}]},{\"@type\":\"WebSite\",\"@id\":\"https:\/\/teatinos.org\/pt-br\/#website\",\"url\":\"https:\/\/teatinos.org\/pt-br\/\",\"name\":\"Teatinos\",\"description\":\"Orden de Cl\u00e9rigos Regulares\",\"potentialAction\":[{\"@type\":\"SearchAction\",\"target\":{\"@type\":\"EntryPoint\",\"urlTemplate\":\"https:\/\/teatinos.org\/pt-br\/?s={search_term_string}\"},\"query-input\":{\"@type\":\"PropertyValueSpecification\",\"valueRequired\":true,\"valueName\":\"search_term_string\"}}],\"inLanguage\":\"fr-FR\"},{\"@type\":\"Person\",\"@id\":\"https:\/\/teatinos.org\/pt-br\/#\/schema\/person\/10193cb8ac6f163661033cf7ce9006a5\",\"name\":\"Community Manager\",\"url\":\"https:\/\/teatinos.org\/fr\/author\/pascual\/\"}]}<\/script>\n<!-- \/ Yoast SEO plugin. -->","yoast_head_json":{"title":"Ad multos annos !! C\u00e9l\u00e9bration du 60e anniversaire de la paroisse de San Gaetano \u00e0 Rome - Teatinos","robots":{"index":"index","follow":"follow","max-snippet":"max-snippet:-1","max-image-preview":"max-image-preview:large","max-video-preview":"max-video-preview:-1"},"canonical":"https:\/\/teatinos.org\/fr\/ad-multos-annos-celebrazione-del-60-anniversario-della-parrocchia-di-san-gaetano-a-roma\/","og_locale":"fr_FR","og_type":"article","og_title":"Ad multos annos !! C\u00e9l\u00e9bration du 60e anniversaire de la paroisse de San Gaetano \u00e0 Rome - Teatinos","og_description":"Dimanche dernier, 29 mai, dans la paroisse de San Gaetano \u00e0 Rome, S.E. Le Cardinal Angelo De Donatis, Vicaire du Pape pour le dioc\u00e8se de Rome, a pr\u00e9sid\u00e9 la Sainte Messe avec le P. Marcelo Zubia C.R. et P. Antonio Cabrera C.R. de la Curie g\u00e9n\u00e9rale, le cur\u00e9 P. Umberto\u2026","og_url":"https:\/\/teatinos.org\/fr\/ad-multos-annos-celebrazione-del-60-anniversario-della-parrocchia-di-san-gaetano-a-roma\/","og_site_name":"Teatinos","article_published_time":"2022-06-02T01:16:58+00:00","article_modified_time":"2022-06-02T01:25:45+00:00","og_image":[{"width":1080,"height":1080,"url":"https:\/\/teatinos.org\/wp-content\/uploads\/2022\/06\/60-aniv-parroquia-san-cayetano-roma.png","type":"image\/png"}],"author":"Community Manager","twitter_card":"summary_large_image","twitter_misc":{"\u00c9crit par":"Community Manager","Dur\u00e9e de lecture estim\u00e9e":"1 minute"},"schema":{"@context":"https:\/\/schema.org","@graph":[{"@type":"WebPage","@id":"https:\/\/teatinos.org\/fr\/ad-multos-annos-celebrazione-del-60-anniversario-della-parrocchia-di-san-gaetano-a-roma\/","url":"https:\/\/teatinos.org\/fr\/ad-multos-annos-celebrazione-del-60-anniversario-della-parrocchia-di-san-gaetano-a-roma\/","name":"Ad multos annos !! C\u00e9l\u00e9bration du 60e anniversaire de la paroisse de San Gaetano \u00e0 Rome - Teatinos","isPartOf":{"@id":"https:\/\/teatinos.org\/pt-br\/#website"},"primaryImageOfPage":{"@id":"https:\/\/teatinos.org\/fr\/ad-multos-annos-celebrazione-del-60-anniversario-della-parrocchia-di-san-gaetano-a-roma\/#primaryimage"},"image":{"@id":"https:\/\/teatinos.org\/fr\/ad-multos-annos-celebrazione-del-60-anniversario-della-parrocchia-di-san-gaetano-a-roma\/#primaryimage"},"thumbnailUrl":"https:\/\/teatinos.org\/wp-content\/uploads\/2022\/06\/60-aniv-parroquia-san-cayetano-roma.png","datePublished":"2022-06-02T01:16:58+00:00","dateModified":"2022-06-02T01:25:45+00:00","author":{"@id":"https:\/\/teatinos.org\/pt-br\/#\/schema\/person\/10193cb8ac6f163661033cf7ce9006a5"},"breadcrumb":{"@id":"https:\/\/teatinos.org\/fr\/ad-multos-annos-celebrazione-del-60-anniversario-della-parrocchia-di-san-gaetano-a-roma\/#breadcrumb"},"inLanguage":"fr-FR","potentialAction":[{"@type":"ReadAction","target":["https:\/\/teatinos.org\/fr\/ad-multos-annos-celebrazione-del-60-anniversario-della-parrocchia-di-san-gaetano-a-roma\/"]}]},{"@type":"ImageObject","inLanguage":"fr-FR","@id":"https:\/\/teatinos.org\/fr\/ad-multos-annos-celebrazione-del-60-anniversario-della-parrocchia-di-san-gaetano-a-roma\/#primaryimage","url":"https:\/\/teatinos.org\/wp-content\/uploads\/2022\/06\/60-aniv-parroquia-san-cayetano-roma.png","contentUrl":"https:\/\/teatinos.org\/wp-content\/uploads\/2022\/06\/60-aniv-parroquia-san-cayetano-roma.png","width":1080,"height":1080},{"@type":"BreadcrumbList","@id":"https:\/\/teatinos.org\/fr\/ad-multos-annos-celebrazione-del-60-anniversario-della-parrocchia-di-san-gaetano-a-roma\/#breadcrumb","itemListElement":[{"@type":"ListItem","position":1,"name":"Portada","item":"https:\/\/teatinos.org\/fr\/"},{"@type":"ListItem","position":2,"name":"Ad multos annos !! C\u00e9l\u00e9bration du 60e anniversaire de la paroisse de San Gaetano \u00e0 Rome"}]},{"@type":"WebSite","@id":"https:\/\/teatinos.org\/pt-br\/#website","url":"https:\/\/teatinos.org\/pt-br\/","name":"Teatinos","description":"Orden de Cl\u00e9rigos Regulares","potentialAction":[{"@type":"SearchAction","target":{"@type":"EntryPoint","urlTemplate":"https:\/\/teatinos.org\/pt-br\/?s={search_term_string}"},"query-input":{"@type":"PropertyValueSpecification","valueRequired":true,"valueName":"search_term_string"}}],"inLanguage":"fr-FR"},{"@type":"Person","@id":"https:\/\/teatinos.org\/pt-br\/#\/schema\/person\/10193cb8ac6f163661033cf7ce9006a5","name":"Community Manager","url":"https:\/\/teatinos.org\/fr\/author\/pascual\/"}]}},"rttpg_featured_image_url":{"full":["https:\/\/teatinos.org\/wp-content\/uploads\/2022\/06\/60-aniv-parroquia-san-cayetano-roma.png",1080,1080,false],"landscape":["https:\/\/teatinos.org\/wp-content\/uploads\/2022\/06\/60-aniv-parroquia-san-cayetano-roma.png",1080,1080,false],"portraits":["https:\/\/teatinos.org\/wp-content\/uploads\/2022\/06\/60-aniv-parroquia-san-cayetano-roma.png",1080,1080,false],"thumbnail":["https:\/\/teatinos.org\/wp-content\/uploads\/2022\/06\/60-aniv-parroquia-san-cayetano-roma-150x150.png",150,150,true],"medium":["https:\/\/teatinos.org\/wp-content\/uploads\/2022\/06\/60-aniv-parroquia-san-cayetano-roma-300x300.png",300,300,true],"large":["https:\/\/teatinos.org\/wp-content\/uploads\/2022\/06\/60-aniv-parroquia-san-cayetano-roma-1024x1024.png",1000,1000,true],"1536x1536":["https:\/\/teatinos.org\/wp-content\/uploads\/2022\/06\/60-aniv-parroquia-san-cayetano-roma.png",1080,1080,false],"2048x2048":["https:\/\/teatinos.org\/wp-content\/uploads\/2022\/06\/60-aniv-parroquia-san-cayetano-roma.png",1080,1080,false]},"rttpg_author":{"display_name":"Community Manager","author_link":"https:\/\/teatinos.org\/fr\/author\/pascual\/"},"rttpg_comment":0,"rttpg_category":"<a href=\"https:\/\/teatinos.org\/fr\/category\/actualite\/\" rel=\"category tag\">Actualit\u00e9<\/a>","rttpg_excerpt":"Dimanche dernier, 29 mai, dans la paroisse de San Gaetano \u00e0 Rome, S.E. Le Cardinal Angelo De Donatis, Vicaire du Pape pour le dioc\u00e8se de Rome, a pr\u00e9sid\u00e9 la Sainte Messe avec le P. Marcelo Zubia C.R. et P. Antonio Cabrera C.R. de la Curie g\u00e9n\u00e9rale, le cur\u00e9 P. Umberto\u2026","_links":{"self":[{"href":"https:\/\/teatinos.org\/fr\/wp-json\/wp\/v2\/posts\/9721","targetHints":{"allow":["GET"]}}],"collection":[{"href":"https:\/\/teatinos.org\/fr\/wp-json\/wp\/v2\/posts"}],"about":[{"href":"https:\/\/teatinos.org\/fr\/wp-json\/wp\/v2\/types\/post"}],"author":[{"embeddable":true,"href":"https:\/\/teatinos.org\/fr\/wp-json\/wp\/v2\/users\/5"}],"replies":[{"embeddable":true,"href":"https:\/\/teatinos.org\/fr\/wp-json\/wp\/v2\/comments?post=9721"}],"version-history":[{"count":1,"href":"https:\/\/teatinos.org\/fr\/wp-json\/wp\/v2\/posts\/9721\/revisions"}],"predecessor-version":[{"id":9728,"href":"https:\/\/teatinos.org\/fr\/wp-json\/wp\/v2\/posts\/9721\/revisions\/9728"}],"wp:featuredmedia":[{"embeddable":true,"href":"https:\/\/teatinos.org\/fr\/wp-json\/wp\/v2\/media\/9633"}],"wp:attachment":[{"href":"https:\/\/teatinos.org\/fr\/wp-json\/wp\/v2\/media?parent=9721"}],"wp:term":[{"taxonomy":"category","embeddable":true,"href":"https:\/\/teatinos.org\/fr\/wp-json\/wp\/v2\/categories?post=9721"},{"taxonomy":"post_tag","embeddable":true,"href":"https:\/\/teatinos.org\/fr\/wp-json\/wp\/v2\/tags?post=9721"}],"curies":[{"name":"wp","href":"https:\/\/api.w.org\/{rel}","templated":true}]}}