{"id":8473,"date":"2022-01-03T01:05:54","date_gmt":"2022-01-03T01:05:54","guid":{"rendered":"http:\/\/teatinos.org\/?p=8473"},"modified":"2022-01-03T01:05:54","modified_gmt":"2022-01-03T01:05:54","slug":"deces-du-p-antonio-domenech-c-r","status":"publish","type":"post","link":"https:\/\/teatinos.org\/fr\/deces-du-p-antonio-domenech-c-r\/","title":{"rendered":"D\u00e9c\u00e8s du P. Antonio Dom\u00e9nech, C.R."},"content":{"rendered":"<h3 style=\"text-align: center;\">D\u00e9c\u00e8s<br \/>\ndu P. Antonio Dom\u00e9nech, C.R.<\/h3>\n<p>Communication faite par le Secr\u00e9taire provincial des Clercs R\u00e9guliers Th\u00e9atine en Espagne, R.P. Francisco Javier Delgado Delgado, C.R., le 2 janvier 2022.<\/p>\n<p>Chers P\u00e8res,<br \/>\nEncore une fois, je vous \u00e9cris pour vous informer que cet apr\u00e8s-midi notre cher P. Antonio Mar\u00eda Dom\u00e9nech Font, C.R. il est parti pour la Maison du P\u00e8re.<br \/>\nUnissons-nous dans la pri\u00e8re pour sa P\u00e2ques \u00e9ternelle et pour le r\u00e9confort et la force dans le Christ ressuscit\u00e9 pour notre Communaut\u00e9, sa famille et ses amis.<\/p>\n<p>Lorsque tout sera organis\u00e9, nous vous donnerons plus d&rsquo;informations sur les fun\u00e9railles et l&rsquo;inhumation.<\/p>\n<p>Ci-joint, un petit profil de sa vie.<\/p>\n<p>Unis dans la pri\u00e8re.<br \/>\n&#8212;&#8212;&#8212;&#8212;&#8211;<br \/>\n<strong>Br\u00e8ve esquisse de la vie du P. Antonio Mar\u00eda Dom\u00e9nech Font, C.R.<\/strong><br \/>\nP\u00e8re Antonio Mar\u00eda Dom\u00e9nech Font, C.R. fils de m. Jos\u00e9 et Mme Mar\u00eda sont n\u00e9s \u00e0 Cambrils (Tarragone) le 8 mai 1940.<br \/>\nIl a commenc\u00e9 le noviciat le 13 septembre 1992 dans la maison Notre-Dame de Casta\u00f1ar de B\u00e9jar (Salamanque) et, dans cette m\u00eame maison, le 16 octobre 1993, il a fait sa premi\u00e8re profession religieuse. En novembre 1994, il a \u00e9t\u00e9 affect\u00e9 \u00e0 la Maison de San Alfonso de Felanitx (Majorque). Puis, en ao\u00fbt 1996, il est affect\u00e9 \u00e0 la Casa de San Cayetano \u00e0 Madrid. Le 29 novembre 1998, il a \u00e9t\u00e9 ordonn\u00e9 diacre permanent dans la maison de Morlupo (Italie). Le 30 septembre 2000, il a re\u00e7u le sacrement du presbyt\u00e9rat dans la paroisse Virgen de la Providencia et San Cayetano \u00e0 Madrid.<br \/>\nApr\u00e8s son ordination sacerdotale, il a \u00e9t\u00e9 affect\u00e9 \u00e0 la Maison de San Alberto Magno \u00e0 Cali (Colombie) pour exercer son minist\u00e8re sacerdotal et collaborer \u00e0 la grande activit\u00e9 pastorale et sociale que la Communaut\u00e9 avait commenc\u00e9 \u00e0 mener dans cette ville. Il y est rest\u00e9 jusqu&rsquo;en 2019, ann\u00e9e o\u00f9 il a d\u00fb d\u00e9m\u00e9nager \u00e0 la Casa de San Cayetano \u00e0 Madrid en raison de probl\u00e8mes de sant\u00e9.<\/p>\n<p>Francisco Javier Delgado Delgado, C.R.<br \/>\nSecr\u00e9taire provincial<\/p>\n<hr \/>\n<p><a href=\"http:\/\/teatinos.org\/wp-content\/uploads\/2022\/01\/P.-Antonio-Maria-Domenech-Font-C.R.-.jpg\"><img loading=\"lazy\" decoding=\"async\" class=\"alignnone size-full wp-image-8458\" src=\"http:\/\/teatinos.org\/wp-content\/uploads\/2022\/01\/P.-Antonio-Maria-Domenech-Font-C.R.-.jpg\" alt=\"\" width=\"960\" height=\"640\" \/><\/a><\/p>\n","protected":false},"excerpt":{"rendered":"<p>D\u00e9c\u00e8s du P. Antonio Dom\u00e9nech, C.R. Communication faite par le Secr\u00e9taire provincial des Clercs R\u00e9guliers Th\u00e9atine en Espagne, R.P. Francisco Javier Delgado Delgado, C.R., le 2 janvier 2022. Chers P\u00e8res, Encore une fois, je vous \u00e9cris pour vous informer que cet apr\u00e8s-midi notre cher P. Antonio Mar\u00eda Dom\u00e9nech Font, C.R.\u2026<\/p>\n","protected":false},"author":5,"featured_media":8463,"comment_status":"closed","ping_status":"open","sticky":false,"template":"","format":"standard","meta":{"_acf_changed":false,"footnotes":"","_links_to":"","_links_to_target":""},"categories":[96],"tags":[],"class_list":["post-8473","post","type-post","status-publish","format-standard","has-post-thumbnail","hentry","category-actualite"],"acf":[],"yoast_head":"<!-- This site is optimized with the Yoast SEO plugin v23.5 - https:\/\/yoast.com\/wordpress\/plugins\/seo\/ -->\n<title>D\u00e9c\u00e8s du P. Antonio Dom\u00e9nech, C.R. - Teatinos<\/title>\n<meta name=\"robots\" content=\"index, follow, max-snippet:-1, max-image-preview:large, max-video-preview:-1\" \/>\n<link rel=\"canonical\" href=\"https:\/\/teatinos.org\/fr\/deces-du-p-antonio-domenech-c-r\/\" \/>\n<meta property=\"og:locale\" content=\"fr_FR\" \/>\n<meta property=\"og:type\" content=\"article\" \/>\n<meta property=\"og:title\" content=\"D\u00e9c\u00e8s du P. Antonio Dom\u00e9nech, C.R. - Teatinos\" \/>\n<meta property=\"og:description\" content=\"D\u00e9c\u00e8s du P. Antonio Dom\u00e9nech, C.R. Communication faite par le Secr\u00e9taire provincial des Clercs R\u00e9guliers Th\u00e9atine en Espagne, R.P. Francisco Javier Delgado Delgado, C.R., le 2 janvier 2022. Chers P\u00e8res, Encore une fois, je vous \u00e9cris pour vous informer que cet apr\u00e8s-midi notre cher P. Antonio Mar\u00eda Dom\u00e9nech Font, C.R.\u2026\" \/>\n<meta property=\"og:url\" content=\"https:\/\/teatinos.org\/fr\/deces-du-p-antonio-domenech-c-r\/\" \/>\n<meta property=\"og:site_name\" content=\"Teatinos\" \/>\n<meta property=\"article:published_time\" content=\"2022-01-03T01:05:54+00:00\" \/>\n<meta property=\"og:image\" content=\"https:\/\/teatinos.org\/wp-content\/uploads\/2022\/01\/P.-Antonio-Maria-Domenech-Font-C.R.-2022.png\" \/>\n\t<meta property=\"og:image:width\" content=\"1080\" \/>\n\t<meta property=\"og:image:height\" content=\"1080\" \/>\n\t<meta property=\"og:image:type\" content=\"image\/png\" \/>\n<meta name=\"author\" content=\"Community Manager\" \/>\n<meta name=\"twitter:card\" content=\"summary_large_image\" \/>\n<meta name=\"twitter:label1\" content=\"\u00c9crit par\" \/>\n\t<meta name=\"twitter:data1\" content=\"Community Manager\" \/>\n\t<meta name=\"twitter:label2\" content=\"Dur\u00e9e de lecture estim\u00e9e\" \/>\n\t<meta name=\"twitter:data2\" content=\"2 minutes\" \/>\n<script type=\"application\/ld+json\" class=\"yoast-schema-graph\">{\"@context\":\"https:\/\/schema.org\",\"@graph\":[{\"@type\":\"WebPage\",\"@id\":\"https:\/\/teatinos.org\/fr\/deces-du-p-antonio-domenech-c-r\/\",\"url\":\"https:\/\/teatinos.org\/fr\/deces-du-p-antonio-domenech-c-r\/\",\"name\":\"D\u00e9c\u00e8s du P. Antonio Dom\u00e9nech, C.R. - Teatinos\",\"isPartOf\":{\"@id\":\"https:\/\/teatinos.org\/pt-br\/#website\"},\"primaryImageOfPage\":{\"@id\":\"https:\/\/teatinos.org\/fr\/deces-du-p-antonio-domenech-c-r\/#primaryimage\"},\"image\":{\"@id\":\"https:\/\/teatinos.org\/fr\/deces-du-p-antonio-domenech-c-r\/#primaryimage\"},\"thumbnailUrl\":\"https:\/\/teatinos.org\/wp-content\/uploads\/2022\/01\/P.-Antonio-Maria-Domenech-Font-C.R.-2022.png\",\"datePublished\":\"2022-01-03T01:05:54+00:00\",\"dateModified\":\"2022-01-03T01:05:54+00:00\",\"author\":{\"@id\":\"https:\/\/teatinos.org\/pt-br\/#\/schema\/person\/10193cb8ac6f163661033cf7ce9006a5\"},\"breadcrumb\":{\"@id\":\"https:\/\/teatinos.org\/fr\/deces-du-p-antonio-domenech-c-r\/#breadcrumb\"},\"inLanguage\":\"fr-FR\",\"potentialAction\":[{\"@type\":\"ReadAction\",\"target\":[\"https:\/\/teatinos.org\/fr\/deces-du-p-antonio-domenech-c-r\/\"]}]},{\"@type\":\"ImageObject\",\"inLanguage\":\"fr-FR\",\"@id\":\"https:\/\/teatinos.org\/fr\/deces-du-p-antonio-domenech-c-r\/#primaryimage\",\"url\":\"https:\/\/teatinos.org\/wp-content\/uploads\/2022\/01\/P.-Antonio-Maria-Domenech-Font-C.R.-2022.png\",\"contentUrl\":\"https:\/\/teatinos.org\/wp-content\/uploads\/2022\/01\/P.-Antonio-Maria-Domenech-Font-C.R.-2022.png\",\"width\":1080,\"height\":1080},{\"@type\":\"BreadcrumbList\",\"@id\":\"https:\/\/teatinos.org\/fr\/deces-du-p-antonio-domenech-c-r\/#breadcrumb\",\"itemListElement\":[{\"@type\":\"ListItem\",\"position\":1,\"name\":\"Portada\",\"item\":\"https:\/\/teatinos.org\/fr\/\"},{\"@type\":\"ListItem\",\"position\":2,\"name\":\"D\u00e9c\u00e8s du P. Antonio Dom\u00e9nech, C.R.\"}]},{\"@type\":\"WebSite\",\"@id\":\"https:\/\/teatinos.org\/pt-br\/#website\",\"url\":\"https:\/\/teatinos.org\/pt-br\/\",\"name\":\"Teatinos\",\"description\":\"Orden de Cl\u00e9rigos Regulares\",\"potentialAction\":[{\"@type\":\"SearchAction\",\"target\":{\"@type\":\"EntryPoint\",\"urlTemplate\":\"https:\/\/teatinos.org\/pt-br\/?s={search_term_string}\"},\"query-input\":{\"@type\":\"PropertyValueSpecification\",\"valueRequired\":true,\"valueName\":\"search_term_string\"}}],\"inLanguage\":\"fr-FR\"},{\"@type\":\"Person\",\"@id\":\"https:\/\/teatinos.org\/pt-br\/#\/schema\/person\/10193cb8ac6f163661033cf7ce9006a5\",\"name\":\"Community Manager\",\"url\":\"https:\/\/teatinos.org\/fr\/author\/pascual\/\"}]}<\/script>\n<!-- \/ Yoast SEO plugin. -->","yoast_head_json":{"title":"D\u00e9c\u00e8s du P. Antonio Dom\u00e9nech, C.R. - Teatinos","robots":{"index":"index","follow":"follow","max-snippet":"max-snippet:-1","max-image-preview":"max-image-preview:large","max-video-preview":"max-video-preview:-1"},"canonical":"https:\/\/teatinos.org\/fr\/deces-du-p-antonio-domenech-c-r\/","og_locale":"fr_FR","og_type":"article","og_title":"D\u00e9c\u00e8s du P. Antonio Dom\u00e9nech, C.R. - Teatinos","og_description":"D\u00e9c\u00e8s du P. Antonio Dom\u00e9nech, C.R. Communication faite par le Secr\u00e9taire provincial des Clercs R\u00e9guliers Th\u00e9atine en Espagne, R.P. Francisco Javier Delgado Delgado, C.R., le 2 janvier 2022. Chers P\u00e8res, Encore une fois, je vous \u00e9cris pour vous informer que cet apr\u00e8s-midi notre cher P. Antonio Mar\u00eda Dom\u00e9nech Font, C.R.\u2026","og_url":"https:\/\/teatinos.org\/fr\/deces-du-p-antonio-domenech-c-r\/","og_site_name":"Teatinos","article_published_time":"2022-01-03T01:05:54+00:00","og_image":[{"width":1080,"height":1080,"url":"https:\/\/teatinos.org\/wp-content\/uploads\/2022\/01\/P.-Antonio-Maria-Domenech-Font-C.R.-2022.png","type":"image\/png"}],"author":"Community Manager","twitter_card":"summary_large_image","twitter_misc":{"\u00c9crit par":"Community Manager","Dur\u00e9e de lecture estim\u00e9e":"2 minutes"},"schema":{"@context":"https:\/\/schema.org","@graph":[{"@type":"WebPage","@id":"https:\/\/teatinos.org\/fr\/deces-du-p-antonio-domenech-c-r\/","url":"https:\/\/teatinos.org\/fr\/deces-du-p-antonio-domenech-c-r\/","name":"D\u00e9c\u00e8s du P. Antonio Dom\u00e9nech, C.R. - Teatinos","isPartOf":{"@id":"https:\/\/teatinos.org\/pt-br\/#website"},"primaryImageOfPage":{"@id":"https:\/\/teatinos.org\/fr\/deces-du-p-antonio-domenech-c-r\/#primaryimage"},"image":{"@id":"https:\/\/teatinos.org\/fr\/deces-du-p-antonio-domenech-c-r\/#primaryimage"},"thumbnailUrl":"https:\/\/teatinos.org\/wp-content\/uploads\/2022\/01\/P.-Antonio-Maria-Domenech-Font-C.R.-2022.png","datePublished":"2022-01-03T01:05:54+00:00","dateModified":"2022-01-03T01:05:54+00:00","author":{"@id":"https:\/\/teatinos.org\/pt-br\/#\/schema\/person\/10193cb8ac6f163661033cf7ce9006a5"},"breadcrumb":{"@id":"https:\/\/teatinos.org\/fr\/deces-du-p-antonio-domenech-c-r\/#breadcrumb"},"inLanguage":"fr-FR","potentialAction":[{"@type":"ReadAction","target":["https:\/\/teatinos.org\/fr\/deces-du-p-antonio-domenech-c-r\/"]}]},{"@type":"ImageObject","inLanguage":"fr-FR","@id":"https:\/\/teatinos.org\/fr\/deces-du-p-antonio-domenech-c-r\/#primaryimage","url":"https:\/\/teatinos.org\/wp-content\/uploads\/2022\/01\/P.-Antonio-Maria-Domenech-Font-C.R.-2022.png","contentUrl":"https:\/\/teatinos.org\/wp-content\/uploads\/2022\/01\/P.-Antonio-Maria-Domenech-Font-C.R.-2022.png","width":1080,"height":1080},{"@type":"BreadcrumbList","@id":"https:\/\/teatinos.org\/fr\/deces-du-p-antonio-domenech-c-r\/#breadcrumb","itemListElement":[{"@type":"ListItem","position":1,"name":"Portada","item":"https:\/\/teatinos.org\/fr\/"},{"@type":"ListItem","position":2,"name":"D\u00e9c\u00e8s du P. Antonio Dom\u00e9nech, C.R."}]},{"@type":"WebSite","@id":"https:\/\/teatinos.org\/pt-br\/#website","url":"https:\/\/teatinos.org\/pt-br\/","name":"Teatinos","description":"Orden de Cl\u00e9rigos Regulares","potentialAction":[{"@type":"SearchAction","target":{"@type":"EntryPoint","urlTemplate":"https:\/\/teatinos.org\/pt-br\/?s={search_term_string}"},"query-input":{"@type":"PropertyValueSpecification","valueRequired":true,"valueName":"search_term_string"}}],"inLanguage":"fr-FR"},{"@type":"Person","@id":"https:\/\/teatinos.org\/pt-br\/#\/schema\/person\/10193cb8ac6f163661033cf7ce9006a5","name":"Community Manager","url":"https:\/\/teatinos.org\/fr\/author\/pascual\/"}]}},"rttpg_featured_image_url":{"full":["https:\/\/teatinos.org\/wp-content\/uploads\/2022\/01\/P.-Antonio-Maria-Domenech-Font-C.R.-2022.png",1080,1080,false],"landscape":["https:\/\/teatinos.org\/wp-content\/uploads\/2022\/01\/P.-Antonio-Maria-Domenech-Font-C.R.-2022.png",1080,1080,false],"portraits":["https:\/\/teatinos.org\/wp-content\/uploads\/2022\/01\/P.-Antonio-Maria-Domenech-Font-C.R.-2022.png",1080,1080,false],"thumbnail":["https:\/\/teatinos.org\/wp-content\/uploads\/2022\/01\/P.-Antonio-Maria-Domenech-Font-C.R.-2022-150x150.png",150,150,true],"medium":["https:\/\/teatinos.org\/wp-content\/uploads\/2022\/01\/P.-Antonio-Maria-Domenech-Font-C.R.-2022-300x300.png",300,300,true],"large":["https:\/\/teatinos.org\/wp-content\/uploads\/2022\/01\/P.-Antonio-Maria-Domenech-Font-C.R.-2022-1024x1024.png",1000,1000,true],"1536x1536":["https:\/\/teatinos.org\/wp-content\/uploads\/2022\/01\/P.-Antonio-Maria-Domenech-Font-C.R.-2022.png",1080,1080,false],"2048x2048":["https:\/\/teatinos.org\/wp-content\/uploads\/2022\/01\/P.-Antonio-Maria-Domenech-Font-C.R.-2022.png",1080,1080,false]},"rttpg_author":{"display_name":"Community Manager","author_link":"https:\/\/teatinos.org\/fr\/author\/pascual\/"},"rttpg_comment":0,"rttpg_category":"<a href=\"https:\/\/teatinos.org\/fr\/category\/actualite\/\" rel=\"category tag\">Actualit\u00e9<\/a>","rttpg_excerpt":"D\u00e9c\u00e8s du P. Antonio Dom\u00e9nech, C.R. Communication faite par le Secr\u00e9taire provincial des Clercs R\u00e9guliers Th\u00e9atine en Espagne, R.P. Francisco Javier Delgado Delgado, C.R., le 2 janvier 2022. Chers P\u00e8res, Encore une fois, je vous \u00e9cris pour vous informer que cet apr\u00e8s-midi notre cher P. Antonio Mar\u00eda Dom\u00e9nech Font, C.R.\u2026","_links":{"self":[{"href":"https:\/\/teatinos.org\/fr\/wp-json\/wp\/v2\/posts\/8473","targetHints":{"allow":["GET"]}}],"collection":[{"href":"https:\/\/teatinos.org\/fr\/wp-json\/wp\/v2\/posts"}],"about":[{"href":"https:\/\/teatinos.org\/fr\/wp-json\/wp\/v2\/types\/post"}],"author":[{"embeddable":true,"href":"https:\/\/teatinos.org\/fr\/wp-json\/wp\/v2\/users\/5"}],"replies":[{"embeddable":true,"href":"https:\/\/teatinos.org\/fr\/wp-json\/wp\/v2\/comments?post=8473"}],"version-history":[{"count":1,"href":"https:\/\/teatinos.org\/fr\/wp-json\/wp\/v2\/posts\/8473\/revisions"}],"predecessor-version":[{"id":8474,"href":"https:\/\/teatinos.org\/fr\/wp-json\/wp\/v2\/posts\/8473\/revisions\/8474"}],"wp:featuredmedia":[{"embeddable":true,"href":"https:\/\/teatinos.org\/fr\/wp-json\/wp\/v2\/media\/8463"}],"wp:attachment":[{"href":"https:\/\/teatinos.org\/fr\/wp-json\/wp\/v2\/media?parent=8473"}],"wp:term":[{"taxonomy":"category","embeddable":true,"href":"https:\/\/teatinos.org\/fr\/wp-json\/wp\/v2\/categories?post=8473"},{"taxonomy":"post_tag","embeddable":true,"href":"https:\/\/teatinos.org\/fr\/wp-json\/wp\/v2\/tags?post=8473"}],"curies":[{"name":"wp","href":"https:\/\/api.w.org\/{rel}","templated":true}]}}