{"id":8286,"date":"2021-11-02T00:39:04","date_gmt":"2021-11-02T00:39:04","guid":{"rendered":"http:\/\/teatinos.org\/?p=8286"},"modified":"2021-11-02T00:39:04","modified_gmt":"2021-11-02T00:39:04","slug":"priere-pour-prier-pour-le-164e-chapitre-general-de-lordre-des-clercs-reguliers-theatins","status":"publish","type":"post","link":"https:\/\/teatinos.org\/fr\/priere-pour-prier-pour-le-164e-chapitre-general-de-lordre-des-clercs-reguliers-theatins\/","title":{"rendered":"Pri\u00e8re pour prier pour le 164e Chapitre g\u00e9n\u00e9ral de l&rsquo;Ordre des Clercs R\u00e9guliers Th\u00e9atins"},"content":{"rendered":"<p>Chers fr\u00e8res,<\/p>\n<p>A la demande de notre Sup\u00e9rieur G\u00e9n\u00e9ral, Rvdmo. P\u00e8re Salvador Rodea Gonz\u00e1lez, CR, je vous envoie cette Pri\u00e8re pour prier pour le 164e Chapitre g\u00e9n\u00e9ral de notre Ordre des Clercs R\u00e9guliers Th\u00e9atins, afin que nous puissions pr\u00e9parer nos c\u0153urs pour ce grand \u00e9v\u00e9nement de congr\u00e9gation, qui d\u00e9butera le 5 janvier 2022.<\/p>\n<p>B\u00e9ni soit Dieu pour le don de notre vocation et de notre charisme dans l&rsquo;\u00c9glise !<\/p>\n<p style=\"text-align: center;\"><strong>DIEU PROVIDENTIEL ET MIS\u00c9RICORDIEUX<\/strong><\/p>\n<p style=\"text-align: center;\">que vous nous r\u00e9unissiez pour c\u00e9l\u00e9brer le prochain Chapitre G\u00e9n\u00e9ral<br \/>\nen \u00e9tant \u00e0 nouveau t\u00e9moins de ta gr\u00e2ce<br \/>\ncomme l&rsquo;\u00e9tait St. Cajetan et nos trois fr\u00e8res co-fondateurs,<br \/>\nqui a inaugur\u00e9 un nouveau style de vie consacr\u00e9e dans l&rsquo;\u00c9glise.<\/p>\n<p>Aidez-nous<br \/>\nde contempler notre histoire avec des yeux providentiels.<br \/>\npour vivre plus authentiquement en communaut\u00e9,<br \/>\no\u00f9 la charit\u00e9 envers nos fr\u00e8res et soeurs<br \/>\nest le signe de la pr\u00e9sence de votre Fils J\u00e9sus.<\/p>\n<p>Dirigez-nous<br \/>\n\u00e0 un temps de Jubil\u00e9 en renouvelant notre charisme fondateur,<br \/>\n\u00e0 un nouveau temps, afin qu&rsquo;avec la \u00ab\u00a0parresia\u00a0\u00bb nous puissions revenir<br \/>\naux sources authentiques de l&rsquo;\u00c9vangile,<br \/>\n\u00e0 un moment o\u00f9 l&rsquo;on vit et partage des gestes g\u00e9n\u00e9reux de don de soi ;<br \/>\n\u00e0 un moment o\u00f9 le renouveau est une belle occasion d&rsquo;explorer nos vies, nos communaut\u00e9s et notre mission.<br \/>\nnos vies, nos communaut\u00e9s et notre mission ;<br \/>\n\u00e0 un moment pour admirer l&rsquo;immense horizon de l&rsquo;espoir.<\/p>\n<p>Nous avons confiance en toi et cherchons avant tout ton Royaume.<\/p>\n<p>Infuse, Seigneur, ton Esprit et renouvelle nos c\u0153urs,<br \/>\nnous vous demandons par l&rsquo;intercession de notre M\u00e8re<br \/>\nNotre Dame de la Puret\u00e9.<\/p>\n","protected":false},"excerpt":{"rendered":"<p>Chers fr\u00e8res, A la demande de notre Sup\u00e9rieur G\u00e9n\u00e9ral, Rvdmo. P\u00e8re Salvador Rodea Gonz\u00e1lez, CR, je vous envoie cette Pri\u00e8re pour prier pour le 164e Chapitre g\u00e9n\u00e9ral de notre Ordre des Clercs R\u00e9guliers Th\u00e9atins, afin que nous puissions pr\u00e9parer nos c\u0153urs pour ce grand \u00e9v\u00e9nement de congr\u00e9gation, qui d\u00e9butera le\u2026<\/p>\n","protected":false},"author":5,"featured_media":6976,"comment_status":"closed","ping_status":"open","sticky":false,"template":"","format":"standard","meta":{"_acf_changed":false,"footnotes":"","_links_to":"","_links_to_target":""},"categories":[96,112],"tags":[],"class_list":["post-8286","post","type-post","status-publish","format-standard","has-post-thumbnail","hentry","category-actualite","category-chapitre-general"],"acf":[],"yoast_head":"<!-- This site is optimized with the Yoast SEO plugin v23.5 - https:\/\/yoast.com\/wordpress\/plugins\/seo\/ -->\n<title>Pri\u00e8re pour prier pour le 164e Chapitre g\u00e9n\u00e9ral de l&#039;Ordre des Clercs R\u00e9guliers Th\u00e9atins - Teatinos<\/title>\n<meta name=\"robots\" content=\"index, follow, max-snippet:-1, max-image-preview:large, max-video-preview:-1\" \/>\n<link rel=\"canonical\" href=\"https:\/\/teatinos.org\/fr\/priere-pour-prier-pour-le-164e-chapitre-general-de-lordre-des-clercs-reguliers-theatins\/\" \/>\n<meta property=\"og:locale\" content=\"fr_FR\" \/>\n<meta property=\"og:type\" content=\"article\" \/>\n<meta property=\"og:title\" content=\"Pri\u00e8re pour prier pour le 164e Chapitre g\u00e9n\u00e9ral de l&#039;Ordre des Clercs R\u00e9guliers Th\u00e9atins - Teatinos\" \/>\n<meta property=\"og:description\" content=\"Chers fr\u00e8res, A la demande de notre Sup\u00e9rieur G\u00e9n\u00e9ral, Rvdmo. P\u00e8re Salvador Rodea Gonz\u00e1lez, CR, je vous envoie cette Pri\u00e8re pour prier pour le 164e Chapitre g\u00e9n\u00e9ral de notre Ordre des Clercs R\u00e9guliers Th\u00e9atins, afin que nous puissions pr\u00e9parer nos c\u0153urs pour ce grand \u00e9v\u00e9nement de congr\u00e9gation, qui d\u00e9butera le\u2026\" \/>\n<meta property=\"og:url\" content=\"https:\/\/teatinos.org\/fr\/priere-pour-prier-pour-le-164e-chapitre-general-de-lordre-des-clercs-reguliers-theatins\/\" \/>\n<meta property=\"og:site_name\" content=\"Teatinos\" \/>\n<meta property=\"article:published_time\" content=\"2021-11-02T00:39:04+00:00\" \/>\n<meta property=\"og:image\" content=\"https:\/\/teatinos.org\/wp-content\/uploads\/2021\/05\/Novedades-Capitulares-2-e1642164079104.png\" \/>\n\t<meta property=\"og:image:width\" content=\"1080\" \/>\n\t<meta property=\"og:image:height\" content=\"1080\" \/>\n\t<meta property=\"og:image:type\" content=\"image\/png\" \/>\n<meta name=\"author\" content=\"Community Manager\" \/>\n<meta name=\"twitter:card\" content=\"summary_large_image\" \/>\n<meta name=\"twitter:label1\" content=\"\u00c9crit par\" \/>\n\t<meta name=\"twitter:data1\" content=\"Community Manager\" \/>\n\t<meta name=\"twitter:label2\" content=\"Dur\u00e9e de lecture estim\u00e9e\" \/>\n\t<meta name=\"twitter:data2\" content=\"1 minute\" \/>\n<script type=\"application\/ld+json\" class=\"yoast-schema-graph\">{\"@context\":\"https:\/\/schema.org\",\"@graph\":[{\"@type\":\"WebPage\",\"@id\":\"https:\/\/teatinos.org\/fr\/priere-pour-prier-pour-le-164e-chapitre-general-de-lordre-des-clercs-reguliers-theatins\/\",\"url\":\"https:\/\/teatinos.org\/fr\/priere-pour-prier-pour-le-164e-chapitre-general-de-lordre-des-clercs-reguliers-theatins\/\",\"name\":\"Pri\u00e8re pour prier pour le 164e Chapitre g\u00e9n\u00e9ral de l'Ordre des Clercs R\u00e9guliers Th\u00e9atins - Teatinos\",\"isPartOf\":{\"@id\":\"https:\/\/teatinos.org\/pt-br\/#website\"},\"primaryImageOfPage\":{\"@id\":\"https:\/\/teatinos.org\/fr\/priere-pour-prier-pour-le-164e-chapitre-general-de-lordre-des-clercs-reguliers-theatins\/#primaryimage\"},\"image\":{\"@id\":\"https:\/\/teatinos.org\/fr\/priere-pour-prier-pour-le-164e-chapitre-general-de-lordre-des-clercs-reguliers-theatins\/#primaryimage\"},\"thumbnailUrl\":\"https:\/\/teatinos.org\/wp-content\/uploads\/2021\/05\/Novedades-Capitulares-2-e1642164079104.png\",\"datePublished\":\"2021-11-02T00:39:04+00:00\",\"dateModified\":\"2021-11-02T00:39:04+00:00\",\"author\":{\"@id\":\"https:\/\/teatinos.org\/pt-br\/#\/schema\/person\/10193cb8ac6f163661033cf7ce9006a5\"},\"breadcrumb\":{\"@id\":\"https:\/\/teatinos.org\/fr\/priere-pour-prier-pour-le-164e-chapitre-general-de-lordre-des-clercs-reguliers-theatins\/#breadcrumb\"},\"inLanguage\":\"fr-FR\",\"potentialAction\":[{\"@type\":\"ReadAction\",\"target\":[\"https:\/\/teatinos.org\/fr\/priere-pour-prier-pour-le-164e-chapitre-general-de-lordre-des-clercs-reguliers-theatins\/\"]}]},{\"@type\":\"ImageObject\",\"inLanguage\":\"fr-FR\",\"@id\":\"https:\/\/teatinos.org\/fr\/priere-pour-prier-pour-le-164e-chapitre-general-de-lordre-des-clercs-reguliers-theatins\/#primaryimage\",\"url\":\"https:\/\/teatinos.org\/wp-content\/uploads\/2021\/05\/Novedades-Capitulares-2-e1642164079104.png\",\"contentUrl\":\"https:\/\/teatinos.org\/wp-content\/uploads\/2021\/05\/Novedades-Capitulares-2-e1642164079104.png\",\"width\":1080,\"height\":1080},{\"@type\":\"BreadcrumbList\",\"@id\":\"https:\/\/teatinos.org\/fr\/priere-pour-prier-pour-le-164e-chapitre-general-de-lordre-des-clercs-reguliers-theatins\/#breadcrumb\",\"itemListElement\":[{\"@type\":\"ListItem\",\"position\":1,\"name\":\"Portada\",\"item\":\"https:\/\/teatinos.org\/fr\/\"},{\"@type\":\"ListItem\",\"position\":2,\"name\":\"Pri\u00e8re pour prier pour le 164e Chapitre g\u00e9n\u00e9ral de l&rsquo;Ordre des Clercs R\u00e9guliers Th\u00e9atins\"}]},{\"@type\":\"WebSite\",\"@id\":\"https:\/\/teatinos.org\/pt-br\/#website\",\"url\":\"https:\/\/teatinos.org\/pt-br\/\",\"name\":\"Teatinos\",\"description\":\"Orden de Cl\u00e9rigos Regulares\",\"potentialAction\":[{\"@type\":\"SearchAction\",\"target\":{\"@type\":\"EntryPoint\",\"urlTemplate\":\"https:\/\/teatinos.org\/pt-br\/?s={search_term_string}\"},\"query-input\":{\"@type\":\"PropertyValueSpecification\",\"valueRequired\":true,\"valueName\":\"search_term_string\"}}],\"inLanguage\":\"fr-FR\"},{\"@type\":\"Person\",\"@id\":\"https:\/\/teatinos.org\/pt-br\/#\/schema\/person\/10193cb8ac6f163661033cf7ce9006a5\",\"name\":\"Community Manager\",\"url\":\"https:\/\/teatinos.org\/fr\/author\/pascual\/\"}]}<\/script>\n<!-- \/ Yoast SEO plugin. -->","yoast_head_json":{"title":"Pri\u00e8re pour prier pour le 164e Chapitre g\u00e9n\u00e9ral de l'Ordre des Clercs R\u00e9guliers Th\u00e9atins - Teatinos","robots":{"index":"index","follow":"follow","max-snippet":"max-snippet:-1","max-image-preview":"max-image-preview:large","max-video-preview":"max-video-preview:-1"},"canonical":"https:\/\/teatinos.org\/fr\/priere-pour-prier-pour-le-164e-chapitre-general-de-lordre-des-clercs-reguliers-theatins\/","og_locale":"fr_FR","og_type":"article","og_title":"Pri\u00e8re pour prier pour le 164e Chapitre g\u00e9n\u00e9ral de l'Ordre des Clercs R\u00e9guliers Th\u00e9atins - Teatinos","og_description":"Chers fr\u00e8res, A la demande de notre Sup\u00e9rieur G\u00e9n\u00e9ral, Rvdmo. P\u00e8re Salvador Rodea Gonz\u00e1lez, CR, je vous envoie cette Pri\u00e8re pour prier pour le 164e Chapitre g\u00e9n\u00e9ral de notre Ordre des Clercs R\u00e9guliers Th\u00e9atins, afin que nous puissions pr\u00e9parer nos c\u0153urs pour ce grand \u00e9v\u00e9nement de congr\u00e9gation, qui d\u00e9butera le\u2026","og_url":"https:\/\/teatinos.org\/fr\/priere-pour-prier-pour-le-164e-chapitre-general-de-lordre-des-clercs-reguliers-theatins\/","og_site_name":"Teatinos","article_published_time":"2021-11-02T00:39:04+00:00","og_image":[{"width":1080,"height":1080,"url":"https:\/\/teatinos.org\/wp-content\/uploads\/2021\/05\/Novedades-Capitulares-2-e1642164079104.png","type":"image\/png"}],"author":"Community Manager","twitter_card":"summary_large_image","twitter_misc":{"\u00c9crit par":"Community Manager","Dur\u00e9e de lecture estim\u00e9e":"1 minute"},"schema":{"@context":"https:\/\/schema.org","@graph":[{"@type":"WebPage","@id":"https:\/\/teatinos.org\/fr\/priere-pour-prier-pour-le-164e-chapitre-general-de-lordre-des-clercs-reguliers-theatins\/","url":"https:\/\/teatinos.org\/fr\/priere-pour-prier-pour-le-164e-chapitre-general-de-lordre-des-clercs-reguliers-theatins\/","name":"Pri\u00e8re pour prier pour le 164e Chapitre g\u00e9n\u00e9ral de l'Ordre des Clercs R\u00e9guliers Th\u00e9atins - Teatinos","isPartOf":{"@id":"https:\/\/teatinos.org\/pt-br\/#website"},"primaryImageOfPage":{"@id":"https:\/\/teatinos.org\/fr\/priere-pour-prier-pour-le-164e-chapitre-general-de-lordre-des-clercs-reguliers-theatins\/#primaryimage"},"image":{"@id":"https:\/\/teatinos.org\/fr\/priere-pour-prier-pour-le-164e-chapitre-general-de-lordre-des-clercs-reguliers-theatins\/#primaryimage"},"thumbnailUrl":"https:\/\/teatinos.org\/wp-content\/uploads\/2021\/05\/Novedades-Capitulares-2-e1642164079104.png","datePublished":"2021-11-02T00:39:04+00:00","dateModified":"2021-11-02T00:39:04+00:00","author":{"@id":"https:\/\/teatinos.org\/pt-br\/#\/schema\/person\/10193cb8ac6f163661033cf7ce9006a5"},"breadcrumb":{"@id":"https:\/\/teatinos.org\/fr\/priere-pour-prier-pour-le-164e-chapitre-general-de-lordre-des-clercs-reguliers-theatins\/#breadcrumb"},"inLanguage":"fr-FR","potentialAction":[{"@type":"ReadAction","target":["https:\/\/teatinos.org\/fr\/priere-pour-prier-pour-le-164e-chapitre-general-de-lordre-des-clercs-reguliers-theatins\/"]}]},{"@type":"ImageObject","inLanguage":"fr-FR","@id":"https:\/\/teatinos.org\/fr\/priere-pour-prier-pour-le-164e-chapitre-general-de-lordre-des-clercs-reguliers-theatins\/#primaryimage","url":"https:\/\/teatinos.org\/wp-content\/uploads\/2021\/05\/Novedades-Capitulares-2-e1642164079104.png","contentUrl":"https:\/\/teatinos.org\/wp-content\/uploads\/2021\/05\/Novedades-Capitulares-2-e1642164079104.png","width":1080,"height":1080},{"@type":"BreadcrumbList","@id":"https:\/\/teatinos.org\/fr\/priere-pour-prier-pour-le-164e-chapitre-general-de-lordre-des-clercs-reguliers-theatins\/#breadcrumb","itemListElement":[{"@type":"ListItem","position":1,"name":"Portada","item":"https:\/\/teatinos.org\/fr\/"},{"@type":"ListItem","position":2,"name":"Pri\u00e8re pour prier pour le 164e Chapitre g\u00e9n\u00e9ral de l&rsquo;Ordre des Clercs R\u00e9guliers Th\u00e9atins"}]},{"@type":"WebSite","@id":"https:\/\/teatinos.org\/pt-br\/#website","url":"https:\/\/teatinos.org\/pt-br\/","name":"Teatinos","description":"Orden de Cl\u00e9rigos Regulares","potentialAction":[{"@type":"SearchAction","target":{"@type":"EntryPoint","urlTemplate":"https:\/\/teatinos.org\/pt-br\/?s={search_term_string}"},"query-input":{"@type":"PropertyValueSpecification","valueRequired":true,"valueName":"search_term_string"}}],"inLanguage":"fr-FR"},{"@type":"Person","@id":"https:\/\/teatinos.org\/pt-br\/#\/schema\/person\/10193cb8ac6f163661033cf7ce9006a5","name":"Community Manager","url":"https:\/\/teatinos.org\/fr\/author\/pascual\/"}]}},"rttpg_featured_image_url":{"full":["https:\/\/teatinos.org\/wp-content\/uploads\/2021\/05\/Novedades-Capitulares-2-e1642164079104.png",1080,1080,false],"landscape":["https:\/\/teatinos.org\/wp-content\/uploads\/2021\/05\/Novedades-Capitulares-2-e1642164079104.png",1080,1080,false],"portraits":["https:\/\/teatinos.org\/wp-content\/uploads\/2021\/05\/Novedades-Capitulares-2-e1642164079104.png",1080,1080,false],"thumbnail":["https:\/\/teatinos.org\/wp-content\/uploads\/2021\/05\/Novedades-Capitulares-2-150x150.png",150,150,true],"medium":["https:\/\/teatinos.org\/wp-content\/uploads\/2021\/05\/Novedades-Capitulares-2-300x300.png",300,300,true],"large":["https:\/\/teatinos.org\/wp-content\/uploads\/2021\/05\/Novedades-Capitulares-2-1024x1024.png",1000,1000,true],"1536x1536":["https:\/\/teatinos.org\/wp-content\/uploads\/2021\/05\/Novedades-Capitulares-2-e1642164079104.png",1080,1080,false],"2048x2048":["https:\/\/teatinos.org\/wp-content\/uploads\/2021\/05\/Novedades-Capitulares-2-e1642164079104.png",1080,1080,false]},"rttpg_author":{"display_name":"Community Manager","author_link":"https:\/\/teatinos.org\/fr\/author\/pascual\/"},"rttpg_comment":0,"rttpg_category":"<a href=\"https:\/\/teatinos.org\/fr\/category\/actualite\/\" rel=\"category tag\">Actualit\u00e9<\/a> <a href=\"https:\/\/teatinos.org\/fr\/category\/chapitre-general\/\" rel=\"category tag\">Chapitre G\u00e9n\u00e9ral<\/a>","rttpg_excerpt":"Chers fr\u00e8res, A la demande de notre Sup\u00e9rieur G\u00e9n\u00e9ral, Rvdmo. P\u00e8re Salvador Rodea Gonz\u00e1lez, CR, je vous envoie cette Pri\u00e8re pour prier pour le 164e Chapitre g\u00e9n\u00e9ral de notre Ordre des Clercs R\u00e9guliers Th\u00e9atins, afin que nous puissions pr\u00e9parer nos c\u0153urs pour ce grand \u00e9v\u00e9nement de congr\u00e9gation, qui d\u00e9butera le\u2026","_links":{"self":[{"href":"https:\/\/teatinos.org\/fr\/wp-json\/wp\/v2\/posts\/8286","targetHints":{"allow":["GET"]}}],"collection":[{"href":"https:\/\/teatinos.org\/fr\/wp-json\/wp\/v2\/posts"}],"about":[{"href":"https:\/\/teatinos.org\/fr\/wp-json\/wp\/v2\/types\/post"}],"author":[{"embeddable":true,"href":"https:\/\/teatinos.org\/fr\/wp-json\/wp\/v2\/users\/5"}],"replies":[{"embeddable":true,"href":"https:\/\/teatinos.org\/fr\/wp-json\/wp\/v2\/comments?post=8286"}],"version-history":[{"count":1,"href":"https:\/\/teatinos.org\/fr\/wp-json\/wp\/v2\/posts\/8286\/revisions"}],"predecessor-version":[{"id":8287,"href":"https:\/\/teatinos.org\/fr\/wp-json\/wp\/v2\/posts\/8286\/revisions\/8287"}],"wp:featuredmedia":[{"embeddable":true,"href":"https:\/\/teatinos.org\/fr\/wp-json\/wp\/v2\/media\/6976"}],"wp:attachment":[{"href":"https:\/\/teatinos.org\/fr\/wp-json\/wp\/v2\/media?parent=8286"}],"wp:term":[{"taxonomy":"category","embeddable":true,"href":"https:\/\/teatinos.org\/fr\/wp-json\/wp\/v2\/categories?post=8286"},{"taxonomy":"post_tag","embeddable":true,"href":"https:\/\/teatinos.org\/fr\/wp-json\/wp\/v2\/tags?post=8286"}],"curies":[{"name":"wp","href":"https:\/\/api.w.org\/{rel}","templated":true}]}}