{"id":7277,"date":"2021-06-19T14:42:31","date_gmt":"2021-06-19T14:42:31","guid":{"rendered":"http:\/\/teatinos.org\/?p=7277"},"modified":"2021-06-19T14:42:31","modified_gmt":"2021-06-19T14:42:31","slug":"17-juin-memoire-du-bienheureux-paul-burali-darezzo-c-r","status":"publish","type":"post","link":"https:\/\/teatinos.org\/fr\/17-juin-memoire-du-bienheureux-paul-burali-darezzo-c-r\/","title":{"rendered":"17 juin &#8211; M\u00e9moire du Bienheureux Paul Burali d&rsquo;Arezzo, C.R."},"content":{"rendered":"<p style=\"text-align: center;\"><b>\u00ab\u00a0Oh Dieu, qui avez manifest\u00e9 dans le Bienheureux Paul Burali les nombreux et merveilleux chemins de votre appel \u00e0 la perfection chr\u00e9tienne, accorde-nous la consolation de ta protection c\u00e9leste pour te suivre de tout notre c\u0153ur. Par le Christ notre Seigneur. Amen.\u00a0\u00bb<\/b><\/p>\n<p style=\"text-align: left;\">Bienheureux Paul Burali d&rsquo;Arezzo, est n\u00e9 \u00e0 Itri en 1511. Dipl\u00f4m\u00e9 de l&rsquo;Universit\u00e9 de Bologne, il a effectu\u00e9 des travaux m\u00e9dico-l\u00e9gaux \u00e0 Naples avec une justice exemplaire. Le Vice-roi le nomma Conseiller Royal, mais, appel\u00e9 \u00e0 une plus grande perfection, il quitta tout et embrassa la vie religieuse avec les Th\u00e9atins de Naples, prof\u00e8s solennels en 1558. S. Pie V le nomma \u00e9v\u00eaque de Plaisance en 1568, puis en 1570 il cr\u00e9a Cardinal du titre de Santa Prudenziana. A Plaisance, il travailla \u00e0 r\u00e9former le dioc\u00e8se conform\u00e9ment au Concile de Trente. Aid\u00e9 de S. Andrea Avellino, il fonda le s\u00e9minaire et ouvrit une maison pour ses th\u00e9atins, ils travaill\u00e8rent inlassablement ensemble \u00e0 la formation du clerg\u00e9, \u00e0 la sanctification des la\u00efcs avec la cat\u00e9ch\u00e8se, avec la fr\u00e9quence des sacrements, sans n\u00e9gliger d&rsquo;aider les femmes pauvres et perdues ou en danger. Gr\u00e9goire XIII, le transf\u00e9ra en 1576 \u00e0 l&rsquo;archev\u00each\u00e9 de Naples. Il mourut le 17 juin 1578 et fut enterr\u00e9 \u00e0 S. Pablo Mayor \u00e0 Naples. S. Felipe Neri a pleur\u00e9 sa mort comme \u00ab\u00a0une perte pour tout le monde chr\u00e9tien\u00a0\u00bb. Cl\u00e9ment XIV le b\u00e9atifia en 1772.<\/p>\n<p><a href=\"http:\/\/teatinos.org\/wp-content\/uploads\/2021\/06\/Beato-Pablo-Burali-2021-2.png\"><img loading=\"lazy\" decoding=\"async\" class=\"alignnone size-full wp-image-7262\" src=\"http:\/\/teatinos.org\/wp-content\/uploads\/2021\/06\/Beato-Pablo-Burali-2021-2.png\" alt=\"\" width=\"1080\" height=\"1080\" \/><\/a><\/p>\n","protected":false},"excerpt":{"rendered":"<p>\u00ab\u00a0Oh Dieu, qui avez manifest\u00e9 dans le Bienheureux Paul Burali les nombreux et merveilleux chemins de votre appel \u00e0 la perfection chr\u00e9tienne, accorde-nous la consolation de ta protection c\u00e9leste pour te suivre de tout notre c\u0153ur. Par le Christ notre Seigneur. Amen.\u00a0\u00bb Bienheureux Paul Burali d&rsquo;Arezzo, est n\u00e9 \u00e0 Itri\u2026<\/p>\n","protected":false},"author":5,"featured_media":7267,"comment_status":"closed","ping_status":"open","sticky":false,"template":"","format":"standard","meta":{"_acf_changed":false,"footnotes":"","_links_to":"","_links_to_target":""},"categories":[96],"tags":[],"class_list":["post-7277","post","type-post","status-publish","format-standard","has-post-thumbnail","hentry","category-actualite"],"acf":[],"yoast_head":"<!-- This site is optimized with the Yoast SEO plugin v23.5 - https:\/\/yoast.com\/wordpress\/plugins\/seo\/ -->\n<title>17 juin - M\u00e9moire du Bienheureux Paul Burali d&#039;Arezzo, C.R. - Teatinos<\/title>\n<meta name=\"robots\" content=\"index, follow, max-snippet:-1, max-image-preview:large, max-video-preview:-1\" \/>\n<link rel=\"canonical\" href=\"https:\/\/teatinos.org\/fr\/17-juin-memoire-du-bienheureux-paul-burali-darezzo-c-r\/\" \/>\n<meta property=\"og:locale\" content=\"fr_FR\" \/>\n<meta property=\"og:type\" content=\"article\" \/>\n<meta property=\"og:title\" content=\"17 juin - M\u00e9moire du Bienheureux Paul Burali d&#039;Arezzo, C.R. - Teatinos\" \/>\n<meta property=\"og:description\" content=\"\u00ab\u00a0Oh Dieu, qui avez manifest\u00e9 dans le Bienheureux Paul Burali les nombreux et merveilleux chemins de votre appel \u00e0 la perfection chr\u00e9tienne, accorde-nous la consolation de ta protection c\u00e9leste pour te suivre de tout notre c\u0153ur. Par le Christ notre Seigneur. Amen.\u00a0\u00bb Bienheureux Paul Burali d&rsquo;Arezzo, est n\u00e9 \u00e0 Itri\u2026\" \/>\n<meta property=\"og:url\" content=\"https:\/\/teatinos.org\/fr\/17-juin-memoire-du-bienheureux-paul-burali-darezzo-c-r\/\" \/>\n<meta property=\"og:site_name\" content=\"Teatinos\" \/>\n<meta property=\"article:published_time\" content=\"2021-06-19T14:42:31+00:00\" \/>\n<meta property=\"og:image\" content=\"https:\/\/teatinos.org\/wp-content\/uploads\/2021\/06\/Beato-Pablo-Burali-2021.png\" \/>\n\t<meta property=\"og:image:width\" content=\"1080\" \/>\n\t<meta property=\"og:image:height\" content=\"1080\" \/>\n\t<meta property=\"og:image:type\" content=\"image\/png\" \/>\n<meta name=\"author\" content=\"Community Manager\" \/>\n<meta name=\"twitter:card\" content=\"summary_large_image\" \/>\n<meta name=\"twitter:label1\" content=\"\u00c9crit par\" \/>\n\t<meta name=\"twitter:data1\" content=\"Community Manager\" \/>\n\t<meta name=\"twitter:label2\" content=\"Dur\u00e9e de lecture estim\u00e9e\" \/>\n\t<meta name=\"twitter:data2\" content=\"2 minutes\" \/>\n<script type=\"application\/ld+json\" class=\"yoast-schema-graph\">{\"@context\":\"https:\/\/schema.org\",\"@graph\":[{\"@type\":\"WebPage\",\"@id\":\"https:\/\/teatinos.org\/fr\/17-juin-memoire-du-bienheureux-paul-burali-darezzo-c-r\/\",\"url\":\"https:\/\/teatinos.org\/fr\/17-juin-memoire-du-bienheureux-paul-burali-darezzo-c-r\/\",\"name\":\"17 juin - M\u00e9moire du Bienheureux Paul Burali d'Arezzo, C.R. - Teatinos\",\"isPartOf\":{\"@id\":\"https:\/\/teatinos.org\/pt-br\/#website\"},\"primaryImageOfPage\":{\"@id\":\"https:\/\/teatinos.org\/fr\/17-juin-memoire-du-bienheureux-paul-burali-darezzo-c-r\/#primaryimage\"},\"image\":{\"@id\":\"https:\/\/teatinos.org\/fr\/17-juin-memoire-du-bienheureux-paul-burali-darezzo-c-r\/#primaryimage\"},\"thumbnailUrl\":\"https:\/\/teatinos.org\/wp-content\/uploads\/2021\/06\/Beato-Pablo-Burali-2021.png\",\"datePublished\":\"2021-06-19T14:42:31+00:00\",\"dateModified\":\"2021-06-19T14:42:31+00:00\",\"author\":{\"@id\":\"https:\/\/teatinos.org\/pt-br\/#\/schema\/person\/10193cb8ac6f163661033cf7ce9006a5\"},\"breadcrumb\":{\"@id\":\"https:\/\/teatinos.org\/fr\/17-juin-memoire-du-bienheureux-paul-burali-darezzo-c-r\/#breadcrumb\"},\"inLanguage\":\"fr-FR\",\"potentialAction\":[{\"@type\":\"ReadAction\",\"target\":[\"https:\/\/teatinos.org\/fr\/17-juin-memoire-du-bienheureux-paul-burali-darezzo-c-r\/\"]}]},{\"@type\":\"ImageObject\",\"inLanguage\":\"fr-FR\",\"@id\":\"https:\/\/teatinos.org\/fr\/17-juin-memoire-du-bienheureux-paul-burali-darezzo-c-r\/#primaryimage\",\"url\":\"https:\/\/teatinos.org\/wp-content\/uploads\/2021\/06\/Beato-Pablo-Burali-2021.png\",\"contentUrl\":\"https:\/\/teatinos.org\/wp-content\/uploads\/2021\/06\/Beato-Pablo-Burali-2021.png\",\"width\":1080,\"height\":1080},{\"@type\":\"BreadcrumbList\",\"@id\":\"https:\/\/teatinos.org\/fr\/17-juin-memoire-du-bienheureux-paul-burali-darezzo-c-r\/#breadcrumb\",\"itemListElement\":[{\"@type\":\"ListItem\",\"position\":1,\"name\":\"Portada\",\"item\":\"https:\/\/teatinos.org\/fr\/\"},{\"@type\":\"ListItem\",\"position\":2,\"name\":\"17 juin &#8211; M\u00e9moire du Bienheureux Paul Burali d&rsquo;Arezzo, C.R.\"}]},{\"@type\":\"WebSite\",\"@id\":\"https:\/\/teatinos.org\/pt-br\/#website\",\"url\":\"https:\/\/teatinos.org\/pt-br\/\",\"name\":\"Teatinos\",\"description\":\"Orden de Cl\u00e9rigos Regulares\",\"potentialAction\":[{\"@type\":\"SearchAction\",\"target\":{\"@type\":\"EntryPoint\",\"urlTemplate\":\"https:\/\/teatinos.org\/pt-br\/?s={search_term_string}\"},\"query-input\":{\"@type\":\"PropertyValueSpecification\",\"valueRequired\":true,\"valueName\":\"search_term_string\"}}],\"inLanguage\":\"fr-FR\"},{\"@type\":\"Person\",\"@id\":\"https:\/\/teatinos.org\/pt-br\/#\/schema\/person\/10193cb8ac6f163661033cf7ce9006a5\",\"name\":\"Community Manager\",\"url\":\"https:\/\/teatinos.org\/fr\/author\/pascual\/\"}]}<\/script>\n<!-- \/ Yoast SEO plugin. -->","yoast_head_json":{"title":"17 juin - M\u00e9moire du Bienheureux Paul Burali d'Arezzo, C.R. - Teatinos","robots":{"index":"index","follow":"follow","max-snippet":"max-snippet:-1","max-image-preview":"max-image-preview:large","max-video-preview":"max-video-preview:-1"},"canonical":"https:\/\/teatinos.org\/fr\/17-juin-memoire-du-bienheureux-paul-burali-darezzo-c-r\/","og_locale":"fr_FR","og_type":"article","og_title":"17 juin - M\u00e9moire du Bienheureux Paul Burali d'Arezzo, C.R. - Teatinos","og_description":"\u00ab\u00a0Oh Dieu, qui avez manifest\u00e9 dans le Bienheureux Paul Burali les nombreux et merveilleux chemins de votre appel \u00e0 la perfection chr\u00e9tienne, accorde-nous la consolation de ta protection c\u00e9leste pour te suivre de tout notre c\u0153ur. Par le Christ notre Seigneur. Amen.\u00a0\u00bb Bienheureux Paul Burali d&rsquo;Arezzo, est n\u00e9 \u00e0 Itri\u2026","og_url":"https:\/\/teatinos.org\/fr\/17-juin-memoire-du-bienheureux-paul-burali-darezzo-c-r\/","og_site_name":"Teatinos","article_published_time":"2021-06-19T14:42:31+00:00","og_image":[{"width":1080,"height":1080,"url":"https:\/\/teatinos.org\/wp-content\/uploads\/2021\/06\/Beato-Pablo-Burali-2021.png","type":"image\/png"}],"author":"Community Manager","twitter_card":"summary_large_image","twitter_misc":{"\u00c9crit par":"Community Manager","Dur\u00e9e de lecture estim\u00e9e":"2 minutes"},"schema":{"@context":"https:\/\/schema.org","@graph":[{"@type":"WebPage","@id":"https:\/\/teatinos.org\/fr\/17-juin-memoire-du-bienheureux-paul-burali-darezzo-c-r\/","url":"https:\/\/teatinos.org\/fr\/17-juin-memoire-du-bienheureux-paul-burali-darezzo-c-r\/","name":"17 juin - M\u00e9moire du Bienheureux Paul Burali d'Arezzo, C.R. - Teatinos","isPartOf":{"@id":"https:\/\/teatinos.org\/pt-br\/#website"},"primaryImageOfPage":{"@id":"https:\/\/teatinos.org\/fr\/17-juin-memoire-du-bienheureux-paul-burali-darezzo-c-r\/#primaryimage"},"image":{"@id":"https:\/\/teatinos.org\/fr\/17-juin-memoire-du-bienheureux-paul-burali-darezzo-c-r\/#primaryimage"},"thumbnailUrl":"https:\/\/teatinos.org\/wp-content\/uploads\/2021\/06\/Beato-Pablo-Burali-2021.png","datePublished":"2021-06-19T14:42:31+00:00","dateModified":"2021-06-19T14:42:31+00:00","author":{"@id":"https:\/\/teatinos.org\/pt-br\/#\/schema\/person\/10193cb8ac6f163661033cf7ce9006a5"},"breadcrumb":{"@id":"https:\/\/teatinos.org\/fr\/17-juin-memoire-du-bienheureux-paul-burali-darezzo-c-r\/#breadcrumb"},"inLanguage":"fr-FR","potentialAction":[{"@type":"ReadAction","target":["https:\/\/teatinos.org\/fr\/17-juin-memoire-du-bienheureux-paul-burali-darezzo-c-r\/"]}]},{"@type":"ImageObject","inLanguage":"fr-FR","@id":"https:\/\/teatinos.org\/fr\/17-juin-memoire-du-bienheureux-paul-burali-darezzo-c-r\/#primaryimage","url":"https:\/\/teatinos.org\/wp-content\/uploads\/2021\/06\/Beato-Pablo-Burali-2021.png","contentUrl":"https:\/\/teatinos.org\/wp-content\/uploads\/2021\/06\/Beato-Pablo-Burali-2021.png","width":1080,"height":1080},{"@type":"BreadcrumbList","@id":"https:\/\/teatinos.org\/fr\/17-juin-memoire-du-bienheureux-paul-burali-darezzo-c-r\/#breadcrumb","itemListElement":[{"@type":"ListItem","position":1,"name":"Portada","item":"https:\/\/teatinos.org\/fr\/"},{"@type":"ListItem","position":2,"name":"17 juin &#8211; M\u00e9moire du Bienheureux Paul Burali d&rsquo;Arezzo, C.R."}]},{"@type":"WebSite","@id":"https:\/\/teatinos.org\/pt-br\/#website","url":"https:\/\/teatinos.org\/pt-br\/","name":"Teatinos","description":"Orden de Cl\u00e9rigos Regulares","potentialAction":[{"@type":"SearchAction","target":{"@type":"EntryPoint","urlTemplate":"https:\/\/teatinos.org\/pt-br\/?s={search_term_string}"},"query-input":{"@type":"PropertyValueSpecification","valueRequired":true,"valueName":"search_term_string"}}],"inLanguage":"fr-FR"},{"@type":"Person","@id":"https:\/\/teatinos.org\/pt-br\/#\/schema\/person\/10193cb8ac6f163661033cf7ce9006a5","name":"Community Manager","url":"https:\/\/teatinos.org\/fr\/author\/pascual\/"}]}},"rttpg_featured_image_url":{"full":["https:\/\/teatinos.org\/wp-content\/uploads\/2021\/06\/Beato-Pablo-Burali-2021.png",1080,1080,false],"landscape":["https:\/\/teatinos.org\/wp-content\/uploads\/2021\/06\/Beato-Pablo-Burali-2021.png",1080,1080,false],"portraits":["https:\/\/teatinos.org\/wp-content\/uploads\/2021\/06\/Beato-Pablo-Burali-2021.png",1080,1080,false],"thumbnail":["https:\/\/teatinos.org\/wp-content\/uploads\/2021\/06\/Beato-Pablo-Burali-2021-150x150.png",150,150,true],"medium":["https:\/\/teatinos.org\/wp-content\/uploads\/2021\/06\/Beato-Pablo-Burali-2021-300x300.png",300,300,true],"large":["https:\/\/teatinos.org\/wp-content\/uploads\/2021\/06\/Beato-Pablo-Burali-2021-1024x1024.png",1000,1000,true],"1536x1536":["https:\/\/teatinos.org\/wp-content\/uploads\/2021\/06\/Beato-Pablo-Burali-2021.png",1080,1080,false],"2048x2048":["https:\/\/teatinos.org\/wp-content\/uploads\/2021\/06\/Beato-Pablo-Burali-2021.png",1080,1080,false]},"rttpg_author":{"display_name":"Community Manager","author_link":"https:\/\/teatinos.org\/fr\/author\/pascual\/"},"rttpg_comment":0,"rttpg_category":"<a href=\"https:\/\/teatinos.org\/fr\/category\/actualite\/\" rel=\"category tag\">Actualit\u00e9<\/a>","rttpg_excerpt":"\u00ab\u00a0Oh Dieu, qui avez manifest\u00e9 dans le Bienheureux Paul Burali les nombreux et merveilleux chemins de votre appel \u00e0 la perfection chr\u00e9tienne, accorde-nous la consolation de ta protection c\u00e9leste pour te suivre de tout notre c\u0153ur. Par le Christ notre Seigneur. Amen.\u00a0\u00bb Bienheureux Paul Burali d&rsquo;Arezzo, est n\u00e9 \u00e0 Itri\u2026","_links":{"self":[{"href":"https:\/\/teatinos.org\/fr\/wp-json\/wp\/v2\/posts\/7277","targetHints":{"allow":["GET"]}}],"collection":[{"href":"https:\/\/teatinos.org\/fr\/wp-json\/wp\/v2\/posts"}],"about":[{"href":"https:\/\/teatinos.org\/fr\/wp-json\/wp\/v2\/types\/post"}],"author":[{"embeddable":true,"href":"https:\/\/teatinos.org\/fr\/wp-json\/wp\/v2\/users\/5"}],"replies":[{"embeddable":true,"href":"https:\/\/teatinos.org\/fr\/wp-json\/wp\/v2\/comments?post=7277"}],"version-history":[{"count":1,"href":"https:\/\/teatinos.org\/fr\/wp-json\/wp\/v2\/posts\/7277\/revisions"}],"predecessor-version":[{"id":7278,"href":"https:\/\/teatinos.org\/fr\/wp-json\/wp\/v2\/posts\/7277\/revisions\/7278"}],"wp:featuredmedia":[{"embeddable":true,"href":"https:\/\/teatinos.org\/fr\/wp-json\/wp\/v2\/media\/7267"}],"wp:attachment":[{"href":"https:\/\/teatinos.org\/fr\/wp-json\/wp\/v2\/media?parent=7277"}],"wp:term":[{"taxonomy":"category","embeddable":true,"href":"https:\/\/teatinos.org\/fr\/wp-json\/wp\/v2\/categories?post=7277"},{"taxonomy":"post_tag","embeddable":true,"href":"https:\/\/teatinos.org\/fr\/wp-json\/wp\/v2\/tags?post=7277"}],"curies":[{"name":"wp","href":"https:\/\/api.w.org\/{rel}","templated":true}]}}