{"id":5270,"date":"2020-06-23T01:49:32","date_gmt":"2020-06-23T01:49:32","guid":{"rendered":"http:\/\/teatinos.org\/?p=5270"},"modified":"2020-06-23T01:49:32","modified_gmt":"2020-06-23T01:49:32","slug":"frere-diego-doldan-c-r-et-le-mois-des-exercices-ignatiens","status":"publish","type":"post","link":"https:\/\/teatinos.org\/fr\/frere-diego-doldan-c-r-et-le-mois-des-exercices-ignatiens\/","title":{"rendered":"Fr\u00e8re Diego Dold\u00e1n, C.R., et le mois des exercices ignatiens"},"content":{"rendered":"<p>Arrivant \u00e0 la fin de mon processus de \u00abscolastique\u00bb (comme on dit en Italie) et au vu de ma formation continue, au cours du mois de juillet je me retrouverai \u00e0 faire le mois des Exercices Spirituels dans la maison de la Compagnie de J\u00e9sus dans la ville de Bologne Il y a un an, mon compagnon spirituel m&rsquo;a invit\u00e9 \u00e0 les r\u00e9aliser en vue de cette p\u00e9riode de ma vie qui s&rsquo;ach\u00e8ve et en pr\u00e9paration de ce qui va arriver.<br \/>\nAussi encourag\u00e9 par mon professeur et mes parents, tant de la communaut\u00e9 que de ma province d&rsquo;origine, je me pr\u00e9pare \u00e0 vivre cette exp\u00e9rience de rencontre profonde avec le Seigneur.<br \/>\nMon plus grand souhait est de faire une synth\u00e8se de mon cheminement vocationnel avant la Profession Solennelle. Par contre, j&rsquo;esp\u00e8re que l&rsquo;exp\u00e9rience des exercices ignatiens, spiritualit\u00e9 contemporaine \u00e0 la n\u00f4tre, pourra me donner des outils pour, \u00e0 l&rsquo;avenir, actualiser et diffuser la spiritualit\u00e9 th\u00e9atin, dont la synth\u00e8se s&rsquo;exprime dans le Combat Spirituel.<br \/>\nJe me confie \u00e0 l&rsquo;intercession de notre fr\u00e8re Andr\u00e9s Avelino qui, comme l&rsquo;atteste Diego La\u00ednez, a pris la r\u00e9solution d\u00e9finitive d&rsquo;entrer dans notre Institut \u00e0 la fin des Exercices Spirituels que le j\u00e9suite lui a pr\u00each\u00e9s en 1548. Avec une m\u00e9moire mutuelle dans la pri\u00e8re, j&rsquo;ai licenciement jusqu&rsquo;en ao\u00fbt.<\/p>\n<p>Salutations en Christ et Cayetano.<br \/>\nFr\u00e8re Diego A. Dold\u00e1n, C.R.<\/p>\n<p><a href=\"http:\/\/teatinos.org\/wp-content\/uploads\/2020\/06\/DiegoenNapoles.png\"><img loading=\"lazy\" decoding=\"async\" class=\"alignnone size-full wp-image-5260\" src=\"http:\/\/teatinos.org\/wp-content\/uploads\/2020\/06\/DiegoenNapoles.png\" alt=\"\" width=\"800\" height=\"800\" \/><\/a><\/p>\n","protected":false},"excerpt":{"rendered":"<p>Arrivant \u00e0 la fin de mon processus de \u00abscolastique\u00bb (comme on dit en Italie) et au vu de ma formation continue, au cours du mois de juillet je me retrouverai \u00e0 faire le mois des Exercices Spirituels dans la maison de la Compagnie de J\u00e9sus dans la ville de Bologne\u2026<\/p>\n","protected":false},"author":5,"featured_media":5260,"comment_status":"closed","ping_status":"open","sticky":false,"template":"","format":"standard","meta":{"_acf_changed":false,"footnotes":"","_links_to":"","_links_to_target":""},"categories":[96],"tags":[],"class_list":["post-5270","post","type-post","status-publish","format-standard","has-post-thumbnail","hentry","category-actualite"],"acf":[],"yoast_head":"<!-- This site is optimized with the Yoast SEO plugin v23.5 - https:\/\/yoast.com\/wordpress\/plugins\/seo\/ -->\n<title>Fr\u00e8re Diego Dold\u00e1n, C.R., et le mois des exercices ignatiens - Teatinos<\/title>\n<meta name=\"robots\" content=\"index, follow, max-snippet:-1, max-image-preview:large, max-video-preview:-1\" \/>\n<link rel=\"canonical\" href=\"https:\/\/teatinos.org\/fr\/frere-diego-doldan-c-r-et-le-mois-des-exercices-ignatiens\/\" \/>\n<meta property=\"og:locale\" content=\"fr_FR\" \/>\n<meta property=\"og:type\" content=\"article\" \/>\n<meta property=\"og:title\" content=\"Fr\u00e8re Diego Dold\u00e1n, C.R., et le mois des exercices ignatiens - Teatinos\" \/>\n<meta property=\"og:description\" content=\"Arrivant \u00e0 la fin de mon processus de \u00abscolastique\u00bb (comme on dit en Italie) et au vu de ma formation continue, au cours du mois de juillet je me retrouverai \u00e0 faire le mois des Exercices Spirituels dans la maison de la Compagnie de J\u00e9sus dans la ville de Bologne\u2026\" \/>\n<meta property=\"og:url\" content=\"https:\/\/teatinos.org\/fr\/frere-diego-doldan-c-r-et-le-mois-des-exercices-ignatiens\/\" \/>\n<meta property=\"og:site_name\" content=\"Teatinos\" \/>\n<meta property=\"article:published_time\" content=\"2020-06-23T01:49:32+00:00\" \/>\n<meta property=\"og:image\" content=\"https:\/\/teatinos.org\/wp-content\/uploads\/2020\/06\/DiegoenNapoles.png\" \/>\n\t<meta property=\"og:image:width\" content=\"800\" \/>\n\t<meta property=\"og:image:height\" content=\"800\" \/>\n\t<meta property=\"og:image:type\" content=\"image\/png\" \/>\n<meta name=\"author\" content=\"Community Manager\" \/>\n<meta name=\"twitter:card\" content=\"summary_large_image\" \/>\n<meta name=\"twitter:label1\" content=\"\u00c9crit par\" \/>\n\t<meta name=\"twitter:data1\" content=\"Community Manager\" \/>\n\t<meta name=\"twitter:label2\" content=\"Dur\u00e9e de lecture estim\u00e9e\" \/>\n\t<meta name=\"twitter:data2\" content=\"1 minute\" \/>\n<script type=\"application\/ld+json\" class=\"yoast-schema-graph\">{\"@context\":\"https:\/\/schema.org\",\"@graph\":[{\"@type\":\"WebPage\",\"@id\":\"https:\/\/teatinos.org\/fr\/frere-diego-doldan-c-r-et-le-mois-des-exercices-ignatiens\/\",\"url\":\"https:\/\/teatinos.org\/fr\/frere-diego-doldan-c-r-et-le-mois-des-exercices-ignatiens\/\",\"name\":\"Fr\u00e8re Diego Dold\u00e1n, C.R., et le mois des exercices ignatiens - Teatinos\",\"isPartOf\":{\"@id\":\"https:\/\/teatinos.org\/pt-br\/#website\"},\"primaryImageOfPage\":{\"@id\":\"https:\/\/teatinos.org\/fr\/frere-diego-doldan-c-r-et-le-mois-des-exercices-ignatiens\/#primaryimage\"},\"image\":{\"@id\":\"https:\/\/teatinos.org\/fr\/frere-diego-doldan-c-r-et-le-mois-des-exercices-ignatiens\/#primaryimage\"},\"thumbnailUrl\":\"https:\/\/teatinos.org\/wp-content\/uploads\/2020\/06\/DiegoenNapoles.png\",\"datePublished\":\"2020-06-23T01:49:32+00:00\",\"dateModified\":\"2020-06-23T01:49:32+00:00\",\"author\":{\"@id\":\"https:\/\/teatinos.org\/pt-br\/#\/schema\/person\/10193cb8ac6f163661033cf7ce9006a5\"},\"breadcrumb\":{\"@id\":\"https:\/\/teatinos.org\/fr\/frere-diego-doldan-c-r-et-le-mois-des-exercices-ignatiens\/#breadcrumb\"},\"inLanguage\":\"fr-FR\",\"potentialAction\":[{\"@type\":\"ReadAction\",\"target\":[\"https:\/\/teatinos.org\/fr\/frere-diego-doldan-c-r-et-le-mois-des-exercices-ignatiens\/\"]}]},{\"@type\":\"ImageObject\",\"inLanguage\":\"fr-FR\",\"@id\":\"https:\/\/teatinos.org\/fr\/frere-diego-doldan-c-r-et-le-mois-des-exercices-ignatiens\/#primaryimage\",\"url\":\"https:\/\/teatinos.org\/wp-content\/uploads\/2020\/06\/DiegoenNapoles.png\",\"contentUrl\":\"https:\/\/teatinos.org\/wp-content\/uploads\/2020\/06\/DiegoenNapoles.png\",\"width\":800,\"height\":800},{\"@type\":\"BreadcrumbList\",\"@id\":\"https:\/\/teatinos.org\/fr\/frere-diego-doldan-c-r-et-le-mois-des-exercices-ignatiens\/#breadcrumb\",\"itemListElement\":[{\"@type\":\"ListItem\",\"position\":1,\"name\":\"Portada\",\"item\":\"https:\/\/teatinos.org\/fr\/\"},{\"@type\":\"ListItem\",\"position\":2,\"name\":\"Fr\u00e8re Diego Dold\u00e1n, C.R., et le mois des exercices ignatiens\"}]},{\"@type\":\"WebSite\",\"@id\":\"https:\/\/teatinos.org\/pt-br\/#website\",\"url\":\"https:\/\/teatinos.org\/pt-br\/\",\"name\":\"Teatinos\",\"description\":\"Orden de Cl\u00e9rigos Regulares\",\"potentialAction\":[{\"@type\":\"SearchAction\",\"target\":{\"@type\":\"EntryPoint\",\"urlTemplate\":\"https:\/\/teatinos.org\/pt-br\/?s={search_term_string}\"},\"query-input\":{\"@type\":\"PropertyValueSpecification\",\"valueRequired\":true,\"valueName\":\"search_term_string\"}}],\"inLanguage\":\"fr-FR\"},{\"@type\":\"Person\",\"@id\":\"https:\/\/teatinos.org\/pt-br\/#\/schema\/person\/10193cb8ac6f163661033cf7ce9006a5\",\"name\":\"Community Manager\",\"url\":\"https:\/\/teatinos.org\/fr\/author\/pascual\/\"}]}<\/script>\n<!-- \/ Yoast SEO plugin. -->","yoast_head_json":{"title":"Fr\u00e8re Diego Dold\u00e1n, C.R., et le mois des exercices ignatiens - Teatinos","robots":{"index":"index","follow":"follow","max-snippet":"max-snippet:-1","max-image-preview":"max-image-preview:large","max-video-preview":"max-video-preview:-1"},"canonical":"https:\/\/teatinos.org\/fr\/frere-diego-doldan-c-r-et-le-mois-des-exercices-ignatiens\/","og_locale":"fr_FR","og_type":"article","og_title":"Fr\u00e8re Diego Dold\u00e1n, C.R., et le mois des exercices ignatiens - Teatinos","og_description":"Arrivant \u00e0 la fin de mon processus de \u00abscolastique\u00bb (comme on dit en Italie) et au vu de ma formation continue, au cours du mois de juillet je me retrouverai \u00e0 faire le mois des Exercices Spirituels dans la maison de la Compagnie de J\u00e9sus dans la ville de Bologne\u2026","og_url":"https:\/\/teatinos.org\/fr\/frere-diego-doldan-c-r-et-le-mois-des-exercices-ignatiens\/","og_site_name":"Teatinos","article_published_time":"2020-06-23T01:49:32+00:00","og_image":[{"width":800,"height":800,"url":"https:\/\/teatinos.org\/wp-content\/uploads\/2020\/06\/DiegoenNapoles.png","type":"image\/png"}],"author":"Community Manager","twitter_card":"summary_large_image","twitter_misc":{"\u00c9crit par":"Community Manager","Dur\u00e9e de lecture estim\u00e9e":"1 minute"},"schema":{"@context":"https:\/\/schema.org","@graph":[{"@type":"WebPage","@id":"https:\/\/teatinos.org\/fr\/frere-diego-doldan-c-r-et-le-mois-des-exercices-ignatiens\/","url":"https:\/\/teatinos.org\/fr\/frere-diego-doldan-c-r-et-le-mois-des-exercices-ignatiens\/","name":"Fr\u00e8re Diego Dold\u00e1n, C.R., et le mois des exercices ignatiens - Teatinos","isPartOf":{"@id":"https:\/\/teatinos.org\/pt-br\/#website"},"primaryImageOfPage":{"@id":"https:\/\/teatinos.org\/fr\/frere-diego-doldan-c-r-et-le-mois-des-exercices-ignatiens\/#primaryimage"},"image":{"@id":"https:\/\/teatinos.org\/fr\/frere-diego-doldan-c-r-et-le-mois-des-exercices-ignatiens\/#primaryimage"},"thumbnailUrl":"https:\/\/teatinos.org\/wp-content\/uploads\/2020\/06\/DiegoenNapoles.png","datePublished":"2020-06-23T01:49:32+00:00","dateModified":"2020-06-23T01:49:32+00:00","author":{"@id":"https:\/\/teatinos.org\/pt-br\/#\/schema\/person\/10193cb8ac6f163661033cf7ce9006a5"},"breadcrumb":{"@id":"https:\/\/teatinos.org\/fr\/frere-diego-doldan-c-r-et-le-mois-des-exercices-ignatiens\/#breadcrumb"},"inLanguage":"fr-FR","potentialAction":[{"@type":"ReadAction","target":["https:\/\/teatinos.org\/fr\/frere-diego-doldan-c-r-et-le-mois-des-exercices-ignatiens\/"]}]},{"@type":"ImageObject","inLanguage":"fr-FR","@id":"https:\/\/teatinos.org\/fr\/frere-diego-doldan-c-r-et-le-mois-des-exercices-ignatiens\/#primaryimage","url":"https:\/\/teatinos.org\/wp-content\/uploads\/2020\/06\/DiegoenNapoles.png","contentUrl":"https:\/\/teatinos.org\/wp-content\/uploads\/2020\/06\/DiegoenNapoles.png","width":800,"height":800},{"@type":"BreadcrumbList","@id":"https:\/\/teatinos.org\/fr\/frere-diego-doldan-c-r-et-le-mois-des-exercices-ignatiens\/#breadcrumb","itemListElement":[{"@type":"ListItem","position":1,"name":"Portada","item":"https:\/\/teatinos.org\/fr\/"},{"@type":"ListItem","position":2,"name":"Fr\u00e8re Diego Dold\u00e1n, C.R., et le mois des exercices ignatiens"}]},{"@type":"WebSite","@id":"https:\/\/teatinos.org\/pt-br\/#website","url":"https:\/\/teatinos.org\/pt-br\/","name":"Teatinos","description":"Orden de Cl\u00e9rigos Regulares","potentialAction":[{"@type":"SearchAction","target":{"@type":"EntryPoint","urlTemplate":"https:\/\/teatinos.org\/pt-br\/?s={search_term_string}"},"query-input":{"@type":"PropertyValueSpecification","valueRequired":true,"valueName":"search_term_string"}}],"inLanguage":"fr-FR"},{"@type":"Person","@id":"https:\/\/teatinos.org\/pt-br\/#\/schema\/person\/10193cb8ac6f163661033cf7ce9006a5","name":"Community Manager","url":"https:\/\/teatinos.org\/fr\/author\/pascual\/"}]}},"rttpg_featured_image_url":{"full":["https:\/\/teatinos.org\/wp-content\/uploads\/2020\/06\/DiegoenNapoles.png",800,800,false],"landscape":["https:\/\/teatinos.org\/wp-content\/uploads\/2020\/06\/DiegoenNapoles.png",800,800,false],"portraits":["https:\/\/teatinos.org\/wp-content\/uploads\/2020\/06\/DiegoenNapoles.png",800,800,false],"thumbnail":["https:\/\/teatinos.org\/wp-content\/uploads\/2020\/06\/DiegoenNapoles-150x150.png",150,150,true],"medium":["https:\/\/teatinos.org\/wp-content\/uploads\/2020\/06\/DiegoenNapoles-300x300.png",300,300,true],"large":["https:\/\/teatinos.org\/wp-content\/uploads\/2020\/06\/DiegoenNapoles.png",800,800,false],"1536x1536":["https:\/\/teatinos.org\/wp-content\/uploads\/2020\/06\/DiegoenNapoles.png",800,800,false],"2048x2048":["https:\/\/teatinos.org\/wp-content\/uploads\/2020\/06\/DiegoenNapoles.png",800,800,false]},"rttpg_author":{"display_name":"Community Manager","author_link":"https:\/\/teatinos.org\/fr\/author\/pascual\/"},"rttpg_comment":0,"rttpg_category":"<a href=\"https:\/\/teatinos.org\/fr\/category\/actualite\/\" rel=\"category tag\">Actualit\u00e9<\/a>","rttpg_excerpt":"Arrivant \u00e0 la fin de mon processus de \u00abscolastique\u00bb (comme on dit en Italie) et au vu de ma formation continue, au cours du mois de juillet je me retrouverai \u00e0 faire le mois des Exercices Spirituels dans la maison de la Compagnie de J\u00e9sus dans la ville de Bologne\u2026","_links":{"self":[{"href":"https:\/\/teatinos.org\/fr\/wp-json\/wp\/v2\/posts\/5270","targetHints":{"allow":["GET"]}}],"collection":[{"href":"https:\/\/teatinos.org\/fr\/wp-json\/wp\/v2\/posts"}],"about":[{"href":"https:\/\/teatinos.org\/fr\/wp-json\/wp\/v2\/types\/post"}],"author":[{"embeddable":true,"href":"https:\/\/teatinos.org\/fr\/wp-json\/wp\/v2\/users\/5"}],"replies":[{"embeddable":true,"href":"https:\/\/teatinos.org\/fr\/wp-json\/wp\/v2\/comments?post=5270"}],"version-history":[{"count":1,"href":"https:\/\/teatinos.org\/fr\/wp-json\/wp\/v2\/posts\/5270\/revisions"}],"predecessor-version":[{"id":5271,"href":"https:\/\/teatinos.org\/fr\/wp-json\/wp\/v2\/posts\/5270\/revisions\/5271"}],"wp:featuredmedia":[{"embeddable":true,"href":"https:\/\/teatinos.org\/fr\/wp-json\/wp\/v2\/media\/5260"}],"wp:attachment":[{"href":"https:\/\/teatinos.org\/fr\/wp-json\/wp\/v2\/media?parent=5270"}],"wp:term":[{"taxonomy":"category","embeddable":true,"href":"https:\/\/teatinos.org\/fr\/wp-json\/wp\/v2\/categories?post=5270"},{"taxonomy":"post_tag","embeddable":true,"href":"https:\/\/teatinos.org\/fr\/wp-json\/wp\/v2\/tags?post=5270"}],"curies":[{"name":"wp","href":"https:\/\/api.w.org\/{rel}","templated":true}]}}