{"id":5204,"date":"2020-06-23T00:35:58","date_gmt":"2020-06-23T00:35:58","guid":{"rendered":"http:\/\/teatinos.org\/?p=5204"},"modified":"2020-06-23T00:35:58","modified_gmt":"2020-06-23T00:35:58","slug":"action-de-graces-a-r-deacon-joao-victor-dos-santos-silva-c-r-a-loccasion-de-la-reception-de-lordre-sacre-du-diaconat","status":"publish","type":"post","link":"https:\/\/teatinos.org\/fr\/action-de-graces-a-r-deacon-joao-victor-dos-santos-silva-c-r-a-loccasion-de-la-reception-de-lordre-sacre-du-diaconat\/","title":{"rendered":"Action de gr\u00e2ces \u00e0 R. Deacon Jo\u00e3o V\u00edctor Dos Santos Silva, C.R., \u00e0 l&rsquo;occasion de la r\u00e9ception de l&rsquo;ordre sacr\u00e9 du diaconat"},"content":{"rendered":"<p>Aujourd&rsquo;hui, je veux r\u00e9p\u00e9ter cette phrase, prononc\u00e9e par San Gaetano: il est temps que je me r\u00e9veille pour prendre une d\u00e9cision: me retirer et m&rsquo;humilier comme indigne ou, en tant que fid\u00e8le dispensateur et humble tr\u00e9sorier, faites de moi le ministre de l&rsquo;humble Seigneur! Avec cet engagement public, je me consacre exclusivement devant l&rsquo;\u00c9glise, devant le peuple de Dieu, toute ma force au service des fr\u00e8res. Je prends le minist\u00e8re du service, qui se nourrit de l&rsquo;Eucharistie et de la Parole de Dieu, et s&rsquo;exprime dans le soin, l&rsquo;aide, la disponibilit\u00e9, la promotion de ceux qui sont avec moi, que le Seigneur met sur mon chemin. Je me fais diacre de l&rsquo;\u00c9glise car, au nom de notre \u00e9v\u00eaque dioc\u00e9sain et de notre sup\u00e9rieur majeur R.P. Salvador Rodea Gonz\u00e1lez, CR, pour remplir la fonction de celui qui \u00abplein du Saint-Esprit et de la Sagesse\u00bb (Actes 6,3), distribue le biens du Seigneur dans la communaut\u00e9.<\/p>\n<p>Je remercie l&rsquo;accueil et la serviabilit\u00e9 de Mgr Jorge Carlos Patron Wong, toujours tr\u00e8s proche de nous tous. Je remercie le R.P\u00e8re Salvador Rodea Gonz\u00e1lez, CR, notre Sup\u00e9rieur g\u00e9n\u00e9ral, et \u00e0 travers lui \u00e0 tous mes confr\u00e8res th\u00e9atins qui ont contribu\u00e9, aid\u00e9 et pri\u00e9 pour moi au fil des ann\u00e9es, qui aujourd&rsquo;hui offrent le sacrifice de l&rsquo;Eucharistie dans mon intention, et dont je suis s\u00fbr , m&rsquo;accompagnera toujours. Je remercie mes fr\u00e8res Juniores et novices du Th\u00e9atins Coll\u00e8ge International de San Giuseppe Maria Tomasi et de la maison de San Paolo Maggiore \u00e0 Naples, qui au cours des derniers jours se sont beaucoup consacr\u00e9s, devant souvent se sacrifier pour ne pas n\u00e9gliger leurs \u00e9tudes et autres engagements, afin que cela la c\u00e9l\u00e9bration pourrait \u00eatre dignement et festivement c\u00e9l\u00e9br\u00e9e. Je ne saurais jamais vous remercier, je dis seulement: me voici comme celui qui sert.<\/p>\n<p>Enfin, je remercie mes parents et ma s\u0153ur qui, j&rsquo;en suis s\u00fbr, interc\u00e8dent et offrent des pri\u00e8res constantes \u00e0 Dieu pour moi. Je remercie tous mes parents et amis, que j&rsquo;ai toujours dans ma vie, eux aussi prient pour moi. Je demande \u00e0 tout le monde: priez pour moi, afin qu&rsquo;il puisse \u00eatre un bon diacre.<\/p>\n<p>Je vous remercie beaucoup!!<\/p>\n<p>DIAC. Jo\u00e3o Victor dos Santos Silva, C.R.<\/p>\n<p>\u00ab\u00a0Dieu veut que cela se fasse.\u00a0\u00bb<\/p>\n<p><a href=\"http:\/\/teatinos.org\/wp-content\/uploads\/2020\/06\/JoaoAgreadecimineto.png\"><img loading=\"lazy\" decoding=\"async\" class=\"alignnone size-full wp-image-5194\" src=\"http:\/\/teatinos.org\/wp-content\/uploads\/2020\/06\/JoaoAgreadecimineto.png\" alt=\"\" width=\"800\" height=\"800\" \/><\/a><\/p>\n","protected":false},"excerpt":{"rendered":"<p>Aujourd&rsquo;hui, je veux r\u00e9p\u00e9ter cette phrase, prononc\u00e9e par San Gaetano: il est temps que je me r\u00e9veille pour prendre une d\u00e9cision: me retirer et m&rsquo;humilier comme indigne ou, en tant que fid\u00e8le dispensateur et humble tr\u00e9sorier, faites de moi le ministre de l&rsquo;humble Seigneur! Avec cet engagement public, je me\u2026<\/p>\n","protected":false},"author":5,"featured_media":5194,"comment_status":"closed","ping_status":"open","sticky":false,"template":"","format":"standard","meta":{"_acf_changed":false,"footnotes":"","_links_to":"","_links_to_target":""},"categories":[17],"tags":[],"class_list":["post-5204","post","type-post","status-publish","format-standard","has-post-thumbnail","hentry","category-non-classifiee"],"acf":[],"yoast_head":"<!-- This site is optimized with the Yoast SEO plugin v23.5 - https:\/\/yoast.com\/wordpress\/plugins\/seo\/ -->\n<title>Action de gr\u00e2ces \u00e0 R. Deacon Jo\u00e3o V\u00edctor Dos Santos Silva, C.R., \u00e0 l&#039;occasion de la r\u00e9ception de l&#039;ordre sacr\u00e9 du diaconat - Teatinos<\/title>\n<meta name=\"robots\" content=\"index, follow, max-snippet:-1, max-image-preview:large, max-video-preview:-1\" \/>\n<link rel=\"canonical\" href=\"https:\/\/teatinos.org\/fr\/action-de-graces-a-r-deacon-joao-victor-dos-santos-silva-c-r-a-loccasion-de-la-reception-de-lordre-sacre-du-diaconat\/\" \/>\n<meta property=\"og:locale\" content=\"fr_FR\" \/>\n<meta property=\"og:type\" content=\"article\" \/>\n<meta property=\"og:title\" content=\"Action de gr\u00e2ces \u00e0 R. Deacon Jo\u00e3o V\u00edctor Dos Santos Silva, C.R., \u00e0 l&#039;occasion de la r\u00e9ception de l&#039;ordre sacr\u00e9 du diaconat - Teatinos\" \/>\n<meta property=\"og:description\" content=\"Aujourd&rsquo;hui, je veux r\u00e9p\u00e9ter cette phrase, prononc\u00e9e par San Gaetano: il est temps que je me r\u00e9veille pour prendre une d\u00e9cision: me retirer et m&rsquo;humilier comme indigne ou, en tant que fid\u00e8le dispensateur et humble tr\u00e9sorier, faites de moi le ministre de l&rsquo;humble Seigneur! Avec cet engagement public, je me\u2026\" \/>\n<meta property=\"og:url\" content=\"https:\/\/teatinos.org\/fr\/action-de-graces-a-r-deacon-joao-victor-dos-santos-silva-c-r-a-loccasion-de-la-reception-de-lordre-sacre-du-diaconat\/\" \/>\n<meta property=\"og:site_name\" content=\"Teatinos\" \/>\n<meta property=\"article:published_time\" content=\"2020-06-23T00:35:58+00:00\" \/>\n<meta property=\"og:image\" content=\"https:\/\/teatinos.org\/wp-content\/uploads\/2020\/06\/JoaoAgreadecimineto.png\" \/>\n\t<meta property=\"og:image:width\" content=\"800\" \/>\n\t<meta property=\"og:image:height\" content=\"800\" \/>\n\t<meta property=\"og:image:type\" content=\"image\/png\" \/>\n<meta name=\"author\" content=\"Community Manager\" \/>\n<meta name=\"twitter:card\" content=\"summary_large_image\" \/>\n<meta name=\"twitter:label1\" content=\"\u00c9crit par\" \/>\n\t<meta name=\"twitter:data1\" content=\"Community Manager\" \/>\n\t<meta name=\"twitter:label2\" content=\"Dur\u00e9e de lecture estim\u00e9e\" \/>\n\t<meta name=\"twitter:data2\" content=\"2 minutes\" \/>\n<script type=\"application\/ld+json\" class=\"yoast-schema-graph\">{\"@context\":\"https:\/\/schema.org\",\"@graph\":[{\"@type\":\"WebPage\",\"@id\":\"https:\/\/teatinos.org\/fr\/action-de-graces-a-r-deacon-joao-victor-dos-santos-silva-c-r-a-loccasion-de-la-reception-de-lordre-sacre-du-diaconat\/\",\"url\":\"https:\/\/teatinos.org\/fr\/action-de-graces-a-r-deacon-joao-victor-dos-santos-silva-c-r-a-loccasion-de-la-reception-de-lordre-sacre-du-diaconat\/\",\"name\":\"Action de gr\u00e2ces \u00e0 R. Deacon Jo\u00e3o V\u00edctor Dos Santos Silva, C.R., \u00e0 l'occasion de la r\u00e9ception de l'ordre sacr\u00e9 du diaconat - Teatinos\",\"isPartOf\":{\"@id\":\"https:\/\/teatinos.org\/pt-br\/#website\"},\"primaryImageOfPage\":{\"@id\":\"https:\/\/teatinos.org\/fr\/action-de-graces-a-r-deacon-joao-victor-dos-santos-silva-c-r-a-loccasion-de-la-reception-de-lordre-sacre-du-diaconat\/#primaryimage\"},\"image\":{\"@id\":\"https:\/\/teatinos.org\/fr\/action-de-graces-a-r-deacon-joao-victor-dos-santos-silva-c-r-a-loccasion-de-la-reception-de-lordre-sacre-du-diaconat\/#primaryimage\"},\"thumbnailUrl\":\"https:\/\/teatinos.org\/wp-content\/uploads\/2020\/06\/JoaoAgreadecimineto.png\",\"datePublished\":\"2020-06-23T00:35:58+00:00\",\"dateModified\":\"2020-06-23T00:35:58+00:00\",\"author\":{\"@id\":\"https:\/\/teatinos.org\/pt-br\/#\/schema\/person\/10193cb8ac6f163661033cf7ce9006a5\"},\"breadcrumb\":{\"@id\":\"https:\/\/teatinos.org\/fr\/action-de-graces-a-r-deacon-joao-victor-dos-santos-silva-c-r-a-loccasion-de-la-reception-de-lordre-sacre-du-diaconat\/#breadcrumb\"},\"inLanguage\":\"fr-FR\",\"potentialAction\":[{\"@type\":\"ReadAction\",\"target\":[\"https:\/\/teatinos.org\/fr\/action-de-graces-a-r-deacon-joao-victor-dos-santos-silva-c-r-a-loccasion-de-la-reception-de-lordre-sacre-du-diaconat\/\"]}]},{\"@type\":\"ImageObject\",\"inLanguage\":\"fr-FR\",\"@id\":\"https:\/\/teatinos.org\/fr\/action-de-graces-a-r-deacon-joao-victor-dos-santos-silva-c-r-a-loccasion-de-la-reception-de-lordre-sacre-du-diaconat\/#primaryimage\",\"url\":\"https:\/\/teatinos.org\/wp-content\/uploads\/2020\/06\/JoaoAgreadecimineto.png\",\"contentUrl\":\"https:\/\/teatinos.org\/wp-content\/uploads\/2020\/06\/JoaoAgreadecimineto.png\",\"width\":800,\"height\":800},{\"@type\":\"BreadcrumbList\",\"@id\":\"https:\/\/teatinos.org\/fr\/action-de-graces-a-r-deacon-joao-victor-dos-santos-silva-c-r-a-loccasion-de-la-reception-de-lordre-sacre-du-diaconat\/#breadcrumb\",\"itemListElement\":[{\"@type\":\"ListItem\",\"position\":1,\"name\":\"Portada\",\"item\":\"https:\/\/teatinos.org\/fr\/\"},{\"@type\":\"ListItem\",\"position\":2,\"name\":\"Action de gr\u00e2ces \u00e0 R. Deacon Jo\u00e3o V\u00edctor Dos Santos Silva, C.R., \u00e0 l&rsquo;occasion de la r\u00e9ception de l&rsquo;ordre sacr\u00e9 du diaconat\"}]},{\"@type\":\"WebSite\",\"@id\":\"https:\/\/teatinos.org\/pt-br\/#website\",\"url\":\"https:\/\/teatinos.org\/pt-br\/\",\"name\":\"Teatinos\",\"description\":\"Orden de Cl\u00e9rigos Regulares\",\"potentialAction\":[{\"@type\":\"SearchAction\",\"target\":{\"@type\":\"EntryPoint\",\"urlTemplate\":\"https:\/\/teatinos.org\/pt-br\/?s={search_term_string}\"},\"query-input\":{\"@type\":\"PropertyValueSpecification\",\"valueRequired\":true,\"valueName\":\"search_term_string\"}}],\"inLanguage\":\"fr-FR\"},{\"@type\":\"Person\",\"@id\":\"https:\/\/teatinos.org\/pt-br\/#\/schema\/person\/10193cb8ac6f163661033cf7ce9006a5\",\"name\":\"Community Manager\",\"url\":\"https:\/\/teatinos.org\/fr\/author\/pascual\/\"}]}<\/script>\n<!-- \/ Yoast SEO plugin. -->","yoast_head_json":{"title":"Action de gr\u00e2ces \u00e0 R. Deacon Jo\u00e3o V\u00edctor Dos Santos Silva, C.R., \u00e0 l'occasion de la r\u00e9ception de l'ordre sacr\u00e9 du diaconat - Teatinos","robots":{"index":"index","follow":"follow","max-snippet":"max-snippet:-1","max-image-preview":"max-image-preview:large","max-video-preview":"max-video-preview:-1"},"canonical":"https:\/\/teatinos.org\/fr\/action-de-graces-a-r-deacon-joao-victor-dos-santos-silva-c-r-a-loccasion-de-la-reception-de-lordre-sacre-du-diaconat\/","og_locale":"fr_FR","og_type":"article","og_title":"Action de gr\u00e2ces \u00e0 R. Deacon Jo\u00e3o V\u00edctor Dos Santos Silva, C.R., \u00e0 l'occasion de la r\u00e9ception de l'ordre sacr\u00e9 du diaconat - Teatinos","og_description":"Aujourd&rsquo;hui, je veux r\u00e9p\u00e9ter cette phrase, prononc\u00e9e par San Gaetano: il est temps que je me r\u00e9veille pour prendre une d\u00e9cision: me retirer et m&rsquo;humilier comme indigne ou, en tant que fid\u00e8le dispensateur et humble tr\u00e9sorier, faites de moi le ministre de l&rsquo;humble Seigneur! Avec cet engagement public, je me\u2026","og_url":"https:\/\/teatinos.org\/fr\/action-de-graces-a-r-deacon-joao-victor-dos-santos-silva-c-r-a-loccasion-de-la-reception-de-lordre-sacre-du-diaconat\/","og_site_name":"Teatinos","article_published_time":"2020-06-23T00:35:58+00:00","og_image":[{"width":800,"height":800,"url":"https:\/\/teatinos.org\/wp-content\/uploads\/2020\/06\/JoaoAgreadecimineto.png","type":"image\/png"}],"author":"Community Manager","twitter_card":"summary_large_image","twitter_misc":{"\u00c9crit par":"Community Manager","Dur\u00e9e de lecture estim\u00e9e":"2 minutes"},"schema":{"@context":"https:\/\/schema.org","@graph":[{"@type":"WebPage","@id":"https:\/\/teatinos.org\/fr\/action-de-graces-a-r-deacon-joao-victor-dos-santos-silva-c-r-a-loccasion-de-la-reception-de-lordre-sacre-du-diaconat\/","url":"https:\/\/teatinos.org\/fr\/action-de-graces-a-r-deacon-joao-victor-dos-santos-silva-c-r-a-loccasion-de-la-reception-de-lordre-sacre-du-diaconat\/","name":"Action de gr\u00e2ces \u00e0 R. Deacon Jo\u00e3o V\u00edctor Dos Santos Silva, C.R., \u00e0 l'occasion de la r\u00e9ception de l'ordre sacr\u00e9 du diaconat - Teatinos","isPartOf":{"@id":"https:\/\/teatinos.org\/pt-br\/#website"},"primaryImageOfPage":{"@id":"https:\/\/teatinos.org\/fr\/action-de-graces-a-r-deacon-joao-victor-dos-santos-silva-c-r-a-loccasion-de-la-reception-de-lordre-sacre-du-diaconat\/#primaryimage"},"image":{"@id":"https:\/\/teatinos.org\/fr\/action-de-graces-a-r-deacon-joao-victor-dos-santos-silva-c-r-a-loccasion-de-la-reception-de-lordre-sacre-du-diaconat\/#primaryimage"},"thumbnailUrl":"https:\/\/teatinos.org\/wp-content\/uploads\/2020\/06\/JoaoAgreadecimineto.png","datePublished":"2020-06-23T00:35:58+00:00","dateModified":"2020-06-23T00:35:58+00:00","author":{"@id":"https:\/\/teatinos.org\/pt-br\/#\/schema\/person\/10193cb8ac6f163661033cf7ce9006a5"},"breadcrumb":{"@id":"https:\/\/teatinos.org\/fr\/action-de-graces-a-r-deacon-joao-victor-dos-santos-silva-c-r-a-loccasion-de-la-reception-de-lordre-sacre-du-diaconat\/#breadcrumb"},"inLanguage":"fr-FR","potentialAction":[{"@type":"ReadAction","target":["https:\/\/teatinos.org\/fr\/action-de-graces-a-r-deacon-joao-victor-dos-santos-silva-c-r-a-loccasion-de-la-reception-de-lordre-sacre-du-diaconat\/"]}]},{"@type":"ImageObject","inLanguage":"fr-FR","@id":"https:\/\/teatinos.org\/fr\/action-de-graces-a-r-deacon-joao-victor-dos-santos-silva-c-r-a-loccasion-de-la-reception-de-lordre-sacre-du-diaconat\/#primaryimage","url":"https:\/\/teatinos.org\/wp-content\/uploads\/2020\/06\/JoaoAgreadecimineto.png","contentUrl":"https:\/\/teatinos.org\/wp-content\/uploads\/2020\/06\/JoaoAgreadecimineto.png","width":800,"height":800},{"@type":"BreadcrumbList","@id":"https:\/\/teatinos.org\/fr\/action-de-graces-a-r-deacon-joao-victor-dos-santos-silva-c-r-a-loccasion-de-la-reception-de-lordre-sacre-du-diaconat\/#breadcrumb","itemListElement":[{"@type":"ListItem","position":1,"name":"Portada","item":"https:\/\/teatinos.org\/fr\/"},{"@type":"ListItem","position":2,"name":"Action de gr\u00e2ces \u00e0 R. Deacon Jo\u00e3o V\u00edctor Dos Santos Silva, C.R., \u00e0 l&rsquo;occasion de la r\u00e9ception de l&rsquo;ordre sacr\u00e9 du diaconat"}]},{"@type":"WebSite","@id":"https:\/\/teatinos.org\/pt-br\/#website","url":"https:\/\/teatinos.org\/pt-br\/","name":"Teatinos","description":"Orden de Cl\u00e9rigos Regulares","potentialAction":[{"@type":"SearchAction","target":{"@type":"EntryPoint","urlTemplate":"https:\/\/teatinos.org\/pt-br\/?s={search_term_string}"},"query-input":{"@type":"PropertyValueSpecification","valueRequired":true,"valueName":"search_term_string"}}],"inLanguage":"fr-FR"},{"@type":"Person","@id":"https:\/\/teatinos.org\/pt-br\/#\/schema\/person\/10193cb8ac6f163661033cf7ce9006a5","name":"Community Manager","url":"https:\/\/teatinos.org\/fr\/author\/pascual\/"}]}},"rttpg_featured_image_url":{"full":["https:\/\/teatinos.org\/wp-content\/uploads\/2020\/06\/JoaoAgreadecimineto.png",800,800,false],"landscape":["https:\/\/teatinos.org\/wp-content\/uploads\/2020\/06\/JoaoAgreadecimineto.png",800,800,false],"portraits":["https:\/\/teatinos.org\/wp-content\/uploads\/2020\/06\/JoaoAgreadecimineto.png",800,800,false],"thumbnail":["https:\/\/teatinos.org\/wp-content\/uploads\/2020\/06\/JoaoAgreadecimineto-150x150.png",150,150,true],"medium":["https:\/\/teatinos.org\/wp-content\/uploads\/2020\/06\/JoaoAgreadecimineto-300x300.png",300,300,true],"large":["https:\/\/teatinos.org\/wp-content\/uploads\/2020\/06\/JoaoAgreadecimineto.png",800,800,false],"1536x1536":["https:\/\/teatinos.org\/wp-content\/uploads\/2020\/06\/JoaoAgreadecimineto.png",800,800,false],"2048x2048":["https:\/\/teatinos.org\/wp-content\/uploads\/2020\/06\/JoaoAgreadecimineto.png",800,800,false]},"rttpg_author":{"display_name":"Community Manager","author_link":"https:\/\/teatinos.org\/fr\/author\/pascual\/"},"rttpg_comment":0,"rttpg_category":"<a href=\"https:\/\/teatinos.org\/fr\/category\/non-classifiee\/\" rel=\"category tag\">Non classifi\u00e9(e)<\/a>","rttpg_excerpt":"Aujourd&rsquo;hui, je veux r\u00e9p\u00e9ter cette phrase, prononc\u00e9e par San Gaetano: il est temps que je me r\u00e9veille pour prendre une d\u00e9cision: me retirer et m&rsquo;humilier comme indigne ou, en tant que fid\u00e8le dispensateur et humble tr\u00e9sorier, faites de moi le ministre de l&rsquo;humble Seigneur! Avec cet engagement public, je me\u2026","_links":{"self":[{"href":"https:\/\/teatinos.org\/fr\/wp-json\/wp\/v2\/posts\/5204","targetHints":{"allow":["GET"]}}],"collection":[{"href":"https:\/\/teatinos.org\/fr\/wp-json\/wp\/v2\/posts"}],"about":[{"href":"https:\/\/teatinos.org\/fr\/wp-json\/wp\/v2\/types\/post"}],"author":[{"embeddable":true,"href":"https:\/\/teatinos.org\/fr\/wp-json\/wp\/v2\/users\/5"}],"replies":[{"embeddable":true,"href":"https:\/\/teatinos.org\/fr\/wp-json\/wp\/v2\/comments?post=5204"}],"version-history":[{"count":1,"href":"https:\/\/teatinos.org\/fr\/wp-json\/wp\/v2\/posts\/5204\/revisions"}],"predecessor-version":[{"id":5205,"href":"https:\/\/teatinos.org\/fr\/wp-json\/wp\/v2\/posts\/5204\/revisions\/5205"}],"wp:featuredmedia":[{"embeddable":true,"href":"https:\/\/teatinos.org\/fr\/wp-json\/wp\/v2\/media\/5194"}],"wp:attachment":[{"href":"https:\/\/teatinos.org\/fr\/wp-json\/wp\/v2\/media?parent=5204"}],"wp:term":[{"taxonomy":"category","embeddable":true,"href":"https:\/\/teatinos.org\/fr\/wp-json\/wp\/v2\/categories?post=5204"},{"taxonomy":"post_tag","embeddable":true,"href":"https:\/\/teatinos.org\/fr\/wp-json\/wp\/v2\/tags?post=5204"}],"curies":[{"name":"wp","href":"https:\/\/api.w.org\/{rel}","templated":true}]}}