{"id":22730,"date":"2026-09-02T14:55:04","date_gmt":"2026-09-02T14:55:04","guid":{"rendered":"https:\/\/teatinos.org\/el-p-ricardo-anibal-linares-cr-ha-partido-a-la-casa-del-padre\/"},"modified":"2026-09-02T14:58:24","modified_gmt":"2026-09-02T14:58:24","slug":"el-p-ricardo-anibal-linares-cr-ha-partido-a-la-casa-del-padre","status":"publish","type":"post","link":"https:\/\/teatinos.org\/fr\/el-p-ricardo-anibal-linares-cr-ha-partido-a-la-casa-del-padre\/","title":{"rendered":"Le P. Ricardo An\u00edbal Linares, CR, est retourn\u00e9 \u00e0 la Maison du P\u00e8re"},"content":{"rendered":"<p data-start=\"4384\" data-end=\"4600\">C\u2019est avec une profonde tristesse, mais soutenus par l\u2019esp\u00e9rance chr\u00e9tienne en la R\u00e9surrection, que l\u2019Ordre des Clercs R\u00e9guliers Th\u00e9atins annonce le d\u00e9c\u00e8s de notre fr\u00e8re <strong data-start=\"4554\" data-end=\"4599\">P. Ricardo An\u00edbal Linares, CR (1964\u20132026)<\/strong>.<\/p>\n<p data-start=\"4602\" data-end=\"4981\">Son d\u00e9part nous invite avant tout \u00e0 rendre gr\u00e2ce \u00e0 Dieu pour le don de sa vie, pour sa vocation th\u00e9atine et pour tant d\u2019ann\u00e9es consacr\u00e9es au service de l\u2019\u00c9glise, des communaut\u00e9s et du peuple de Dieu. En ce moment de douleur, notre foi nous rappelle que la mort n\u2019a pas le dernier mot : dans le Christ Ressuscit\u00e9, nous mettons notre confiance dans la promesse de la Vie \u00e9ternelle.<\/p>\n<p data-start=\"4983\" data-end=\"5310\">Comme famille th\u00e9atine, nous nous unissons dans la pri\u00e8re \u00e0 sa famille, \u00e0 ses amis, \u00e0 ses fr\u00e8res de communaut\u00e9 et \u00e0 tous ceux qui ont partag\u00e9 avec lui le chemin de la foi. Nous demandons au Seigneur d\u2019accueillir notre fr\u00e8re Ricardo dans son Royaume et d\u2019accorder consolation et force \u00e0 ceux qui pleurent aujourd\u2019hui son d\u00e9part.<\/p>\n<p data-start=\"5312\" data-end=\"5522\">Les obs\u00e8ques auront lieu le <strong data-start=\"5340\" data-end=\"5369\">vendredi 4 septembre 2026<\/strong>, \u00e0 la <strong data-start=\"5376\" data-end=\"5413\">Paroisse Saint-Cajetan de Morlupo (Roma, IT)<\/strong>. La chambre fun\u00e9raire sera ouverte \u00e0 partir de <strong data-start=\"5461\" data-end=\"5470\">12h30<\/strong>, et la <strong data-start=\"5478\" data-end=\"5495\">Messe fun\u00e8bre<\/strong> sera c\u00e9l\u00e9br\u00e9e \u00e0 <strong data-start=\"5512\" data-end=\"5521\">15h00<\/strong>.<\/p>\n<p data-start=\"5524\" data-end=\"5675\">Que Saint Cajetan, notre P\u00e8re Fondateur, l\u2019accompagne aupr\u00e8s du Seigneur, et que la Tr\u00e8s Sainte Vierge Marie l\u2019accueille sous sa protection maternelle.<\/p>\n<p data-start=\"5677\" data-end=\"5810\" data-is-last-node=\"\" data-is-only-node=\"\"><strong data-start=\"5677\" data-end=\"5810\" data-is-last-node=\"\">Donne-lui, Seigneur, le repos \u00e9ternel.<br data-start=\"5717\" data-end=\"5720\" \/>Et que brille pour lui la lumi\u00e8re sans fin.<br data-start=\"5763\" data-end=\"5766\" \/>Qu\u2019il repose dans la paix du Christ. Amen.<\/strong><\/p>\n<p data-start=\"1302\" data-end=\"1424\" data-is-last-node=\"\" data-is-only-node=\"\"><a href=\"https:\/\/teatinos.org\/wp-content\/uploads\/2026\/09\/Fallecimineto-P-Linares-CR-Sep26.jpg\"><img loading=\"lazy\" decoding=\"async\" class=\"alignnone size-full wp-image-22723\" src=\"https:\/\/teatinos.org\/wp-content\/uploads\/2026\/09\/Fallecimineto-P-Linares-CR-Sep26.jpg\" alt=\"\" width=\"1080\" height=\"1920\" \/><\/a><\/p>\n","protected":false},"excerpt":{"rendered":"<p>C\u2019est avec une profonde tristesse, mais soutenus par l\u2019esp\u00e9rance chr\u00e9tienne en la R\u00e9surrection, que l\u2019Ordre des Clercs R\u00e9guliers Th\u00e9atins annonce le d\u00e9c\u00e8s de notre fr\u00e8re P. Ricardo An\u00edbal Linares, CR (1964\u20132026). Son d\u00e9part nous invite avant tout \u00e0 rendre gr\u00e2ce \u00e0 Dieu pour le don de sa vie, pour sa\u2026<\/p>\n","protected":false},"author":5,"featured_media":22720,"comment_status":"closed","ping_status":"open","sticky":false,"template":"","format":"standard","meta":{"_acf_changed":false,"footnotes":"","_links_to":"","_links_to_target":""},"categories":[96],"tags":[],"class_list":["post-22730","post","type-post","status-publish","format-standard","has-post-thumbnail","hentry","category-actualite"],"acf":[],"yoast_head":"<!-- This site is optimized with the Yoast SEO plugin v23.5 - https:\/\/yoast.com\/wordpress\/plugins\/seo\/ -->\n<title>Le P. Ricardo An\u00edbal Linares, CR, est retourn\u00e9 \u00e0 la Maison du P\u00e8re - Teatinos<\/title>\n<meta name=\"robots\" content=\"index, follow, max-snippet:-1, max-image-preview:large, max-video-preview:-1\" \/>\n<link rel=\"canonical\" href=\"https:\/\/teatinos.org\/fr\/el-p-ricardo-anibal-linares-cr-ha-partido-a-la-casa-del-padre\/\" \/>\n<meta property=\"og:locale\" content=\"fr_FR\" \/>\n<meta property=\"og:type\" content=\"article\" \/>\n<meta property=\"og:title\" content=\"Le P. Ricardo An\u00edbal Linares, CR, est retourn\u00e9 \u00e0 la Maison du P\u00e8re - Teatinos\" \/>\n<meta property=\"og:description\" content=\"C\u2019est avec une profonde tristesse, mais soutenus par l\u2019esp\u00e9rance chr\u00e9tienne en la R\u00e9surrection, que l\u2019Ordre des Clercs R\u00e9guliers Th\u00e9atins annonce le d\u00e9c\u00e8s de notre fr\u00e8re P. Ricardo An\u00edbal Linares, CR (1964\u20132026). Son d\u00e9part nous invite avant tout \u00e0 rendre gr\u00e2ce \u00e0 Dieu pour le don de sa vie, pour sa\u2026\" \/>\n<meta property=\"og:url\" content=\"https:\/\/teatinos.org\/fr\/el-p-ricardo-anibal-linares-cr-ha-partido-a-la-casa-del-padre\/\" \/>\n<meta property=\"og:site_name\" content=\"Teatinos\" \/>\n<meta property=\"article:published_time\" content=\"2026-09-02T14:55:04+00:00\" \/>\n<meta property=\"article:modified_time\" content=\"2026-09-02T14:58:24+00:00\" \/>\n<meta property=\"og:image\" content=\"https:\/\/teatinos.org\/wp-content\/uploads\/2026\/09\/Fallecimiento-P-Linares-CR-Sep-26.png\" \/>\n\t<meta property=\"og:image:width\" content=\"1080\" \/>\n\t<meta property=\"og:image:height\" content=\"1080\" \/>\n\t<meta property=\"og:image:type\" content=\"image\/png\" \/>\n<meta name=\"author\" content=\"Community Manager\" \/>\n<meta name=\"twitter:card\" content=\"summary_large_image\" \/>\n<meta name=\"twitter:label1\" content=\"\u00c9crit par\" \/>\n\t<meta name=\"twitter:data1\" content=\"Community Manager\" \/>\n\t<meta name=\"twitter:label2\" content=\"Dur\u00e9e de lecture estim\u00e9e\" \/>\n\t<meta name=\"twitter:data2\" content=\"2 minutes\" \/>\n<script type=\"application\/ld+json\" class=\"yoast-schema-graph\">{\"@context\":\"https:\/\/schema.org\",\"@graph\":[{\"@type\":\"WebPage\",\"@id\":\"https:\/\/teatinos.org\/fr\/el-p-ricardo-anibal-linares-cr-ha-partido-a-la-casa-del-padre\/\",\"url\":\"https:\/\/teatinos.org\/fr\/el-p-ricardo-anibal-linares-cr-ha-partido-a-la-casa-del-padre\/\",\"name\":\"Le P. Ricardo An\u00edbal Linares, CR, est retourn\u00e9 \u00e0 la Maison du P\u00e8re - Teatinos\",\"isPartOf\":{\"@id\":\"https:\/\/teatinos.org\/pt-br\/#website\"},\"primaryImageOfPage\":{\"@id\":\"https:\/\/teatinos.org\/fr\/el-p-ricardo-anibal-linares-cr-ha-partido-a-la-casa-del-padre\/#primaryimage\"},\"image\":{\"@id\":\"https:\/\/teatinos.org\/fr\/el-p-ricardo-anibal-linares-cr-ha-partido-a-la-casa-del-padre\/#primaryimage\"},\"thumbnailUrl\":\"https:\/\/teatinos.org\/wp-content\/uploads\/2026\/09\/Fallecimiento-P-Linares-CR-Sep-26.png\",\"datePublished\":\"2026-09-02T14:55:04+00:00\",\"dateModified\":\"2026-09-02T14:58:24+00:00\",\"author\":{\"@id\":\"https:\/\/teatinos.org\/pt-br\/#\/schema\/person\/10193cb8ac6f163661033cf7ce9006a5\"},\"breadcrumb\":{\"@id\":\"https:\/\/teatinos.org\/fr\/el-p-ricardo-anibal-linares-cr-ha-partido-a-la-casa-del-padre\/#breadcrumb\"},\"inLanguage\":\"fr-FR\",\"potentialAction\":[{\"@type\":\"ReadAction\",\"target\":[\"https:\/\/teatinos.org\/fr\/el-p-ricardo-anibal-linares-cr-ha-partido-a-la-casa-del-padre\/\"]}]},{\"@type\":\"ImageObject\",\"inLanguage\":\"fr-FR\",\"@id\":\"https:\/\/teatinos.org\/fr\/el-p-ricardo-anibal-linares-cr-ha-partido-a-la-casa-del-padre\/#primaryimage\",\"url\":\"https:\/\/teatinos.org\/wp-content\/uploads\/2026\/09\/Fallecimiento-P-Linares-CR-Sep-26.png\",\"contentUrl\":\"https:\/\/teatinos.org\/wp-content\/uploads\/2026\/09\/Fallecimiento-P-Linares-CR-Sep-26.png\",\"width\":1080,\"height\":1080},{\"@type\":\"BreadcrumbList\",\"@id\":\"https:\/\/teatinos.org\/fr\/el-p-ricardo-anibal-linares-cr-ha-partido-a-la-casa-del-padre\/#breadcrumb\",\"itemListElement\":[{\"@type\":\"ListItem\",\"position\":1,\"name\":\"Portada\",\"item\":\"https:\/\/teatinos.org\/fr\/\"},{\"@type\":\"ListItem\",\"position\":2,\"name\":\"Le P. Ricardo An\u00edbal Linares, CR, est retourn\u00e9 \u00e0 la Maison du P\u00e8re\"}]},{\"@type\":\"WebSite\",\"@id\":\"https:\/\/teatinos.org\/pt-br\/#website\",\"url\":\"https:\/\/teatinos.org\/pt-br\/\",\"name\":\"Teatinos\",\"description\":\"Orden de Cl\u00e9rigos Regulares\",\"potentialAction\":[{\"@type\":\"SearchAction\",\"target\":{\"@type\":\"EntryPoint\",\"urlTemplate\":\"https:\/\/teatinos.org\/pt-br\/?s={search_term_string}\"},\"query-input\":{\"@type\":\"PropertyValueSpecification\",\"valueRequired\":true,\"valueName\":\"search_term_string\"}}],\"inLanguage\":\"fr-FR\"},{\"@type\":\"Person\",\"@id\":\"https:\/\/teatinos.org\/pt-br\/#\/schema\/person\/10193cb8ac6f163661033cf7ce9006a5\",\"name\":\"Community Manager\",\"url\":\"https:\/\/teatinos.org\/fr\/author\/pascual\/\"}]}<\/script>\n<!-- \/ Yoast SEO plugin. -->","yoast_head_json":{"title":"Le P. Ricardo An\u00edbal Linares, CR, est retourn\u00e9 \u00e0 la Maison du P\u00e8re - Teatinos","robots":{"index":"index","follow":"follow","max-snippet":"max-snippet:-1","max-image-preview":"max-image-preview:large","max-video-preview":"max-video-preview:-1"},"canonical":"https:\/\/teatinos.org\/fr\/el-p-ricardo-anibal-linares-cr-ha-partido-a-la-casa-del-padre\/","og_locale":"fr_FR","og_type":"article","og_title":"Le P. Ricardo An\u00edbal Linares, CR, est retourn\u00e9 \u00e0 la Maison du P\u00e8re - Teatinos","og_description":"C\u2019est avec une profonde tristesse, mais soutenus par l\u2019esp\u00e9rance chr\u00e9tienne en la R\u00e9surrection, que l\u2019Ordre des Clercs R\u00e9guliers Th\u00e9atins annonce le d\u00e9c\u00e8s de notre fr\u00e8re P. Ricardo An\u00edbal Linares, CR (1964\u20132026). Son d\u00e9part nous invite avant tout \u00e0 rendre gr\u00e2ce \u00e0 Dieu pour le don de sa vie, pour sa\u2026","og_url":"https:\/\/teatinos.org\/fr\/el-p-ricardo-anibal-linares-cr-ha-partido-a-la-casa-del-padre\/","og_site_name":"Teatinos","article_published_time":"2026-09-02T14:55:04+00:00","article_modified_time":"2026-09-02T14:58:24+00:00","og_image":[{"width":1080,"height":1080,"url":"https:\/\/teatinos.org\/wp-content\/uploads\/2026\/09\/Fallecimiento-P-Linares-CR-Sep-26.png","type":"image\/png"}],"author":"Community Manager","twitter_card":"summary_large_image","twitter_misc":{"\u00c9crit par":"Community Manager","Dur\u00e9e de lecture estim\u00e9e":"2 minutes"},"schema":{"@context":"https:\/\/schema.org","@graph":[{"@type":"WebPage","@id":"https:\/\/teatinos.org\/fr\/el-p-ricardo-anibal-linares-cr-ha-partido-a-la-casa-del-padre\/","url":"https:\/\/teatinos.org\/fr\/el-p-ricardo-anibal-linares-cr-ha-partido-a-la-casa-del-padre\/","name":"Le P. Ricardo An\u00edbal Linares, CR, est retourn\u00e9 \u00e0 la Maison du P\u00e8re - Teatinos","isPartOf":{"@id":"https:\/\/teatinos.org\/pt-br\/#website"},"primaryImageOfPage":{"@id":"https:\/\/teatinos.org\/fr\/el-p-ricardo-anibal-linares-cr-ha-partido-a-la-casa-del-padre\/#primaryimage"},"image":{"@id":"https:\/\/teatinos.org\/fr\/el-p-ricardo-anibal-linares-cr-ha-partido-a-la-casa-del-padre\/#primaryimage"},"thumbnailUrl":"https:\/\/teatinos.org\/wp-content\/uploads\/2026\/09\/Fallecimiento-P-Linares-CR-Sep-26.png","datePublished":"2026-09-02T14:55:04+00:00","dateModified":"2026-09-02T14:58:24+00:00","author":{"@id":"https:\/\/teatinos.org\/pt-br\/#\/schema\/person\/10193cb8ac6f163661033cf7ce9006a5"},"breadcrumb":{"@id":"https:\/\/teatinos.org\/fr\/el-p-ricardo-anibal-linares-cr-ha-partido-a-la-casa-del-padre\/#breadcrumb"},"inLanguage":"fr-FR","potentialAction":[{"@type":"ReadAction","target":["https:\/\/teatinos.org\/fr\/el-p-ricardo-anibal-linares-cr-ha-partido-a-la-casa-del-padre\/"]}]},{"@type":"ImageObject","inLanguage":"fr-FR","@id":"https:\/\/teatinos.org\/fr\/el-p-ricardo-anibal-linares-cr-ha-partido-a-la-casa-del-padre\/#primaryimage","url":"https:\/\/teatinos.org\/wp-content\/uploads\/2026\/09\/Fallecimiento-P-Linares-CR-Sep-26.png","contentUrl":"https:\/\/teatinos.org\/wp-content\/uploads\/2026\/09\/Fallecimiento-P-Linares-CR-Sep-26.png","width":1080,"height":1080},{"@type":"BreadcrumbList","@id":"https:\/\/teatinos.org\/fr\/el-p-ricardo-anibal-linares-cr-ha-partido-a-la-casa-del-padre\/#breadcrumb","itemListElement":[{"@type":"ListItem","position":1,"name":"Portada","item":"https:\/\/teatinos.org\/fr\/"},{"@type":"ListItem","position":2,"name":"Le P. Ricardo An\u00edbal Linares, CR, est retourn\u00e9 \u00e0 la Maison du P\u00e8re"}]},{"@type":"WebSite","@id":"https:\/\/teatinos.org\/pt-br\/#website","url":"https:\/\/teatinos.org\/pt-br\/","name":"Teatinos","description":"Orden de Cl\u00e9rigos Regulares","potentialAction":[{"@type":"SearchAction","target":{"@type":"EntryPoint","urlTemplate":"https:\/\/teatinos.org\/pt-br\/?s={search_term_string}"},"query-input":{"@type":"PropertyValueSpecification","valueRequired":true,"valueName":"search_term_string"}}],"inLanguage":"fr-FR"},{"@type":"Person","@id":"https:\/\/teatinos.org\/pt-br\/#\/schema\/person\/10193cb8ac6f163661033cf7ce9006a5","name":"Community Manager","url":"https:\/\/teatinos.org\/fr\/author\/pascual\/"}]}},"rttpg_featured_image_url":{"full":["https:\/\/teatinos.org\/wp-content\/uploads\/2026\/09\/Fallecimiento-P-Linares-CR-Sep-26.png",1080,1080,false],"landscape":["https:\/\/teatinos.org\/wp-content\/uploads\/2026\/09\/Fallecimiento-P-Linares-CR-Sep-26.png",1080,1080,false],"portraits":["https:\/\/teatinos.org\/wp-content\/uploads\/2026\/09\/Fallecimiento-P-Linares-CR-Sep-26.png",1080,1080,false],"thumbnail":["https:\/\/teatinos.org\/wp-content\/uploads\/2026\/09\/Fallecimiento-P-Linares-CR-Sep-26-150x150.png",150,150,true],"medium":["https:\/\/teatinos.org\/wp-content\/uploads\/2026\/09\/Fallecimiento-P-Linares-CR-Sep-26-300x300.png",300,300,true],"large":["https:\/\/teatinos.org\/wp-content\/uploads\/2026\/09\/Fallecimiento-P-Linares-CR-Sep-26-1024x1024.png",1000,1000,true],"1536x1536":["https:\/\/teatinos.org\/wp-content\/uploads\/2026\/09\/Fallecimiento-P-Linares-CR-Sep-26.png",1080,1080,false],"2048x2048":["https:\/\/teatinos.org\/wp-content\/uploads\/2026\/09\/Fallecimiento-P-Linares-CR-Sep-26.png",1080,1080,false]},"rttpg_author":{"display_name":"Community Manager","author_link":"https:\/\/teatinos.org\/fr\/author\/pascual\/"},"rttpg_comment":0,"rttpg_category":"<a href=\"https:\/\/teatinos.org\/fr\/category\/actualite\/\" rel=\"category tag\">Actualit\u00e9<\/a>","rttpg_excerpt":"C\u2019est avec une profonde tristesse, mais soutenus par l\u2019esp\u00e9rance chr\u00e9tienne en la R\u00e9surrection, que l\u2019Ordre des Clercs R\u00e9guliers Th\u00e9atins annonce le d\u00e9c\u00e8s de notre fr\u00e8re P. Ricardo An\u00edbal Linares, CR (1964\u20132026). Son d\u00e9part nous invite avant tout \u00e0 rendre gr\u00e2ce \u00e0 Dieu pour le don de sa vie, pour sa\u2026","_links":{"self":[{"href":"https:\/\/teatinos.org\/fr\/wp-json\/wp\/v2\/posts\/22730","targetHints":{"allow":["GET"]}}],"collection":[{"href":"https:\/\/teatinos.org\/fr\/wp-json\/wp\/v2\/posts"}],"about":[{"href":"https:\/\/teatinos.org\/fr\/wp-json\/wp\/v2\/types\/post"}],"author":[{"embeddable":true,"href":"https:\/\/teatinos.org\/fr\/wp-json\/wp\/v2\/users\/5"}],"replies":[{"embeddable":true,"href":"https:\/\/teatinos.org\/fr\/wp-json\/wp\/v2\/comments?post=22730"}],"version-history":[{"count":1,"href":"https:\/\/teatinos.org\/fr\/wp-json\/wp\/v2\/posts\/22730\/revisions"}],"predecessor-version":[{"id":22736,"href":"https:\/\/teatinos.org\/fr\/wp-json\/wp\/v2\/posts\/22730\/revisions\/22736"}],"wp:featuredmedia":[{"embeddable":true,"href":"https:\/\/teatinos.org\/fr\/wp-json\/wp\/v2\/media\/22720"}],"wp:attachment":[{"href":"https:\/\/teatinos.org\/fr\/wp-json\/wp\/v2\/media?parent=22730"}],"wp:term":[{"taxonomy":"category","embeddable":true,"href":"https:\/\/teatinos.org\/fr\/wp-json\/wp\/v2\/categories?post=22730"},{"taxonomy":"post_tag","embeddable":true,"href":"https:\/\/teatinos.org\/fr\/wp-json\/wp\/v2\/tags?post=22730"}],"curies":[{"name":"wp","href":"https:\/\/api.w.org\/{rel}","templated":true}]}}