{"id":20901,"date":"2025-11-18T20:04:49","date_gmt":"2025-11-18T20:04:49","guid":{"rendered":"https:\/\/teatinos.org\/visita-del-preposito-general-teatino-a-malta\/"},"modified":"2025-11-18T20:10:27","modified_gmt":"2025-11-18T20:10:27","slug":"visita-del-preposito-general-teatino-a-malta","status":"publish","type":"post","link":"https:\/\/teatinos.org\/fr\/visita-del-preposito-general-teatino-a-malta\/","title":{"rendered":"Visite du Pr\u00e9pos\u00e9 G\u00e9n\u00e9ral Th\u00e9atin \u00e0 Malte"},"content":{"rendered":"<p data-start=\"6093\" data-end=\"6505\">L\u2019Ordre Th\u00e9atin annonce avec joie la visite officielle du Pr\u00e9pos\u00e9 G\u00e9n\u00e9ral des Clercs R\u00e9guliers Th\u00e9atins, le Tr\u00e8s R\u00e9v\u00e9rend P\u00e8re Salvador Rodea Gonz\u00e1lez, C.R., sur l\u2019\u00eele de Malte au mois de novembre 2025. Sa pr\u00e9sence a constitu\u00e9 un moment de gr\u00e2ce et de communion pour nos communaut\u00e9s, dans la continuit\u00e9 de la mission \u00e9vang\u00e9lisatrice que les fils de saint Ga\u00ebtan accomplissent dans diverses r\u00e9gions du monde.<\/p>\n<p data-start=\"6507\" data-end=\"6913\">Au cours de son s\u00e9jour, le Pr\u00e9pos\u00e9 G\u00e9n\u00e9ral a particip\u00e9 \u00e0 plusieurs rencontres pastorales et liturgiques dans diff\u00e9rentes paroisses et sanctuaires maltais. Parmi les moments les plus significatifs, on rel\u00e8ve la remise solennelle d\u2019une relique authentique de saint Ga\u00ebtan, geste qui renforce la d\u00e9votion envers notre saint fondateur et renouvelle le lien spirituel entre l\u2019Ordre Th\u00e9atin et le peuple maltais.<\/p>\n<p data-start=\"6915\" data-end=\"7404\">Le programme comprenait des conf\u00e9rences d\u00e9di\u00e9es \u00e0 la vie, \u00e0 la spiritualit\u00e9 et \u00e0 la diffusion du culte de saint Ga\u00ebtan \u00e0 Malte et en Europe ; des c\u00e9l\u00e9brations eucharistiques pr\u00e9sid\u00e9es par le Pr\u00e9pos\u00e9 G\u00e9n\u00e9ral ; des moments de pri\u00e8re communautaire ; ainsi que des rencontres avec les fid\u00e8les, les pr\u00eatres et les religieux. Dans la ville de ?abbar s\u2019est tenue la c\u00e9r\u00e9monie officielle de donation de la relique, accompagn\u00e9e d\u2019un temps de r\u00e9flexion et de pri\u00e8re devant la figure de saint Ga\u00ebtan.<\/p>\n<p data-start=\"7406\" data-end=\"7767\">La pr\u00e9sence du Pr\u00e9pos\u00e9 G\u00e9n\u00e9ral \u00e0 Malte a \u00e9t\u00e9 accueillie avec un sinc\u00e8re enthousiasme par les communaut\u00e9s locales, qui ont exprim\u00e9 leur gratitude pour ce geste de proximit\u00e9 et de communion. La visite a renforc\u00e9 la mission charismatique de l\u2019Ordre et renouvel\u00e9 l\u2019appel \u00e0 vivre avec une confiance plus profonde en la Divine Providence, \u00e0 l\u2019exemple de saint Ga\u00ebtan.<\/p>\n<p data-start=\"7769\" data-end=\"8100\">L\u2019Ordre Th\u00e9atin remercie toutes les paroisses, sanctuaires, institutions eccl\u00e9siales et fid\u00e8les qui ont particip\u00e9 et collabor\u00e9 durant ces jours de rencontre et de pri\u00e8re. Que l\u2019intercession de saint Ga\u00ebtan continue d\u2019accompagner la vie de l\u2019\u00c9glise \u00e0 Malte et de tous ceux qui souhaitent vivre leur foi avec d\u00e9vouement et esp\u00e9rance.<\/p>\n<p data-start=\"1909\" data-end=\"2234\"><a href=\"https:\/\/teatinos.org\/wp-content\/uploads\/2025\/11\/PHOTO-2025-11-17-12-42-45.jpg\"><img loading=\"lazy\" decoding=\"async\" class=\"alignnone size-full wp-image-20689\" src=\"https:\/\/teatinos.org\/wp-content\/uploads\/2025\/11\/PHOTO-2025-11-17-12-42-45.jpg\" alt=\"\" width=\"2048\" height=\"1536\" \/><\/a><a href=\"https:\/\/teatinos.org\/wp-content\/uploads\/2025\/11\/PHOTO-2025-11-17-12-42-52.jpg\"><img loading=\"lazy\" decoding=\"async\" class=\"alignnone size-full wp-image-20694\" src=\"https:\/\/teatinos.org\/wp-content\/uploads\/2025\/11\/PHOTO-2025-11-17-12-42-52.jpg\" alt=\"\" width=\"2048\" height=\"1536\" \/><\/a><a href=\"https:\/\/teatinos.org\/wp-content\/uploads\/2025\/11\/PHOTO-2025-11-17-12-43-01.jpg\"><img loading=\"lazy\" decoding=\"async\" class=\"alignnone size-full wp-image-20699\" src=\"https:\/\/teatinos.org\/wp-content\/uploads\/2025\/11\/PHOTO-2025-11-17-12-43-01.jpg\" alt=\"\" width=\"1536\" height=\"2040\" \/><\/a><a href=\"https:\/\/teatinos.org\/wp-content\/uploads\/2025\/11\/PHOTO-2025-11-17-12-43-04.jpg\"><img loading=\"lazy\" decoding=\"async\" class=\"alignnone size-full wp-image-20709\" src=\"https:\/\/teatinos.org\/wp-content\/uploads\/2025\/11\/PHOTO-2025-11-17-12-43-04.jpg\" alt=\"\" width=\"2040\" height=\"1536\" \/><\/a><a href=\"https:\/\/teatinos.org\/wp-content\/uploads\/2025\/11\/PHOTO-2025-11-17-12-43-05.jpg\"><img loading=\"lazy\" decoding=\"async\" class=\"alignnone size-full wp-image-20714\" src=\"https:\/\/teatinos.org\/wp-content\/uploads\/2025\/11\/PHOTO-2025-11-17-12-43-05.jpg\" alt=\"\" width=\"1536\" height=\"2048\" \/><\/a><a href=\"https:\/\/teatinos.org\/wp-content\/uploads\/2025\/11\/PHOTO-2025-11-17-12-43-06.jpg\"><img loading=\"lazy\" decoding=\"async\" class=\"alignnone size-full wp-image-20719\" src=\"https:\/\/teatinos.org\/wp-content\/uploads\/2025\/11\/PHOTO-2025-11-17-12-43-06.jpg\" alt=\"\" width=\"2048\" height=\"1536\" \/><\/a><a href=\"https:\/\/teatinos.org\/wp-content\/uploads\/2025\/11\/PHOTO-2025-11-17-12-43-08.jpg\"><img loading=\"lazy\" decoding=\"async\" class=\"alignnone size-full wp-image-20724\" src=\"https:\/\/teatinos.org\/wp-content\/uploads\/2025\/11\/PHOTO-2025-11-17-12-43-08.jpg\" alt=\"\" width=\"1536\" height=\"2048\" \/><\/a><a href=\"https:\/\/teatinos.org\/wp-content\/uploads\/2025\/11\/PHOTO-2025-11-17-12-43-15.jpg\"><img loading=\"lazy\" decoding=\"async\" class=\"alignnone size-full wp-image-20729\" src=\"https:\/\/teatinos.org\/wp-content\/uploads\/2025\/11\/PHOTO-2025-11-17-12-43-15.jpg\" alt=\"\" width=\"1536\" height=\"2048\" \/><\/a><a href=\"https:\/\/teatinos.org\/wp-content\/uploads\/2025\/11\/PHOTO-2025-11-17-12-43-20.jpg\"><img loading=\"lazy\" decoding=\"async\" class=\"alignnone size-full wp-image-20734\" src=\"https:\/\/teatinos.org\/wp-content\/uploads\/2025\/11\/PHOTO-2025-11-17-12-43-20.jpg\" alt=\"\" width=\"2048\" height=\"1536\" \/><\/a><a href=\"https:\/\/teatinos.org\/wp-content\/uploads\/2025\/11\/PHOTO-2025-11-17-12-43-22.jpg\"><img loading=\"lazy\" decoding=\"async\" class=\"alignnone size-full wp-image-20739\" src=\"https:\/\/teatinos.org\/wp-content\/uploads\/2025\/11\/PHOTO-2025-11-17-12-43-22.jpg\" alt=\"\" width=\"1536\" height=\"2040\" \/><\/a><a href=\"https:\/\/teatinos.org\/wp-content\/uploads\/2025\/11\/PHOTO-2025-11-17-12-43-23.jpg\"><img loading=\"lazy\" decoding=\"async\" class=\"alignnone size-full wp-image-20744\" src=\"https:\/\/teatinos.org\/wp-content\/uploads\/2025\/11\/PHOTO-2025-11-17-12-43-23.jpg\" alt=\"\" width=\"1536\" height=\"2040\" \/><\/a><a href=\"https:\/\/teatinos.org\/wp-content\/uploads\/2025\/11\/PHOTO-2025-11-17-12-43-24.jpg\"><img loading=\"lazy\" decoding=\"async\" class=\"alignnone size-full wp-image-20749\" src=\"https:\/\/teatinos.org\/wp-content\/uploads\/2025\/11\/PHOTO-2025-11-17-12-43-24.jpg\" alt=\"\" width=\"1536\" height=\"2048\" \/><\/a><a href=\"https:\/\/teatinos.org\/wp-content\/uploads\/2025\/11\/PHOTO-2025-11-17-12-43-26.jpg\"><img loading=\"lazy\" decoding=\"async\" class=\"alignnone size-full wp-image-20759\" src=\"https:\/\/teatinos.org\/wp-content\/uploads\/2025\/11\/PHOTO-2025-11-17-12-43-26.jpg\" alt=\"\" width=\"2048\" height=\"1536\" \/><\/a><a href=\"https:\/\/teatinos.org\/wp-content\/uploads\/2025\/11\/PHOTO-2025-11-17-12-43-27.jpg\"><img loading=\"lazy\" decoding=\"async\" class=\"alignnone size-full wp-image-20764\" src=\"https:\/\/teatinos.org\/wp-content\/uploads\/2025\/11\/PHOTO-2025-11-17-12-43-27.jpg\" alt=\"\" width=\"2048\" height=\"1536\" \/><\/a><a href=\"https:\/\/teatinos.org\/wp-content\/uploads\/2025\/11\/PHOTO-2025-11-17-12-43-28.jpg\"><img loading=\"lazy\" decoding=\"async\" class=\"alignnone size-full wp-image-20769\" src=\"https:\/\/teatinos.org\/wp-content\/uploads\/2025\/11\/PHOTO-2025-11-17-12-43-28.jpg\" alt=\"\" width=\"2048\" height=\"1536\" \/><\/a><a href=\"https:\/\/teatinos.org\/wp-content\/uploads\/2025\/11\/PHOTO-2025-11-17-12-43-29.jpg\"><img loading=\"lazy\" decoding=\"async\" class=\"alignnone size-full wp-image-20774\" src=\"https:\/\/teatinos.org\/wp-content\/uploads\/2025\/11\/PHOTO-2025-11-17-12-43-29.jpg\" alt=\"\" width=\"2048\" height=\"1536\" \/><\/a><a href=\"https:\/\/teatinos.org\/wp-content\/uploads\/2025\/11\/PHOTO-2025-11-17-12-43-30.jpg\"><img loading=\"lazy\" decoding=\"async\" class=\"alignnone size-full wp-image-20779\" src=\"https:\/\/teatinos.org\/wp-content\/uploads\/2025\/11\/PHOTO-2025-11-17-12-43-30.jpg\" alt=\"\" width=\"1420\" height=\"2048\" \/><\/a><a href=\"https:\/\/teatinos.org\/wp-content\/uploads\/2025\/11\/PHOTO-2025-11-17-12-43-31-2.jpg\"><img loading=\"lazy\" decoding=\"async\" class=\"alignnone size-full wp-image-20784\" src=\"https:\/\/teatinos.org\/wp-content\/uploads\/2025\/11\/PHOTO-2025-11-17-12-43-31-2.jpg\" alt=\"\" width=\"1536\" height=\"2048\" \/><\/a><a href=\"https:\/\/teatinos.org\/wp-content\/uploads\/2025\/11\/PHOTO-2025-11-17-12-43-31.jpg\"><img loading=\"lazy\" decoding=\"async\" class=\"alignnone size-full wp-image-20789\" src=\"https:\/\/teatinos.org\/wp-content\/uploads\/2025\/11\/PHOTO-2025-11-17-12-43-31.jpg\" alt=\"\" width=\"1536\" height=\"2048\" \/><\/a><a href=\"https:\/\/teatinos.org\/wp-content\/uploads\/2025\/11\/PHOTO-2025-11-17-12-43-32.jpg\"><img loading=\"lazy\" decoding=\"async\" class=\"alignnone size-full wp-image-20794\" src=\"https:\/\/teatinos.org\/wp-content\/uploads\/2025\/11\/PHOTO-2025-11-17-12-43-32.jpg\" alt=\"\" width=\"2048\" height=\"1536\" \/><\/a><a href=\"https:\/\/teatinos.org\/wp-content\/uploads\/2025\/11\/PHOTO-2025-11-17-12-43-33-2.jpg\"><img loading=\"lazy\" decoding=\"async\" class=\"alignnone size-full wp-image-20799\" src=\"https:\/\/teatinos.org\/wp-content\/uploads\/2025\/11\/PHOTO-2025-11-17-12-43-33-2.jpg\" alt=\"\" width=\"1536\" height=\"2048\" \/><\/a><a href=\"https:\/\/teatinos.org\/wp-content\/uploads\/2025\/11\/PHOTO-2025-11-17-12-43-33.jpg\"><img loading=\"lazy\" decoding=\"async\" class=\"alignnone size-full wp-image-20804\" src=\"https:\/\/teatinos.org\/wp-content\/uploads\/2025\/11\/PHOTO-2025-11-17-12-43-33.jpg\" alt=\"\" width=\"1536\" height=\"2048\" \/><\/a><a href=\"https:\/\/teatinos.org\/wp-content\/uploads\/2025\/11\/PHOTO-2025-11-17-12-43-34.jpg\"><img loading=\"lazy\" decoding=\"async\" class=\"alignnone size-full wp-image-20809\" src=\"https:\/\/teatinos.org\/wp-content\/uploads\/2025\/11\/PHOTO-2025-11-17-12-43-34.jpg\" alt=\"\" width=\"1536\" height=\"2048\" \/><\/a><a href=\"https:\/\/teatinos.org\/wp-content\/uploads\/2025\/11\/PHOTO-2025-11-17-12-43-35.jpg\"><img loading=\"lazy\" decoding=\"async\" class=\"alignnone size-full wp-image-20814\" src=\"https:\/\/teatinos.org\/wp-content\/uploads\/2025\/11\/PHOTO-2025-11-17-12-43-35.jpg\" alt=\"\" width=\"2040\" height=\"1536\" \/><\/a><a href=\"https:\/\/teatinos.org\/wp-content\/uploads\/2025\/11\/PHOTO-2025-11-17-12-43-36.jpg\"><img loading=\"lazy\" decoding=\"async\" class=\"alignnone size-full wp-image-20819\" src=\"https:\/\/teatinos.org\/wp-content\/uploads\/2025\/11\/PHOTO-2025-11-17-12-43-36.jpg\" alt=\"\" width=\"2048\" height=\"1536\" \/><\/a><a href=\"https:\/\/teatinos.org\/wp-content\/uploads\/2025\/11\/PHOTO-2025-11-17-12-43-37.jpg\"><img loading=\"lazy\" decoding=\"async\" class=\"alignnone size-full wp-image-20824\" src=\"https:\/\/teatinos.org\/wp-content\/uploads\/2025\/11\/PHOTO-2025-11-17-12-43-37.jpg\" alt=\"\" width=\"2048\" height=\"1536\" \/><\/a><a href=\"https:\/\/teatinos.org\/wp-content\/uploads\/2025\/11\/PHOTO-2025-11-17-12-43-41.jpg\"><img loading=\"lazy\" decoding=\"async\" class=\"alignnone size-full wp-image-20834\" src=\"https:\/\/teatinos.org\/wp-content\/uploads\/2025\/11\/PHOTO-2025-11-17-12-43-41.jpg\" alt=\"\" width=\"1536\" height=\"2048\" \/><\/a><a href=\"https:\/\/teatinos.org\/wp-content\/uploads\/2025\/11\/PHOTO-2025-11-17-12-43-43.jpg\"><img loading=\"lazy\" decoding=\"async\" class=\"alignnone size-full wp-image-20839\" src=\"https:\/\/teatinos.org\/wp-content\/uploads\/2025\/11\/PHOTO-2025-11-17-12-43-43.jpg\" alt=\"\" width=\"1536\" height=\"2048\" \/><\/a><a href=\"https:\/\/teatinos.org\/wp-content\/uploads\/2025\/11\/PHOTO-2025-11-17-12-43-52.jpg\"><img loading=\"lazy\" decoding=\"async\" class=\"alignnone size-full wp-image-20844\" src=\"https:\/\/teatinos.org\/wp-content\/uploads\/2025\/11\/PHOTO-2025-11-17-12-43-52.jpg\" alt=\"\" width=\"2048\" height=\"1536\" \/><\/a><a href=\"https:\/\/teatinos.org\/wp-content\/uploads\/2025\/11\/PHOTO-2025-11-17-12-43-55.jpg\"><img loading=\"lazy\" decoding=\"async\" class=\"alignnone size-full wp-image-20849\" src=\"https:\/\/teatinos.org\/wp-content\/uploads\/2025\/11\/PHOTO-2025-11-17-12-43-55.jpg\" alt=\"\" width=\"2048\" height=\"1536\" \/><\/a><a href=\"https:\/\/teatinos.org\/wp-content\/uploads\/2025\/11\/PHOTO-2025-11-17-12-43-59.jpg\"><img loading=\"lazy\" decoding=\"async\" class=\"alignnone size-full wp-image-20854\" src=\"https:\/\/teatinos.org\/wp-content\/uploads\/2025\/11\/PHOTO-2025-11-17-12-43-59.jpg\" alt=\"\" width=\"1536\" height=\"2048\" \/><\/a><a href=\"https:\/\/teatinos.org\/wp-content\/uploads\/2025\/11\/PHOTO-2025-11-17-12-44-01.jpg\"><img loading=\"lazy\" decoding=\"async\" class=\"alignnone size-full wp-image-20859\" src=\"https:\/\/teatinos.org\/wp-content\/uploads\/2025\/11\/PHOTO-2025-11-17-12-44-01.jpg\" alt=\"\" width=\"1536\" height=\"2048\" \/><\/a><a href=\"https:\/\/teatinos.org\/wp-content\/uploads\/2025\/11\/PHOTO-2025-11-17-12-45-03.jpg\"><img loading=\"lazy\" decoding=\"async\" class=\"alignnone size-full wp-image-20864\" src=\"https:\/\/teatinos.org\/wp-content\/uploads\/2025\/11\/PHOTO-2025-11-17-12-45-03.jpg\" alt=\"\" width=\"2048\" height=\"1834\" \/><\/a><a href=\"https:\/\/teatinos.org\/wp-content\/uploads\/2025\/11\/PHOTO-2025-11-17-12-45-05.jpg\"><img loading=\"lazy\" decoding=\"async\" class=\"alignnone size-full wp-image-20869\" src=\"https:\/\/teatinos.org\/wp-content\/uploads\/2025\/11\/PHOTO-2025-11-17-12-45-05.jpg\" alt=\"\" width=\"2048\" height=\"1536\" \/><\/a><a href=\"https:\/\/teatinos.org\/wp-content\/uploads\/2025\/11\/PHOTO-2025-11-17-12-45-07.jpg\"><img loading=\"lazy\" decoding=\"async\" class=\"alignnone size-full wp-image-20874\" src=\"https:\/\/teatinos.org\/wp-content\/uploads\/2025\/11\/PHOTO-2025-11-17-12-45-07.jpg\" alt=\"\" width=\"1536\" height=\"2048\" \/><\/a><a href=\"https:\/\/teatinos.org\/wp-content\/uploads\/2025\/11\/PHOTO-2025-11-17-12-45-09.jpg\"><img loading=\"lazy\" decoding=\"async\" class=\"alignnone size-full wp-image-20879\" src=\"https:\/\/teatinos.org\/wp-content\/uploads\/2025\/11\/PHOTO-2025-11-17-12-45-09.jpg\" alt=\"\" width=\"2048\" height=\"1536\" \/><\/a><a href=\"https:\/\/teatinos.org\/wp-content\/uploads\/2025\/11\/PHOTO-2025-11-17-12-45-11.jpg\"><img loading=\"lazy\" decoding=\"async\" class=\"alignnone size-full wp-image-20884\" src=\"https:\/\/teatinos.org\/wp-content\/uploads\/2025\/11\/PHOTO-2025-11-17-12-45-11.jpg\" alt=\"\" width=\"2048\" height=\"1536\" \/><\/a><a href=\"https:\/\/teatinos.org\/wp-content\/uploads\/2025\/11\/PHOTO-2025-11-17-12-45-20.jpg\"><img loading=\"lazy\" decoding=\"async\" class=\"alignnone size-full wp-image-20894\" src=\"https:\/\/teatinos.org\/wp-content\/uploads\/2025\/11\/PHOTO-2025-11-17-12-45-20.jpg\" alt=\"\" width=\"2048\" height=\"1536\" \/><\/a><\/p>\n","protected":false},"excerpt":{"rendered":"<p>L\u2019Ordre Th\u00e9atin annonce avec joie la visite officielle du Pr\u00e9pos\u00e9 G\u00e9n\u00e9ral des Clercs R\u00e9guliers Th\u00e9atins, le Tr\u00e8s R\u00e9v\u00e9rend P\u00e8re Salvador Rodea Gonz\u00e1lez, C.R., sur l\u2019\u00eele de Malte au mois de novembre 2025. Sa pr\u00e9sence a constitu\u00e9 un moment de gr\u00e2ce et de communion pour nos communaut\u00e9s, dans la continuit\u00e9 de\u2026<\/p>\n","protected":false},"author":5,"featured_media":20686,"comment_status":"closed","ping_status":"open","sticky":false,"template":"","format":"standard","meta":{"_acf_changed":false,"footnotes":"","_links_to":"","_links_to_target":""},"categories":[96],"tags":[],"class_list":["post-20901","post","type-post","status-publish","format-standard","has-post-thumbnail","hentry","category-actualite"],"acf":[],"yoast_head":"<!-- This site is optimized with the Yoast SEO plugin v23.5 - https:\/\/yoast.com\/wordpress\/plugins\/seo\/ -->\n<title>Visite du Pr\u00e9pos\u00e9 G\u00e9n\u00e9ral Th\u00e9atin \u00e0 Malte - Teatinos<\/title>\n<meta name=\"robots\" content=\"index, follow, max-snippet:-1, max-image-preview:large, max-video-preview:-1\" \/>\n<link rel=\"canonical\" href=\"https:\/\/teatinos.org\/fr\/visita-del-preposito-general-teatino-a-malta\/\" \/>\n<meta property=\"og:locale\" content=\"fr_FR\" \/>\n<meta property=\"og:type\" content=\"article\" \/>\n<meta property=\"og:title\" content=\"Visite du Pr\u00e9pos\u00e9 G\u00e9n\u00e9ral Th\u00e9atin \u00e0 Malte - Teatinos\" \/>\n<meta property=\"og:description\" content=\"L\u2019Ordre Th\u00e9atin annonce avec joie la visite officielle du Pr\u00e9pos\u00e9 G\u00e9n\u00e9ral des Clercs R\u00e9guliers Th\u00e9atins, le Tr\u00e8s R\u00e9v\u00e9rend P\u00e8re Salvador Rodea Gonz\u00e1lez, C.R., sur l\u2019\u00eele de Malte au mois de novembre 2025. Sa pr\u00e9sence a constitu\u00e9 un moment de gr\u00e2ce et de communion pour nos communaut\u00e9s, dans la continuit\u00e9 de\u2026\" \/>\n<meta property=\"og:url\" content=\"https:\/\/teatinos.org\/fr\/visita-del-preposito-general-teatino-a-malta\/\" \/>\n<meta property=\"og:site_name\" content=\"Teatinos\" \/>\n<meta property=\"article:published_time\" content=\"2025-11-18T20:04:49+00:00\" \/>\n<meta property=\"article:modified_time\" content=\"2025-11-18T20:10:27+00:00\" \/>\n<meta property=\"og:image\" content=\"https:\/\/teatinos.org\/wp-content\/uploads\/2025\/11\/PG-en-Malta-Nov-25.png\" \/>\n\t<meta property=\"og:image:width\" content=\"1080\" \/>\n\t<meta property=\"og:image:height\" content=\"1080\" \/>\n\t<meta property=\"og:image:type\" content=\"image\/png\" \/>\n<meta name=\"author\" content=\"Community Manager\" \/>\n<meta name=\"twitter:card\" content=\"summary_large_image\" \/>\n<meta name=\"twitter:label1\" content=\"\u00c9crit par\" \/>\n\t<meta name=\"twitter:data1\" content=\"Community Manager\" \/>\n\t<meta name=\"twitter:label2\" content=\"Dur\u00e9e de lecture estim\u00e9e\" \/>\n\t<meta name=\"twitter:data2\" content=\"10 minutes\" \/>\n<script type=\"application\/ld+json\" class=\"yoast-schema-graph\">{\"@context\":\"https:\/\/schema.org\",\"@graph\":[{\"@type\":\"WebPage\",\"@id\":\"https:\/\/teatinos.org\/fr\/visita-del-preposito-general-teatino-a-malta\/\",\"url\":\"https:\/\/teatinos.org\/fr\/visita-del-preposito-general-teatino-a-malta\/\",\"name\":\"Visite du Pr\u00e9pos\u00e9 G\u00e9n\u00e9ral Th\u00e9atin \u00e0 Malte - Teatinos\",\"isPartOf\":{\"@id\":\"https:\/\/teatinos.org\/pt-br\/#website\"},\"primaryImageOfPage\":{\"@id\":\"https:\/\/teatinos.org\/fr\/visita-del-preposito-general-teatino-a-malta\/#primaryimage\"},\"image\":{\"@id\":\"https:\/\/teatinos.org\/fr\/visita-del-preposito-general-teatino-a-malta\/#primaryimage\"},\"thumbnailUrl\":\"https:\/\/teatinos.org\/wp-content\/uploads\/2025\/11\/PG-en-Malta-Nov-25.png\",\"datePublished\":\"2025-11-18T20:04:49+00:00\",\"dateModified\":\"2025-11-18T20:10:27+00:00\",\"author\":{\"@id\":\"https:\/\/teatinos.org\/pt-br\/#\/schema\/person\/10193cb8ac6f163661033cf7ce9006a5\"},\"breadcrumb\":{\"@id\":\"https:\/\/teatinos.org\/fr\/visita-del-preposito-general-teatino-a-malta\/#breadcrumb\"},\"inLanguage\":\"fr-FR\",\"potentialAction\":[{\"@type\":\"ReadAction\",\"target\":[\"https:\/\/teatinos.org\/fr\/visita-del-preposito-general-teatino-a-malta\/\"]}]},{\"@type\":\"ImageObject\",\"inLanguage\":\"fr-FR\",\"@id\":\"https:\/\/teatinos.org\/fr\/visita-del-preposito-general-teatino-a-malta\/#primaryimage\",\"url\":\"https:\/\/teatinos.org\/wp-content\/uploads\/2025\/11\/PG-en-Malta-Nov-25.png\",\"contentUrl\":\"https:\/\/teatinos.org\/wp-content\/uploads\/2025\/11\/PG-en-Malta-Nov-25.png\",\"width\":1080,\"height\":1080},{\"@type\":\"BreadcrumbList\",\"@id\":\"https:\/\/teatinos.org\/fr\/visita-del-preposito-general-teatino-a-malta\/#breadcrumb\",\"itemListElement\":[{\"@type\":\"ListItem\",\"position\":1,\"name\":\"Portada\",\"item\":\"https:\/\/teatinos.org\/fr\/\"},{\"@type\":\"ListItem\",\"position\":2,\"name\":\"Visite du Pr\u00e9pos\u00e9 G\u00e9n\u00e9ral Th\u00e9atin \u00e0 Malte\"}]},{\"@type\":\"WebSite\",\"@id\":\"https:\/\/teatinos.org\/pt-br\/#website\",\"url\":\"https:\/\/teatinos.org\/pt-br\/\",\"name\":\"Teatinos\",\"description\":\"Orden de Cl\u00e9rigos Regulares\",\"potentialAction\":[{\"@type\":\"SearchAction\",\"target\":{\"@type\":\"EntryPoint\",\"urlTemplate\":\"https:\/\/teatinos.org\/pt-br\/?s={search_term_string}\"},\"query-input\":{\"@type\":\"PropertyValueSpecification\",\"valueRequired\":true,\"valueName\":\"search_term_string\"}}],\"inLanguage\":\"fr-FR\"},{\"@type\":\"Person\",\"@id\":\"https:\/\/teatinos.org\/pt-br\/#\/schema\/person\/10193cb8ac6f163661033cf7ce9006a5\",\"name\":\"Community Manager\",\"url\":\"https:\/\/teatinos.org\/fr\/author\/pascual\/\"}]}<\/script>\n<!-- \/ Yoast SEO plugin. -->","yoast_head_json":{"title":"Visite du Pr\u00e9pos\u00e9 G\u00e9n\u00e9ral Th\u00e9atin \u00e0 Malte - Teatinos","robots":{"index":"index","follow":"follow","max-snippet":"max-snippet:-1","max-image-preview":"max-image-preview:large","max-video-preview":"max-video-preview:-1"},"canonical":"https:\/\/teatinos.org\/fr\/visita-del-preposito-general-teatino-a-malta\/","og_locale":"fr_FR","og_type":"article","og_title":"Visite du Pr\u00e9pos\u00e9 G\u00e9n\u00e9ral Th\u00e9atin \u00e0 Malte - Teatinos","og_description":"L\u2019Ordre Th\u00e9atin annonce avec joie la visite officielle du Pr\u00e9pos\u00e9 G\u00e9n\u00e9ral des Clercs R\u00e9guliers Th\u00e9atins, le Tr\u00e8s R\u00e9v\u00e9rend P\u00e8re Salvador Rodea Gonz\u00e1lez, C.R., sur l\u2019\u00eele de Malte au mois de novembre 2025. Sa pr\u00e9sence a constitu\u00e9 un moment de gr\u00e2ce et de communion pour nos communaut\u00e9s, dans la continuit\u00e9 de\u2026","og_url":"https:\/\/teatinos.org\/fr\/visita-del-preposito-general-teatino-a-malta\/","og_site_name":"Teatinos","article_published_time":"2025-11-18T20:04:49+00:00","article_modified_time":"2025-11-18T20:10:27+00:00","og_image":[{"width":1080,"height":1080,"url":"https:\/\/teatinos.org\/wp-content\/uploads\/2025\/11\/PG-en-Malta-Nov-25.png","type":"image\/png"}],"author":"Community Manager","twitter_card":"summary_large_image","twitter_misc":{"\u00c9crit par":"Community Manager","Dur\u00e9e de lecture estim\u00e9e":"10 minutes"},"schema":{"@context":"https:\/\/schema.org","@graph":[{"@type":"WebPage","@id":"https:\/\/teatinos.org\/fr\/visita-del-preposito-general-teatino-a-malta\/","url":"https:\/\/teatinos.org\/fr\/visita-del-preposito-general-teatino-a-malta\/","name":"Visite du Pr\u00e9pos\u00e9 G\u00e9n\u00e9ral Th\u00e9atin \u00e0 Malte - Teatinos","isPartOf":{"@id":"https:\/\/teatinos.org\/pt-br\/#website"},"primaryImageOfPage":{"@id":"https:\/\/teatinos.org\/fr\/visita-del-preposito-general-teatino-a-malta\/#primaryimage"},"image":{"@id":"https:\/\/teatinos.org\/fr\/visita-del-preposito-general-teatino-a-malta\/#primaryimage"},"thumbnailUrl":"https:\/\/teatinos.org\/wp-content\/uploads\/2025\/11\/PG-en-Malta-Nov-25.png","datePublished":"2025-11-18T20:04:49+00:00","dateModified":"2025-11-18T20:10:27+00:00","author":{"@id":"https:\/\/teatinos.org\/pt-br\/#\/schema\/person\/10193cb8ac6f163661033cf7ce9006a5"},"breadcrumb":{"@id":"https:\/\/teatinos.org\/fr\/visita-del-preposito-general-teatino-a-malta\/#breadcrumb"},"inLanguage":"fr-FR","potentialAction":[{"@type":"ReadAction","target":["https:\/\/teatinos.org\/fr\/visita-del-preposito-general-teatino-a-malta\/"]}]},{"@type":"ImageObject","inLanguage":"fr-FR","@id":"https:\/\/teatinos.org\/fr\/visita-del-preposito-general-teatino-a-malta\/#primaryimage","url":"https:\/\/teatinos.org\/wp-content\/uploads\/2025\/11\/PG-en-Malta-Nov-25.png","contentUrl":"https:\/\/teatinos.org\/wp-content\/uploads\/2025\/11\/PG-en-Malta-Nov-25.png","width":1080,"height":1080},{"@type":"BreadcrumbList","@id":"https:\/\/teatinos.org\/fr\/visita-del-preposito-general-teatino-a-malta\/#breadcrumb","itemListElement":[{"@type":"ListItem","position":1,"name":"Portada","item":"https:\/\/teatinos.org\/fr\/"},{"@type":"ListItem","position":2,"name":"Visite du Pr\u00e9pos\u00e9 G\u00e9n\u00e9ral Th\u00e9atin \u00e0 Malte"}]},{"@type":"WebSite","@id":"https:\/\/teatinos.org\/pt-br\/#website","url":"https:\/\/teatinos.org\/pt-br\/","name":"Teatinos","description":"Orden de Cl\u00e9rigos Regulares","potentialAction":[{"@type":"SearchAction","target":{"@type":"EntryPoint","urlTemplate":"https:\/\/teatinos.org\/pt-br\/?s={search_term_string}"},"query-input":{"@type":"PropertyValueSpecification","valueRequired":true,"valueName":"search_term_string"}}],"inLanguage":"fr-FR"},{"@type":"Person","@id":"https:\/\/teatinos.org\/pt-br\/#\/schema\/person\/10193cb8ac6f163661033cf7ce9006a5","name":"Community Manager","url":"https:\/\/teatinos.org\/fr\/author\/pascual\/"}]}},"rttpg_featured_image_url":{"full":["https:\/\/teatinos.org\/wp-content\/uploads\/2025\/11\/PG-en-Malta-Nov-25.png",1080,1080,false],"landscape":["https:\/\/teatinos.org\/wp-content\/uploads\/2025\/11\/PG-en-Malta-Nov-25.png",1080,1080,false],"portraits":["https:\/\/teatinos.org\/wp-content\/uploads\/2025\/11\/PG-en-Malta-Nov-25.png",1080,1080,false],"thumbnail":["https:\/\/teatinos.org\/wp-content\/uploads\/2025\/11\/PG-en-Malta-Nov-25-150x150.png",150,150,true],"medium":["https:\/\/teatinos.org\/wp-content\/uploads\/2025\/11\/PG-en-Malta-Nov-25-300x300.png",300,300,true],"large":["https:\/\/teatinos.org\/wp-content\/uploads\/2025\/11\/PG-en-Malta-Nov-25-1024x1024.png",1000,1000,true],"1536x1536":["https:\/\/teatinos.org\/wp-content\/uploads\/2025\/11\/PG-en-Malta-Nov-25.png",1080,1080,false],"2048x2048":["https:\/\/teatinos.org\/wp-content\/uploads\/2025\/11\/PG-en-Malta-Nov-25.png",1080,1080,false]},"rttpg_author":{"display_name":"Community Manager","author_link":"https:\/\/teatinos.org\/fr\/author\/pascual\/"},"rttpg_comment":0,"rttpg_category":"<a href=\"https:\/\/teatinos.org\/fr\/category\/actualite\/\" rel=\"category tag\">Actualit\u00e9<\/a>","rttpg_excerpt":"L\u2019Ordre Th\u00e9atin annonce avec joie la visite officielle du Pr\u00e9pos\u00e9 G\u00e9n\u00e9ral des Clercs R\u00e9guliers Th\u00e9atins, le Tr\u00e8s R\u00e9v\u00e9rend P\u00e8re Salvador Rodea Gonz\u00e1lez, C.R., sur l\u2019\u00eele de Malte au mois de novembre 2025. Sa pr\u00e9sence a constitu\u00e9 un moment de gr\u00e2ce et de communion pour nos communaut\u00e9s, dans la continuit\u00e9 de\u2026","_links":{"self":[{"href":"https:\/\/teatinos.org\/fr\/wp-json\/wp\/v2\/posts\/20901","targetHints":{"allow":["GET"]}}],"collection":[{"href":"https:\/\/teatinos.org\/fr\/wp-json\/wp\/v2\/posts"}],"about":[{"href":"https:\/\/teatinos.org\/fr\/wp-json\/wp\/v2\/types\/post"}],"author":[{"embeddable":true,"href":"https:\/\/teatinos.org\/fr\/wp-json\/wp\/v2\/users\/5"}],"replies":[{"embeddable":true,"href":"https:\/\/teatinos.org\/fr\/wp-json\/wp\/v2\/comments?post=20901"}],"version-history":[{"count":1,"href":"https:\/\/teatinos.org\/fr\/wp-json\/wp\/v2\/posts\/20901\/revisions"}],"predecessor-version":[{"id":20909,"href":"https:\/\/teatinos.org\/fr\/wp-json\/wp\/v2\/posts\/20901\/revisions\/20909"}],"wp:featuredmedia":[{"embeddable":true,"href":"https:\/\/teatinos.org\/fr\/wp-json\/wp\/v2\/media\/20686"}],"wp:attachment":[{"href":"https:\/\/teatinos.org\/fr\/wp-json\/wp\/v2\/media?parent=20901"}],"wp:term":[{"taxonomy":"category","embeddable":true,"href":"https:\/\/teatinos.org\/fr\/wp-json\/wp\/v2\/categories?post=20901"},{"taxonomy":"post_tag","embeddable":true,"href":"https:\/\/teatinos.org\/fr\/wp-json\/wp\/v2\/tags?post=20901"}],"curies":[{"name":"wp","href":"https:\/\/api.w.org\/{rel}","templated":true}]}}