{"id":20664,"date":"2025-11-18T19:51:02","date_gmt":"2025-11-18T19:51:02","guid":{"rendered":"https:\/\/teatinos.org\/ordenacion-diaconal-del-hno-rosario-calvaruso-c-r\/"},"modified":"2025-11-18T19:57:23","modified_gmt":"2025-11-18T19:57:23","slug":"ordenacion-diaconal-del-hno-rosario-calvaruso-c-r","status":"publish","type":"post","link":"https:\/\/teatinos.org\/fr\/ordenacion-diaconal-del-hno-rosario-calvaruso-c-r\/","title":{"rendered":"Ordination Diaconale du Fr\u00e8re Rosario Calvaruso C.R."},"content":{"rendered":"<p data-path-to-node=\"37\">Avec une joie profonde et une grande gratitude envers le Seigneur, l&rsquo;<b>Ordre des Clercs R\u00e9guliers Th\u00e9atins<\/b> est heureux de partager avec toute la communaut\u00e9 un moment de gr\u00e2ce et d&rsquo;engagement eccl\u00e9sial : l&rsquo;<b>Ordination Diaconale<\/b> de notre cher <b>Fr\u00e8re Rosario Calvaruso C.R.<\/b>, qui a scell\u00e9 sa vie par ses V\u0153ux Solennels.<\/p>\n<p data-path-to-node=\"38\">Ceci est un pas fondamental qui le configure pour le service de la Parole, de la Charit\u00e9 et de la Liturgie, un don qui enrichira la vie de l&rsquo;\u00c9glise \u00e0 travers le charisme de Saint Ga\u00e9tan et la mission de notre Ordre Th\u00e9atin. Nous nous r\u00e9jouissons pour le nouveau diacre que le Seigneur accorde pour Son service.<\/p>\n<p data-path-to-node=\"39\">La sainte c\u00e9l\u00e9bration sera pr\u00e9sid\u00e9e par <b>Son Excellence Monseigneur Giuliano Brugnotto<\/b>, \u00c9v\u00eaque de Vicence, par le rite solennel de l&rsquo;imposition des mains et de la pri\u00e8re cons\u00e9cratoire.<\/p>\n<ul data-path-to-node=\"40\">\n<li>\n<p data-path-to-node=\"40,0,0\"><b>Lieu de la C\u00e9l\u00e9bration:<\/b> Cath\u00e9drale de Vicence<\/p>\n<\/li>\n<li>\n<p data-path-to-node=\"40,1,0\"><b>Jour de Gr\u00e2ce:<\/b> Lundi, 08 D\u00e9cembre<\/p>\n<\/li>\n<li>\n<p data-path-to-node=\"40,2,0\"><b>Heure:<\/b> 15h30 (Heure de Vicenza, ITALIE)<\/p>\n<\/li>\n<\/ul>\n<h3>Transmission en Direct<\/h3>\n<p data-path-to-node=\"42\">Pour ceux qui souhaitent s&rsquo;unir spirituellement \u00e0 cet \u00e9v\u00e9nement joyeux et ne peuvent \u00eatre pr\u00e9sents, la c\u00e9r\u00e9monie sera retransmise en direct sur la cha\u00eene YouTube officielle du Dioc\u00e8se de Vicence :<\/p>\n<p data-path-to-node=\"43\"><a class=\"ng-star-inserted\" href=\"https:\/\/www.youtube.com\/channel\/UC95IUHw1F2SCQhdpfuO0fIw\" target=\"_blank\" rel=\"noopener\" data-hveid=\"0\" data-ved=\"0CAAQ_4QMahgKEwiO_MLY3vuQAxUAAAAAHQAAAAAQgwI\">Cha\u00eene YouTube du Dioc\u00e8se de Vicence<\/a><\/p>\n<p data-path-to-node=\"44\">Nous vous invitons \u00e0 vous joindre \u00e0 notre pri\u00e8re pour le Fr\u00e8re Rosario, afin qu&rsquo;il soit un diacre fid\u00e8le et un ministre infatigable de l&rsquo;\u00c9vangile.<\/p>\n<p data-path-to-node=\"8\"><a href=\"https:\/\/teatinos.org\/wp-content\/uploads\/2025\/11\/OrdenacionDiaconalRosario-Dic25.jpg\"><img loading=\"lazy\" decoding=\"async\" class=\"alignnone size-full wp-image-20652\" src=\"https:\/\/teatinos.org\/wp-content\/uploads\/2025\/11\/OrdenacionDiaconalRosario-Dic25.jpg\" alt=\"\" width=\"1080\" height=\"1521\" \/><\/a><\/p>\n","protected":false},"excerpt":{"rendered":"<p>Avec une joie profonde et une grande gratitude envers le Seigneur, l&rsquo;Ordre des Clercs R\u00e9guliers Th\u00e9atins est heureux de partager avec toute la communaut\u00e9 un moment de gr\u00e2ce et d&rsquo;engagement eccl\u00e9sial : l&rsquo;Ordination Diaconale de notre cher Fr\u00e8re Rosario Calvaruso C.R., qui a scell\u00e9 sa vie par ses V\u0153ux Solennels.\u2026<\/p>\n","protected":false},"author":5,"featured_media":20670,"comment_status":"closed","ping_status":"open","sticky":false,"template":"","format":"standard","meta":{"_acf_changed":false,"footnotes":"","_links_to":"","_links_to_target":""},"categories":[96],"tags":[],"class_list":["post-20664","post","type-post","status-publish","format-standard","has-post-thumbnail","hentry","category-actualite"],"acf":[],"yoast_head":"<!-- This site is optimized with the Yoast SEO plugin v23.5 - https:\/\/yoast.com\/wordpress\/plugins\/seo\/ -->\n<title>Ordination Diaconale du Fr\u00e8re Rosario Calvaruso C.R. - Teatinos<\/title>\n<meta name=\"robots\" content=\"index, follow, max-snippet:-1, max-image-preview:large, max-video-preview:-1\" \/>\n<link rel=\"canonical\" href=\"https:\/\/teatinos.org\/ordenacion-diaconal-del-hno-rosario-calvaruso-c-r\/\" \/>\n<meta property=\"og:locale\" content=\"fr_FR\" \/>\n<meta property=\"og:type\" content=\"article\" \/>\n<meta property=\"og:title\" content=\"Ordination Diaconale du Fr\u00e8re Rosario Calvaruso C.R. - Teatinos\" \/>\n<meta property=\"og:description\" content=\"Avec une joie profonde et une grande gratitude envers le Seigneur, l&rsquo;Ordre des Clercs R\u00e9guliers Th\u00e9atins est heureux de partager avec toute la communaut\u00e9 un moment de gr\u00e2ce et d&rsquo;engagement eccl\u00e9sial : l&rsquo;Ordination Diaconale de notre cher Fr\u00e8re Rosario Calvaruso C.R., qui a scell\u00e9 sa vie par ses V\u0153ux Solennels.\u2026\" \/>\n<meta property=\"og:url\" content=\"https:\/\/teatinos.org\/ordenacion-diaconal-del-hno-rosario-calvaruso-c-r\/\" \/>\n<meta property=\"og:site_name\" content=\"Teatinos\" \/>\n<meta property=\"article:published_time\" content=\"2025-11-18T19:51:02+00:00\" \/>\n<meta property=\"article:modified_time\" content=\"2025-11-18T19:57:23+00:00\" \/>\n<meta property=\"og:image\" content=\"https:\/\/teatinos.org\/wp-content\/uploads\/2025\/11\/Ordenacion-Diaconal-Rosario-Calvarusso-Dic-2025-1.png\" \/>\n\t<meta property=\"og:image:width\" content=\"1080\" \/>\n\t<meta property=\"og:image:height\" content=\"1080\" \/>\n\t<meta property=\"og:image:type\" content=\"image\/png\" \/>\n<meta name=\"author\" content=\"Community Manager\" \/>\n<meta name=\"twitter:card\" content=\"summary_large_image\" \/>\n<meta name=\"twitter:label1\" content=\"\u00c9crit par\" \/>\n\t<meta name=\"twitter:data1\" content=\"Community Manager\" \/>\n\t<meta name=\"twitter:label2\" content=\"Dur\u00e9e de lecture estim\u00e9e\" \/>\n\t<meta name=\"twitter:data2\" content=\"2 minutes\" \/>\n<script type=\"application\/ld+json\" class=\"yoast-schema-graph\">{\"@context\":\"https:\/\/schema.org\",\"@graph\":[{\"@type\":\"WebPage\",\"@id\":\"https:\/\/teatinos.org\/ordenacion-diaconal-del-hno-rosario-calvaruso-c-r\/\",\"url\":\"https:\/\/teatinos.org\/ordenacion-diaconal-del-hno-rosario-calvaruso-c-r\/\",\"name\":\"Ordination Diaconale du Fr\u00e8re Rosario Calvaruso C.R. - Teatinos\",\"isPartOf\":{\"@id\":\"https:\/\/teatinos.org\/pt-br\/#website\"},\"primaryImageOfPage\":{\"@id\":\"https:\/\/teatinos.org\/ordenacion-diaconal-del-hno-rosario-calvaruso-c-r\/#primaryimage\"},\"image\":{\"@id\":\"https:\/\/teatinos.org\/ordenacion-diaconal-del-hno-rosario-calvaruso-c-r\/#primaryimage\"},\"thumbnailUrl\":\"https:\/\/teatinos.org\/wp-content\/uploads\/2025\/11\/Ordenacion-Diaconal-Rosario-Calvarusso-Dic-2025-1.png\",\"datePublished\":\"2025-11-18T19:51:02+00:00\",\"dateModified\":\"2025-11-18T19:57:23+00:00\",\"author\":{\"@id\":\"https:\/\/teatinos.org\/pt-br\/#\/schema\/person\/10193cb8ac6f163661033cf7ce9006a5\"},\"breadcrumb\":{\"@id\":\"https:\/\/teatinos.org\/ordenacion-diaconal-del-hno-rosario-calvaruso-c-r\/#breadcrumb\"},\"inLanguage\":\"fr-FR\",\"potentialAction\":[{\"@type\":\"ReadAction\",\"target\":[\"https:\/\/teatinos.org\/ordenacion-diaconal-del-hno-rosario-calvaruso-c-r\/\"]}]},{\"@type\":\"ImageObject\",\"inLanguage\":\"fr-FR\",\"@id\":\"https:\/\/teatinos.org\/ordenacion-diaconal-del-hno-rosario-calvaruso-c-r\/#primaryimage\",\"url\":\"https:\/\/teatinos.org\/wp-content\/uploads\/2025\/11\/Ordenacion-Diaconal-Rosario-Calvarusso-Dic-2025-1.png\",\"contentUrl\":\"https:\/\/teatinos.org\/wp-content\/uploads\/2025\/11\/Ordenacion-Diaconal-Rosario-Calvarusso-Dic-2025-1.png\",\"width\":1080,\"height\":1080},{\"@type\":\"BreadcrumbList\",\"@id\":\"https:\/\/teatinos.org\/ordenacion-diaconal-del-hno-rosario-calvaruso-c-r\/#breadcrumb\",\"itemListElement\":[{\"@type\":\"ListItem\",\"position\":1,\"name\":\"Portada\",\"item\":\"https:\/\/teatinos.org\/fr\/\"},{\"@type\":\"ListItem\",\"position\":2,\"name\":\"Ordination Diaconale du Fr\u00e8re Rosario Calvaruso C.R.\"}]},{\"@type\":\"WebSite\",\"@id\":\"https:\/\/teatinos.org\/pt-br\/#website\",\"url\":\"https:\/\/teatinos.org\/pt-br\/\",\"name\":\"Teatinos\",\"description\":\"Orden de Cl\u00e9rigos Regulares\",\"potentialAction\":[{\"@type\":\"SearchAction\",\"target\":{\"@type\":\"EntryPoint\",\"urlTemplate\":\"https:\/\/teatinos.org\/pt-br\/?s={search_term_string}\"},\"query-input\":{\"@type\":\"PropertyValueSpecification\",\"valueRequired\":true,\"valueName\":\"search_term_string\"}}],\"inLanguage\":\"fr-FR\"},{\"@type\":\"Person\",\"@id\":\"https:\/\/teatinos.org\/pt-br\/#\/schema\/person\/10193cb8ac6f163661033cf7ce9006a5\",\"name\":\"Community Manager\",\"url\":\"https:\/\/teatinos.org\/fr\/author\/pascual\/\"}]}<\/script>\n<!-- \/ Yoast SEO plugin. -->","yoast_head_json":{"title":"Ordination Diaconale du Fr\u00e8re Rosario Calvaruso C.R. - Teatinos","robots":{"index":"index","follow":"follow","max-snippet":"max-snippet:-1","max-image-preview":"max-image-preview:large","max-video-preview":"max-video-preview:-1"},"canonical":"https:\/\/teatinos.org\/ordenacion-diaconal-del-hno-rosario-calvaruso-c-r\/","og_locale":"fr_FR","og_type":"article","og_title":"Ordination Diaconale du Fr\u00e8re Rosario Calvaruso C.R. - Teatinos","og_description":"Avec une joie profonde et une grande gratitude envers le Seigneur, l&rsquo;Ordre des Clercs R\u00e9guliers Th\u00e9atins est heureux de partager avec toute la communaut\u00e9 un moment de gr\u00e2ce et d&rsquo;engagement eccl\u00e9sial : l&rsquo;Ordination Diaconale de notre cher Fr\u00e8re Rosario Calvaruso C.R., qui a scell\u00e9 sa vie par ses V\u0153ux Solennels.\u2026","og_url":"https:\/\/teatinos.org\/ordenacion-diaconal-del-hno-rosario-calvaruso-c-r\/","og_site_name":"Teatinos","article_published_time":"2025-11-18T19:51:02+00:00","article_modified_time":"2025-11-18T19:57:23+00:00","og_image":[{"width":1080,"height":1080,"url":"https:\/\/teatinos.org\/wp-content\/uploads\/2025\/11\/Ordenacion-Diaconal-Rosario-Calvarusso-Dic-2025-1.png","type":"image\/png"}],"author":"Community Manager","twitter_card":"summary_large_image","twitter_misc":{"\u00c9crit par":"Community Manager","Dur\u00e9e de lecture estim\u00e9e":"2 minutes"},"schema":{"@context":"https:\/\/schema.org","@graph":[{"@type":"WebPage","@id":"https:\/\/teatinos.org\/ordenacion-diaconal-del-hno-rosario-calvaruso-c-r\/","url":"https:\/\/teatinos.org\/ordenacion-diaconal-del-hno-rosario-calvaruso-c-r\/","name":"Ordination Diaconale du Fr\u00e8re Rosario Calvaruso C.R. - Teatinos","isPartOf":{"@id":"https:\/\/teatinos.org\/pt-br\/#website"},"primaryImageOfPage":{"@id":"https:\/\/teatinos.org\/ordenacion-diaconal-del-hno-rosario-calvaruso-c-r\/#primaryimage"},"image":{"@id":"https:\/\/teatinos.org\/ordenacion-diaconal-del-hno-rosario-calvaruso-c-r\/#primaryimage"},"thumbnailUrl":"https:\/\/teatinos.org\/wp-content\/uploads\/2025\/11\/Ordenacion-Diaconal-Rosario-Calvarusso-Dic-2025-1.png","datePublished":"2025-11-18T19:51:02+00:00","dateModified":"2025-11-18T19:57:23+00:00","author":{"@id":"https:\/\/teatinos.org\/pt-br\/#\/schema\/person\/10193cb8ac6f163661033cf7ce9006a5"},"breadcrumb":{"@id":"https:\/\/teatinos.org\/ordenacion-diaconal-del-hno-rosario-calvaruso-c-r\/#breadcrumb"},"inLanguage":"fr-FR","potentialAction":[{"@type":"ReadAction","target":["https:\/\/teatinos.org\/ordenacion-diaconal-del-hno-rosario-calvaruso-c-r\/"]}]},{"@type":"ImageObject","inLanguage":"fr-FR","@id":"https:\/\/teatinos.org\/ordenacion-diaconal-del-hno-rosario-calvaruso-c-r\/#primaryimage","url":"https:\/\/teatinos.org\/wp-content\/uploads\/2025\/11\/Ordenacion-Diaconal-Rosario-Calvarusso-Dic-2025-1.png","contentUrl":"https:\/\/teatinos.org\/wp-content\/uploads\/2025\/11\/Ordenacion-Diaconal-Rosario-Calvarusso-Dic-2025-1.png","width":1080,"height":1080},{"@type":"BreadcrumbList","@id":"https:\/\/teatinos.org\/ordenacion-diaconal-del-hno-rosario-calvaruso-c-r\/#breadcrumb","itemListElement":[{"@type":"ListItem","position":1,"name":"Portada","item":"https:\/\/teatinos.org\/fr\/"},{"@type":"ListItem","position":2,"name":"Ordination Diaconale du Fr\u00e8re Rosario Calvaruso C.R."}]},{"@type":"WebSite","@id":"https:\/\/teatinos.org\/pt-br\/#website","url":"https:\/\/teatinos.org\/pt-br\/","name":"Teatinos","description":"Orden de Cl\u00e9rigos Regulares","potentialAction":[{"@type":"SearchAction","target":{"@type":"EntryPoint","urlTemplate":"https:\/\/teatinos.org\/pt-br\/?s={search_term_string}"},"query-input":{"@type":"PropertyValueSpecification","valueRequired":true,"valueName":"search_term_string"}}],"inLanguage":"fr-FR"},{"@type":"Person","@id":"https:\/\/teatinos.org\/pt-br\/#\/schema\/person\/10193cb8ac6f163661033cf7ce9006a5","name":"Community Manager","url":"https:\/\/teatinos.org\/fr\/author\/pascual\/"}]}},"rttpg_featured_image_url":{"full":["https:\/\/teatinos.org\/wp-content\/uploads\/2025\/11\/Ordenacion-Diaconal-Rosario-Calvarusso-Dic-2025-1.png",1080,1080,false],"landscape":["https:\/\/teatinos.org\/wp-content\/uploads\/2025\/11\/Ordenacion-Diaconal-Rosario-Calvarusso-Dic-2025-1.png",1080,1080,false],"portraits":["https:\/\/teatinos.org\/wp-content\/uploads\/2025\/11\/Ordenacion-Diaconal-Rosario-Calvarusso-Dic-2025-1.png",1080,1080,false],"thumbnail":["https:\/\/teatinos.org\/wp-content\/uploads\/2025\/11\/Ordenacion-Diaconal-Rosario-Calvarusso-Dic-2025-1-150x150.png",150,150,true],"medium":["https:\/\/teatinos.org\/wp-content\/uploads\/2025\/11\/Ordenacion-Diaconal-Rosario-Calvarusso-Dic-2025-1-300x300.png",300,300,true],"large":["https:\/\/teatinos.org\/wp-content\/uploads\/2025\/11\/Ordenacion-Diaconal-Rosario-Calvarusso-Dic-2025-1-1024x1024.png",1000,1000,true],"1536x1536":["https:\/\/teatinos.org\/wp-content\/uploads\/2025\/11\/Ordenacion-Diaconal-Rosario-Calvarusso-Dic-2025-1.png",1080,1080,false],"2048x2048":["https:\/\/teatinos.org\/wp-content\/uploads\/2025\/11\/Ordenacion-Diaconal-Rosario-Calvarusso-Dic-2025-1.png",1080,1080,false]},"rttpg_author":{"display_name":"Community Manager","author_link":"https:\/\/teatinos.org\/fr\/author\/pascual\/"},"rttpg_comment":0,"rttpg_category":"<a href=\"https:\/\/teatinos.org\/fr\/category\/actualite\/\" rel=\"category tag\">Actualit\u00e9<\/a>","rttpg_excerpt":"Avec une joie profonde et une grande gratitude envers le Seigneur, l&rsquo;Ordre des Clercs R\u00e9guliers Th\u00e9atins est heureux de partager avec toute la communaut\u00e9 un moment de gr\u00e2ce et d&rsquo;engagement eccl\u00e9sial : l&rsquo;Ordination Diaconale de notre cher Fr\u00e8re Rosario Calvaruso C.R., qui a scell\u00e9 sa vie par ses V\u0153ux Solennels.\u2026","_links":{"self":[{"href":"https:\/\/teatinos.org\/fr\/wp-json\/wp\/v2\/posts\/20664","targetHints":{"allow":["GET"]}}],"collection":[{"href":"https:\/\/teatinos.org\/fr\/wp-json\/wp\/v2\/posts"}],"about":[{"href":"https:\/\/teatinos.org\/fr\/wp-json\/wp\/v2\/types\/post"}],"author":[{"embeddable":true,"href":"https:\/\/teatinos.org\/fr\/wp-json\/wp\/v2\/users\/5"}],"replies":[{"embeddable":true,"href":"https:\/\/teatinos.org\/fr\/wp-json\/wp\/v2\/comments?post=20664"}],"version-history":[{"count":2,"href":"https:\/\/teatinos.org\/fr\/wp-json\/wp\/v2\/posts\/20664\/revisions"}],"predecessor-version":[{"id":20681,"href":"https:\/\/teatinos.org\/fr\/wp-json\/wp\/v2\/posts\/20664\/revisions\/20681"}],"wp:featuredmedia":[{"embeddable":true,"href":"https:\/\/teatinos.org\/fr\/wp-json\/wp\/v2\/media\/20670"}],"wp:attachment":[{"href":"https:\/\/teatinos.org\/fr\/wp-json\/wp\/v2\/media?parent=20664"}],"wp:term":[{"taxonomy":"category","embeddable":true,"href":"https:\/\/teatinos.org\/fr\/wp-json\/wp\/v2\/categories?post=20664"},{"taxonomy":"post_tag","embeddable":true,"href":"https:\/\/teatinos.org\/fr\/wp-json\/wp\/v2\/tags?post=20664"}],"curies":[{"name":"wp","href":"https:\/\/api.w.org\/{rel}","templated":true}]}}