{"id":20323,"date":"2025-10-17T19:30:20","date_gmt":"2025-10-17T19:30:20","guid":{"rendered":"https:\/\/teatinos.org\/convocatoria-de-articulos-para-la-revista-regnum-dei-collectanea-teatina-n-o-148\/"},"modified":"2025-10-17T19:53:47","modified_gmt":"2025-10-17T19:53:47","slug":"convocatoria-de-articulos-para-la-revista-regnum-dei-collectanea-teatina-n-o-148","status":"publish","type":"post","link":"https:\/\/teatinos.org\/fr\/convocatoria-de-articulos-para-la-revista-regnum-dei-collectanea-teatina-n-o-148\/","title":{"rendered":"Appel \u00e0 contributions \u2013 Revue Regnum Dei \u2013 Collectanea Theatina (N\u00b0 148)"},"content":{"rendered":"<p data-start=\"4640\" data-end=\"4761\"><strong data-start=\"4720\" data-end=\"4761\">\u201cChemin d\u2019Esp\u00e9rance et de Providence\u201d<\/strong><\/p>\n<p data-start=\"4763\" data-end=\"5103\">\u00c0 l\u2019occasion de l\u2019<strong data-start=\"4781\" data-end=\"4809\">Ann\u00e9e Jubilaire Th\u00e9atine<\/strong>, qui s\u2019est conclue le 14 septembre 2024 \u00e0 la Basilique Saint-Pierre par l\u2019audience du Pape Fran\u00e7ois et la messe pr\u00e9sid\u00e9e par le Cardinal Pietro Parolin, l\u2019Ordre des Clercs R\u00e9guliers Th\u00e9atins lance un appel \u00e0 contributions pour le prochain num\u00e9ro de la revue <em data-start=\"5068\" data-end=\"5102\">Regnum Dei \u2013 Collectanea Theatina<\/em>.<\/p>\n<p data-start=\"5105\" data-end=\"5408\">En union avec le <strong data-start=\"5122\" data-end=\"5152\">Jubil\u00e9 de l\u2019Esp\u00e9rance 2025<\/strong>, nous sommes invit\u00e9s \u00e0 renouveler notre mission dans l\u2019\u00c9glise et dans le monde avec docilit\u00e9 \u00e0 l\u2019Esprit Saint et fid\u00e9lit\u00e9 \u00e0 la Divine Providence. Comme les premiers th\u00e9atins, ouvrons nos c\u0153urs aux surprises de Dieu dans un esprit de conversion int\u00e9rieure.<\/p>\n<h6 data-start=\"5410\" data-end=\"5430\">Th\u00e8mes propos\u00e9s<\/h6>\n<ul data-start=\"5431\" data-end=\"5718\">\n<li data-start=\"5431\" data-end=\"5539\">\n<p data-start=\"5433\" data-end=\"5539\">La <strong data-start=\"5436\" data-end=\"5449\">communion<\/strong> dans l\u2019Ordre et dans l\u2019\u00c9glise comme participation \u00e0 la construction du Royaume de Dieu.<\/p>\n<\/li>\n<li data-start=\"5540\" data-end=\"5605\">\n<p data-start=\"5542\" data-end=\"5605\">Le <strong data-start=\"5545\" data-end=\"5556\">service<\/strong> comme \u201catelier de l\u2019amour humble et g\u00e9n\u00e9reux\u201d.<\/p>\n<\/li>\n<li data-start=\"5606\" data-end=\"5718\">\n<p data-start=\"5608\" data-end=\"5718\">La <strong data-start=\"5611\" data-end=\"5638\">charit\u00e9 transformatrice<\/strong> comme mission d\u2019amour et de solidarit\u00e9 envers les plus pauvres et marginalis\u00e9s.<\/p>\n<\/li>\n<\/ul>\n<h6 data-start=\"5720\" data-end=\"5748\">Soumission des articles<\/h6>\n<p data-start=\"5749\" data-end=\"5867\">Les articles (format <em data-start=\"5770\" data-end=\"5776\">.doc<\/em>) doivent \u00eatre envoy\u00e9s avant le <strong data-start=\"5808\" data-end=\"5827\">15 janvier 2026<\/strong> \u00e0 :<br data-start=\"5831\" data-end=\"5834\" \/><strong data-start=\"5837\" data-end=\"5867\"><a class=\"decorated-link cursor-pointer\" rel=\"noopener\" data-start=\"5839\" data-end=\"5865\">rivistateatinard@gmail.com<\/a><\/strong><\/p>\n<p data-start=\"5869\" data-end=\"6035\">Les contributions peuvent \u00eatre r\u00e9dig\u00e9es en <strong data-start=\"5912\" data-end=\"5955\">italien, anglais, portugais ou espagnol<\/strong>.<br data-start=\"5956\" data-end=\"5959\" \/>Plus d\u2019informations : <a class=\"decorated-link\" href=\"http:\/\/www.regnumdei.online\/\" target=\"_new\" rel=\"noopener\" data-start=\"5984\" data-end=\"6035\">www.regnumdei.online<\/a><\/p>\n<p data-start=\"2443\" data-end=\"2648\">\n<p data-start=\"2443\" data-end=\"2648\"><strong><a href=\"https:\/\/teatinos.org\/wp-content\/uploads\/2025\/10\/CALL-FOR-PAPERS.pdf\">PDF: CALL FOR PAPERS<\/a><\/strong><\/p>\n","protected":false},"excerpt":{"rendered":"<p>\u201cChemin d\u2019Esp\u00e9rance et de Providence\u201d \u00c0 l\u2019occasion de l\u2019Ann\u00e9e Jubilaire Th\u00e9atine, qui s\u2019est conclue le 14 septembre 2024 \u00e0 la Basilique Saint-Pierre par l\u2019audience du Pape Fran\u00e7ois et la messe pr\u00e9sid\u00e9e par le Cardinal Pietro Parolin, l\u2019Ordre des Clercs R\u00e9guliers Th\u00e9atins lance un appel \u00e0 contributions pour le prochain num\u00e9ro\u2026<\/p>\n","protected":false},"author":5,"featured_media":20318,"comment_status":"closed","ping_status":"open","sticky":false,"template":"","format":"standard","meta":{"_acf_changed":false,"footnotes":"","_links_to":"","_links_to_target":""},"categories":[96],"tags":[],"class_list":["post-20323","post","type-post","status-publish","format-standard","has-post-thumbnail","hentry","category-actualite"],"acf":[],"yoast_head":"<!-- This site is optimized with the Yoast SEO plugin v23.5 - https:\/\/yoast.com\/wordpress\/plugins\/seo\/ -->\n<title>Appel \u00e0 contributions \u2013 Revue Regnum Dei \u2013 Collectanea Theatina (N\u00b0 148) - Teatinos<\/title>\n<meta name=\"robots\" content=\"index, follow, max-snippet:-1, max-image-preview:large, max-video-preview:-1\" \/>\n<link rel=\"canonical\" href=\"https:\/\/teatinos.org\/fr\/convocatoria-de-articulos-para-la-revista-regnum-dei-collectanea-teatina-n-o-148\/\" \/>\n<meta property=\"og:locale\" content=\"fr_FR\" \/>\n<meta property=\"og:type\" content=\"article\" \/>\n<meta property=\"og:title\" content=\"Appel \u00e0 contributions \u2013 Revue Regnum Dei \u2013 Collectanea Theatina (N\u00b0 148) - Teatinos\" \/>\n<meta property=\"og:description\" content=\"\u201cChemin d\u2019Esp\u00e9rance et de Providence\u201d \u00c0 l\u2019occasion de l\u2019Ann\u00e9e Jubilaire Th\u00e9atine, qui s\u2019est conclue le 14 septembre 2024 \u00e0 la Basilique Saint-Pierre par l\u2019audience du Pape Fran\u00e7ois et la messe pr\u00e9sid\u00e9e par le Cardinal Pietro Parolin, l\u2019Ordre des Clercs R\u00e9guliers Th\u00e9atins lance un appel \u00e0 contributions pour le prochain num\u00e9ro\u2026\" \/>\n<meta property=\"og:url\" content=\"https:\/\/teatinos.org\/fr\/convocatoria-de-articulos-para-la-revista-regnum-dei-collectanea-teatina-n-o-148\/\" \/>\n<meta property=\"og:site_name\" content=\"Teatinos\" \/>\n<meta property=\"article:published_time\" content=\"2025-10-17T19:30:20+00:00\" \/>\n<meta property=\"article:modified_time\" content=\"2025-10-17T19:53:47+00:00\" \/>\n<meta property=\"og:image\" content=\"https:\/\/teatinos.org\/wp-content\/uploads\/2025\/10\/Call-for-Papers-148-2025-2025.png\" \/>\n\t<meta property=\"og:image:width\" content=\"1080\" \/>\n\t<meta property=\"og:image:height\" content=\"1080\" \/>\n\t<meta property=\"og:image:type\" content=\"image\/png\" \/>\n<meta name=\"author\" content=\"Community Manager\" \/>\n<meta name=\"twitter:card\" content=\"summary_large_image\" \/>\n<meta name=\"twitter:label1\" content=\"\u00c9crit par\" \/>\n\t<meta name=\"twitter:data1\" content=\"Community Manager\" \/>\n\t<meta name=\"twitter:label2\" content=\"Dur\u00e9e de lecture estim\u00e9e\" \/>\n\t<meta name=\"twitter:data2\" content=\"2 minutes\" \/>\n<script type=\"application\/ld+json\" class=\"yoast-schema-graph\">{\"@context\":\"https:\/\/schema.org\",\"@graph\":[{\"@type\":\"WebPage\",\"@id\":\"https:\/\/teatinos.org\/fr\/convocatoria-de-articulos-para-la-revista-regnum-dei-collectanea-teatina-n-o-148\/\",\"url\":\"https:\/\/teatinos.org\/fr\/convocatoria-de-articulos-para-la-revista-regnum-dei-collectanea-teatina-n-o-148\/\",\"name\":\"Appel \u00e0 contributions \u2013 Revue Regnum Dei \u2013 Collectanea Theatina (N\u00b0 148) - Teatinos\",\"isPartOf\":{\"@id\":\"https:\/\/teatinos.org\/pt-br\/#website\"},\"primaryImageOfPage\":{\"@id\":\"https:\/\/teatinos.org\/fr\/convocatoria-de-articulos-para-la-revista-regnum-dei-collectanea-teatina-n-o-148\/#primaryimage\"},\"image\":{\"@id\":\"https:\/\/teatinos.org\/fr\/convocatoria-de-articulos-para-la-revista-regnum-dei-collectanea-teatina-n-o-148\/#primaryimage\"},\"thumbnailUrl\":\"https:\/\/teatinos.org\/wp-content\/uploads\/2025\/10\/Call-for-Papers-148-2025-2025.png\",\"datePublished\":\"2025-10-17T19:30:20+00:00\",\"dateModified\":\"2025-10-17T19:53:47+00:00\",\"author\":{\"@id\":\"https:\/\/teatinos.org\/pt-br\/#\/schema\/person\/10193cb8ac6f163661033cf7ce9006a5\"},\"breadcrumb\":{\"@id\":\"https:\/\/teatinos.org\/fr\/convocatoria-de-articulos-para-la-revista-regnum-dei-collectanea-teatina-n-o-148\/#breadcrumb\"},\"inLanguage\":\"fr-FR\",\"potentialAction\":[{\"@type\":\"ReadAction\",\"target\":[\"https:\/\/teatinos.org\/fr\/convocatoria-de-articulos-para-la-revista-regnum-dei-collectanea-teatina-n-o-148\/\"]}]},{\"@type\":\"ImageObject\",\"inLanguage\":\"fr-FR\",\"@id\":\"https:\/\/teatinos.org\/fr\/convocatoria-de-articulos-para-la-revista-regnum-dei-collectanea-teatina-n-o-148\/#primaryimage\",\"url\":\"https:\/\/teatinos.org\/wp-content\/uploads\/2025\/10\/Call-for-Papers-148-2025-2025.png\",\"contentUrl\":\"https:\/\/teatinos.org\/wp-content\/uploads\/2025\/10\/Call-for-Papers-148-2025-2025.png\",\"width\":1080,\"height\":1080},{\"@type\":\"BreadcrumbList\",\"@id\":\"https:\/\/teatinos.org\/fr\/convocatoria-de-articulos-para-la-revista-regnum-dei-collectanea-teatina-n-o-148\/#breadcrumb\",\"itemListElement\":[{\"@type\":\"ListItem\",\"position\":1,\"name\":\"Portada\",\"item\":\"https:\/\/teatinos.org\/fr\/\"},{\"@type\":\"ListItem\",\"position\":2,\"name\":\"Appel \u00e0 contributions \u2013 Revue Regnum Dei \u2013 Collectanea Theatina (N\u00b0 148)\"}]},{\"@type\":\"WebSite\",\"@id\":\"https:\/\/teatinos.org\/pt-br\/#website\",\"url\":\"https:\/\/teatinos.org\/pt-br\/\",\"name\":\"Teatinos\",\"description\":\"Orden de Cl\u00e9rigos Regulares\",\"potentialAction\":[{\"@type\":\"SearchAction\",\"target\":{\"@type\":\"EntryPoint\",\"urlTemplate\":\"https:\/\/teatinos.org\/pt-br\/?s={search_term_string}\"},\"query-input\":{\"@type\":\"PropertyValueSpecification\",\"valueRequired\":true,\"valueName\":\"search_term_string\"}}],\"inLanguage\":\"fr-FR\"},{\"@type\":\"Person\",\"@id\":\"https:\/\/teatinos.org\/pt-br\/#\/schema\/person\/10193cb8ac6f163661033cf7ce9006a5\",\"name\":\"Community Manager\",\"url\":\"https:\/\/teatinos.org\/fr\/author\/pascual\/\"}]}<\/script>\n<!-- \/ Yoast SEO plugin. -->","yoast_head_json":{"title":"Appel \u00e0 contributions \u2013 Revue Regnum Dei \u2013 Collectanea Theatina (N\u00b0 148) - Teatinos","robots":{"index":"index","follow":"follow","max-snippet":"max-snippet:-1","max-image-preview":"max-image-preview:large","max-video-preview":"max-video-preview:-1"},"canonical":"https:\/\/teatinos.org\/fr\/convocatoria-de-articulos-para-la-revista-regnum-dei-collectanea-teatina-n-o-148\/","og_locale":"fr_FR","og_type":"article","og_title":"Appel \u00e0 contributions \u2013 Revue Regnum Dei \u2013 Collectanea Theatina (N\u00b0 148) - Teatinos","og_description":"\u201cChemin d\u2019Esp\u00e9rance et de Providence\u201d \u00c0 l\u2019occasion de l\u2019Ann\u00e9e Jubilaire Th\u00e9atine, qui s\u2019est conclue le 14 septembre 2024 \u00e0 la Basilique Saint-Pierre par l\u2019audience du Pape Fran\u00e7ois et la messe pr\u00e9sid\u00e9e par le Cardinal Pietro Parolin, l\u2019Ordre des Clercs R\u00e9guliers Th\u00e9atins lance un appel \u00e0 contributions pour le prochain num\u00e9ro\u2026","og_url":"https:\/\/teatinos.org\/fr\/convocatoria-de-articulos-para-la-revista-regnum-dei-collectanea-teatina-n-o-148\/","og_site_name":"Teatinos","article_published_time":"2025-10-17T19:30:20+00:00","article_modified_time":"2025-10-17T19:53:47+00:00","og_image":[{"width":1080,"height":1080,"url":"https:\/\/teatinos.org\/wp-content\/uploads\/2025\/10\/Call-for-Papers-148-2025-2025.png","type":"image\/png"}],"author":"Community Manager","twitter_card":"summary_large_image","twitter_misc":{"\u00c9crit par":"Community Manager","Dur\u00e9e de lecture estim\u00e9e":"2 minutes"},"schema":{"@context":"https:\/\/schema.org","@graph":[{"@type":"WebPage","@id":"https:\/\/teatinos.org\/fr\/convocatoria-de-articulos-para-la-revista-regnum-dei-collectanea-teatina-n-o-148\/","url":"https:\/\/teatinos.org\/fr\/convocatoria-de-articulos-para-la-revista-regnum-dei-collectanea-teatina-n-o-148\/","name":"Appel \u00e0 contributions \u2013 Revue Regnum Dei \u2013 Collectanea Theatina (N\u00b0 148) - Teatinos","isPartOf":{"@id":"https:\/\/teatinos.org\/pt-br\/#website"},"primaryImageOfPage":{"@id":"https:\/\/teatinos.org\/fr\/convocatoria-de-articulos-para-la-revista-regnum-dei-collectanea-teatina-n-o-148\/#primaryimage"},"image":{"@id":"https:\/\/teatinos.org\/fr\/convocatoria-de-articulos-para-la-revista-regnum-dei-collectanea-teatina-n-o-148\/#primaryimage"},"thumbnailUrl":"https:\/\/teatinos.org\/wp-content\/uploads\/2025\/10\/Call-for-Papers-148-2025-2025.png","datePublished":"2025-10-17T19:30:20+00:00","dateModified":"2025-10-17T19:53:47+00:00","author":{"@id":"https:\/\/teatinos.org\/pt-br\/#\/schema\/person\/10193cb8ac6f163661033cf7ce9006a5"},"breadcrumb":{"@id":"https:\/\/teatinos.org\/fr\/convocatoria-de-articulos-para-la-revista-regnum-dei-collectanea-teatina-n-o-148\/#breadcrumb"},"inLanguage":"fr-FR","potentialAction":[{"@type":"ReadAction","target":["https:\/\/teatinos.org\/fr\/convocatoria-de-articulos-para-la-revista-regnum-dei-collectanea-teatina-n-o-148\/"]}]},{"@type":"ImageObject","inLanguage":"fr-FR","@id":"https:\/\/teatinos.org\/fr\/convocatoria-de-articulos-para-la-revista-regnum-dei-collectanea-teatina-n-o-148\/#primaryimage","url":"https:\/\/teatinos.org\/wp-content\/uploads\/2025\/10\/Call-for-Papers-148-2025-2025.png","contentUrl":"https:\/\/teatinos.org\/wp-content\/uploads\/2025\/10\/Call-for-Papers-148-2025-2025.png","width":1080,"height":1080},{"@type":"BreadcrumbList","@id":"https:\/\/teatinos.org\/fr\/convocatoria-de-articulos-para-la-revista-regnum-dei-collectanea-teatina-n-o-148\/#breadcrumb","itemListElement":[{"@type":"ListItem","position":1,"name":"Portada","item":"https:\/\/teatinos.org\/fr\/"},{"@type":"ListItem","position":2,"name":"Appel \u00e0 contributions \u2013 Revue Regnum Dei \u2013 Collectanea Theatina (N\u00b0 148)"}]},{"@type":"WebSite","@id":"https:\/\/teatinos.org\/pt-br\/#website","url":"https:\/\/teatinos.org\/pt-br\/","name":"Teatinos","description":"Orden de Cl\u00e9rigos Regulares","potentialAction":[{"@type":"SearchAction","target":{"@type":"EntryPoint","urlTemplate":"https:\/\/teatinos.org\/pt-br\/?s={search_term_string}"},"query-input":{"@type":"PropertyValueSpecification","valueRequired":true,"valueName":"search_term_string"}}],"inLanguage":"fr-FR"},{"@type":"Person","@id":"https:\/\/teatinos.org\/pt-br\/#\/schema\/person\/10193cb8ac6f163661033cf7ce9006a5","name":"Community Manager","url":"https:\/\/teatinos.org\/fr\/author\/pascual\/"}]}},"rttpg_featured_image_url":{"full":["https:\/\/teatinos.org\/wp-content\/uploads\/2025\/10\/Call-for-Papers-148-2025-2025.png",1080,1080,false],"landscape":["https:\/\/teatinos.org\/wp-content\/uploads\/2025\/10\/Call-for-Papers-148-2025-2025.png",1080,1080,false],"portraits":["https:\/\/teatinos.org\/wp-content\/uploads\/2025\/10\/Call-for-Papers-148-2025-2025.png",1080,1080,false],"thumbnail":["https:\/\/teatinos.org\/wp-content\/uploads\/2025\/10\/Call-for-Papers-148-2025-2025-150x150.png",150,150,true],"medium":["https:\/\/teatinos.org\/wp-content\/uploads\/2025\/10\/Call-for-Papers-148-2025-2025-300x300.png",300,300,true],"large":["https:\/\/teatinos.org\/wp-content\/uploads\/2025\/10\/Call-for-Papers-148-2025-2025-1024x1024.png",1000,1000,true],"1536x1536":["https:\/\/teatinos.org\/wp-content\/uploads\/2025\/10\/Call-for-Papers-148-2025-2025.png",1080,1080,false],"2048x2048":["https:\/\/teatinos.org\/wp-content\/uploads\/2025\/10\/Call-for-Papers-148-2025-2025.png",1080,1080,false]},"rttpg_author":{"display_name":"Community Manager","author_link":"https:\/\/teatinos.org\/fr\/author\/pascual\/"},"rttpg_comment":0,"rttpg_category":"<a href=\"https:\/\/teatinos.org\/fr\/category\/actualite\/\" rel=\"category tag\">Actualit\u00e9<\/a>","rttpg_excerpt":"\u201cChemin d\u2019Esp\u00e9rance et de Providence\u201d \u00c0 l\u2019occasion de l\u2019Ann\u00e9e Jubilaire Th\u00e9atine, qui s\u2019est conclue le 14 septembre 2024 \u00e0 la Basilique Saint-Pierre par l\u2019audience du Pape Fran\u00e7ois et la messe pr\u00e9sid\u00e9e par le Cardinal Pietro Parolin, l\u2019Ordre des Clercs R\u00e9guliers Th\u00e9atins lance un appel \u00e0 contributions pour le prochain num\u00e9ro\u2026","_links":{"self":[{"href":"https:\/\/teatinos.org\/fr\/wp-json\/wp\/v2\/posts\/20323","targetHints":{"allow":["GET"]}}],"collection":[{"href":"https:\/\/teatinos.org\/fr\/wp-json\/wp\/v2\/posts"}],"about":[{"href":"https:\/\/teatinos.org\/fr\/wp-json\/wp\/v2\/types\/post"}],"author":[{"embeddable":true,"href":"https:\/\/teatinos.org\/fr\/wp-json\/wp\/v2\/users\/5"}],"replies":[{"embeddable":true,"href":"https:\/\/teatinos.org\/fr\/wp-json\/wp\/v2\/comments?post=20323"}],"version-history":[{"count":1,"href":"https:\/\/teatinos.org\/fr\/wp-json\/wp\/v2\/posts\/20323\/revisions"}],"predecessor-version":[{"id":20332,"href":"https:\/\/teatinos.org\/fr\/wp-json\/wp\/v2\/posts\/20323\/revisions\/20332"}],"wp:featuredmedia":[{"embeddable":true,"href":"https:\/\/teatinos.org\/fr\/wp-json\/wp\/v2\/media\/20318"}],"wp:attachment":[{"href":"https:\/\/teatinos.org\/fr\/wp-json\/wp\/v2\/media?parent=20323"}],"wp:term":[{"taxonomy":"category","embeddable":true,"href":"https:\/\/teatinos.org\/fr\/wp-json\/wp\/v2\/categories?post=20323"},{"taxonomy":"post_tag","embeddable":true,"href":"https:\/\/teatinos.org\/fr\/wp-json\/wp\/v2\/tags?post=20323"}],"curies":[{"name":"wp","href":"https:\/\/api.w.org\/{rel}","templated":true}]}}