{"id":20273,"date":"2025-10-16T18:52:31","date_gmt":"2025-10-16T18:52:31","guid":{"rendered":"https:\/\/teatinos.org\/?p=20273"},"modified":"2025-10-16T18:52:31","modified_gmt":"2025-10-16T18:52:31","slug":"pelerins-a-la-source-500-ans-de-foi-et-de-devouement-theatins","status":"publish","type":"post","link":"https:\/\/teatinos.org\/fr\/pelerins-a-la-source-500-ans-de-foi-et-de-devouement-theatins\/","title":{"rendered":"\u201cP\u00e8lerins \u00e0 la source\u201d : 500 ans de foi et de d\u00e9vouement Th\u00e9atins"},"content":{"rendered":"<p data-start=\"6332\" data-end=\"6791\">Du 9 au 14 septembre 2024, les villes de <strong data-start=\"6373\" data-end=\"6399\">Rome, Venise et Naples<\/strong> se sont remplies de pri\u00e8re, de joie et de fraternit\u00e9 lors de la semaine de c\u00e9l\u00e9brations du <strong data-start=\"6491\" data-end=\"6572\">500e anniversaire de la fondation de l\u2019Ordre des Chr\u00e9tiens R\u00e9guliers Th\u00e9atins<\/strong>. Une occasion historique qui a r\u00e9uni presque tous les P\u00e8res Th\u00e9atins du monde et des p\u00e8lerins la\u00efcs venus d\u2019Argentine, du Br\u00e9sil, de Colombie, du Mexique, des \u00c9tats-Unis, du Portugal, d\u2019Espagne, d\u2019Italie et de Malte.<\/p>\n<p data-start=\"6793\" data-end=\"7344\">Le mini-documentaire <strong data-start=\"6814\" data-end=\"6840\">\u201cP\u00e8lerins \u00e0 la source\u201d<\/strong>, avec textes, interviews et voix off du <strong data-start=\"6881\" data-end=\"6907\">P. Carmine Mazza, C.R.<\/strong>, et tournage et production de <strong data-start=\"6938\" data-end=\"6958\">M. Rosario Cuomo<\/strong>, capture les moments les plus significatifs de cette c\u00e9l\u00e9bration unique. Parmi les <strong data-start=\"7042\" data-end=\"7173\">messes solennelles \u00e0 Sant\u2019Andrea della Valle, San Nicol\u00f2 da Tolentino, San Paolo Maggiore, Santa Maria Maggiore et Saint-Pierre<\/strong>, les processions, rencontres, conf\u00e9rences, t\u00e9moignages, p\u00e8lerinages, pi\u00e8ces de th\u00e9\u00e2tre et musique, un esprit de <strong data-start=\"7286\" data-end=\"7328\">gratitude, de renouveau et d\u2019esp\u00e9rance<\/strong> se d\u00e9gageait.<\/p>\n<p data-start=\"7346\" data-end=\"7755\">Parmi les moments forts, citons le <strong data-start=\"7381\" data-end=\"7468\">sermon du Vicaire G\u00e9n\u00e9ral de l\u2019Ordre Th\u00e9atin, R\u00e9v. P. Marcelo Zub\u00eda, C.R., \u00e0 Venise<\/strong>, et les paroles du <strong data-start=\"7488\" data-end=\"7546\">Pape Fran\u00e7ois \u00e0 Saint-Pierre, Vatican, le 14 septembre<\/strong>, date exacte du 500e anniversaire de la fondation. Les t\u00e9moignages des P\u00e8res Th\u00e9atins et des la\u00efcs montrent la force vivante d\u2019une tradition qui continue d\u2019inspirer les hommes et les femmes du monde entier.<\/p>\n<p data-start=\"7757\" data-end=\"8182\">Parmi les statues de <strong data-start=\"7778\" data-end=\"7794\">Saint Ga\u00e9tan<\/strong>, les communaut\u00e9s rassembl\u00e9es et les visages pleins de foi, on ressent l\u2019essence du message central de l\u2019Ordre : <strong data-start=\"7907\" data-end=\"7948\">\u201cCherchez d\u2019abord le Royaume de Dieu\u201d<\/strong>. Le documentaire se cl\u00f4t par un sinc\u00e8re remerciement et le message du <strong data-start=\"8019\" data-end=\"8076\">Prieur G\u00e9n\u00e9ral, R\u00e9v. P. Salvador Rodea Gonz\u00e1lez, C.R.<\/strong>, rappelant que cette histoire de d\u00e9vouement et de pri\u00e8re continue aujourd\u2019hui, plus vivante que jamais.<\/p>\n<p data-start=\"8184\" data-end=\"8404\">Nous vous invitons \u00e0 regarder <strong data-start=\"8216\" data-end=\"8242\">\u201cP\u00e8lerins \u00e0 la source\u201d<\/strong>, \u00e0 vous immerger dans cette exp\u00e9rience de foi partag\u00e9e et \u00e0 ressentir la gratitude qui d\u00e9coule de <strong data-start=\"8341\" data-end=\"8401\">cinq si\u00e8cles d\u2019histoire, de pri\u00e8re et de service th\u00e9atin<\/strong>.<\/p>\n<h3><strong><a href=\"https:\/\/youtu.be\/0ZHXFg1_1lI?si=5JTFFmrcIWHe6pvj\">VOIR SUR YOUTUBE<\/a><\/strong><\/h3>\n<p><iframe loading=\"lazy\" title=\"\u201cPellegrini alla fonte\u201d: 500 anni di fede e dedizione Teatina\" width=\"1000\" height=\"563\" src=\"https:\/\/www.youtube.com\/embed\/0ZHXFg1_1lI?feature=oembed\" frameborder=\"0\" allow=\"accelerometer; autoplay; clipboard-write; encrypted-media; gyroscope; picture-in-picture; web-share\" referrerpolicy=\"strict-origin-when-cross-origin\" allowfullscreen><\/iframe><\/p>\n","protected":false},"excerpt":{"rendered":"<p>Du 9 au 14 septembre 2024, les villes de Rome, Venise et Naples se sont remplies de pri\u00e8re, de joie et de fraternit\u00e9 lors de la semaine de c\u00e9l\u00e9brations du 500e anniversaire de la fondation de l\u2019Ordre des Chr\u00e9tiens R\u00e9guliers Th\u00e9atins. Une occasion historique qui a r\u00e9uni presque tous les\u2026<\/p>\n","protected":false},"author":5,"featured_media":20263,"comment_status":"closed","ping_status":"open","sticky":false,"template":"","format":"standard","meta":{"_acf_changed":false,"footnotes":"","_links_to":"","_links_to_target":""},"categories":[96],"tags":[],"class_list":["post-20273","post","type-post","status-publish","format-standard","has-post-thumbnail","hentry","category-actualite"],"acf":[],"yoast_head":"<!-- This site is optimized with the Yoast SEO plugin v23.5 - https:\/\/yoast.com\/wordpress\/plugins\/seo\/ -->\n<title>\u201cP\u00e8lerins \u00e0 la source\u201d : 500 ans de foi et de d\u00e9vouement Th\u00e9atins - Teatinos<\/title>\n<meta name=\"robots\" content=\"index, follow, max-snippet:-1, max-image-preview:large, max-video-preview:-1\" \/>\n<link rel=\"canonical\" href=\"https:\/\/teatinos.org\/fr\/pelerins-a-la-source-500-ans-de-foi-et-de-devouement-theatins\/\" \/>\n<meta property=\"og:locale\" content=\"fr_FR\" \/>\n<meta property=\"og:type\" content=\"article\" \/>\n<meta property=\"og:title\" content=\"\u201cP\u00e8lerins \u00e0 la source\u201d : 500 ans de foi et de d\u00e9vouement Th\u00e9atins - Teatinos\" \/>\n<meta property=\"og:description\" content=\"Du 9 au 14 septembre 2024, les villes de Rome, Venise et Naples se sont remplies de pri\u00e8re, de joie et de fraternit\u00e9 lors de la semaine de c\u00e9l\u00e9brations du 500e anniversaire de la fondation de l\u2019Ordre des Chr\u00e9tiens R\u00e9guliers Th\u00e9atins. Une occasion historique qui a r\u00e9uni presque tous les\u2026\" \/>\n<meta property=\"og:url\" content=\"https:\/\/teatinos.org\/fr\/pelerins-a-la-source-500-ans-de-foi-et-de-devouement-theatins\/\" \/>\n<meta property=\"og:site_name\" content=\"Teatinos\" \/>\n<meta property=\"article:published_time\" content=\"2025-10-16T18:52:31+00:00\" \/>\n<meta property=\"og:image\" content=\"https:\/\/teatinos.org\/wp-content\/uploads\/2025\/10\/Placa-Pellegrini-a-la-Fonte-Documental-2025.png\" \/>\n\t<meta property=\"og:image:width\" content=\"1080\" \/>\n\t<meta property=\"og:image:height\" content=\"1080\" \/>\n\t<meta property=\"og:image:type\" content=\"image\/png\" \/>\n<meta name=\"author\" content=\"Community Manager\" \/>\n<meta name=\"twitter:card\" content=\"summary_large_image\" \/>\n<meta name=\"twitter:label1\" content=\"\u00c9crit par\" \/>\n\t<meta name=\"twitter:data1\" content=\"Community Manager\" \/>\n\t<meta name=\"twitter:label2\" content=\"Dur\u00e9e de lecture estim\u00e9e\" \/>\n\t<meta name=\"twitter:data2\" content=\"2 minutes\" \/>\n<script type=\"application\/ld+json\" class=\"yoast-schema-graph\">{\"@context\":\"https:\/\/schema.org\",\"@graph\":[{\"@type\":\"WebPage\",\"@id\":\"https:\/\/teatinos.org\/fr\/pelerins-a-la-source-500-ans-de-foi-et-de-devouement-theatins\/\",\"url\":\"https:\/\/teatinos.org\/fr\/pelerins-a-la-source-500-ans-de-foi-et-de-devouement-theatins\/\",\"name\":\"\u201cP\u00e8lerins \u00e0 la source\u201d : 500 ans de foi et de d\u00e9vouement Th\u00e9atins - Teatinos\",\"isPartOf\":{\"@id\":\"https:\/\/teatinos.org\/pt-br\/#website\"},\"primaryImageOfPage\":{\"@id\":\"https:\/\/teatinos.org\/fr\/pelerins-a-la-source-500-ans-de-foi-et-de-devouement-theatins\/#primaryimage\"},\"image\":{\"@id\":\"https:\/\/teatinos.org\/fr\/pelerins-a-la-source-500-ans-de-foi-et-de-devouement-theatins\/#primaryimage\"},\"thumbnailUrl\":\"https:\/\/teatinos.org\/wp-content\/uploads\/2025\/10\/Placa-Pellegrini-a-la-Fonte-Documental-2025.png\",\"datePublished\":\"2025-10-16T18:52:31+00:00\",\"dateModified\":\"2025-10-16T18:52:31+00:00\",\"author\":{\"@id\":\"https:\/\/teatinos.org\/pt-br\/#\/schema\/person\/10193cb8ac6f163661033cf7ce9006a5\"},\"breadcrumb\":{\"@id\":\"https:\/\/teatinos.org\/fr\/pelerins-a-la-source-500-ans-de-foi-et-de-devouement-theatins\/#breadcrumb\"},\"inLanguage\":\"fr-FR\",\"potentialAction\":[{\"@type\":\"ReadAction\",\"target\":[\"https:\/\/teatinos.org\/fr\/pelerins-a-la-source-500-ans-de-foi-et-de-devouement-theatins\/\"]}]},{\"@type\":\"ImageObject\",\"inLanguage\":\"fr-FR\",\"@id\":\"https:\/\/teatinos.org\/fr\/pelerins-a-la-source-500-ans-de-foi-et-de-devouement-theatins\/#primaryimage\",\"url\":\"https:\/\/teatinos.org\/wp-content\/uploads\/2025\/10\/Placa-Pellegrini-a-la-Fonte-Documental-2025.png\",\"contentUrl\":\"https:\/\/teatinos.org\/wp-content\/uploads\/2025\/10\/Placa-Pellegrini-a-la-Fonte-Documental-2025.png\",\"width\":1080,\"height\":1080},{\"@type\":\"BreadcrumbList\",\"@id\":\"https:\/\/teatinos.org\/fr\/pelerins-a-la-source-500-ans-de-foi-et-de-devouement-theatins\/#breadcrumb\",\"itemListElement\":[{\"@type\":\"ListItem\",\"position\":1,\"name\":\"Portada\",\"item\":\"https:\/\/teatinos.org\/fr\/\"},{\"@type\":\"ListItem\",\"position\":2,\"name\":\"\u201cP\u00e8lerins \u00e0 la source\u201d : 500 ans de foi et de d\u00e9vouement Th\u00e9atins\"}]},{\"@type\":\"WebSite\",\"@id\":\"https:\/\/teatinos.org\/pt-br\/#website\",\"url\":\"https:\/\/teatinos.org\/pt-br\/\",\"name\":\"Teatinos\",\"description\":\"Orden de Cl\u00e9rigos Regulares\",\"potentialAction\":[{\"@type\":\"SearchAction\",\"target\":{\"@type\":\"EntryPoint\",\"urlTemplate\":\"https:\/\/teatinos.org\/pt-br\/?s={search_term_string}\"},\"query-input\":{\"@type\":\"PropertyValueSpecification\",\"valueRequired\":true,\"valueName\":\"search_term_string\"}}],\"inLanguage\":\"fr-FR\"},{\"@type\":\"Person\",\"@id\":\"https:\/\/teatinos.org\/pt-br\/#\/schema\/person\/10193cb8ac6f163661033cf7ce9006a5\",\"name\":\"Community Manager\",\"url\":\"https:\/\/teatinos.org\/fr\/author\/pascual\/\"}]}<\/script>\n<!-- \/ Yoast SEO plugin. -->","yoast_head_json":{"title":"\u201cP\u00e8lerins \u00e0 la source\u201d : 500 ans de foi et de d\u00e9vouement Th\u00e9atins - Teatinos","robots":{"index":"index","follow":"follow","max-snippet":"max-snippet:-1","max-image-preview":"max-image-preview:large","max-video-preview":"max-video-preview:-1"},"canonical":"https:\/\/teatinos.org\/fr\/pelerins-a-la-source-500-ans-de-foi-et-de-devouement-theatins\/","og_locale":"fr_FR","og_type":"article","og_title":"\u201cP\u00e8lerins \u00e0 la source\u201d : 500 ans de foi et de d\u00e9vouement Th\u00e9atins - Teatinos","og_description":"Du 9 au 14 septembre 2024, les villes de Rome, Venise et Naples se sont remplies de pri\u00e8re, de joie et de fraternit\u00e9 lors de la semaine de c\u00e9l\u00e9brations du 500e anniversaire de la fondation de l\u2019Ordre des Chr\u00e9tiens R\u00e9guliers Th\u00e9atins. Une occasion historique qui a r\u00e9uni presque tous les\u2026","og_url":"https:\/\/teatinos.org\/fr\/pelerins-a-la-source-500-ans-de-foi-et-de-devouement-theatins\/","og_site_name":"Teatinos","article_published_time":"2025-10-16T18:52:31+00:00","og_image":[{"width":1080,"height":1080,"url":"https:\/\/teatinos.org\/wp-content\/uploads\/2025\/10\/Placa-Pellegrini-a-la-Fonte-Documental-2025.png","type":"image\/png"}],"author":"Community Manager","twitter_card":"summary_large_image","twitter_misc":{"\u00c9crit par":"Community Manager","Dur\u00e9e de lecture estim\u00e9e":"2 minutes"},"schema":{"@context":"https:\/\/schema.org","@graph":[{"@type":"WebPage","@id":"https:\/\/teatinos.org\/fr\/pelerins-a-la-source-500-ans-de-foi-et-de-devouement-theatins\/","url":"https:\/\/teatinos.org\/fr\/pelerins-a-la-source-500-ans-de-foi-et-de-devouement-theatins\/","name":"\u201cP\u00e8lerins \u00e0 la source\u201d : 500 ans de foi et de d\u00e9vouement Th\u00e9atins - Teatinos","isPartOf":{"@id":"https:\/\/teatinos.org\/pt-br\/#website"},"primaryImageOfPage":{"@id":"https:\/\/teatinos.org\/fr\/pelerins-a-la-source-500-ans-de-foi-et-de-devouement-theatins\/#primaryimage"},"image":{"@id":"https:\/\/teatinos.org\/fr\/pelerins-a-la-source-500-ans-de-foi-et-de-devouement-theatins\/#primaryimage"},"thumbnailUrl":"https:\/\/teatinos.org\/wp-content\/uploads\/2025\/10\/Placa-Pellegrini-a-la-Fonte-Documental-2025.png","datePublished":"2025-10-16T18:52:31+00:00","dateModified":"2025-10-16T18:52:31+00:00","author":{"@id":"https:\/\/teatinos.org\/pt-br\/#\/schema\/person\/10193cb8ac6f163661033cf7ce9006a5"},"breadcrumb":{"@id":"https:\/\/teatinos.org\/fr\/pelerins-a-la-source-500-ans-de-foi-et-de-devouement-theatins\/#breadcrumb"},"inLanguage":"fr-FR","potentialAction":[{"@type":"ReadAction","target":["https:\/\/teatinos.org\/fr\/pelerins-a-la-source-500-ans-de-foi-et-de-devouement-theatins\/"]}]},{"@type":"ImageObject","inLanguage":"fr-FR","@id":"https:\/\/teatinos.org\/fr\/pelerins-a-la-source-500-ans-de-foi-et-de-devouement-theatins\/#primaryimage","url":"https:\/\/teatinos.org\/wp-content\/uploads\/2025\/10\/Placa-Pellegrini-a-la-Fonte-Documental-2025.png","contentUrl":"https:\/\/teatinos.org\/wp-content\/uploads\/2025\/10\/Placa-Pellegrini-a-la-Fonte-Documental-2025.png","width":1080,"height":1080},{"@type":"BreadcrumbList","@id":"https:\/\/teatinos.org\/fr\/pelerins-a-la-source-500-ans-de-foi-et-de-devouement-theatins\/#breadcrumb","itemListElement":[{"@type":"ListItem","position":1,"name":"Portada","item":"https:\/\/teatinos.org\/fr\/"},{"@type":"ListItem","position":2,"name":"\u201cP\u00e8lerins \u00e0 la source\u201d : 500 ans de foi et de d\u00e9vouement Th\u00e9atins"}]},{"@type":"WebSite","@id":"https:\/\/teatinos.org\/pt-br\/#website","url":"https:\/\/teatinos.org\/pt-br\/","name":"Teatinos","description":"Orden de Cl\u00e9rigos Regulares","potentialAction":[{"@type":"SearchAction","target":{"@type":"EntryPoint","urlTemplate":"https:\/\/teatinos.org\/pt-br\/?s={search_term_string}"},"query-input":{"@type":"PropertyValueSpecification","valueRequired":true,"valueName":"search_term_string"}}],"inLanguage":"fr-FR"},{"@type":"Person","@id":"https:\/\/teatinos.org\/pt-br\/#\/schema\/person\/10193cb8ac6f163661033cf7ce9006a5","name":"Community Manager","url":"https:\/\/teatinos.org\/fr\/author\/pascual\/"}]}},"rttpg_featured_image_url":{"full":["https:\/\/teatinos.org\/wp-content\/uploads\/2025\/10\/Placa-Pellegrini-a-la-Fonte-Documental-2025.png",1080,1080,false],"landscape":["https:\/\/teatinos.org\/wp-content\/uploads\/2025\/10\/Placa-Pellegrini-a-la-Fonte-Documental-2025.png",1080,1080,false],"portraits":["https:\/\/teatinos.org\/wp-content\/uploads\/2025\/10\/Placa-Pellegrini-a-la-Fonte-Documental-2025.png",1080,1080,false],"thumbnail":["https:\/\/teatinos.org\/wp-content\/uploads\/2025\/10\/Placa-Pellegrini-a-la-Fonte-Documental-2025-150x150.png",150,150,true],"medium":["https:\/\/teatinos.org\/wp-content\/uploads\/2025\/10\/Placa-Pellegrini-a-la-Fonte-Documental-2025-300x300.png",300,300,true],"large":["https:\/\/teatinos.org\/wp-content\/uploads\/2025\/10\/Placa-Pellegrini-a-la-Fonte-Documental-2025-1024x1024.png",1000,1000,true],"1536x1536":["https:\/\/teatinos.org\/wp-content\/uploads\/2025\/10\/Placa-Pellegrini-a-la-Fonte-Documental-2025.png",1080,1080,false],"2048x2048":["https:\/\/teatinos.org\/wp-content\/uploads\/2025\/10\/Placa-Pellegrini-a-la-Fonte-Documental-2025.png",1080,1080,false]},"rttpg_author":{"display_name":"Community Manager","author_link":"https:\/\/teatinos.org\/fr\/author\/pascual\/"},"rttpg_comment":0,"rttpg_category":"<a href=\"https:\/\/teatinos.org\/fr\/category\/actualite\/\" rel=\"category tag\">Actualit\u00e9<\/a>","rttpg_excerpt":"Du 9 au 14 septembre 2024, les villes de Rome, Venise et Naples se sont remplies de pri\u00e8re, de joie et de fraternit\u00e9 lors de la semaine de c\u00e9l\u00e9brations du 500e anniversaire de la fondation de l\u2019Ordre des Chr\u00e9tiens R\u00e9guliers Th\u00e9atins. Une occasion historique qui a r\u00e9uni presque tous les\u2026","_links":{"self":[{"href":"https:\/\/teatinos.org\/fr\/wp-json\/wp\/v2\/posts\/20273","targetHints":{"allow":["GET"]}}],"collection":[{"href":"https:\/\/teatinos.org\/fr\/wp-json\/wp\/v2\/posts"}],"about":[{"href":"https:\/\/teatinos.org\/fr\/wp-json\/wp\/v2\/types\/post"}],"author":[{"embeddable":true,"href":"https:\/\/teatinos.org\/fr\/wp-json\/wp\/v2\/users\/5"}],"replies":[{"embeddable":true,"href":"https:\/\/teatinos.org\/fr\/wp-json\/wp\/v2\/comments?post=20273"}],"version-history":[{"count":1,"href":"https:\/\/teatinos.org\/fr\/wp-json\/wp\/v2\/posts\/20273\/revisions"}],"predecessor-version":[{"id":20274,"href":"https:\/\/teatinos.org\/fr\/wp-json\/wp\/v2\/posts\/20273\/revisions\/20274"}],"wp:featuredmedia":[{"embeddable":true,"href":"https:\/\/teatinos.org\/fr\/wp-json\/wp\/v2\/media\/20263"}],"wp:attachment":[{"href":"https:\/\/teatinos.org\/fr\/wp-json\/wp\/v2\/media?parent=20273"}],"wp:term":[{"taxonomy":"category","embeddable":true,"href":"https:\/\/teatinos.org\/fr\/wp-json\/wp\/v2\/categories?post=20273"},{"taxonomy":"post_tag","embeddable":true,"href":"https:\/\/teatinos.org\/fr\/wp-json\/wp\/v2\/tags?post=20273"}],"curies":[{"name":"wp","href":"https:\/\/api.w.org\/{rel}","templated":true}]}}