{"id":19388,"date":"2025-05-22T20:03:52","date_gmt":"2025-05-22T20:03:52","guid":{"rendered":"https:\/\/teatinos.org\/participacion-en-la-103a-asamblea-de-la-usg\/"},"modified":"2025-05-22T20:09:48","modified_gmt":"2025-05-22T20:09:48","slug":"participacion-en-la-103a-asamblea-de-la-usg","status":"publish","type":"post","link":"https:\/\/teatinos.org\/fr\/participacion-en-la-103a-asamblea-de-la-usg\/","title":{"rendered":"Participation \u00e0 la 103e Assembl\u00e9e de l\u2019USG"},"content":{"rendered":"<p data-start=\"4628\" data-end=\"4674\"><strong data-start=\"4628\" data-end=\"4674\">Fraterna Domus, Sacrofano | 21-23 mai 2025<\/strong><\/p>\n<p data-start=\"4676\" data-end=\"5010\">L\u2019Ordre des Clercs R\u00e9guliers Th\u00e9atins a la joie d\u2019annoncer la participation du <strong data-start=\"4755\" data-end=\"4796\">R\u00e9v. P. Salvador Rodea Gonz\u00e1lez, C.R.<\/strong>, notre <strong data-start=\"4804\" data-end=\"4823\">Pr\u00e9pos\u00e9 G\u00e9n\u00e9ral<\/strong>, \u00e0 la <strong data-start=\"4830\" data-end=\"4889\">103e Assembl\u00e9e de l\u2019Union des Sup\u00e9rieurs G\u00e9n\u00e9raux (USG)<\/strong>, qui se tient du <strong data-start=\"4907\" data-end=\"4928\">21 au 23 mai 2025<\/strong>, \u00e0 la <strong data-start=\"4935\" data-end=\"4964\">Fraterna Domus, Sacrofano<\/strong>, sur le th\u00e8me <strong data-start=\"4979\" data-end=\"5009\">\u201cT\u00e9moins de l\u2019\u2018Esp\u00e9rance\u2019\u201d<\/strong>.<\/p>\n<p data-start=\"5012\" data-end=\"5271\">Cette rencontre r\u00e9unit les Sup\u00e9rieurs G\u00e9n\u00e9raux des instituts religieux masculins du monde entier dans un espace de communion, de discernement et de mission, pour r\u00e9fl\u00e9chir ensemble aux d\u00e9fis actuels de la vie consacr\u00e9e au service de l\u2019\u00c9glise et de l\u2019humanit\u00e9.<\/p>\n<p data-start=\"5273\" data-end=\"5519\">La participation du P. Salvador Rodea t\u00e9moigne de l\u2019engagement constant de notre Ordre en faveur d\u2019une vie consacr\u00e9e ouverte, attentive aux signes des temps, et profond\u00e9ment enracin\u00e9e dans le charisme th\u00e9atin de confiance en la Divine Providence.<\/p>\n<p data-start=\"5521\" data-end=\"5783\">Dans ce cheminement partag\u00e9, les religieux rassembl\u00e9s \u00e0 l\u2019Assembl\u00e9e expriment leur volont\u00e9 de marcher fid\u00e8lement \u00e0 l\u2019\u00c9vangile et en communion avec toute l\u2019\u00c9glise, <strong data-start=\"5684\" data-end=\"5782\">accompagnant avec esp\u00e9rance et esprit fraternel le d\u00e9but du pontificat de Sa Saintet\u00e9 L\u00e9on XIV<\/strong>.<\/p>\n<p data-start=\"5785\" data-end=\"5931\">Nous prions pour que cette Assembl\u00e9e renforce la vie consacr\u00e9e dans sa dimension proph\u00e9tique, communautaire et missionnaire au service du Royaume.<\/p>\n<p data-start=\"5933\" data-end=\"6006\">? Plus d\u2019informations : <a class=\"\" href=\"https:\/\/www.usgroma.org\/es\" target=\"_new\" rel=\"noopener\" data-start=\"5958\" data-end=\"6006\">www.usgroma.org<\/a><\/p>\n<p data-start=\"1682\" data-end=\"1768\">\n<p data-start=\"1682\" data-end=\"1768\"><a href=\"https:\/\/teatinos.org\/wp-content\/uploads\/2025\/05\/PHOTO-2025-05-22-13-26-23.jpg\"><img loading=\"lazy\" decoding=\"async\" class=\"alignnone size-full wp-image-19381\" src=\"https:\/\/teatinos.org\/wp-content\/uploads\/2025\/05\/PHOTO-2025-05-22-13-26-23.jpg\" alt=\"\" width=\"1600\" height=\"1200\" \/><\/a><\/p>\n<p data-start=\"1682\" data-end=\"1768\"><a href=\"https:\/\/teatinos.org\/wp-content\/uploads\/2025\/05\/PHOTO-2025-05-21-04-52-01.jpg\"><img loading=\"lazy\" decoding=\"async\" class=\"alignnone size-full wp-image-19356\" src=\"https:\/\/teatinos.org\/wp-content\/uploads\/2025\/05\/PHOTO-2025-05-21-04-52-01.jpg\" alt=\"\" width=\"2048\" height=\"1536\" \/><\/a><\/p>\n<p data-start=\"1682\" data-end=\"1768\"><a href=\"https:\/\/teatinos.org\/wp-content\/uploads\/2025\/05\/PHOTO-2025-05-21-04-52-02.jpg\"><img loading=\"lazy\" decoding=\"async\" class=\"alignnone size-full wp-image-19361\" src=\"https:\/\/teatinos.org\/wp-content\/uploads\/2025\/05\/PHOTO-2025-05-21-04-52-02.jpg\" alt=\"\" width=\"2048\" height=\"1536\" \/><\/a><\/p>\n<p data-start=\"1682\" data-end=\"1768\"><a href=\"https:\/\/teatinos.org\/wp-content\/uploads\/2025\/05\/PHOTO-2025-05-22-03-35-45.jpg\"><img loading=\"lazy\" decoding=\"async\" class=\"alignnone size-full wp-image-19366\" src=\"https:\/\/teatinos.org\/wp-content\/uploads\/2025\/05\/PHOTO-2025-05-22-03-35-45.jpg\" alt=\"\" width=\"1600\" height=\"1200\" \/><\/a><\/p>\n<p data-start=\"1682\" data-end=\"1768\"><a href=\"https:\/\/teatinos.org\/wp-content\/uploads\/2025\/05\/PHOTO-2025-05-22-03-35-46.jpg\"><img loading=\"lazy\" decoding=\"async\" class=\"alignnone size-full wp-image-19371\" src=\"https:\/\/teatinos.org\/wp-content\/uploads\/2025\/05\/PHOTO-2025-05-22-03-35-46.jpg\" alt=\"\" width=\"1600\" height=\"1200\" \/><\/a><\/p>\n<p data-start=\"1682\" data-end=\"1768\"><a href=\"https:\/\/teatinos.org\/wp-content\/uploads\/2025\/05\/PHOTO-2025-05-22-13-26-22.jpg\"><img loading=\"lazy\" decoding=\"async\" class=\"alignnone size-full wp-image-19376\" src=\"https:\/\/teatinos.org\/wp-content\/uploads\/2025\/05\/PHOTO-2025-05-22-13-26-22.jpg\" alt=\"\" width=\"1600\" height=\"900\" \/><\/a><\/p>\n","protected":false},"excerpt":{"rendered":"<p>Fraterna Domus, Sacrofano | 21-23 mai 2025 L\u2019Ordre des Clercs R\u00e9guliers Th\u00e9atins a la joie d\u2019annoncer la participation du R\u00e9v. P. Salvador Rodea Gonz\u00e1lez, C.R., notre Pr\u00e9pos\u00e9 G\u00e9n\u00e9ral, \u00e0 la 103e Assembl\u00e9e de l\u2019Union des Sup\u00e9rieurs G\u00e9n\u00e9raux (USG), qui se tient du 21 au 23 mai 2025, \u00e0 la Fraterna\u2026<\/p>\n","protected":false},"author":5,"featured_media":12075,"comment_status":"closed","ping_status":"open","sticky":false,"template":"","format":"standard","meta":{"_acf_changed":false,"footnotes":"","_links_to":"","_links_to_target":""},"categories":[96],"tags":[],"class_list":["post-19388","post","type-post","status-publish","format-standard","has-post-thumbnail","hentry","category-actualite"],"acf":[],"yoast_head":"<!-- This site is optimized with the Yoast SEO plugin v23.5 - https:\/\/yoast.com\/wordpress\/plugins\/seo\/ -->\n<title>Participation \u00e0 la 103e Assembl\u00e9e de l\u2019USG - Teatinos<\/title>\n<meta name=\"robots\" content=\"index, follow, max-snippet:-1, max-image-preview:large, max-video-preview:-1\" \/>\n<link rel=\"canonical\" href=\"https:\/\/teatinos.org\/fr\/participacion-en-la-103a-asamblea-de-la-usg\/\" \/>\n<meta property=\"og:locale\" content=\"fr_FR\" \/>\n<meta property=\"og:type\" content=\"article\" \/>\n<meta property=\"og:title\" content=\"Participation \u00e0 la 103e Assembl\u00e9e de l\u2019USG - Teatinos\" \/>\n<meta property=\"og:description\" content=\"Fraterna Domus, Sacrofano | 21-23 mai 2025 L\u2019Ordre des Clercs R\u00e9guliers Th\u00e9atins a la joie d\u2019annoncer la participation du R\u00e9v. P. Salvador Rodea Gonz\u00e1lez, C.R., notre Pr\u00e9pos\u00e9 G\u00e9n\u00e9ral, \u00e0 la 103e Assembl\u00e9e de l\u2019Union des Sup\u00e9rieurs G\u00e9n\u00e9raux (USG), qui se tient du 21 au 23 mai 2025, \u00e0 la Fraterna\u2026\" \/>\n<meta property=\"og:url\" content=\"https:\/\/teatinos.org\/fr\/participacion-en-la-103a-asamblea-de-la-usg\/\" \/>\n<meta property=\"og:site_name\" content=\"Teatinos\" \/>\n<meta property=\"article:published_time\" content=\"2025-05-22T20:03:52+00:00\" \/>\n<meta property=\"article:modified_time\" content=\"2025-05-22T20:09:48+00:00\" \/>\n<meta property=\"og:image\" content=\"https:\/\/teatinos.org\/wp-content\/uploads\/2023\/08\/Placa-Padre-General-FRA-2023.png\" \/>\n\t<meta property=\"og:image:width\" content=\"1080\" \/>\n\t<meta property=\"og:image:height\" content=\"1080\" \/>\n\t<meta property=\"og:image:type\" content=\"image\/png\" \/>\n<meta name=\"author\" content=\"Community Manager\" \/>\n<meta name=\"twitter:card\" content=\"summary_large_image\" \/>\n<meta name=\"twitter:label1\" content=\"\u00c9crit par\" \/>\n\t<meta name=\"twitter:data1\" content=\"Community Manager\" \/>\n\t<meta name=\"twitter:label2\" content=\"Dur\u00e9e de lecture estim\u00e9e\" \/>\n\t<meta name=\"twitter:data2\" content=\"3 minutes\" \/>\n<script type=\"application\/ld+json\" class=\"yoast-schema-graph\">{\"@context\":\"https:\/\/schema.org\",\"@graph\":[{\"@type\":\"WebPage\",\"@id\":\"https:\/\/teatinos.org\/fr\/participacion-en-la-103a-asamblea-de-la-usg\/\",\"url\":\"https:\/\/teatinos.org\/fr\/participacion-en-la-103a-asamblea-de-la-usg\/\",\"name\":\"Participation \u00e0 la 103e Assembl\u00e9e de l\u2019USG - Teatinos\",\"isPartOf\":{\"@id\":\"https:\/\/teatinos.org\/pt-br\/#website\"},\"primaryImageOfPage\":{\"@id\":\"https:\/\/teatinos.org\/fr\/participacion-en-la-103a-asamblea-de-la-usg\/#primaryimage\"},\"image\":{\"@id\":\"https:\/\/teatinos.org\/fr\/participacion-en-la-103a-asamblea-de-la-usg\/#primaryimage\"},\"thumbnailUrl\":\"https:\/\/teatinos.org\/wp-content\/uploads\/2023\/08\/Placa-Padre-General-FRA-2023.png\",\"datePublished\":\"2025-05-22T20:03:52+00:00\",\"dateModified\":\"2025-05-22T20:09:48+00:00\",\"author\":{\"@id\":\"https:\/\/teatinos.org\/pt-br\/#\/schema\/person\/10193cb8ac6f163661033cf7ce9006a5\"},\"breadcrumb\":{\"@id\":\"https:\/\/teatinos.org\/fr\/participacion-en-la-103a-asamblea-de-la-usg\/#breadcrumb\"},\"inLanguage\":\"fr-FR\",\"potentialAction\":[{\"@type\":\"ReadAction\",\"target\":[\"https:\/\/teatinos.org\/fr\/participacion-en-la-103a-asamblea-de-la-usg\/\"]}]},{\"@type\":\"ImageObject\",\"inLanguage\":\"fr-FR\",\"@id\":\"https:\/\/teatinos.org\/fr\/participacion-en-la-103a-asamblea-de-la-usg\/#primaryimage\",\"url\":\"https:\/\/teatinos.org\/wp-content\/uploads\/2023\/08\/Placa-Padre-General-FRA-2023.png\",\"contentUrl\":\"https:\/\/teatinos.org\/wp-content\/uploads\/2023\/08\/Placa-Padre-General-FRA-2023.png\",\"width\":1080,\"height\":1080},{\"@type\":\"BreadcrumbList\",\"@id\":\"https:\/\/teatinos.org\/fr\/participacion-en-la-103a-asamblea-de-la-usg\/#breadcrumb\",\"itemListElement\":[{\"@type\":\"ListItem\",\"position\":1,\"name\":\"Portada\",\"item\":\"https:\/\/teatinos.org\/fr\/\"},{\"@type\":\"ListItem\",\"position\":2,\"name\":\"Participation \u00e0 la 103e Assembl\u00e9e de l\u2019USG\"}]},{\"@type\":\"WebSite\",\"@id\":\"https:\/\/teatinos.org\/pt-br\/#website\",\"url\":\"https:\/\/teatinos.org\/pt-br\/\",\"name\":\"Teatinos\",\"description\":\"Orden de Cl\u00e9rigos Regulares\",\"potentialAction\":[{\"@type\":\"SearchAction\",\"target\":{\"@type\":\"EntryPoint\",\"urlTemplate\":\"https:\/\/teatinos.org\/pt-br\/?s={search_term_string}\"},\"query-input\":{\"@type\":\"PropertyValueSpecification\",\"valueRequired\":true,\"valueName\":\"search_term_string\"}}],\"inLanguage\":\"fr-FR\"},{\"@type\":\"Person\",\"@id\":\"https:\/\/teatinos.org\/pt-br\/#\/schema\/person\/10193cb8ac6f163661033cf7ce9006a5\",\"name\":\"Community Manager\",\"url\":\"https:\/\/teatinos.org\/fr\/author\/pascual\/\"}]}<\/script>\n<!-- \/ Yoast SEO plugin. -->","yoast_head_json":{"title":"Participation \u00e0 la 103e Assembl\u00e9e de l\u2019USG - Teatinos","robots":{"index":"index","follow":"follow","max-snippet":"max-snippet:-1","max-image-preview":"max-image-preview:large","max-video-preview":"max-video-preview:-1"},"canonical":"https:\/\/teatinos.org\/fr\/participacion-en-la-103a-asamblea-de-la-usg\/","og_locale":"fr_FR","og_type":"article","og_title":"Participation \u00e0 la 103e Assembl\u00e9e de l\u2019USG - Teatinos","og_description":"Fraterna Domus, Sacrofano | 21-23 mai 2025 L\u2019Ordre des Clercs R\u00e9guliers Th\u00e9atins a la joie d\u2019annoncer la participation du R\u00e9v. P. Salvador Rodea Gonz\u00e1lez, C.R., notre Pr\u00e9pos\u00e9 G\u00e9n\u00e9ral, \u00e0 la 103e Assembl\u00e9e de l\u2019Union des Sup\u00e9rieurs G\u00e9n\u00e9raux (USG), qui se tient du 21 au 23 mai 2025, \u00e0 la Fraterna\u2026","og_url":"https:\/\/teatinos.org\/fr\/participacion-en-la-103a-asamblea-de-la-usg\/","og_site_name":"Teatinos","article_published_time":"2025-05-22T20:03:52+00:00","article_modified_time":"2025-05-22T20:09:48+00:00","og_image":[{"width":1080,"height":1080,"url":"https:\/\/teatinos.org\/wp-content\/uploads\/2023\/08\/Placa-Padre-General-FRA-2023.png","type":"image\/png"}],"author":"Community Manager","twitter_card":"summary_large_image","twitter_misc":{"\u00c9crit par":"Community Manager","Dur\u00e9e de lecture estim\u00e9e":"3 minutes"},"schema":{"@context":"https:\/\/schema.org","@graph":[{"@type":"WebPage","@id":"https:\/\/teatinos.org\/fr\/participacion-en-la-103a-asamblea-de-la-usg\/","url":"https:\/\/teatinos.org\/fr\/participacion-en-la-103a-asamblea-de-la-usg\/","name":"Participation \u00e0 la 103e Assembl\u00e9e de l\u2019USG - Teatinos","isPartOf":{"@id":"https:\/\/teatinos.org\/pt-br\/#website"},"primaryImageOfPage":{"@id":"https:\/\/teatinos.org\/fr\/participacion-en-la-103a-asamblea-de-la-usg\/#primaryimage"},"image":{"@id":"https:\/\/teatinos.org\/fr\/participacion-en-la-103a-asamblea-de-la-usg\/#primaryimage"},"thumbnailUrl":"https:\/\/teatinos.org\/wp-content\/uploads\/2023\/08\/Placa-Padre-General-FRA-2023.png","datePublished":"2025-05-22T20:03:52+00:00","dateModified":"2025-05-22T20:09:48+00:00","author":{"@id":"https:\/\/teatinos.org\/pt-br\/#\/schema\/person\/10193cb8ac6f163661033cf7ce9006a5"},"breadcrumb":{"@id":"https:\/\/teatinos.org\/fr\/participacion-en-la-103a-asamblea-de-la-usg\/#breadcrumb"},"inLanguage":"fr-FR","potentialAction":[{"@type":"ReadAction","target":["https:\/\/teatinos.org\/fr\/participacion-en-la-103a-asamblea-de-la-usg\/"]}]},{"@type":"ImageObject","inLanguage":"fr-FR","@id":"https:\/\/teatinos.org\/fr\/participacion-en-la-103a-asamblea-de-la-usg\/#primaryimage","url":"https:\/\/teatinos.org\/wp-content\/uploads\/2023\/08\/Placa-Padre-General-FRA-2023.png","contentUrl":"https:\/\/teatinos.org\/wp-content\/uploads\/2023\/08\/Placa-Padre-General-FRA-2023.png","width":1080,"height":1080},{"@type":"BreadcrumbList","@id":"https:\/\/teatinos.org\/fr\/participacion-en-la-103a-asamblea-de-la-usg\/#breadcrumb","itemListElement":[{"@type":"ListItem","position":1,"name":"Portada","item":"https:\/\/teatinos.org\/fr\/"},{"@type":"ListItem","position":2,"name":"Participation \u00e0 la 103e Assembl\u00e9e de l\u2019USG"}]},{"@type":"WebSite","@id":"https:\/\/teatinos.org\/pt-br\/#website","url":"https:\/\/teatinos.org\/pt-br\/","name":"Teatinos","description":"Orden de Cl\u00e9rigos Regulares","potentialAction":[{"@type":"SearchAction","target":{"@type":"EntryPoint","urlTemplate":"https:\/\/teatinos.org\/pt-br\/?s={search_term_string}"},"query-input":{"@type":"PropertyValueSpecification","valueRequired":true,"valueName":"search_term_string"}}],"inLanguage":"fr-FR"},{"@type":"Person","@id":"https:\/\/teatinos.org\/pt-br\/#\/schema\/person\/10193cb8ac6f163661033cf7ce9006a5","name":"Community Manager","url":"https:\/\/teatinos.org\/fr\/author\/pascual\/"}]}},"rttpg_featured_image_url":{"full":["https:\/\/teatinos.org\/wp-content\/uploads\/2023\/08\/Placa-Padre-General-FRA-2023.png",1080,1080,false],"landscape":["https:\/\/teatinos.org\/wp-content\/uploads\/2023\/08\/Placa-Padre-General-FRA-2023.png",1080,1080,false],"portraits":["https:\/\/teatinos.org\/wp-content\/uploads\/2023\/08\/Placa-Padre-General-FRA-2023.png",1080,1080,false],"thumbnail":["https:\/\/teatinos.org\/wp-content\/uploads\/2023\/08\/Placa-Padre-General-FRA-2023-150x150.png",150,150,true],"medium":["https:\/\/teatinos.org\/wp-content\/uploads\/2023\/08\/Placa-Padre-General-FRA-2023-300x300.png",300,300,true],"large":["https:\/\/teatinos.org\/wp-content\/uploads\/2023\/08\/Placa-Padre-General-FRA-2023-1024x1024.png",1000,1000,true],"1536x1536":["https:\/\/teatinos.org\/wp-content\/uploads\/2023\/08\/Placa-Padre-General-FRA-2023.png",1080,1080,false],"2048x2048":["https:\/\/teatinos.org\/wp-content\/uploads\/2023\/08\/Placa-Padre-General-FRA-2023.png",1080,1080,false]},"rttpg_author":{"display_name":"Community Manager","author_link":"https:\/\/teatinos.org\/fr\/author\/pascual\/"},"rttpg_comment":0,"rttpg_category":"<a href=\"https:\/\/teatinos.org\/fr\/category\/actualite\/\" rel=\"category tag\">Actualit\u00e9<\/a>","rttpg_excerpt":"Fraterna Domus, Sacrofano | 21-23 mai 2025 L\u2019Ordre des Clercs R\u00e9guliers Th\u00e9atins a la joie d\u2019annoncer la participation du R\u00e9v. P. Salvador Rodea Gonz\u00e1lez, C.R., notre Pr\u00e9pos\u00e9 G\u00e9n\u00e9ral, \u00e0 la 103e Assembl\u00e9e de l\u2019Union des Sup\u00e9rieurs G\u00e9n\u00e9raux (USG), qui se tient du 21 au 23 mai 2025, \u00e0 la Fraterna\u2026","_links":{"self":[{"href":"https:\/\/teatinos.org\/fr\/wp-json\/wp\/v2\/posts\/19388","targetHints":{"allow":["GET"]}}],"collection":[{"href":"https:\/\/teatinos.org\/fr\/wp-json\/wp\/v2\/posts"}],"about":[{"href":"https:\/\/teatinos.org\/fr\/wp-json\/wp\/v2\/types\/post"}],"author":[{"embeddable":true,"href":"https:\/\/teatinos.org\/fr\/wp-json\/wp\/v2\/users\/5"}],"replies":[{"embeddable":true,"href":"https:\/\/teatinos.org\/fr\/wp-json\/wp\/v2\/comments?post=19388"}],"version-history":[{"count":2,"href":"https:\/\/teatinos.org\/fr\/wp-json\/wp\/v2\/posts\/19388\/revisions"}],"predecessor-version":[{"id":19397,"href":"https:\/\/teatinos.org\/fr\/wp-json\/wp\/v2\/posts\/19388\/revisions\/19397"}],"wp:featuredmedia":[{"embeddable":true,"href":"https:\/\/teatinos.org\/fr\/wp-json\/wp\/v2\/media\/12075"}],"wp:attachment":[{"href":"https:\/\/teatinos.org\/fr\/wp-json\/wp\/v2\/media?parent=19388"}],"wp:term":[{"taxonomy":"category","embeddable":true,"href":"https:\/\/teatinos.org\/fr\/wp-json\/wp\/v2\/categories?post=19388"},{"taxonomy":"post_tag","embeddable":true,"href":"https:\/\/teatinos.org\/fr\/wp-json\/wp\/v2\/tags?post=19388"}],"curies":[{"name":"wp","href":"https:\/\/api.w.org\/{rel}","templated":true}]}}