{"id":19341,"date":"2025-05-17T20:16:58","date_gmt":"2025-05-17T20:16:58","guid":{"rendered":"https:\/\/teatinos.org\/nombramiento-del-p-david-arroyo-c-r-como-vicario-de-ministerios-hispanos\/"},"modified":"2025-05-17T20:19:15","modified_gmt":"2025-05-17T20:19:15","slug":"nombramiento-del-p-david-arroyo-c-r-como-vicario-de-ministerios-hispanos","status":"publish","type":"post","link":"https:\/\/teatinos.org\/fr\/nombramiento-del-p-david-arroyo-c-r-como-vicario-de-ministerios-hispanos\/","title":{"rendered":"Nomination du P. David Arroyo, C.R. comme Vicaire pour les Minist\u00e8res hispaniques"},"content":{"rendered":"<p class=\"\" data-start=\"3568\" data-end=\"3809\">C\u2019est avec une grande joie que nous annon\u00e7ons que le <strong data-start=\"3621\" data-end=\"3651\">R\u00e9v. P. David Arroyo, C.R.<\/strong> a \u00e9t\u00e9 officiellement nomm\u00e9 <strong data-start=\"3679\" data-end=\"3736\">Vicaire \u00e0 plein temps pour les Minist\u00e8res hispaniques<\/strong> du <strong data-start=\"3740\" data-end=\"3763\">Dioc\u00e8se de Columbus<\/strong>, situ\u00e9 dans l\u2019\u00c9tat de l\u2019Ohio, aux \u00c9tats-Unis.<\/p>\n<p class=\"\" data-start=\"3811\" data-end=\"4097\">Cette nomination a \u00e9t\u00e9 faite par l\u2019\u00c9v\u00eaque de Columbus, <strong data-start=\"3866\" data-end=\"3891\">Mgr Earl K. Fernandes<\/strong>, et entrera en vigueur le <strong data-start=\"3918\" data-end=\"3936\">8 juillet 2025<\/strong>. Dans le cadre de cette nouvelle mission pastorale, le <strong data-start=\"3992\" data-end=\"4017\">P. David Arroyo, C.R.<\/strong> r\u00e9sidera au presbyt\u00e8re de la paroisse <strong data-start=\"4056\" data-end=\"4069\">St. Peter<\/strong>, dans la ville de Columbus.<\/p>\n<p class=\"\" data-start=\"4099\" data-end=\"4329\">Le <strong data-start=\"4102\" data-end=\"4127\">P. David Arroyo, C.R.<\/strong> poursuivra son pr\u00e9cieux service aupr\u00e8s de la communaut\u00e9 hispanique avec d\u00e9vouement et proximit\u00e9, en renfor\u00e7ant la pr\u00e9sence de l\u2019\u00c9glise et en promouvant une pastorale d\u2019inclusion, de foi et d\u2019esp\u00e9rance.<\/p>\n<p class=\"\" data-start=\"4331\" data-end=\"4541\">Nous remercions profond\u00e9ment le <strong data-start=\"4363\" data-end=\"4388\">P. David Arroyo, C.R.<\/strong> pour avoir accept\u00e9 cet engagement au service de l\u2019\u00c9vangile et de la mission de l\u2019\u00c9glise, en particulier dans le cadre du Minist\u00e8re hispanique dioc\u00e9sain.<\/p>\n<p class=\"\" data-start=\"4543\" data-end=\"4658\">Nous invitons tous les fid\u00e8les \u00e0 l\u2019accompagner par leurs pri\u00e8res dans cette nouvelle \u00e9tape de son service pastoral.<\/p>\n<p data-start=\"1160\" data-end=\"1262\"><a href=\"https:\/\/teatinos.org\/wp-content\/uploads\/2025\/05\/PHOTO-2025-05-16-18-08-17.jpg\"><img loading=\"lazy\" decoding=\"async\" class=\"alignnone size-full wp-image-19329\" src=\"https:\/\/teatinos.org\/wp-content\/uploads\/2025\/05\/PHOTO-2025-05-16-18-08-17.jpg\" alt=\"\" width=\"1179\" height=\"1476\" \/><\/a><a href=\"https:\/\/teatinos.org\/wp-content\/uploads\/2025\/05\/PHOTO-2025-05-17-01-02-41.jpg\"><img loading=\"lazy\" decoding=\"async\" class=\"alignnone size-full wp-image-19334\" src=\"https:\/\/teatinos.org\/wp-content\/uploads\/2025\/05\/PHOTO-2025-05-17-01-02-41.jpg\" alt=\"\" width=\"768\" height=\"1024\" \/><\/a><\/p>\n","protected":false},"excerpt":{"rendered":"<p>C\u2019est avec une grande joie que nous annon\u00e7ons que le R\u00e9v. P. David Arroyo, C.R. a \u00e9t\u00e9 officiellement nomm\u00e9 Vicaire \u00e0 plein temps pour les Minist\u00e8res hispaniques du Dioc\u00e8se de Columbus, situ\u00e9 dans l\u2019\u00c9tat de l\u2019Ohio, aux \u00c9tats-Unis. Cette nomination a \u00e9t\u00e9 faite par l\u2019\u00c9v\u00eaque de Columbus, Mgr Earl K.\u2026<\/p>\n","protected":false},"author":5,"featured_media":11581,"comment_status":"closed","ping_status":"open","sticky":false,"template":"","format":"standard","meta":{"_acf_changed":false,"footnotes":"","_links_to":"","_links_to_target":""},"categories":[96],"tags":[],"class_list":["post-19341","post","type-post","status-publish","format-standard","has-post-thumbnail","hentry","category-actualite"],"acf":[],"yoast_head":"<!-- This site is optimized with the Yoast SEO plugin v23.5 - https:\/\/yoast.com\/wordpress\/plugins\/seo\/ -->\n<title>Nomination du P. David Arroyo, C.R. comme Vicaire pour les Minist\u00e8res hispaniques - Teatinos<\/title>\n<meta name=\"robots\" content=\"index, follow, max-snippet:-1, max-image-preview:large, max-video-preview:-1\" \/>\n<link rel=\"canonical\" href=\"https:\/\/teatinos.org\/fr\/nombramiento-del-p-david-arroyo-c-r-como-vicario-de-ministerios-hispanos\/\" \/>\n<meta property=\"og:locale\" content=\"fr_FR\" \/>\n<meta property=\"og:type\" content=\"article\" \/>\n<meta property=\"og:title\" content=\"Nomination du P. David Arroyo, C.R. comme Vicaire pour les Minist\u00e8res hispaniques - Teatinos\" \/>\n<meta property=\"og:description\" content=\"C\u2019est avec une grande joie que nous annon\u00e7ons que le R\u00e9v. P. David Arroyo, C.R. a \u00e9t\u00e9 officiellement nomm\u00e9 Vicaire \u00e0 plein temps pour les Minist\u00e8res hispaniques du Dioc\u00e8se de Columbus, situ\u00e9 dans l\u2019\u00c9tat de l\u2019Ohio, aux \u00c9tats-Unis. Cette nomination a \u00e9t\u00e9 faite par l\u2019\u00c9v\u00eaque de Columbus, Mgr Earl K.\u2026\" \/>\n<meta property=\"og:url\" content=\"https:\/\/teatinos.org\/fr\/nombramiento-del-p-david-arroyo-c-r-como-vicario-de-ministerios-hispanos\/\" \/>\n<meta property=\"og:site_name\" content=\"Teatinos\" \/>\n<meta property=\"article:published_time\" content=\"2025-05-17T20:16:58+00:00\" \/>\n<meta property=\"article:modified_time\" content=\"2025-05-17T20:19:15+00:00\" \/>\n<meta property=\"og:image\" content=\"https:\/\/teatinos.org\/wp-content\/uploads\/2023\/05\/Placa-USA-2023.png\" \/>\n\t<meta property=\"og:image:width\" content=\"1080\" \/>\n\t<meta property=\"og:image:height\" content=\"1080\" \/>\n\t<meta property=\"og:image:type\" content=\"image\/png\" \/>\n<meta name=\"author\" content=\"Community Manager\" \/>\n<meta name=\"twitter:card\" content=\"summary_large_image\" \/>\n<meta name=\"twitter:label1\" content=\"\u00c9crit par\" \/>\n\t<meta name=\"twitter:data1\" content=\"Community Manager\" \/>\n\t<meta name=\"twitter:label2\" content=\"Dur\u00e9e de lecture estim\u00e9e\" \/>\n\t<meta name=\"twitter:data2\" content=\"2 minutes\" \/>\n<script type=\"application\/ld+json\" class=\"yoast-schema-graph\">{\"@context\":\"https:\/\/schema.org\",\"@graph\":[{\"@type\":\"WebPage\",\"@id\":\"https:\/\/teatinos.org\/fr\/nombramiento-del-p-david-arroyo-c-r-como-vicario-de-ministerios-hispanos\/\",\"url\":\"https:\/\/teatinos.org\/fr\/nombramiento-del-p-david-arroyo-c-r-como-vicario-de-ministerios-hispanos\/\",\"name\":\"Nomination du P. David Arroyo, C.R. comme Vicaire pour les Minist\u00e8res hispaniques - Teatinos\",\"isPartOf\":{\"@id\":\"https:\/\/teatinos.org\/pt-br\/#website\"},\"primaryImageOfPage\":{\"@id\":\"https:\/\/teatinos.org\/fr\/nombramiento-del-p-david-arroyo-c-r-como-vicario-de-ministerios-hispanos\/#primaryimage\"},\"image\":{\"@id\":\"https:\/\/teatinos.org\/fr\/nombramiento-del-p-david-arroyo-c-r-como-vicario-de-ministerios-hispanos\/#primaryimage\"},\"thumbnailUrl\":\"https:\/\/teatinos.org\/wp-content\/uploads\/2023\/05\/Placa-USA-2023.png\",\"datePublished\":\"2025-05-17T20:16:58+00:00\",\"dateModified\":\"2025-05-17T20:19:15+00:00\",\"author\":{\"@id\":\"https:\/\/teatinos.org\/pt-br\/#\/schema\/person\/10193cb8ac6f163661033cf7ce9006a5\"},\"breadcrumb\":{\"@id\":\"https:\/\/teatinos.org\/fr\/nombramiento-del-p-david-arroyo-c-r-como-vicario-de-ministerios-hispanos\/#breadcrumb\"},\"inLanguage\":\"fr-FR\",\"potentialAction\":[{\"@type\":\"ReadAction\",\"target\":[\"https:\/\/teatinos.org\/fr\/nombramiento-del-p-david-arroyo-c-r-como-vicario-de-ministerios-hispanos\/\"]}]},{\"@type\":\"ImageObject\",\"inLanguage\":\"fr-FR\",\"@id\":\"https:\/\/teatinos.org\/fr\/nombramiento-del-p-david-arroyo-c-r-como-vicario-de-ministerios-hispanos\/#primaryimage\",\"url\":\"https:\/\/teatinos.org\/wp-content\/uploads\/2023\/05\/Placa-USA-2023.png\",\"contentUrl\":\"https:\/\/teatinos.org\/wp-content\/uploads\/2023\/05\/Placa-USA-2023.png\",\"width\":1080,\"height\":1080},{\"@type\":\"BreadcrumbList\",\"@id\":\"https:\/\/teatinos.org\/fr\/nombramiento-del-p-david-arroyo-c-r-como-vicario-de-ministerios-hispanos\/#breadcrumb\",\"itemListElement\":[{\"@type\":\"ListItem\",\"position\":1,\"name\":\"Portada\",\"item\":\"https:\/\/teatinos.org\/fr\/\"},{\"@type\":\"ListItem\",\"position\":2,\"name\":\"Nomination du P. David Arroyo, C.R. comme Vicaire pour les Minist\u00e8res hispaniques\"}]},{\"@type\":\"WebSite\",\"@id\":\"https:\/\/teatinos.org\/pt-br\/#website\",\"url\":\"https:\/\/teatinos.org\/pt-br\/\",\"name\":\"Teatinos\",\"description\":\"Orden de Cl\u00e9rigos Regulares\",\"potentialAction\":[{\"@type\":\"SearchAction\",\"target\":{\"@type\":\"EntryPoint\",\"urlTemplate\":\"https:\/\/teatinos.org\/pt-br\/?s={search_term_string}\"},\"query-input\":{\"@type\":\"PropertyValueSpecification\",\"valueRequired\":true,\"valueName\":\"search_term_string\"}}],\"inLanguage\":\"fr-FR\"},{\"@type\":\"Person\",\"@id\":\"https:\/\/teatinos.org\/pt-br\/#\/schema\/person\/10193cb8ac6f163661033cf7ce9006a5\",\"name\":\"Community Manager\",\"url\":\"https:\/\/teatinos.org\/fr\/author\/pascual\/\"}]}<\/script>\n<!-- \/ Yoast SEO plugin. -->","yoast_head_json":{"title":"Nomination du P. David Arroyo, C.R. comme Vicaire pour les Minist\u00e8res hispaniques - Teatinos","robots":{"index":"index","follow":"follow","max-snippet":"max-snippet:-1","max-image-preview":"max-image-preview:large","max-video-preview":"max-video-preview:-1"},"canonical":"https:\/\/teatinos.org\/fr\/nombramiento-del-p-david-arroyo-c-r-como-vicario-de-ministerios-hispanos\/","og_locale":"fr_FR","og_type":"article","og_title":"Nomination du P. David Arroyo, C.R. comme Vicaire pour les Minist\u00e8res hispaniques - Teatinos","og_description":"C\u2019est avec une grande joie que nous annon\u00e7ons que le R\u00e9v. P. David Arroyo, C.R. a \u00e9t\u00e9 officiellement nomm\u00e9 Vicaire \u00e0 plein temps pour les Minist\u00e8res hispaniques du Dioc\u00e8se de Columbus, situ\u00e9 dans l\u2019\u00c9tat de l\u2019Ohio, aux \u00c9tats-Unis. Cette nomination a \u00e9t\u00e9 faite par l\u2019\u00c9v\u00eaque de Columbus, Mgr Earl K.\u2026","og_url":"https:\/\/teatinos.org\/fr\/nombramiento-del-p-david-arroyo-c-r-como-vicario-de-ministerios-hispanos\/","og_site_name":"Teatinos","article_published_time":"2025-05-17T20:16:58+00:00","article_modified_time":"2025-05-17T20:19:15+00:00","og_image":[{"width":1080,"height":1080,"url":"https:\/\/teatinos.org\/wp-content\/uploads\/2023\/05\/Placa-USA-2023.png","type":"image\/png"}],"author":"Community Manager","twitter_card":"summary_large_image","twitter_misc":{"\u00c9crit par":"Community Manager","Dur\u00e9e de lecture estim\u00e9e":"2 minutes"},"schema":{"@context":"https:\/\/schema.org","@graph":[{"@type":"WebPage","@id":"https:\/\/teatinos.org\/fr\/nombramiento-del-p-david-arroyo-c-r-como-vicario-de-ministerios-hispanos\/","url":"https:\/\/teatinos.org\/fr\/nombramiento-del-p-david-arroyo-c-r-como-vicario-de-ministerios-hispanos\/","name":"Nomination du P. David Arroyo, C.R. comme Vicaire pour les Minist\u00e8res hispaniques - Teatinos","isPartOf":{"@id":"https:\/\/teatinos.org\/pt-br\/#website"},"primaryImageOfPage":{"@id":"https:\/\/teatinos.org\/fr\/nombramiento-del-p-david-arroyo-c-r-como-vicario-de-ministerios-hispanos\/#primaryimage"},"image":{"@id":"https:\/\/teatinos.org\/fr\/nombramiento-del-p-david-arroyo-c-r-como-vicario-de-ministerios-hispanos\/#primaryimage"},"thumbnailUrl":"https:\/\/teatinos.org\/wp-content\/uploads\/2023\/05\/Placa-USA-2023.png","datePublished":"2025-05-17T20:16:58+00:00","dateModified":"2025-05-17T20:19:15+00:00","author":{"@id":"https:\/\/teatinos.org\/pt-br\/#\/schema\/person\/10193cb8ac6f163661033cf7ce9006a5"},"breadcrumb":{"@id":"https:\/\/teatinos.org\/fr\/nombramiento-del-p-david-arroyo-c-r-como-vicario-de-ministerios-hispanos\/#breadcrumb"},"inLanguage":"fr-FR","potentialAction":[{"@type":"ReadAction","target":["https:\/\/teatinos.org\/fr\/nombramiento-del-p-david-arroyo-c-r-como-vicario-de-ministerios-hispanos\/"]}]},{"@type":"ImageObject","inLanguage":"fr-FR","@id":"https:\/\/teatinos.org\/fr\/nombramiento-del-p-david-arroyo-c-r-como-vicario-de-ministerios-hispanos\/#primaryimage","url":"https:\/\/teatinos.org\/wp-content\/uploads\/2023\/05\/Placa-USA-2023.png","contentUrl":"https:\/\/teatinos.org\/wp-content\/uploads\/2023\/05\/Placa-USA-2023.png","width":1080,"height":1080},{"@type":"BreadcrumbList","@id":"https:\/\/teatinos.org\/fr\/nombramiento-del-p-david-arroyo-c-r-como-vicario-de-ministerios-hispanos\/#breadcrumb","itemListElement":[{"@type":"ListItem","position":1,"name":"Portada","item":"https:\/\/teatinos.org\/fr\/"},{"@type":"ListItem","position":2,"name":"Nomination du P. David Arroyo, C.R. comme Vicaire pour les Minist\u00e8res hispaniques"}]},{"@type":"WebSite","@id":"https:\/\/teatinos.org\/pt-br\/#website","url":"https:\/\/teatinos.org\/pt-br\/","name":"Teatinos","description":"Orden de Cl\u00e9rigos Regulares","potentialAction":[{"@type":"SearchAction","target":{"@type":"EntryPoint","urlTemplate":"https:\/\/teatinos.org\/pt-br\/?s={search_term_string}"},"query-input":{"@type":"PropertyValueSpecification","valueRequired":true,"valueName":"search_term_string"}}],"inLanguage":"fr-FR"},{"@type":"Person","@id":"https:\/\/teatinos.org\/pt-br\/#\/schema\/person\/10193cb8ac6f163661033cf7ce9006a5","name":"Community Manager","url":"https:\/\/teatinos.org\/fr\/author\/pascual\/"}]}},"rttpg_featured_image_url":{"full":["https:\/\/teatinos.org\/wp-content\/uploads\/2023\/05\/Placa-USA-2023.png",1080,1080,false],"landscape":["https:\/\/teatinos.org\/wp-content\/uploads\/2023\/05\/Placa-USA-2023.png",1080,1080,false],"portraits":["https:\/\/teatinos.org\/wp-content\/uploads\/2023\/05\/Placa-USA-2023.png",1080,1080,false],"thumbnail":["https:\/\/teatinos.org\/wp-content\/uploads\/2023\/05\/Placa-USA-2023-150x150.png",150,150,true],"medium":["https:\/\/teatinos.org\/wp-content\/uploads\/2023\/05\/Placa-USA-2023-300x300.png",300,300,true],"large":["https:\/\/teatinos.org\/wp-content\/uploads\/2023\/05\/Placa-USA-2023-1024x1024.png",1000,1000,true],"1536x1536":["https:\/\/teatinos.org\/wp-content\/uploads\/2023\/05\/Placa-USA-2023.png",1080,1080,false],"2048x2048":["https:\/\/teatinos.org\/wp-content\/uploads\/2023\/05\/Placa-USA-2023.png",1080,1080,false]},"rttpg_author":{"display_name":"Community Manager","author_link":"https:\/\/teatinos.org\/fr\/author\/pascual\/"},"rttpg_comment":0,"rttpg_category":"<a href=\"https:\/\/teatinos.org\/fr\/category\/actualite\/\" rel=\"category tag\">Actualit\u00e9<\/a>","rttpg_excerpt":"C\u2019est avec une grande joie que nous annon\u00e7ons que le R\u00e9v. P. David Arroyo, C.R. a \u00e9t\u00e9 officiellement nomm\u00e9 Vicaire \u00e0 plein temps pour les Minist\u00e8res hispaniques du Dioc\u00e8se de Columbus, situ\u00e9 dans l\u2019\u00c9tat de l\u2019Ohio, aux \u00c9tats-Unis. Cette nomination a \u00e9t\u00e9 faite par l\u2019\u00c9v\u00eaque de Columbus, Mgr Earl K.\u2026","_links":{"self":[{"href":"https:\/\/teatinos.org\/fr\/wp-json\/wp\/v2\/posts\/19341","targetHints":{"allow":["GET"]}}],"collection":[{"href":"https:\/\/teatinos.org\/fr\/wp-json\/wp\/v2\/posts"}],"about":[{"href":"https:\/\/teatinos.org\/fr\/wp-json\/wp\/v2\/types\/post"}],"author":[{"embeddable":true,"href":"https:\/\/teatinos.org\/fr\/wp-json\/wp\/v2\/users\/5"}],"replies":[{"embeddable":true,"href":"https:\/\/teatinos.org\/fr\/wp-json\/wp\/v2\/comments?post=19341"}],"version-history":[{"count":1,"href":"https:\/\/teatinos.org\/fr\/wp-json\/wp\/v2\/posts\/19341\/revisions"}],"predecessor-version":[{"id":19349,"href":"https:\/\/teatinos.org\/fr\/wp-json\/wp\/v2\/posts\/19341\/revisions\/19349"}],"wp:featuredmedia":[{"embeddable":true,"href":"https:\/\/teatinos.org\/fr\/wp-json\/wp\/v2\/media\/11581"}],"wp:attachment":[{"href":"https:\/\/teatinos.org\/fr\/wp-json\/wp\/v2\/media?parent=19341"}],"wp:term":[{"taxonomy":"category","embeddable":true,"href":"https:\/\/teatinos.org\/fr\/wp-json\/wp\/v2\/categories?post=19341"},{"taxonomy":"post_tag","embeddable":true,"href":"https:\/\/teatinos.org\/fr\/wp-json\/wp\/v2\/tags?post=19341"}],"curies":[{"name":"wp","href":"https:\/\/api.w.org\/{rel}","templated":true}]}}