{"id":17858,"date":"2024-11-02T20:00:09","date_gmt":"2024-11-02T20:00:09","guid":{"rendered":"https:\/\/teatinos.org\/la-fabbrica-dellamore-umile-e-generoso-reflexiones-del-p-salvador-rodea-en-losservatore-romano\/"},"modified":"2024-11-02T20:04:36","modified_gmt":"2024-11-02T20:04:36","slug":"la-fabbrica-dellamore-umile-e-generoso-reflexiones-del-p-salvador-rodea-en-losservatore-romano","status":"publish","type":"post","link":"https:\/\/teatinos.org\/fr\/la-fabbrica-dellamore-umile-e-generoso-reflexiones-del-p-salvador-rodea-en-losservatore-romano\/","title":{"rendered":"La Fabbrica dell\u2019Amore Umile e Generoso : R\u00e9flexions du P. Salvador Rodea dans L&rsquo;Osservatore Romano"},"content":{"rendered":"<p>Nous avons le plaisir de partager en format PDF l&rsquo;\u00e9dition de L&rsquo;Osservatore Romano du 19 septembre 2024. Dans cette publication, vous trouverez la note envoy\u00e9e par le Rev. P. Salvador Rodea Gonz\u00e1lez, C.R., Pr\u00e9pos\u00e9 G\u00e9n\u00e9ral de l&rsquo;Ordre des Clercs R\u00e9guliers Th\u00e9atins, intitul\u00e9e <strong>\u00ab\u00a0La fabbrica dell\u2019amore umile e generoso.\u00a0\u00bb<\/strong><\/p>\n<p>Cette r\u00e9flexion a \u00e9t\u00e9 pr\u00e9sent\u00e9e dans le cadre de la rencontre avec le Saint-P\u00e8re Fran\u00e7ois, qui s&rsquo;est tenue le 14 septembre 2024, marquant la conclusion d&rsquo;une semaine de c\u00e9l\u00e9brations en l&rsquo;honneur de l&rsquo;<strong>Ann\u00e9e Jubil\u00e9 Th\u00e9atine<\/strong>. Cette ann\u00e9e c\u00e9l\u00e8bre le <strong>500e anniversaire de la fondation de l&rsquo;Ordre Th\u00e9atin<\/strong>, un \u00e9v\u00e9nement d&rsquo;une grande importance pour notre communaut\u00e9.<\/p>\n<p>Nous vous invitons \u00e0 lire la note via le lien ci-dessous et \u00e0 r\u00e9fl\u00e9chir sur les pr\u00e9cieuses enseignements partag\u00e9s lors de cette rencontre significative.<\/p>\n<p><strong><a href=\"https:\/\/teatinos.org\/wp-content\/uploads\/2024\/11\/QUO_2024_212_2009.pdf\">T\u00e9l\u00e9charger le PDF de L&rsquo;Osservatore Romano &#8211; 19 septembre 2024<\/a><\/strong><\/p>\n","protected":false},"excerpt":{"rendered":"<p>Nous avons le plaisir de partager en format PDF l&rsquo;\u00e9dition de L&rsquo;Osservatore Romano du 19 septembre 2024. Dans cette publication, vous trouverez la note envoy\u00e9e par le Rev. P. Salvador Rodea Gonz\u00e1lez, C.R., Pr\u00e9pos\u00e9 G\u00e9n\u00e9ral de l&rsquo;Ordre des Clercs R\u00e9guliers Th\u00e9atins, intitul\u00e9e \u00ab\u00a0La fabbrica dell\u2019amore umile e generoso.\u00a0\u00bb Cette r\u00e9flexion\u2026<\/p>\n","protected":false},"author":5,"featured_media":12075,"comment_status":"closed","ping_status":"open","sticky":false,"template":"","format":"standard","meta":{"_acf_changed":false,"footnotes":"","_links_to":"","_links_to_target":""},"categories":[109,96],"tags":[],"class_list":["post-17858","post","type-post","status-publish","format-standard","has-post-thumbnail","hentry","category-500-ans","category-actualite"],"acf":[],"yoast_head":"<!-- This site is optimized with the Yoast SEO plugin v23.5 - https:\/\/yoast.com\/wordpress\/plugins\/seo\/ -->\n<title>La Fabbrica dell\u2019Amore Umile e Generoso : R\u00e9flexions du P. Salvador Rodea dans L&#039;Osservatore Romano - Teatinos<\/title>\n<meta name=\"robots\" content=\"index, follow, max-snippet:-1, max-image-preview:large, max-video-preview:-1\" \/>\n<link rel=\"canonical\" href=\"https:\/\/teatinos.org\/fr\/la-fabbrica-dellamore-umile-e-generoso-reflexiones-del-p-salvador-rodea-en-losservatore-romano\/\" \/>\n<meta property=\"og:locale\" content=\"fr_FR\" \/>\n<meta property=\"og:type\" content=\"article\" \/>\n<meta property=\"og:title\" content=\"La Fabbrica dell\u2019Amore Umile e Generoso : R\u00e9flexions du P. Salvador Rodea dans L&#039;Osservatore Romano - Teatinos\" \/>\n<meta property=\"og:description\" content=\"Nous avons le plaisir de partager en format PDF l&rsquo;\u00e9dition de L&rsquo;Osservatore Romano du 19 septembre 2024. Dans cette publication, vous trouverez la note envoy\u00e9e par le Rev. P. Salvador Rodea Gonz\u00e1lez, C.R., Pr\u00e9pos\u00e9 G\u00e9n\u00e9ral de l&rsquo;Ordre des Clercs R\u00e9guliers Th\u00e9atins, intitul\u00e9e \u00ab\u00a0La fabbrica dell\u2019amore umile e generoso.\u00a0\u00bb Cette r\u00e9flexion\u2026\" \/>\n<meta property=\"og:url\" content=\"https:\/\/teatinos.org\/fr\/la-fabbrica-dellamore-umile-e-generoso-reflexiones-del-p-salvador-rodea-en-losservatore-romano\/\" \/>\n<meta property=\"og:site_name\" content=\"Teatinos\" \/>\n<meta property=\"article:published_time\" content=\"2024-11-02T20:00:09+00:00\" \/>\n<meta property=\"article:modified_time\" content=\"2024-11-02T20:04:36+00:00\" \/>\n<meta property=\"og:image\" content=\"https:\/\/teatinos.org\/wp-content\/uploads\/2023\/08\/Placa-Padre-General-FRA-2023.png\" \/>\n\t<meta property=\"og:image:width\" content=\"1080\" \/>\n\t<meta property=\"og:image:height\" content=\"1080\" \/>\n\t<meta property=\"og:image:type\" content=\"image\/png\" \/>\n<meta name=\"author\" content=\"Community Manager\" \/>\n<meta name=\"twitter:card\" content=\"summary_large_image\" \/>\n<meta name=\"twitter:label1\" content=\"\u00c9crit par\" \/>\n\t<meta name=\"twitter:data1\" content=\"Community Manager\" \/>\n\t<meta name=\"twitter:label2\" content=\"Dur\u00e9e de lecture estim\u00e9e\" \/>\n\t<meta name=\"twitter:data2\" content=\"1 minute\" \/>\n<script type=\"application\/ld+json\" class=\"yoast-schema-graph\">{\"@context\":\"https:\/\/schema.org\",\"@graph\":[{\"@type\":\"WebPage\",\"@id\":\"https:\/\/teatinos.org\/fr\/la-fabbrica-dellamore-umile-e-generoso-reflexiones-del-p-salvador-rodea-en-losservatore-romano\/\",\"url\":\"https:\/\/teatinos.org\/fr\/la-fabbrica-dellamore-umile-e-generoso-reflexiones-del-p-salvador-rodea-en-losservatore-romano\/\",\"name\":\"La Fabbrica dell\u2019Amore Umile e Generoso : R\u00e9flexions du P. Salvador Rodea dans L'Osservatore Romano - Teatinos\",\"isPartOf\":{\"@id\":\"https:\/\/teatinos.org\/pt-br\/#website\"},\"primaryImageOfPage\":{\"@id\":\"https:\/\/teatinos.org\/fr\/la-fabbrica-dellamore-umile-e-generoso-reflexiones-del-p-salvador-rodea-en-losservatore-romano\/#primaryimage\"},\"image\":{\"@id\":\"https:\/\/teatinos.org\/fr\/la-fabbrica-dellamore-umile-e-generoso-reflexiones-del-p-salvador-rodea-en-losservatore-romano\/#primaryimage\"},\"thumbnailUrl\":\"https:\/\/teatinos.org\/wp-content\/uploads\/2023\/08\/Placa-Padre-General-FRA-2023.png\",\"datePublished\":\"2024-11-02T20:00:09+00:00\",\"dateModified\":\"2024-11-02T20:04:36+00:00\",\"author\":{\"@id\":\"https:\/\/teatinos.org\/pt-br\/#\/schema\/person\/10193cb8ac6f163661033cf7ce9006a5\"},\"breadcrumb\":{\"@id\":\"https:\/\/teatinos.org\/fr\/la-fabbrica-dellamore-umile-e-generoso-reflexiones-del-p-salvador-rodea-en-losservatore-romano\/#breadcrumb\"},\"inLanguage\":\"fr-FR\",\"potentialAction\":[{\"@type\":\"ReadAction\",\"target\":[\"https:\/\/teatinos.org\/fr\/la-fabbrica-dellamore-umile-e-generoso-reflexiones-del-p-salvador-rodea-en-losservatore-romano\/\"]}]},{\"@type\":\"ImageObject\",\"inLanguage\":\"fr-FR\",\"@id\":\"https:\/\/teatinos.org\/fr\/la-fabbrica-dellamore-umile-e-generoso-reflexiones-del-p-salvador-rodea-en-losservatore-romano\/#primaryimage\",\"url\":\"https:\/\/teatinos.org\/wp-content\/uploads\/2023\/08\/Placa-Padre-General-FRA-2023.png\",\"contentUrl\":\"https:\/\/teatinos.org\/wp-content\/uploads\/2023\/08\/Placa-Padre-General-FRA-2023.png\",\"width\":1080,\"height\":1080},{\"@type\":\"BreadcrumbList\",\"@id\":\"https:\/\/teatinos.org\/fr\/la-fabbrica-dellamore-umile-e-generoso-reflexiones-del-p-salvador-rodea-en-losservatore-romano\/#breadcrumb\",\"itemListElement\":[{\"@type\":\"ListItem\",\"position\":1,\"name\":\"Portada\",\"item\":\"https:\/\/teatinos.org\/fr\/\"},{\"@type\":\"ListItem\",\"position\":2,\"name\":\"La Fabbrica dell\u2019Amore Umile e Generoso : R\u00e9flexions du P. Salvador Rodea dans L&#8217;Osservatore Romano\"}]},{\"@type\":\"WebSite\",\"@id\":\"https:\/\/teatinos.org\/pt-br\/#website\",\"url\":\"https:\/\/teatinos.org\/pt-br\/\",\"name\":\"Teatinos\",\"description\":\"Orden de Cl\u00e9rigos Regulares\",\"potentialAction\":[{\"@type\":\"SearchAction\",\"target\":{\"@type\":\"EntryPoint\",\"urlTemplate\":\"https:\/\/teatinos.org\/pt-br\/?s={search_term_string}\"},\"query-input\":{\"@type\":\"PropertyValueSpecification\",\"valueRequired\":true,\"valueName\":\"search_term_string\"}}],\"inLanguage\":\"fr-FR\"},{\"@type\":\"Person\",\"@id\":\"https:\/\/teatinos.org\/pt-br\/#\/schema\/person\/10193cb8ac6f163661033cf7ce9006a5\",\"name\":\"Community Manager\",\"url\":\"https:\/\/teatinos.org\/fr\/author\/pascual\/\"}]}<\/script>\n<!-- \/ Yoast SEO plugin. -->","yoast_head_json":{"title":"La Fabbrica dell\u2019Amore Umile e Generoso : R\u00e9flexions du P. Salvador Rodea dans L'Osservatore Romano - Teatinos","robots":{"index":"index","follow":"follow","max-snippet":"max-snippet:-1","max-image-preview":"max-image-preview:large","max-video-preview":"max-video-preview:-1"},"canonical":"https:\/\/teatinos.org\/fr\/la-fabbrica-dellamore-umile-e-generoso-reflexiones-del-p-salvador-rodea-en-losservatore-romano\/","og_locale":"fr_FR","og_type":"article","og_title":"La Fabbrica dell\u2019Amore Umile e Generoso : R\u00e9flexions du P. Salvador Rodea dans L'Osservatore Romano - Teatinos","og_description":"Nous avons le plaisir de partager en format PDF l&rsquo;\u00e9dition de L&rsquo;Osservatore Romano du 19 septembre 2024. Dans cette publication, vous trouverez la note envoy\u00e9e par le Rev. P. Salvador Rodea Gonz\u00e1lez, C.R., Pr\u00e9pos\u00e9 G\u00e9n\u00e9ral de l&rsquo;Ordre des Clercs R\u00e9guliers Th\u00e9atins, intitul\u00e9e \u00ab\u00a0La fabbrica dell\u2019amore umile e generoso.\u00a0\u00bb Cette r\u00e9flexion\u2026","og_url":"https:\/\/teatinos.org\/fr\/la-fabbrica-dellamore-umile-e-generoso-reflexiones-del-p-salvador-rodea-en-losservatore-romano\/","og_site_name":"Teatinos","article_published_time":"2024-11-02T20:00:09+00:00","article_modified_time":"2024-11-02T20:04:36+00:00","og_image":[{"width":1080,"height":1080,"url":"https:\/\/teatinos.org\/wp-content\/uploads\/2023\/08\/Placa-Padre-General-FRA-2023.png","type":"image\/png"}],"author":"Community Manager","twitter_card":"summary_large_image","twitter_misc":{"\u00c9crit par":"Community Manager","Dur\u00e9e de lecture estim\u00e9e":"1 minute"},"schema":{"@context":"https:\/\/schema.org","@graph":[{"@type":"WebPage","@id":"https:\/\/teatinos.org\/fr\/la-fabbrica-dellamore-umile-e-generoso-reflexiones-del-p-salvador-rodea-en-losservatore-romano\/","url":"https:\/\/teatinos.org\/fr\/la-fabbrica-dellamore-umile-e-generoso-reflexiones-del-p-salvador-rodea-en-losservatore-romano\/","name":"La Fabbrica dell\u2019Amore Umile e Generoso : R\u00e9flexions du P. Salvador Rodea dans L'Osservatore Romano - Teatinos","isPartOf":{"@id":"https:\/\/teatinos.org\/pt-br\/#website"},"primaryImageOfPage":{"@id":"https:\/\/teatinos.org\/fr\/la-fabbrica-dellamore-umile-e-generoso-reflexiones-del-p-salvador-rodea-en-losservatore-romano\/#primaryimage"},"image":{"@id":"https:\/\/teatinos.org\/fr\/la-fabbrica-dellamore-umile-e-generoso-reflexiones-del-p-salvador-rodea-en-losservatore-romano\/#primaryimage"},"thumbnailUrl":"https:\/\/teatinos.org\/wp-content\/uploads\/2023\/08\/Placa-Padre-General-FRA-2023.png","datePublished":"2024-11-02T20:00:09+00:00","dateModified":"2024-11-02T20:04:36+00:00","author":{"@id":"https:\/\/teatinos.org\/pt-br\/#\/schema\/person\/10193cb8ac6f163661033cf7ce9006a5"},"breadcrumb":{"@id":"https:\/\/teatinos.org\/fr\/la-fabbrica-dellamore-umile-e-generoso-reflexiones-del-p-salvador-rodea-en-losservatore-romano\/#breadcrumb"},"inLanguage":"fr-FR","potentialAction":[{"@type":"ReadAction","target":["https:\/\/teatinos.org\/fr\/la-fabbrica-dellamore-umile-e-generoso-reflexiones-del-p-salvador-rodea-en-losservatore-romano\/"]}]},{"@type":"ImageObject","inLanguage":"fr-FR","@id":"https:\/\/teatinos.org\/fr\/la-fabbrica-dellamore-umile-e-generoso-reflexiones-del-p-salvador-rodea-en-losservatore-romano\/#primaryimage","url":"https:\/\/teatinos.org\/wp-content\/uploads\/2023\/08\/Placa-Padre-General-FRA-2023.png","contentUrl":"https:\/\/teatinos.org\/wp-content\/uploads\/2023\/08\/Placa-Padre-General-FRA-2023.png","width":1080,"height":1080},{"@type":"BreadcrumbList","@id":"https:\/\/teatinos.org\/fr\/la-fabbrica-dellamore-umile-e-generoso-reflexiones-del-p-salvador-rodea-en-losservatore-romano\/#breadcrumb","itemListElement":[{"@type":"ListItem","position":1,"name":"Portada","item":"https:\/\/teatinos.org\/fr\/"},{"@type":"ListItem","position":2,"name":"La Fabbrica dell\u2019Amore Umile e Generoso : R\u00e9flexions du P. Salvador Rodea dans L&#8217;Osservatore Romano"}]},{"@type":"WebSite","@id":"https:\/\/teatinos.org\/pt-br\/#website","url":"https:\/\/teatinos.org\/pt-br\/","name":"Teatinos","description":"Orden de Cl\u00e9rigos Regulares","potentialAction":[{"@type":"SearchAction","target":{"@type":"EntryPoint","urlTemplate":"https:\/\/teatinos.org\/pt-br\/?s={search_term_string}"},"query-input":{"@type":"PropertyValueSpecification","valueRequired":true,"valueName":"search_term_string"}}],"inLanguage":"fr-FR"},{"@type":"Person","@id":"https:\/\/teatinos.org\/pt-br\/#\/schema\/person\/10193cb8ac6f163661033cf7ce9006a5","name":"Community Manager","url":"https:\/\/teatinos.org\/fr\/author\/pascual\/"}]}},"rttpg_featured_image_url":{"full":["https:\/\/teatinos.org\/wp-content\/uploads\/2023\/08\/Placa-Padre-General-FRA-2023.png",1080,1080,false],"landscape":["https:\/\/teatinos.org\/wp-content\/uploads\/2023\/08\/Placa-Padre-General-FRA-2023.png",1080,1080,false],"portraits":["https:\/\/teatinos.org\/wp-content\/uploads\/2023\/08\/Placa-Padre-General-FRA-2023.png",1080,1080,false],"thumbnail":["https:\/\/teatinos.org\/wp-content\/uploads\/2023\/08\/Placa-Padre-General-FRA-2023-150x150.png",150,150,true],"medium":["https:\/\/teatinos.org\/wp-content\/uploads\/2023\/08\/Placa-Padre-General-FRA-2023-300x300.png",300,300,true],"large":["https:\/\/teatinos.org\/wp-content\/uploads\/2023\/08\/Placa-Padre-General-FRA-2023-1024x1024.png",1000,1000,true],"1536x1536":["https:\/\/teatinos.org\/wp-content\/uploads\/2023\/08\/Placa-Padre-General-FRA-2023.png",1080,1080,false],"2048x2048":["https:\/\/teatinos.org\/wp-content\/uploads\/2023\/08\/Placa-Padre-General-FRA-2023.png",1080,1080,false]},"rttpg_author":{"display_name":"Community Manager","author_link":"https:\/\/teatinos.org\/fr\/author\/pascual\/"},"rttpg_comment":0,"rttpg_category":"<a href=\"https:\/\/teatinos.org\/fr\/category\/500-ans\/\" rel=\"category tag\">500 Ans<\/a> <a href=\"https:\/\/teatinos.org\/fr\/category\/actualite\/\" rel=\"category tag\">Actualit\u00e9<\/a>","rttpg_excerpt":"Nous avons le plaisir de partager en format PDF l&rsquo;\u00e9dition de L&rsquo;Osservatore Romano du 19 septembre 2024. Dans cette publication, vous trouverez la note envoy\u00e9e par le Rev. P. Salvador Rodea Gonz\u00e1lez, C.R., Pr\u00e9pos\u00e9 G\u00e9n\u00e9ral de l&rsquo;Ordre des Clercs R\u00e9guliers Th\u00e9atins, intitul\u00e9e \u00ab\u00a0La fabbrica dell\u2019amore umile e generoso.\u00a0\u00bb Cette r\u00e9flexion\u2026","_links":{"self":[{"href":"https:\/\/teatinos.org\/fr\/wp-json\/wp\/v2\/posts\/17858","targetHints":{"allow":["GET"]}}],"collection":[{"href":"https:\/\/teatinos.org\/fr\/wp-json\/wp\/v2\/posts"}],"about":[{"href":"https:\/\/teatinos.org\/fr\/wp-json\/wp\/v2\/types\/post"}],"author":[{"embeddable":true,"href":"https:\/\/teatinos.org\/fr\/wp-json\/wp\/v2\/users\/5"}],"replies":[{"embeddable":true,"href":"https:\/\/teatinos.org\/fr\/wp-json\/wp\/v2\/comments?post=17858"}],"version-history":[{"count":1,"href":"https:\/\/teatinos.org\/fr\/wp-json\/wp\/v2\/posts\/17858\/revisions"}],"predecessor-version":[{"id":17865,"href":"https:\/\/teatinos.org\/fr\/wp-json\/wp\/v2\/posts\/17858\/revisions\/17865"}],"wp:featuredmedia":[{"embeddable":true,"href":"https:\/\/teatinos.org\/fr\/wp-json\/wp\/v2\/media\/12075"}],"wp:attachment":[{"href":"https:\/\/teatinos.org\/fr\/wp-json\/wp\/v2\/media?parent=17858"}],"wp:term":[{"taxonomy":"category","embeddable":true,"href":"https:\/\/teatinos.org\/fr\/wp-json\/wp\/v2\/categories?post=17858"},{"taxonomy":"post_tag","embeddable":true,"href":"https:\/\/teatinos.org\/fr\/wp-json\/wp\/v2\/tags?post=17858"}],"curies":[{"name":"wp","href":"https:\/\/api.w.org\/{rel}","templated":true}]}}