{"id":16372,"date":"2024-07-04T19:07:03","date_gmt":"2024-07-04T19:07:03","guid":{"rendered":"http:\/\/teatinos.org\/convivencia-y-retiro-de-la-provincia-teatina-de-espana\/"},"modified":"2024-07-04T19:11:30","modified_gmt":"2024-07-04T19:11:30","slug":"convivencia-y-retiro-de-la-provincia-teatina-de-espana","status":"publish","type":"post","link":"https:\/\/teatinos.org\/fr\/convivencia-y-retiro-de-la-provincia-teatina-de-espana\/","title":{"rendered":"Coexistence et retraite spirituelle de la Province Th\u00e9atin d&rsquo;Espagne"},"content":{"rendered":"<p><strong>Coexistence et retraite spirituelle de la Province<\/strong><\/p>\n<p>Comme chaque ann\u00e9e, \u00e0 cette \u00e9poque de juillet, la majorit\u00e9 des fr\u00e8res de la Province d&rsquo;Espagne et de Colombie se sont r\u00e9unis \u00e0 la Maison Sanctuaire de Notre-Dame de Casta\u00f1ar de B\u00e9jar (Salamanque) pour vivre quelques jours de coexistence et de retraite provinciale.<\/p>\n<p>Cela a commenc\u00e9 dans l&rsquo;apr\u00e8s-midi du lundi 1er juillet, par une petite assembl\u00e9e provinciale au cours de laquelle chaque membre des diff\u00e9rentes maisons a fait un rapport sur son exp\u00e9rience et sa r\u00e9alit\u00e9 locale. Puis l&rsquo;Eucharistie a \u00e9t\u00e9 c\u00e9l\u00e9br\u00e9e au Sanctuaire, confiant ces journ\u00e9es de rencontre fraternelle dans le Seigneur \u00e0 Notre-Dame.<\/p>\n<p>Dans la matin\u00e9e du mardi 2 juillet, Mgr Ernesto Jes\u00fas Brotons Tena, \u00e9v\u00eaque de Plasencia, a anim\u00e9 la r\u00e9flexion sur Marie, m\u00e9moire de l&rsquo;\u00c9glise, M\u00e8re et \u00e9toile de l&rsquo;\u00e9vang\u00e9lisation. L&rsquo;apr\u00e8s-midi du m\u00eame jour, Don David Calder\u00f3n Carmona, Vicaire \u00c9piscopal de la Pastorale de Plasencia, \u00e0 partir du texte Mt. 16, 13-20 : Qui dit-on que je suis ?, a encourag\u00e9 la r\u00e9flexion et plus que la r\u00e9flexion sur les r\u00e9ponses que nous que nous pouvons donner au Seigneur \u00e0 partir de notre exp\u00e9rience de foi, il nous a invit\u00e9s \u00e0 m\u00e9diter sur les r\u00e9ponses que le Seigneur lui-m\u00eame donne sur son identit\u00e9 et sur ce qu&rsquo;elles signifient pour nous. Cl\u00f4turez la journ\u00e9e en pr\u00e9sidant l&rsquo;Eucharistie au Sanctuaire.<\/p>\n<p>A l&rsquo;occasion de son 25\u00e8me anniversaire d&rsquo;ordination sacerdotale, le P. Pablo Guerrero Pacheco CR, Pr\u00eatre provincial, se concentre sur les deux r\u00e9flexions du mercredi 3 juillet, autour de son exp\u00e9rience sacerdotale, de l&rsquo;histoire sacerdotale des Th\u00e9atins tout au long de ces 500 ans et de ce qu&rsquo;elle est. Th\u00e9atine implique pour l&rsquo;heure actuelle : une r\u00e9forme personnelle. De la meilleure fa\u00e7on, il termine la journ\u00e9e en remerciant le Seigneur dans l&rsquo;Eucharistie pour son anniversaire sacerdotal et celui du P\u00e8re Ismael Correa Mar\u00edn CR.<\/p>\n<p>Dans la matin\u00e9e du jeudi 4 juillet, Don Tom\u00e1s Dur\u00e1n S\u00e1nchez, Vicaire g\u00e9n\u00e9ral du dioc\u00e8se de Salamanque, accompagnera la r\u00e9flexion de la journ\u00e9e.<\/p>\n<p>Nous cl\u00f4turerons la journ\u00e9e de coexistence fraternelle et de retraites spirituelles par l&rsquo;Eucharistie au Sanctuaire.<\/p>\n<p>Que la Gr\u00e2ce du Seigneur continue de guider et d&rsquo;accompagner notre travail communautaire et pastoral pour continuer \u00e0 construire son Royaume.<br \/>\nUnis dans la pri\u00e8re.<br \/>\n&#8212;&#8211;<br \/>\n<strong>P. Francisco Javier Delgado Delgado, CR<\/strong><br \/>\n<strong>Ordre des Clercs R\u00e9guliers (Th\u00e9atins)<\/strong><br \/>\n<em>Secr\u00e9taire provincial &#8211; Province d&rsquo;Espagne<\/em><\/p>\n<p><a href=\"http:\/\/teatinos.org\/wp-content\/uploads\/2024\/07\/Retiro-Pcia-Espana-2024-scaled.jpg\"><img loading=\"lazy\" decoding=\"async\" class=\"alignnone size-full wp-image-16365\" src=\"http:\/\/teatinos.org\/wp-content\/uploads\/2024\/07\/Retiro-Pcia-Espana-2024-scaled.jpg\" alt=\"\" width=\"2560\" height=\"1707\" \/><\/a><\/p>\n","protected":false},"excerpt":{"rendered":"<p>Coexistence et retraite spirituelle de la Province Comme chaque ann\u00e9e, \u00e0 cette \u00e9poque de juillet, la majorit\u00e9 des fr\u00e8res de la Province d&rsquo;Espagne et de Colombie se sont r\u00e9unis \u00e0 la Maison Sanctuaire de Notre-Dame de Casta\u00f1ar de B\u00e9jar (Salamanque) pour vivre quelques jours de coexistence et de retraite provinciale.\u2026<\/p>\n","protected":false},"author":5,"featured_media":11561,"comment_status":"closed","ping_status":"open","sticky":false,"template":"","format":"standard","meta":{"_acf_changed":false,"footnotes":"","_links_to":"","_links_to_target":""},"categories":[96],"tags":[],"class_list":["post-16372","post","type-post","status-publish","format-standard","has-post-thumbnail","hentry","category-actualite"],"acf":[],"yoast_head":"<!-- This site is optimized with the Yoast SEO plugin v23.5 - https:\/\/yoast.com\/wordpress\/plugins\/seo\/ -->\n<title>Coexistence et retraite spirituelle de la Province Th\u00e9atin d&#039;Espagne - Teatinos<\/title>\n<meta name=\"robots\" content=\"index, follow, max-snippet:-1, max-image-preview:large, max-video-preview:-1\" \/>\n<link rel=\"canonical\" href=\"https:\/\/teatinos.org\/fr\/convivencia-y-retiro-de-la-provincia-teatina-de-espana\/\" \/>\n<meta property=\"og:locale\" content=\"fr_FR\" \/>\n<meta property=\"og:type\" content=\"article\" \/>\n<meta property=\"og:title\" content=\"Coexistence et retraite spirituelle de la Province Th\u00e9atin d&#039;Espagne - Teatinos\" \/>\n<meta property=\"og:description\" content=\"Coexistence et retraite spirituelle de la Province Comme chaque ann\u00e9e, \u00e0 cette \u00e9poque de juillet, la majorit\u00e9 des fr\u00e8res de la Province d&rsquo;Espagne et de Colombie se sont r\u00e9unis \u00e0 la Maison Sanctuaire de Notre-Dame de Casta\u00f1ar de B\u00e9jar (Salamanque) pour vivre quelques jours de coexistence et de retraite provinciale.\u2026\" \/>\n<meta property=\"og:url\" content=\"https:\/\/teatinos.org\/fr\/convivencia-y-retiro-de-la-provincia-teatina-de-espana\/\" \/>\n<meta property=\"og:site_name\" content=\"Teatinos\" \/>\n<meta property=\"article:published_time\" content=\"2024-07-04T19:07:03+00:00\" \/>\n<meta property=\"article:modified_time\" content=\"2024-07-04T19:11:30+00:00\" \/>\n<meta property=\"og:image\" content=\"https:\/\/teatinos.org\/wp-content\/uploads\/2023\/05\/Placa-Espana-Colombia-2023.png\" \/>\n\t<meta property=\"og:image:width\" content=\"1080\" \/>\n\t<meta property=\"og:image:height\" content=\"1080\" \/>\n\t<meta property=\"og:image:type\" content=\"image\/png\" \/>\n<meta name=\"author\" content=\"Community Manager\" \/>\n<meta name=\"twitter:card\" content=\"summary_large_image\" \/>\n<meta name=\"twitter:label1\" content=\"\u00c9crit par\" \/>\n\t<meta name=\"twitter:data1\" content=\"Community Manager\" \/>\n\t<meta name=\"twitter:label2\" content=\"Dur\u00e9e de lecture estim\u00e9e\" \/>\n\t<meta name=\"twitter:data2\" content=\"2 minutes\" \/>\n<script type=\"application\/ld+json\" class=\"yoast-schema-graph\">{\"@context\":\"https:\/\/schema.org\",\"@graph\":[{\"@type\":\"WebPage\",\"@id\":\"https:\/\/teatinos.org\/fr\/convivencia-y-retiro-de-la-provincia-teatina-de-espana\/\",\"url\":\"https:\/\/teatinos.org\/fr\/convivencia-y-retiro-de-la-provincia-teatina-de-espana\/\",\"name\":\"Coexistence et retraite spirituelle de la Province Th\u00e9atin d'Espagne - Teatinos\",\"isPartOf\":{\"@id\":\"https:\/\/teatinos.org\/pt-br\/#website\"},\"primaryImageOfPage\":{\"@id\":\"https:\/\/teatinos.org\/fr\/convivencia-y-retiro-de-la-provincia-teatina-de-espana\/#primaryimage\"},\"image\":{\"@id\":\"https:\/\/teatinos.org\/fr\/convivencia-y-retiro-de-la-provincia-teatina-de-espana\/#primaryimage\"},\"thumbnailUrl\":\"https:\/\/teatinos.org\/wp-content\/uploads\/2023\/05\/Placa-Espana-Colombia-2023.png\",\"datePublished\":\"2024-07-04T19:07:03+00:00\",\"dateModified\":\"2024-07-04T19:11:30+00:00\",\"author\":{\"@id\":\"https:\/\/teatinos.org\/pt-br\/#\/schema\/person\/10193cb8ac6f163661033cf7ce9006a5\"},\"breadcrumb\":{\"@id\":\"https:\/\/teatinos.org\/fr\/convivencia-y-retiro-de-la-provincia-teatina-de-espana\/#breadcrumb\"},\"inLanguage\":\"fr-FR\",\"potentialAction\":[{\"@type\":\"ReadAction\",\"target\":[\"https:\/\/teatinos.org\/fr\/convivencia-y-retiro-de-la-provincia-teatina-de-espana\/\"]}]},{\"@type\":\"ImageObject\",\"inLanguage\":\"fr-FR\",\"@id\":\"https:\/\/teatinos.org\/fr\/convivencia-y-retiro-de-la-provincia-teatina-de-espana\/#primaryimage\",\"url\":\"https:\/\/teatinos.org\/wp-content\/uploads\/2023\/05\/Placa-Espana-Colombia-2023.png\",\"contentUrl\":\"https:\/\/teatinos.org\/wp-content\/uploads\/2023\/05\/Placa-Espana-Colombia-2023.png\",\"width\":1080,\"height\":1080},{\"@type\":\"BreadcrumbList\",\"@id\":\"https:\/\/teatinos.org\/fr\/convivencia-y-retiro-de-la-provincia-teatina-de-espana\/#breadcrumb\",\"itemListElement\":[{\"@type\":\"ListItem\",\"position\":1,\"name\":\"Portada\",\"item\":\"https:\/\/teatinos.org\/fr\/\"},{\"@type\":\"ListItem\",\"position\":2,\"name\":\"Coexistence et retraite spirituelle de la Province Th\u00e9atin d&rsquo;Espagne\"}]},{\"@type\":\"WebSite\",\"@id\":\"https:\/\/teatinos.org\/pt-br\/#website\",\"url\":\"https:\/\/teatinos.org\/pt-br\/\",\"name\":\"Teatinos\",\"description\":\"Orden de Cl\u00e9rigos Regulares\",\"potentialAction\":[{\"@type\":\"SearchAction\",\"target\":{\"@type\":\"EntryPoint\",\"urlTemplate\":\"https:\/\/teatinos.org\/pt-br\/?s={search_term_string}\"},\"query-input\":{\"@type\":\"PropertyValueSpecification\",\"valueRequired\":true,\"valueName\":\"search_term_string\"}}],\"inLanguage\":\"fr-FR\"},{\"@type\":\"Person\",\"@id\":\"https:\/\/teatinos.org\/pt-br\/#\/schema\/person\/10193cb8ac6f163661033cf7ce9006a5\",\"name\":\"Community Manager\",\"url\":\"https:\/\/teatinos.org\/fr\/author\/pascual\/\"}]}<\/script>\n<!-- \/ Yoast SEO plugin. -->","yoast_head_json":{"title":"Coexistence et retraite spirituelle de la Province Th\u00e9atin d'Espagne - Teatinos","robots":{"index":"index","follow":"follow","max-snippet":"max-snippet:-1","max-image-preview":"max-image-preview:large","max-video-preview":"max-video-preview:-1"},"canonical":"https:\/\/teatinos.org\/fr\/convivencia-y-retiro-de-la-provincia-teatina-de-espana\/","og_locale":"fr_FR","og_type":"article","og_title":"Coexistence et retraite spirituelle de la Province Th\u00e9atin d'Espagne - Teatinos","og_description":"Coexistence et retraite spirituelle de la Province Comme chaque ann\u00e9e, \u00e0 cette \u00e9poque de juillet, la majorit\u00e9 des fr\u00e8res de la Province d&rsquo;Espagne et de Colombie se sont r\u00e9unis \u00e0 la Maison Sanctuaire de Notre-Dame de Casta\u00f1ar de B\u00e9jar (Salamanque) pour vivre quelques jours de coexistence et de retraite provinciale.\u2026","og_url":"https:\/\/teatinos.org\/fr\/convivencia-y-retiro-de-la-provincia-teatina-de-espana\/","og_site_name":"Teatinos","article_published_time":"2024-07-04T19:07:03+00:00","article_modified_time":"2024-07-04T19:11:30+00:00","og_image":[{"width":1080,"height":1080,"url":"https:\/\/teatinos.org\/wp-content\/uploads\/2023\/05\/Placa-Espana-Colombia-2023.png","type":"image\/png"}],"author":"Community Manager","twitter_card":"summary_large_image","twitter_misc":{"\u00c9crit par":"Community Manager","Dur\u00e9e de lecture estim\u00e9e":"2 minutes"},"schema":{"@context":"https:\/\/schema.org","@graph":[{"@type":"WebPage","@id":"https:\/\/teatinos.org\/fr\/convivencia-y-retiro-de-la-provincia-teatina-de-espana\/","url":"https:\/\/teatinos.org\/fr\/convivencia-y-retiro-de-la-provincia-teatina-de-espana\/","name":"Coexistence et retraite spirituelle de la Province Th\u00e9atin d'Espagne - Teatinos","isPartOf":{"@id":"https:\/\/teatinos.org\/pt-br\/#website"},"primaryImageOfPage":{"@id":"https:\/\/teatinos.org\/fr\/convivencia-y-retiro-de-la-provincia-teatina-de-espana\/#primaryimage"},"image":{"@id":"https:\/\/teatinos.org\/fr\/convivencia-y-retiro-de-la-provincia-teatina-de-espana\/#primaryimage"},"thumbnailUrl":"https:\/\/teatinos.org\/wp-content\/uploads\/2023\/05\/Placa-Espana-Colombia-2023.png","datePublished":"2024-07-04T19:07:03+00:00","dateModified":"2024-07-04T19:11:30+00:00","author":{"@id":"https:\/\/teatinos.org\/pt-br\/#\/schema\/person\/10193cb8ac6f163661033cf7ce9006a5"},"breadcrumb":{"@id":"https:\/\/teatinos.org\/fr\/convivencia-y-retiro-de-la-provincia-teatina-de-espana\/#breadcrumb"},"inLanguage":"fr-FR","potentialAction":[{"@type":"ReadAction","target":["https:\/\/teatinos.org\/fr\/convivencia-y-retiro-de-la-provincia-teatina-de-espana\/"]}]},{"@type":"ImageObject","inLanguage":"fr-FR","@id":"https:\/\/teatinos.org\/fr\/convivencia-y-retiro-de-la-provincia-teatina-de-espana\/#primaryimage","url":"https:\/\/teatinos.org\/wp-content\/uploads\/2023\/05\/Placa-Espana-Colombia-2023.png","contentUrl":"https:\/\/teatinos.org\/wp-content\/uploads\/2023\/05\/Placa-Espana-Colombia-2023.png","width":1080,"height":1080},{"@type":"BreadcrumbList","@id":"https:\/\/teatinos.org\/fr\/convivencia-y-retiro-de-la-provincia-teatina-de-espana\/#breadcrumb","itemListElement":[{"@type":"ListItem","position":1,"name":"Portada","item":"https:\/\/teatinos.org\/fr\/"},{"@type":"ListItem","position":2,"name":"Coexistence et retraite spirituelle de la Province Th\u00e9atin d&rsquo;Espagne"}]},{"@type":"WebSite","@id":"https:\/\/teatinos.org\/pt-br\/#website","url":"https:\/\/teatinos.org\/pt-br\/","name":"Teatinos","description":"Orden de Cl\u00e9rigos Regulares","potentialAction":[{"@type":"SearchAction","target":{"@type":"EntryPoint","urlTemplate":"https:\/\/teatinos.org\/pt-br\/?s={search_term_string}"},"query-input":{"@type":"PropertyValueSpecification","valueRequired":true,"valueName":"search_term_string"}}],"inLanguage":"fr-FR"},{"@type":"Person","@id":"https:\/\/teatinos.org\/pt-br\/#\/schema\/person\/10193cb8ac6f163661033cf7ce9006a5","name":"Community Manager","url":"https:\/\/teatinos.org\/fr\/author\/pascual\/"}]}},"rttpg_featured_image_url":{"full":["https:\/\/teatinos.org\/wp-content\/uploads\/2023\/05\/Placa-Espana-Colombia-2023.png",1080,1080,false],"landscape":["https:\/\/teatinos.org\/wp-content\/uploads\/2023\/05\/Placa-Espana-Colombia-2023.png",1080,1080,false],"portraits":["https:\/\/teatinos.org\/wp-content\/uploads\/2023\/05\/Placa-Espana-Colombia-2023.png",1080,1080,false],"thumbnail":["https:\/\/teatinos.org\/wp-content\/uploads\/2023\/05\/Placa-Espana-Colombia-2023-150x150.png",150,150,true],"medium":["https:\/\/teatinos.org\/wp-content\/uploads\/2023\/05\/Placa-Espana-Colombia-2023-300x300.png",300,300,true],"large":["https:\/\/teatinos.org\/wp-content\/uploads\/2023\/05\/Placa-Espana-Colombia-2023-1024x1024.png",1000,1000,true],"1536x1536":["https:\/\/teatinos.org\/wp-content\/uploads\/2023\/05\/Placa-Espana-Colombia-2023.png",1080,1080,false],"2048x2048":["https:\/\/teatinos.org\/wp-content\/uploads\/2023\/05\/Placa-Espana-Colombia-2023.png",1080,1080,false]},"rttpg_author":{"display_name":"Community Manager","author_link":"https:\/\/teatinos.org\/fr\/author\/pascual\/"},"rttpg_comment":0,"rttpg_category":"<a href=\"https:\/\/teatinos.org\/fr\/category\/actualite\/\" rel=\"category tag\">Actualit\u00e9<\/a>","rttpg_excerpt":"Coexistence et retraite spirituelle de la Province Comme chaque ann\u00e9e, \u00e0 cette \u00e9poque de juillet, la majorit\u00e9 des fr\u00e8res de la Province d&rsquo;Espagne et de Colombie se sont r\u00e9unis \u00e0 la Maison Sanctuaire de Notre-Dame de Casta\u00f1ar de B\u00e9jar (Salamanque) pour vivre quelques jours de coexistence et de retraite provinciale.\u2026","_links":{"self":[{"href":"https:\/\/teatinos.org\/fr\/wp-json\/wp\/v2\/posts\/16372","targetHints":{"allow":["GET"]}}],"collection":[{"href":"https:\/\/teatinos.org\/fr\/wp-json\/wp\/v2\/posts"}],"about":[{"href":"https:\/\/teatinos.org\/fr\/wp-json\/wp\/v2\/types\/post"}],"author":[{"embeddable":true,"href":"https:\/\/teatinos.org\/fr\/wp-json\/wp\/v2\/users\/5"}],"replies":[{"embeddable":true,"href":"https:\/\/teatinos.org\/fr\/wp-json\/wp\/v2\/comments?post=16372"}],"version-history":[{"count":1,"href":"https:\/\/teatinos.org\/fr\/wp-json\/wp\/v2\/posts\/16372\/revisions"}],"predecessor-version":[{"id":16378,"href":"https:\/\/teatinos.org\/fr\/wp-json\/wp\/v2\/posts\/16372\/revisions\/16378"}],"wp:featuredmedia":[{"embeddable":true,"href":"https:\/\/teatinos.org\/fr\/wp-json\/wp\/v2\/media\/11561"}],"wp:attachment":[{"href":"https:\/\/teatinos.org\/fr\/wp-json\/wp\/v2\/media?parent=16372"}],"wp:term":[{"taxonomy":"category","embeddable":true,"href":"https:\/\/teatinos.org\/fr\/wp-json\/wp\/v2\/categories?post=16372"},{"taxonomy":"post_tag","embeddable":true,"href":"https:\/\/teatinos.org\/fr\/wp-json\/wp\/v2\/tags?post=16372"}],"curies":[{"name":"wp","href":"https:\/\/api.w.org\/{rel}","templated":true}]}}