{"id":16039,"date":"2024-06-21T22:06:47","date_gmt":"2024-06-21T22:06:47","guid":{"rendered":"http:\/\/teatinos.org\/teatinos-de-mexico-xx-capitulo-provincial\/"},"modified":"2024-06-21T22:24:47","modified_gmt":"2024-06-21T22:24:47","slug":"teatinos-de-mexico-xx-capitulo-provincial","status":"publish","type":"post","link":"https:\/\/teatinos.org\/fr\/teatinos-de-mexico-xx-capitulo-provincial\/","title":{"rendered":"Th\u00e9atines du Mexique &#8211; XX\u00e8me Chapitre Provincial"},"content":{"rendered":"<p>Chers amis de l&rsquo;Ordre des Clercs R\u00e9guliers des Th\u00e9atines, la Province du Mexique vient de conclure son XX\u00e8me Chapitre Provincial, et comme nous l&rsquo;avons appris \u00e0 travers les r\u00e9seaux sociaux, lors des \u00e9lections du Gouvernement de la Province pour le triennat 2024-2027, ont \u00e9t\u00e9 \u00e9lus :<\/p>\n<p>P. Eduardo Bello, CR, Sup\u00e9rieur Provincial<br \/>\nP. Franco Plascencia, CR, Vicaire Provincial<br \/>\nP. Ricardo Rodr\u00edguez, CR, second consulteur<br \/>\nP. Carlos G\u00f3mez Ruiz, CR, troisi\u00e8me consulteur<br \/>\nP. Joan Reyes Austria, CR, quatri\u00e8me consulteur<\/p>\n<p>Nous nous joignons \u00e0 l&rsquo;action de gr\u00e2ce \u00e0 Dieu pour assister nos confr\u00e8res dans leur travail et nous prions pour que le Seigneur continue \u00e0 b\u00e9nir notre humble famille avec de nouvelles vocations qui d\u00e9sirent servir Dieu dans l&rsquo;Eglise \u00e0 la mani\u00e8re de nos Fondateurs, par l&rsquo;intercession de Saint Cajetan et de notre M\u00e8re, Sainte Marie de la Puret\u00e9.<\/p>\n<p><a href=\"http:\/\/teatinos.org\/wp-content\/uploads\/2024\/06\/Nuevo-gobierno-Mexico-2024-2027-1.png\"><img loading=\"lazy\" decoding=\"async\" class=\"alignnone size-full wp-image-16049\" src=\"http:\/\/teatinos.org\/wp-content\/uploads\/2024\/06\/Nuevo-gobierno-Mexico-2024-2027-1.png\" alt=\"\" width=\"1080\" height=\"1080\" \/><\/a><\/p>\n","protected":false},"excerpt":{"rendered":"<p>Chers amis de l&rsquo;Ordre des Clercs R\u00e9guliers des Th\u00e9atines, la Province du Mexique vient de conclure son XX\u00e8me Chapitre Provincial, et comme nous l&rsquo;avons appris \u00e0 travers les r\u00e9seaux sociaux, lors des \u00e9lections du Gouvernement de la Province pour le triennat 2024-2027, ont \u00e9t\u00e9 \u00e9lus : P. Eduardo Bello, CR,\u2026<\/p>\n","protected":false},"author":5,"featured_media":11571,"comment_status":"closed","ping_status":"open","sticky":false,"template":"","format":"standard","meta":{"_acf_changed":false,"footnotes":"","_links_to":"","_links_to_target":""},"categories":[96],"tags":[],"class_list":["post-16039","post","type-post","status-publish","format-standard","has-post-thumbnail","hentry","category-actualite"],"acf":[],"yoast_head":"<!-- This site is optimized with the Yoast SEO plugin v23.5 - https:\/\/yoast.com\/wordpress\/plugins\/seo\/ -->\n<title>Th\u00e9atines du Mexique - XX\u00e8me Chapitre Provincial - Teatinos<\/title>\n<meta name=\"robots\" content=\"index, follow, max-snippet:-1, max-image-preview:large, max-video-preview:-1\" \/>\n<link rel=\"canonical\" href=\"https:\/\/teatinos.org\/fr\/teatinos-de-mexico-xx-capitulo-provincial\/\" \/>\n<meta property=\"og:locale\" content=\"fr_FR\" \/>\n<meta property=\"og:type\" content=\"article\" \/>\n<meta property=\"og:title\" content=\"Th\u00e9atines du Mexique - XX\u00e8me Chapitre Provincial - Teatinos\" \/>\n<meta property=\"og:description\" content=\"Chers amis de l&rsquo;Ordre des Clercs R\u00e9guliers des Th\u00e9atines, la Province du Mexique vient de conclure son XX\u00e8me Chapitre Provincial, et comme nous l&rsquo;avons appris \u00e0 travers les r\u00e9seaux sociaux, lors des \u00e9lections du Gouvernement de la Province pour le triennat 2024-2027, ont \u00e9t\u00e9 \u00e9lus : P. Eduardo Bello, CR,\u2026\" \/>\n<meta property=\"og:url\" content=\"https:\/\/teatinos.org\/fr\/teatinos-de-mexico-xx-capitulo-provincial\/\" \/>\n<meta property=\"og:site_name\" content=\"Teatinos\" \/>\n<meta property=\"article:published_time\" content=\"2024-06-21T22:06:47+00:00\" \/>\n<meta property=\"article:modified_time\" content=\"2024-06-21T22:24:47+00:00\" \/>\n<meta property=\"og:image\" content=\"https:\/\/teatinos.org\/wp-content\/uploads\/2023\/05\/Placa-Mexico-2023.png\" \/>\n\t<meta property=\"og:image:width\" content=\"1080\" \/>\n\t<meta property=\"og:image:height\" content=\"1080\" \/>\n\t<meta property=\"og:image:type\" content=\"image\/png\" \/>\n<meta name=\"author\" content=\"Community Manager\" \/>\n<meta name=\"twitter:card\" content=\"summary_large_image\" \/>\n<meta name=\"twitter:label1\" content=\"\u00c9crit par\" \/>\n\t<meta name=\"twitter:data1\" content=\"Community Manager\" \/>\n\t<meta name=\"twitter:label2\" content=\"Dur\u00e9e de lecture estim\u00e9e\" \/>\n\t<meta name=\"twitter:data2\" content=\"1 minute\" \/>\n<script type=\"application\/ld+json\" class=\"yoast-schema-graph\">{\"@context\":\"https:\/\/schema.org\",\"@graph\":[{\"@type\":\"WebPage\",\"@id\":\"https:\/\/teatinos.org\/fr\/teatinos-de-mexico-xx-capitulo-provincial\/\",\"url\":\"https:\/\/teatinos.org\/fr\/teatinos-de-mexico-xx-capitulo-provincial\/\",\"name\":\"Th\u00e9atines du Mexique - XX\u00e8me Chapitre Provincial - Teatinos\",\"isPartOf\":{\"@id\":\"https:\/\/teatinos.org\/pt-br\/#website\"},\"primaryImageOfPage\":{\"@id\":\"https:\/\/teatinos.org\/fr\/teatinos-de-mexico-xx-capitulo-provincial\/#primaryimage\"},\"image\":{\"@id\":\"https:\/\/teatinos.org\/fr\/teatinos-de-mexico-xx-capitulo-provincial\/#primaryimage\"},\"thumbnailUrl\":\"https:\/\/teatinos.org\/wp-content\/uploads\/2023\/05\/Placa-Mexico-2023.png\",\"datePublished\":\"2024-06-21T22:06:47+00:00\",\"dateModified\":\"2024-06-21T22:24:47+00:00\",\"author\":{\"@id\":\"https:\/\/teatinos.org\/pt-br\/#\/schema\/person\/10193cb8ac6f163661033cf7ce9006a5\"},\"breadcrumb\":{\"@id\":\"https:\/\/teatinos.org\/fr\/teatinos-de-mexico-xx-capitulo-provincial\/#breadcrumb\"},\"inLanguage\":\"fr-FR\",\"potentialAction\":[{\"@type\":\"ReadAction\",\"target\":[\"https:\/\/teatinos.org\/fr\/teatinos-de-mexico-xx-capitulo-provincial\/\"]}]},{\"@type\":\"ImageObject\",\"inLanguage\":\"fr-FR\",\"@id\":\"https:\/\/teatinos.org\/fr\/teatinos-de-mexico-xx-capitulo-provincial\/#primaryimage\",\"url\":\"https:\/\/teatinos.org\/wp-content\/uploads\/2023\/05\/Placa-Mexico-2023.png\",\"contentUrl\":\"https:\/\/teatinos.org\/wp-content\/uploads\/2023\/05\/Placa-Mexico-2023.png\",\"width\":1080,\"height\":1080},{\"@type\":\"BreadcrumbList\",\"@id\":\"https:\/\/teatinos.org\/fr\/teatinos-de-mexico-xx-capitulo-provincial\/#breadcrumb\",\"itemListElement\":[{\"@type\":\"ListItem\",\"position\":1,\"name\":\"Portada\",\"item\":\"https:\/\/teatinos.org\/fr\/\"},{\"@type\":\"ListItem\",\"position\":2,\"name\":\"Th\u00e9atines du Mexique &#8211; XX\u00e8me Chapitre Provincial\"}]},{\"@type\":\"WebSite\",\"@id\":\"https:\/\/teatinos.org\/pt-br\/#website\",\"url\":\"https:\/\/teatinos.org\/pt-br\/\",\"name\":\"Teatinos\",\"description\":\"Orden de Cl\u00e9rigos Regulares\",\"potentialAction\":[{\"@type\":\"SearchAction\",\"target\":{\"@type\":\"EntryPoint\",\"urlTemplate\":\"https:\/\/teatinos.org\/pt-br\/?s={search_term_string}\"},\"query-input\":{\"@type\":\"PropertyValueSpecification\",\"valueRequired\":true,\"valueName\":\"search_term_string\"}}],\"inLanguage\":\"fr-FR\"},{\"@type\":\"Person\",\"@id\":\"https:\/\/teatinos.org\/pt-br\/#\/schema\/person\/10193cb8ac6f163661033cf7ce9006a5\",\"name\":\"Community Manager\",\"url\":\"https:\/\/teatinos.org\/fr\/author\/pascual\/\"}]}<\/script>\n<!-- \/ Yoast SEO plugin. -->","yoast_head_json":{"title":"Th\u00e9atines du Mexique - XX\u00e8me Chapitre Provincial - Teatinos","robots":{"index":"index","follow":"follow","max-snippet":"max-snippet:-1","max-image-preview":"max-image-preview:large","max-video-preview":"max-video-preview:-1"},"canonical":"https:\/\/teatinos.org\/fr\/teatinos-de-mexico-xx-capitulo-provincial\/","og_locale":"fr_FR","og_type":"article","og_title":"Th\u00e9atines du Mexique - XX\u00e8me Chapitre Provincial - Teatinos","og_description":"Chers amis de l&rsquo;Ordre des Clercs R\u00e9guliers des Th\u00e9atines, la Province du Mexique vient de conclure son XX\u00e8me Chapitre Provincial, et comme nous l&rsquo;avons appris \u00e0 travers les r\u00e9seaux sociaux, lors des \u00e9lections du Gouvernement de la Province pour le triennat 2024-2027, ont \u00e9t\u00e9 \u00e9lus : P. Eduardo Bello, CR,\u2026","og_url":"https:\/\/teatinos.org\/fr\/teatinos-de-mexico-xx-capitulo-provincial\/","og_site_name":"Teatinos","article_published_time":"2024-06-21T22:06:47+00:00","article_modified_time":"2024-06-21T22:24:47+00:00","og_image":[{"width":1080,"height":1080,"url":"https:\/\/teatinos.org\/wp-content\/uploads\/2023\/05\/Placa-Mexico-2023.png","type":"image\/png"}],"author":"Community Manager","twitter_card":"summary_large_image","twitter_misc":{"\u00c9crit par":"Community Manager","Dur\u00e9e de lecture estim\u00e9e":"1 minute"},"schema":{"@context":"https:\/\/schema.org","@graph":[{"@type":"WebPage","@id":"https:\/\/teatinos.org\/fr\/teatinos-de-mexico-xx-capitulo-provincial\/","url":"https:\/\/teatinos.org\/fr\/teatinos-de-mexico-xx-capitulo-provincial\/","name":"Th\u00e9atines du Mexique - XX\u00e8me Chapitre Provincial - Teatinos","isPartOf":{"@id":"https:\/\/teatinos.org\/pt-br\/#website"},"primaryImageOfPage":{"@id":"https:\/\/teatinos.org\/fr\/teatinos-de-mexico-xx-capitulo-provincial\/#primaryimage"},"image":{"@id":"https:\/\/teatinos.org\/fr\/teatinos-de-mexico-xx-capitulo-provincial\/#primaryimage"},"thumbnailUrl":"https:\/\/teatinos.org\/wp-content\/uploads\/2023\/05\/Placa-Mexico-2023.png","datePublished":"2024-06-21T22:06:47+00:00","dateModified":"2024-06-21T22:24:47+00:00","author":{"@id":"https:\/\/teatinos.org\/pt-br\/#\/schema\/person\/10193cb8ac6f163661033cf7ce9006a5"},"breadcrumb":{"@id":"https:\/\/teatinos.org\/fr\/teatinos-de-mexico-xx-capitulo-provincial\/#breadcrumb"},"inLanguage":"fr-FR","potentialAction":[{"@type":"ReadAction","target":["https:\/\/teatinos.org\/fr\/teatinos-de-mexico-xx-capitulo-provincial\/"]}]},{"@type":"ImageObject","inLanguage":"fr-FR","@id":"https:\/\/teatinos.org\/fr\/teatinos-de-mexico-xx-capitulo-provincial\/#primaryimage","url":"https:\/\/teatinos.org\/wp-content\/uploads\/2023\/05\/Placa-Mexico-2023.png","contentUrl":"https:\/\/teatinos.org\/wp-content\/uploads\/2023\/05\/Placa-Mexico-2023.png","width":1080,"height":1080},{"@type":"BreadcrumbList","@id":"https:\/\/teatinos.org\/fr\/teatinos-de-mexico-xx-capitulo-provincial\/#breadcrumb","itemListElement":[{"@type":"ListItem","position":1,"name":"Portada","item":"https:\/\/teatinos.org\/fr\/"},{"@type":"ListItem","position":2,"name":"Th\u00e9atines du Mexique &#8211; XX\u00e8me Chapitre Provincial"}]},{"@type":"WebSite","@id":"https:\/\/teatinos.org\/pt-br\/#website","url":"https:\/\/teatinos.org\/pt-br\/","name":"Teatinos","description":"Orden de Cl\u00e9rigos Regulares","potentialAction":[{"@type":"SearchAction","target":{"@type":"EntryPoint","urlTemplate":"https:\/\/teatinos.org\/pt-br\/?s={search_term_string}"},"query-input":{"@type":"PropertyValueSpecification","valueRequired":true,"valueName":"search_term_string"}}],"inLanguage":"fr-FR"},{"@type":"Person","@id":"https:\/\/teatinos.org\/pt-br\/#\/schema\/person\/10193cb8ac6f163661033cf7ce9006a5","name":"Community Manager","url":"https:\/\/teatinos.org\/fr\/author\/pascual\/"}]}},"rttpg_featured_image_url":{"full":["https:\/\/teatinos.org\/wp-content\/uploads\/2023\/05\/Placa-Mexico-2023.png",1080,1080,false],"landscape":["https:\/\/teatinos.org\/wp-content\/uploads\/2023\/05\/Placa-Mexico-2023.png",1080,1080,false],"portraits":["https:\/\/teatinos.org\/wp-content\/uploads\/2023\/05\/Placa-Mexico-2023.png",1080,1080,false],"thumbnail":["https:\/\/teatinos.org\/wp-content\/uploads\/2023\/05\/Placa-Mexico-2023-150x150.png",150,150,true],"medium":["https:\/\/teatinos.org\/wp-content\/uploads\/2023\/05\/Placa-Mexico-2023-300x300.png",300,300,true],"large":["https:\/\/teatinos.org\/wp-content\/uploads\/2023\/05\/Placa-Mexico-2023-1024x1024.png",1000,1000,true],"1536x1536":["https:\/\/teatinos.org\/wp-content\/uploads\/2023\/05\/Placa-Mexico-2023.png",1080,1080,false],"2048x2048":["https:\/\/teatinos.org\/wp-content\/uploads\/2023\/05\/Placa-Mexico-2023.png",1080,1080,false]},"rttpg_author":{"display_name":"Community Manager","author_link":"https:\/\/teatinos.org\/fr\/author\/pascual\/"},"rttpg_comment":0,"rttpg_category":"<a href=\"https:\/\/teatinos.org\/fr\/category\/actualite\/\" rel=\"category tag\">Actualit\u00e9<\/a>","rttpg_excerpt":"Chers amis de l&rsquo;Ordre des Clercs R\u00e9guliers des Th\u00e9atines, la Province du Mexique vient de conclure son XX\u00e8me Chapitre Provincial, et comme nous l&rsquo;avons appris \u00e0 travers les r\u00e9seaux sociaux, lors des \u00e9lections du Gouvernement de la Province pour le triennat 2024-2027, ont \u00e9t\u00e9 \u00e9lus : P. Eduardo Bello, CR,\u2026","_links":{"self":[{"href":"https:\/\/teatinos.org\/fr\/wp-json\/wp\/v2\/posts\/16039","targetHints":{"allow":["GET"]}}],"collection":[{"href":"https:\/\/teatinos.org\/fr\/wp-json\/wp\/v2\/posts"}],"about":[{"href":"https:\/\/teatinos.org\/fr\/wp-json\/wp\/v2\/types\/post"}],"author":[{"embeddable":true,"href":"https:\/\/teatinos.org\/fr\/wp-json\/wp\/v2\/users\/5"}],"replies":[{"embeddable":true,"href":"https:\/\/teatinos.org\/fr\/wp-json\/wp\/v2\/comments?post=16039"}],"version-history":[{"count":2,"href":"https:\/\/teatinos.org\/fr\/wp-json\/wp\/v2\/posts\/16039\/revisions"}],"predecessor-version":[{"id":16055,"href":"https:\/\/teatinos.org\/fr\/wp-json\/wp\/v2\/posts\/16039\/revisions\/16055"}],"wp:featuredmedia":[{"embeddable":true,"href":"https:\/\/teatinos.org\/fr\/wp-json\/wp\/v2\/media\/11571"}],"wp:attachment":[{"href":"https:\/\/teatinos.org\/fr\/wp-json\/wp\/v2\/media?parent=16039"}],"wp:term":[{"taxonomy":"category","embeddable":true,"href":"https:\/\/teatinos.org\/fr\/wp-json\/wp\/v2\/categories?post=16039"},{"taxonomy":"post_tag","embeddable":true,"href":"https:\/\/teatinos.org\/fr\/wp-json\/wp\/v2\/tags?post=16039"}],"curies":[{"name":"wp","href":"https:\/\/api.w.org\/{rel}","templated":true}]}}