{"id":13867,"date":"2024-01-10T19:23:38","date_gmt":"2024-01-10T19:23:38","guid":{"rendered":"http:\/\/teatinos.org\/nuevos-acolitos-en-la-provincia-teatina-de-brasil\/"},"modified":"2024-01-10T19:28:37","modified_gmt":"2024-01-10T19:28:37","slug":"nuevos-acolitos-en-la-provincia-teatina-de-brasil","status":"publish","type":"post","link":"https:\/\/teatinos.org\/fr\/nuevos-acolitos-en-la-provincia-teatina-de-brasil\/","title":{"rendered":"Nouveaux acolytes dans la Province des Th\u00e9atins du Br\u00e9sil"},"content":{"rendered":"<p>En vivant le jubil\u00e9 des 500 ans de fondation, l&rsquo;Ordre des Clercs R\u00e9guliers Th\u00e9atins, Province Paul VI du Br\u00e9sil, et nous, fr\u00e8res de v\u0153ux temporaires :<\/p>\n<p><strong>Fr. Christian Macedo Cintra, CR<\/strong><br \/>\n<strong>Fr. Daniel Rosolem Aielo, CR<\/strong><\/p>\n<p>Nous avons la joie de vous inviter \u00e0 participer \u00e0 la C\u00e9l\u00e9bration Eucharistique Solennelle pr\u00e9sid\u00e9e par le Tr\u00e8s R\u00e9v\u00e9rend P\u00e8re Rafael Tadeu Dias Machado, CR, Sup\u00e9rieur Provincial, qui vous instituera au minist\u00e8re d&rsquo;acolyte.<\/p>\n<p>Le 11 janvier 2024 \u00e0 11 heures.<br \/>\nMaison de formation St. Pie X &#8211; Fartura\/SP<\/p>\n<p><a href=\"http:\/\/teatinos.org\/wp-content\/uploads\/2024\/01\/Acolitado-Brasil-Enero-2024.jpg\"><img loading=\"lazy\" decoding=\"async\" class=\"alignnone size-full wp-image-13859\" src=\"http:\/\/teatinos.org\/wp-content\/uploads\/2024\/01\/Acolitado-Brasil-Enero-2024.jpg\" alt=\"\" width=\"917\" height=\"651\" \/><\/a><\/p>\n","protected":false},"excerpt":{"rendered":"<p>En vivant le jubil\u00e9 des 500 ans de fondation, l&rsquo;Ordre des Clercs R\u00e9guliers Th\u00e9atins, Province Paul VI du Br\u00e9sil, et nous, fr\u00e8res de v\u0153ux temporaires : Fr. Christian Macedo Cintra, CR Fr. Daniel Rosolem Aielo, CR Nous avons la joie de vous inviter \u00e0 participer \u00e0 la C\u00e9l\u00e9bration Eucharistique Solennelle\u2026<\/p>\n","protected":false},"author":5,"featured_media":11531,"comment_status":"closed","ping_status":"open","sticky":false,"template":"","format":"standard","meta":{"_acf_changed":false,"footnotes":"","_links_to":"","_links_to_target":""},"categories":[96],"tags":[],"class_list":["post-13867","post","type-post","status-publish","format-standard","has-post-thumbnail","hentry","category-actualite"],"acf":[],"yoast_head":"<!-- This site is optimized with the Yoast SEO plugin v23.5 - https:\/\/yoast.com\/wordpress\/plugins\/seo\/ -->\n<title>Nouveaux acolytes dans la Province des Th\u00e9atins du Br\u00e9sil - Teatinos<\/title>\n<meta name=\"robots\" content=\"index, follow, max-snippet:-1, max-image-preview:large, max-video-preview:-1\" \/>\n<link rel=\"canonical\" href=\"https:\/\/teatinos.org\/fr\/nuevos-acolitos-en-la-provincia-teatina-de-brasil\/\" \/>\n<meta property=\"og:locale\" content=\"fr_FR\" \/>\n<meta property=\"og:type\" content=\"article\" \/>\n<meta property=\"og:title\" content=\"Nouveaux acolytes dans la Province des Th\u00e9atins du Br\u00e9sil - Teatinos\" \/>\n<meta property=\"og:description\" content=\"En vivant le jubil\u00e9 des 500 ans de fondation, l&rsquo;Ordre des Clercs R\u00e9guliers Th\u00e9atins, Province Paul VI du Br\u00e9sil, et nous, fr\u00e8res de v\u0153ux temporaires : Fr. Christian Macedo Cintra, CR Fr. Daniel Rosolem Aielo, CR Nous avons la joie de vous inviter \u00e0 participer \u00e0 la C\u00e9l\u00e9bration Eucharistique Solennelle\u2026\" \/>\n<meta property=\"og:url\" content=\"https:\/\/teatinos.org\/fr\/nuevos-acolitos-en-la-provincia-teatina-de-brasil\/\" \/>\n<meta property=\"og:site_name\" content=\"Teatinos\" \/>\n<meta property=\"article:published_time\" content=\"2024-01-10T19:23:38+00:00\" \/>\n<meta property=\"article:modified_time\" content=\"2024-01-10T19:28:37+00:00\" \/>\n<meta property=\"og:image\" content=\"https:\/\/teatinos.org\/wp-content\/uploads\/2023\/05\/Placa-Brasil-2023.png\" \/>\n\t<meta property=\"og:image:width\" content=\"1080\" \/>\n\t<meta property=\"og:image:height\" content=\"1080\" \/>\n\t<meta property=\"og:image:type\" content=\"image\/png\" \/>\n<meta name=\"author\" content=\"Community Manager\" \/>\n<meta name=\"twitter:card\" content=\"summary_large_image\" \/>\n<meta name=\"twitter:label1\" content=\"\u00c9crit par\" \/>\n\t<meta name=\"twitter:data1\" content=\"Community Manager\" \/>\n\t<meta name=\"twitter:label2\" content=\"Dur\u00e9e de lecture estim\u00e9e\" \/>\n\t<meta name=\"twitter:data2\" content=\"1 minute\" \/>\n<script type=\"application\/ld+json\" class=\"yoast-schema-graph\">{\"@context\":\"https:\/\/schema.org\",\"@graph\":[{\"@type\":\"WebPage\",\"@id\":\"https:\/\/teatinos.org\/fr\/nuevos-acolitos-en-la-provincia-teatina-de-brasil\/\",\"url\":\"https:\/\/teatinos.org\/fr\/nuevos-acolitos-en-la-provincia-teatina-de-brasil\/\",\"name\":\"Nouveaux acolytes dans la Province des Th\u00e9atins du Br\u00e9sil - Teatinos\",\"isPartOf\":{\"@id\":\"https:\/\/teatinos.org\/pt-br\/#website\"},\"primaryImageOfPage\":{\"@id\":\"https:\/\/teatinos.org\/fr\/nuevos-acolitos-en-la-provincia-teatina-de-brasil\/#primaryimage\"},\"image\":{\"@id\":\"https:\/\/teatinos.org\/fr\/nuevos-acolitos-en-la-provincia-teatina-de-brasil\/#primaryimage\"},\"thumbnailUrl\":\"https:\/\/teatinos.org\/wp-content\/uploads\/2023\/05\/Placa-Brasil-2023.png\",\"datePublished\":\"2024-01-10T19:23:38+00:00\",\"dateModified\":\"2024-01-10T19:28:37+00:00\",\"author\":{\"@id\":\"https:\/\/teatinos.org\/pt-br\/#\/schema\/person\/10193cb8ac6f163661033cf7ce9006a5\"},\"breadcrumb\":{\"@id\":\"https:\/\/teatinos.org\/fr\/nuevos-acolitos-en-la-provincia-teatina-de-brasil\/#breadcrumb\"},\"inLanguage\":\"fr-FR\",\"potentialAction\":[{\"@type\":\"ReadAction\",\"target\":[\"https:\/\/teatinos.org\/fr\/nuevos-acolitos-en-la-provincia-teatina-de-brasil\/\"]}]},{\"@type\":\"ImageObject\",\"inLanguage\":\"fr-FR\",\"@id\":\"https:\/\/teatinos.org\/fr\/nuevos-acolitos-en-la-provincia-teatina-de-brasil\/#primaryimage\",\"url\":\"https:\/\/teatinos.org\/wp-content\/uploads\/2023\/05\/Placa-Brasil-2023.png\",\"contentUrl\":\"https:\/\/teatinos.org\/wp-content\/uploads\/2023\/05\/Placa-Brasil-2023.png\",\"width\":1080,\"height\":1080},{\"@type\":\"BreadcrumbList\",\"@id\":\"https:\/\/teatinos.org\/fr\/nuevos-acolitos-en-la-provincia-teatina-de-brasil\/#breadcrumb\",\"itemListElement\":[{\"@type\":\"ListItem\",\"position\":1,\"name\":\"Portada\",\"item\":\"https:\/\/teatinos.org\/fr\/\"},{\"@type\":\"ListItem\",\"position\":2,\"name\":\"Nouveaux acolytes dans la Province des Th\u00e9atins du Br\u00e9sil\"}]},{\"@type\":\"WebSite\",\"@id\":\"https:\/\/teatinos.org\/pt-br\/#website\",\"url\":\"https:\/\/teatinos.org\/pt-br\/\",\"name\":\"Teatinos\",\"description\":\"Orden de Cl\u00e9rigos Regulares\",\"potentialAction\":[{\"@type\":\"SearchAction\",\"target\":{\"@type\":\"EntryPoint\",\"urlTemplate\":\"https:\/\/teatinos.org\/pt-br\/?s={search_term_string}\"},\"query-input\":{\"@type\":\"PropertyValueSpecification\",\"valueRequired\":true,\"valueName\":\"search_term_string\"}}],\"inLanguage\":\"fr-FR\"},{\"@type\":\"Person\",\"@id\":\"https:\/\/teatinos.org\/pt-br\/#\/schema\/person\/10193cb8ac6f163661033cf7ce9006a5\",\"name\":\"Community Manager\",\"url\":\"https:\/\/teatinos.org\/fr\/author\/pascual\/\"}]}<\/script>\n<!-- \/ Yoast SEO plugin. -->","yoast_head_json":{"title":"Nouveaux acolytes dans la Province des Th\u00e9atins du Br\u00e9sil - Teatinos","robots":{"index":"index","follow":"follow","max-snippet":"max-snippet:-1","max-image-preview":"max-image-preview:large","max-video-preview":"max-video-preview:-1"},"canonical":"https:\/\/teatinos.org\/fr\/nuevos-acolitos-en-la-provincia-teatina-de-brasil\/","og_locale":"fr_FR","og_type":"article","og_title":"Nouveaux acolytes dans la Province des Th\u00e9atins du Br\u00e9sil - Teatinos","og_description":"En vivant le jubil\u00e9 des 500 ans de fondation, l&rsquo;Ordre des Clercs R\u00e9guliers Th\u00e9atins, Province Paul VI du Br\u00e9sil, et nous, fr\u00e8res de v\u0153ux temporaires : Fr. Christian Macedo Cintra, CR Fr. Daniel Rosolem Aielo, CR Nous avons la joie de vous inviter \u00e0 participer \u00e0 la C\u00e9l\u00e9bration Eucharistique Solennelle\u2026","og_url":"https:\/\/teatinos.org\/fr\/nuevos-acolitos-en-la-provincia-teatina-de-brasil\/","og_site_name":"Teatinos","article_published_time":"2024-01-10T19:23:38+00:00","article_modified_time":"2024-01-10T19:28:37+00:00","og_image":[{"width":1080,"height":1080,"url":"https:\/\/teatinos.org\/wp-content\/uploads\/2023\/05\/Placa-Brasil-2023.png","type":"image\/png"}],"author":"Community Manager","twitter_card":"summary_large_image","twitter_misc":{"\u00c9crit par":"Community Manager","Dur\u00e9e de lecture estim\u00e9e":"1 minute"},"schema":{"@context":"https:\/\/schema.org","@graph":[{"@type":"WebPage","@id":"https:\/\/teatinos.org\/fr\/nuevos-acolitos-en-la-provincia-teatina-de-brasil\/","url":"https:\/\/teatinos.org\/fr\/nuevos-acolitos-en-la-provincia-teatina-de-brasil\/","name":"Nouveaux acolytes dans la Province des Th\u00e9atins du Br\u00e9sil - Teatinos","isPartOf":{"@id":"https:\/\/teatinos.org\/pt-br\/#website"},"primaryImageOfPage":{"@id":"https:\/\/teatinos.org\/fr\/nuevos-acolitos-en-la-provincia-teatina-de-brasil\/#primaryimage"},"image":{"@id":"https:\/\/teatinos.org\/fr\/nuevos-acolitos-en-la-provincia-teatina-de-brasil\/#primaryimage"},"thumbnailUrl":"https:\/\/teatinos.org\/wp-content\/uploads\/2023\/05\/Placa-Brasil-2023.png","datePublished":"2024-01-10T19:23:38+00:00","dateModified":"2024-01-10T19:28:37+00:00","author":{"@id":"https:\/\/teatinos.org\/pt-br\/#\/schema\/person\/10193cb8ac6f163661033cf7ce9006a5"},"breadcrumb":{"@id":"https:\/\/teatinos.org\/fr\/nuevos-acolitos-en-la-provincia-teatina-de-brasil\/#breadcrumb"},"inLanguage":"fr-FR","potentialAction":[{"@type":"ReadAction","target":["https:\/\/teatinos.org\/fr\/nuevos-acolitos-en-la-provincia-teatina-de-brasil\/"]}]},{"@type":"ImageObject","inLanguage":"fr-FR","@id":"https:\/\/teatinos.org\/fr\/nuevos-acolitos-en-la-provincia-teatina-de-brasil\/#primaryimage","url":"https:\/\/teatinos.org\/wp-content\/uploads\/2023\/05\/Placa-Brasil-2023.png","contentUrl":"https:\/\/teatinos.org\/wp-content\/uploads\/2023\/05\/Placa-Brasil-2023.png","width":1080,"height":1080},{"@type":"BreadcrumbList","@id":"https:\/\/teatinos.org\/fr\/nuevos-acolitos-en-la-provincia-teatina-de-brasil\/#breadcrumb","itemListElement":[{"@type":"ListItem","position":1,"name":"Portada","item":"https:\/\/teatinos.org\/fr\/"},{"@type":"ListItem","position":2,"name":"Nouveaux acolytes dans la Province des Th\u00e9atins du Br\u00e9sil"}]},{"@type":"WebSite","@id":"https:\/\/teatinos.org\/pt-br\/#website","url":"https:\/\/teatinos.org\/pt-br\/","name":"Teatinos","description":"Orden de Cl\u00e9rigos Regulares","potentialAction":[{"@type":"SearchAction","target":{"@type":"EntryPoint","urlTemplate":"https:\/\/teatinos.org\/pt-br\/?s={search_term_string}"},"query-input":{"@type":"PropertyValueSpecification","valueRequired":true,"valueName":"search_term_string"}}],"inLanguage":"fr-FR"},{"@type":"Person","@id":"https:\/\/teatinos.org\/pt-br\/#\/schema\/person\/10193cb8ac6f163661033cf7ce9006a5","name":"Community Manager","url":"https:\/\/teatinos.org\/fr\/author\/pascual\/"}]}},"rttpg_featured_image_url":{"full":["https:\/\/teatinos.org\/wp-content\/uploads\/2023\/05\/Placa-Brasil-2023.png",1080,1080,false],"landscape":["https:\/\/teatinos.org\/wp-content\/uploads\/2023\/05\/Placa-Brasil-2023.png",1080,1080,false],"portraits":["https:\/\/teatinos.org\/wp-content\/uploads\/2023\/05\/Placa-Brasil-2023.png",1080,1080,false],"thumbnail":["https:\/\/teatinos.org\/wp-content\/uploads\/2023\/05\/Placa-Brasil-2023-150x150.png",150,150,true],"medium":["https:\/\/teatinos.org\/wp-content\/uploads\/2023\/05\/Placa-Brasil-2023-300x300.png",300,300,true],"large":["https:\/\/teatinos.org\/wp-content\/uploads\/2023\/05\/Placa-Brasil-2023-1024x1024.png",1000,1000,true],"1536x1536":["https:\/\/teatinos.org\/wp-content\/uploads\/2023\/05\/Placa-Brasil-2023.png",1080,1080,false],"2048x2048":["https:\/\/teatinos.org\/wp-content\/uploads\/2023\/05\/Placa-Brasil-2023.png",1080,1080,false]},"rttpg_author":{"display_name":"Community Manager","author_link":"https:\/\/teatinos.org\/fr\/author\/pascual\/"},"rttpg_comment":0,"rttpg_category":"<a href=\"https:\/\/teatinos.org\/fr\/category\/actualite\/\" rel=\"category tag\">Actualit\u00e9<\/a>","rttpg_excerpt":"En vivant le jubil\u00e9 des 500 ans de fondation, l&rsquo;Ordre des Clercs R\u00e9guliers Th\u00e9atins, Province Paul VI du Br\u00e9sil, et nous, fr\u00e8res de v\u0153ux temporaires : Fr. Christian Macedo Cintra, CR Fr. Daniel Rosolem Aielo, CR Nous avons la joie de vous inviter \u00e0 participer \u00e0 la C\u00e9l\u00e9bration Eucharistique Solennelle\u2026","_links":{"self":[{"href":"https:\/\/teatinos.org\/fr\/wp-json\/wp\/v2\/posts\/13867","targetHints":{"allow":["GET"]}}],"collection":[{"href":"https:\/\/teatinos.org\/fr\/wp-json\/wp\/v2\/posts"}],"about":[{"href":"https:\/\/teatinos.org\/fr\/wp-json\/wp\/v2\/types\/post"}],"author":[{"embeddable":true,"href":"https:\/\/teatinos.org\/fr\/wp-json\/wp\/v2\/users\/5"}],"replies":[{"embeddable":true,"href":"https:\/\/teatinos.org\/fr\/wp-json\/wp\/v2\/comments?post=13867"}],"version-history":[{"count":1,"href":"https:\/\/teatinos.org\/fr\/wp-json\/wp\/v2\/posts\/13867\/revisions"}],"predecessor-version":[{"id":13873,"href":"https:\/\/teatinos.org\/fr\/wp-json\/wp\/v2\/posts\/13867\/revisions\/13873"}],"wp:featuredmedia":[{"embeddable":true,"href":"https:\/\/teatinos.org\/fr\/wp-json\/wp\/v2\/media\/11531"}],"wp:attachment":[{"href":"https:\/\/teatinos.org\/fr\/wp-json\/wp\/v2\/media?parent=13867"}],"wp:term":[{"taxonomy":"category","embeddable":true,"href":"https:\/\/teatinos.org\/fr\/wp-json\/wp\/v2\/categories?post=13867"},{"taxonomy":"post_tag","embeddable":true,"href":"https:\/\/teatinos.org\/fr\/wp-json\/wp\/v2\/tags?post=13867"}],"curies":[{"name":"wp","href":"https:\/\/api.w.org\/{rel}","templated":true}]}}