{"id":12706,"date":"2023-09-20T14:44:30","date_gmt":"2023-09-20T14:44:30","guid":{"rendered":"http:\/\/teatinos.org\/programa-del-ano-jubilar-teatinos-italia\/"},"modified":"2023-09-20T14:50:34","modified_gmt":"2023-09-20T14:50:34","slug":"programa-del-ano-jubilar-teatinos-italia","status":"publish","type":"post","link":"https:\/\/teatinos.org\/fr\/programa-del-ano-jubilar-teatinos-italia\/","title":{"rendered":"Programme de l&rsquo;ann\u00e9e jubilaire &#8211; Th\u00e9atins Italie"},"content":{"rendered":"<p><a href=\"http:\/\/teatinos.org\/wp-content\/uploads\/2023\/09\/Teatino-Italia-Banner-superior.png\"><img loading=\"lazy\" decoding=\"async\" class=\"alignnone size-full wp-image-12699\" src=\"http:\/\/teatinos.org\/wp-content\/uploads\/2023\/09\/Teatino-Italia-Banner-superior.png\" alt=\"\" width=\"2094\" height=\"426\" \/><\/a><\/p>\n<p>A tous les P\u00e8res, confr\u00e8res et amis de la Famille S\u00e9culi\u00e8re Th\u00e9atine<\/p>\n<p>Chers amis,<br \/>\nLe 14 septembre 1524, quatre hommes de Dieu, confront\u00e9s aux exigences d&rsquo;une \u00c9glise qui avait besoin d&rsquo;un retour \u00e0 la vie \u00e9vang\u00e9lique, d\u00e9cid\u00e8rent d&rsquo;unir leurs forces pour restaurer le mod\u00e8le de vie de la premi\u00e8re communaut\u00e9 apostolique. Il s&rsquo;agit de clercs, conduits par l&rsquo;Esprit Saint sur des chemins personnels tr\u00e8s diff\u00e9rents et provenant de diff\u00e9rentes parties d&rsquo;une Italie alors divis\u00e9e en \u00c9tats, mais qui, depuis le 2 mai 1524 (jour de l&rsquo;invention de la Croix), r\u00e9unis dans cette forge de saints qu&rsquo;\u00e9tait l&rsquo;Oratoire de l&rsquo;Amour Divin, ont commenc\u00e9 \u00e0 \u00e9laborer un programme de travail pour l&rsquo;\u00c9glise, avaient commenc\u00e9 \u00e0 \u00e9laborer un programme de vie qui, approuv\u00e9 le 24 juin (Naissance du Pr\u00e9curseur) par le pape Cl\u00e9ment VII, commen\u00e7a r\u00e9ellement le 14 septembre (jour de l&rsquo;Exaltation de la Croix) avec les v\u0153ux de Gian Pietro Carafa, Gaetano Thiene, Paolo Consiglieri et Bonifacio da Colle.<\/p>\n<p>Un chemin d\u00e9j\u00e0 trac\u00e9 par la Providence, red\u00e9couvrant la croix, le myst\u00e8re de la vie donn\u00e9e gratuitement, pr\u00e9curseurs dans l&rsquo;\u00c9glise d&rsquo;un nouveau mode de vie pour les clercs, pour r\u00e9v\u00e9ler la vie transfigur\u00e9e dans le Christ, le tout accompli dans une r\u00e9elle communion et li\u00e9 de fa\u00e7on quasi sacramentelle par l&rsquo;engagement personnel \u00e0 vivre l&rsquo;\u00c9vangile r\u00e9sum\u00e9 dans les v\u0153ux religieux.<\/p>\n<p>Quatre cent quatre-vingt-dix-neuf ans se sont \u00e9coul\u00e9s depuis ce jour, et la vie des disciples de ces quatre \u00ab\u00a0r\u00e9volutionnaires\u00a0\u00bb, enfants \u00e9vang\u00e9liques, continue d&rsquo;\u00eatre pr\u00e9sente dans l&rsquo;\u00c9glise, se faisant sentir, surtout en des temps o\u00f9 le besoin de r\u00e9forme et de retour aux sources est plus n\u00e9cessaire.<\/p>\n<p>Nous ne nous cachons pas derri\u00e8re un doigt, notre entreprise est petite, et elle l&rsquo;a toujours \u00e9t\u00e9 au cours de ces 500 ans, mais comme le levain, le sel, la m\u00e9moire \u00e9vang\u00e9lique, elle est n\u00e9cessaire.<\/p>\n<p>Aujourd&rsquo;hui, un demi-mill\u00e9naire plus tard, nous sentons que les temps n&rsquo;ont pas chang\u00e9, qu&rsquo;il faut un peuple qui red\u00e9couvre ses racines \u00e9vang\u00e9liques et, contrairement \u00e0 l&rsquo;\u00e9poque de nos P\u00e8res, nous avons d\u00e9couvert que la partie fondatrice du sens de l&rsquo;\u00c9glise est le peuple de Dieu, c&rsquo;est pourquoi le charisme de ceux qui cherchent avant tout le royaume de Dieu et sa justice peut et doit \u00eatre \u00e9tendu \u00e0 l&rsquo;\u00c9glise en tant que clerg\u00e9 et la\u00efcs, \u00e0 l&rsquo;ensemble du peuple de Dieu.<\/p>\n<p>Pour c\u00e9l\u00e9brer cette exp\u00e9rience centenaire, il nous a sembl\u00e9 bon d&rsquo;organiser pour nous et pour vous, chers fr\u00e8res et s\u0153urs, un parcours de red\u00e9couverte d&rsquo;un charisme ancien et toujours actuel, qui comportera des moments d&rsquo;approfondissement pour nourrir l&rsquo;esprit et le c\u0153ur, mais aussi des \u00e9tapes o\u00f9 le fait de vivre ensemble et de marcher, m\u00eame physiquement, sur les pas de ces premiers p\u00e8res, nous fera exp\u00e9rimenter ce que nous aurons connu de mani\u00e8re plus th\u00e9orique.<\/p>\n<p>L&rsquo;espoir est qu&rsquo;au terme de notre parcours, nous soyons un peu plus grandis dans la connaissance et l&rsquo;amour de ce grand charisme dont l&rsquo;\u00c9glise a besoin, \u00e9tant une r\u00e9alit\u00e9 humaine qui a toujours besoin d&rsquo;\u00eatre r\u00e9g\u00e9n\u00e9r\u00e9e.<\/p>\n<p>Comme vous pouvez le voir dans le sch\u00e9ma ci-dessous, les r\u00e9unions ont lieu le vendredi soir et sont con\u00e7ues sp\u00e9cialement pour la participation de ceux qui travaillent et qui ont besoin d&rsquo;un espace dans leur journ\u00e9e. Le d\u00e9sir est que se forme un groupe qui ait une continuit\u00e9 et qui m\u00fbrisse dans l&rsquo;engagement de porter avec nous, clercs, dans la distinction des r\u00f4les, un projet \u00e9vang\u00e9lique qui nous semble plus que jamais n\u00e9cessaire \u00e0 la vie de l&rsquo;\u00c9glise d&rsquo;aujourd&rsquo;hui.<\/p>\n<p>Je demande donc aux P\u00e8res de faire conna\u00eetre le plus t\u00f4t possible les personnes proches de nous qui pourraient \u00eatre int\u00e9ress\u00e9es. Plus tard, en fonction \u00e9galement du nombre d&rsquo;adh\u00e9sions, nous pr\u00e9ciserons les notes techniques, en particulier pour les \u00e9tapes r\u00e9sidentielles.<\/p>\n<p>En attendant, je vous remercie de votre attention et vous dis \u00e0 bient\u00f4t.<\/p>\n<p>Que Notre Dame, M\u00e8re et de la Puret\u00e9 nous accompagne et nous prot\u00e8ge dans ce d\u00e9sir de conna\u00eetre son Fils bien-aim\u00e9.<\/p>\n<p>P. Carmine Mazza, C.R.<br \/>\nSup\u00e9rieur Provincial<\/p>\n<hr \/>\n<p><a href=\"http:\/\/teatinos.org\/wp-content\/uploads\/2023\/09\/Programma-Anno-Giubilare-Italia.png\"><img loading=\"lazy\" decoding=\"async\" class=\"alignnone size-full wp-image-12694\" src=\"http:\/\/teatinos.org\/wp-content\/uploads\/2023\/09\/Programma-Anno-Giubilare-Italia.png\" alt=\"\" width=\"2064\" height=\"1444\" \/><\/a><\/p>\n<p>Toutes les r\u00e9unions seront diffus\u00e9es en direct et auront lieu le vendredi.<\/p>\n<p>La premi\u00e8re retraite aura lieu \u00e0 Santa Maria Seconda, date \u00e0 laquelle nous devrions avoir le nombre de participants pour la deuxi\u00e8me retraite, le 25 avril.<\/p>\n<p>Les retraites ne sont pas des sorties, mais la conclusion logique des cours de formation, de sorte que ceux qui suivent les r\u00e9unions peuvent y participer.<\/p>\n<p>Naples, 31 ao\u00fbt 2023<br \/>\nP. Carmine Mazza C.R.<br \/>\nSup\u00e9rieur Provincial<\/p>\n","protected":false},"excerpt":{"rendered":"<p>A tous les P\u00e8res, confr\u00e8res et amis de la Famille S\u00e9culi\u00e8re Th\u00e9atine Chers amis, Le 14 septembre 1524, quatre hommes de Dieu, confront\u00e9s aux exigences d&rsquo;une \u00c9glise qui avait besoin d&rsquo;un retour \u00e0 la vie \u00e9vang\u00e9lique, d\u00e9cid\u00e8rent d&rsquo;unir leurs forces pour restaurer le mod\u00e8le de vie de la premi\u00e8re communaut\u00e9\u2026<\/p>\n","protected":false},"author":5,"featured_media":11566,"comment_status":"closed","ping_status":"open","sticky":false,"template":"","format":"standard","meta":{"_acf_changed":false,"footnotes":"","_links_to":"","_links_to_target":""},"categories":[109,96],"tags":[],"class_list":["post-12706","post","type-post","status-publish","format-standard","has-post-thumbnail","hentry","category-500-ans","category-actualite"],"acf":[],"yoast_head":"<!-- This site is optimized with the Yoast SEO plugin v23.5 - https:\/\/yoast.com\/wordpress\/plugins\/seo\/ -->\n<title>Programme de l&#039;ann\u00e9e jubilaire - Th\u00e9atins Italie - Teatinos<\/title>\n<meta name=\"robots\" content=\"index, follow, max-snippet:-1, max-image-preview:large, max-video-preview:-1\" \/>\n<link rel=\"canonical\" href=\"https:\/\/teatinos.org\/fr\/programa-del-ano-jubilar-teatinos-italia\/\" \/>\n<meta property=\"og:locale\" content=\"fr_FR\" \/>\n<meta property=\"og:type\" content=\"article\" \/>\n<meta property=\"og:title\" content=\"Programme de l&#039;ann\u00e9e jubilaire - Th\u00e9atins Italie - Teatinos\" \/>\n<meta property=\"og:description\" content=\"A tous les P\u00e8res, confr\u00e8res et amis de la Famille S\u00e9culi\u00e8re Th\u00e9atine Chers amis, Le 14 septembre 1524, quatre hommes de Dieu, confront\u00e9s aux exigences d&rsquo;une \u00c9glise qui avait besoin d&rsquo;un retour \u00e0 la vie \u00e9vang\u00e9lique, d\u00e9cid\u00e8rent d&rsquo;unir leurs forces pour restaurer le mod\u00e8le de vie de la premi\u00e8re communaut\u00e9\u2026\" \/>\n<meta property=\"og:url\" content=\"https:\/\/teatinos.org\/fr\/programa-del-ano-jubilar-teatinos-italia\/\" \/>\n<meta property=\"og:site_name\" content=\"Teatinos\" \/>\n<meta property=\"article:published_time\" content=\"2023-09-20T14:44:30+00:00\" \/>\n<meta property=\"article:modified_time\" content=\"2023-09-20T14:50:34+00:00\" \/>\n<meta property=\"og:image\" content=\"https:\/\/teatinos.org\/wp-content\/uploads\/2023\/05\/Placa-Italia-2023.png\" \/>\n\t<meta property=\"og:image:width\" content=\"1080\" \/>\n\t<meta property=\"og:image:height\" content=\"1080\" \/>\n\t<meta property=\"og:image:type\" content=\"image\/png\" \/>\n<meta name=\"author\" content=\"Community Manager\" \/>\n<meta name=\"twitter:card\" content=\"summary_large_image\" \/>\n<meta name=\"twitter:label1\" content=\"\u00c9crit par\" \/>\n\t<meta name=\"twitter:data1\" content=\"Community Manager\" \/>\n\t<meta name=\"twitter:label2\" content=\"Dur\u00e9e de lecture estim\u00e9e\" \/>\n\t<meta name=\"twitter:data2\" content=\"4 minutes\" \/>\n<script type=\"application\/ld+json\" class=\"yoast-schema-graph\">{\"@context\":\"https:\/\/schema.org\",\"@graph\":[{\"@type\":\"WebPage\",\"@id\":\"https:\/\/teatinos.org\/fr\/programa-del-ano-jubilar-teatinos-italia\/\",\"url\":\"https:\/\/teatinos.org\/fr\/programa-del-ano-jubilar-teatinos-italia\/\",\"name\":\"Programme de l'ann\u00e9e jubilaire - Th\u00e9atins Italie - Teatinos\",\"isPartOf\":{\"@id\":\"https:\/\/teatinos.org\/pt-br\/#website\"},\"primaryImageOfPage\":{\"@id\":\"https:\/\/teatinos.org\/fr\/programa-del-ano-jubilar-teatinos-italia\/#primaryimage\"},\"image\":{\"@id\":\"https:\/\/teatinos.org\/fr\/programa-del-ano-jubilar-teatinos-italia\/#primaryimage\"},\"thumbnailUrl\":\"https:\/\/teatinos.org\/wp-content\/uploads\/2023\/05\/Placa-Italia-2023.png\",\"datePublished\":\"2023-09-20T14:44:30+00:00\",\"dateModified\":\"2023-09-20T14:50:34+00:00\",\"author\":{\"@id\":\"https:\/\/teatinos.org\/pt-br\/#\/schema\/person\/10193cb8ac6f163661033cf7ce9006a5\"},\"breadcrumb\":{\"@id\":\"https:\/\/teatinos.org\/fr\/programa-del-ano-jubilar-teatinos-italia\/#breadcrumb\"},\"inLanguage\":\"fr-FR\",\"potentialAction\":[{\"@type\":\"ReadAction\",\"target\":[\"https:\/\/teatinos.org\/fr\/programa-del-ano-jubilar-teatinos-italia\/\"]}]},{\"@type\":\"ImageObject\",\"inLanguage\":\"fr-FR\",\"@id\":\"https:\/\/teatinos.org\/fr\/programa-del-ano-jubilar-teatinos-italia\/#primaryimage\",\"url\":\"https:\/\/teatinos.org\/wp-content\/uploads\/2023\/05\/Placa-Italia-2023.png\",\"contentUrl\":\"https:\/\/teatinos.org\/wp-content\/uploads\/2023\/05\/Placa-Italia-2023.png\",\"width\":1080,\"height\":1080},{\"@type\":\"BreadcrumbList\",\"@id\":\"https:\/\/teatinos.org\/fr\/programa-del-ano-jubilar-teatinos-italia\/#breadcrumb\",\"itemListElement\":[{\"@type\":\"ListItem\",\"position\":1,\"name\":\"Portada\",\"item\":\"https:\/\/teatinos.org\/fr\/\"},{\"@type\":\"ListItem\",\"position\":2,\"name\":\"Programme de l&rsquo;ann\u00e9e jubilaire &#8211; Th\u00e9atins Italie\"}]},{\"@type\":\"WebSite\",\"@id\":\"https:\/\/teatinos.org\/pt-br\/#website\",\"url\":\"https:\/\/teatinos.org\/pt-br\/\",\"name\":\"Teatinos\",\"description\":\"Orden de Cl\u00e9rigos Regulares\",\"potentialAction\":[{\"@type\":\"SearchAction\",\"target\":{\"@type\":\"EntryPoint\",\"urlTemplate\":\"https:\/\/teatinos.org\/pt-br\/?s={search_term_string}\"},\"query-input\":{\"@type\":\"PropertyValueSpecification\",\"valueRequired\":true,\"valueName\":\"search_term_string\"}}],\"inLanguage\":\"fr-FR\"},{\"@type\":\"Person\",\"@id\":\"https:\/\/teatinos.org\/pt-br\/#\/schema\/person\/10193cb8ac6f163661033cf7ce9006a5\",\"name\":\"Community Manager\",\"url\":\"https:\/\/teatinos.org\/fr\/author\/pascual\/\"}]}<\/script>\n<!-- \/ Yoast SEO plugin. -->","yoast_head_json":{"title":"Programme de l'ann\u00e9e jubilaire - Th\u00e9atins Italie - Teatinos","robots":{"index":"index","follow":"follow","max-snippet":"max-snippet:-1","max-image-preview":"max-image-preview:large","max-video-preview":"max-video-preview:-1"},"canonical":"https:\/\/teatinos.org\/fr\/programa-del-ano-jubilar-teatinos-italia\/","og_locale":"fr_FR","og_type":"article","og_title":"Programme de l'ann\u00e9e jubilaire - Th\u00e9atins Italie - Teatinos","og_description":"A tous les P\u00e8res, confr\u00e8res et amis de la Famille S\u00e9culi\u00e8re Th\u00e9atine Chers amis, Le 14 septembre 1524, quatre hommes de Dieu, confront\u00e9s aux exigences d&rsquo;une \u00c9glise qui avait besoin d&rsquo;un retour \u00e0 la vie \u00e9vang\u00e9lique, d\u00e9cid\u00e8rent d&rsquo;unir leurs forces pour restaurer le mod\u00e8le de vie de la premi\u00e8re communaut\u00e9\u2026","og_url":"https:\/\/teatinos.org\/fr\/programa-del-ano-jubilar-teatinos-italia\/","og_site_name":"Teatinos","article_published_time":"2023-09-20T14:44:30+00:00","article_modified_time":"2023-09-20T14:50:34+00:00","og_image":[{"width":1080,"height":1080,"url":"https:\/\/teatinos.org\/wp-content\/uploads\/2023\/05\/Placa-Italia-2023.png","type":"image\/png"}],"author":"Community Manager","twitter_card":"summary_large_image","twitter_misc":{"\u00c9crit par":"Community Manager","Dur\u00e9e de lecture estim\u00e9e":"4 minutes"},"schema":{"@context":"https:\/\/schema.org","@graph":[{"@type":"WebPage","@id":"https:\/\/teatinos.org\/fr\/programa-del-ano-jubilar-teatinos-italia\/","url":"https:\/\/teatinos.org\/fr\/programa-del-ano-jubilar-teatinos-italia\/","name":"Programme de l'ann\u00e9e jubilaire - Th\u00e9atins Italie - Teatinos","isPartOf":{"@id":"https:\/\/teatinos.org\/pt-br\/#website"},"primaryImageOfPage":{"@id":"https:\/\/teatinos.org\/fr\/programa-del-ano-jubilar-teatinos-italia\/#primaryimage"},"image":{"@id":"https:\/\/teatinos.org\/fr\/programa-del-ano-jubilar-teatinos-italia\/#primaryimage"},"thumbnailUrl":"https:\/\/teatinos.org\/wp-content\/uploads\/2023\/05\/Placa-Italia-2023.png","datePublished":"2023-09-20T14:44:30+00:00","dateModified":"2023-09-20T14:50:34+00:00","author":{"@id":"https:\/\/teatinos.org\/pt-br\/#\/schema\/person\/10193cb8ac6f163661033cf7ce9006a5"},"breadcrumb":{"@id":"https:\/\/teatinos.org\/fr\/programa-del-ano-jubilar-teatinos-italia\/#breadcrumb"},"inLanguage":"fr-FR","potentialAction":[{"@type":"ReadAction","target":["https:\/\/teatinos.org\/fr\/programa-del-ano-jubilar-teatinos-italia\/"]}]},{"@type":"ImageObject","inLanguage":"fr-FR","@id":"https:\/\/teatinos.org\/fr\/programa-del-ano-jubilar-teatinos-italia\/#primaryimage","url":"https:\/\/teatinos.org\/wp-content\/uploads\/2023\/05\/Placa-Italia-2023.png","contentUrl":"https:\/\/teatinos.org\/wp-content\/uploads\/2023\/05\/Placa-Italia-2023.png","width":1080,"height":1080},{"@type":"BreadcrumbList","@id":"https:\/\/teatinos.org\/fr\/programa-del-ano-jubilar-teatinos-italia\/#breadcrumb","itemListElement":[{"@type":"ListItem","position":1,"name":"Portada","item":"https:\/\/teatinos.org\/fr\/"},{"@type":"ListItem","position":2,"name":"Programme de l&rsquo;ann\u00e9e jubilaire &#8211; Th\u00e9atins Italie"}]},{"@type":"WebSite","@id":"https:\/\/teatinos.org\/pt-br\/#website","url":"https:\/\/teatinos.org\/pt-br\/","name":"Teatinos","description":"Orden de Cl\u00e9rigos Regulares","potentialAction":[{"@type":"SearchAction","target":{"@type":"EntryPoint","urlTemplate":"https:\/\/teatinos.org\/pt-br\/?s={search_term_string}"},"query-input":{"@type":"PropertyValueSpecification","valueRequired":true,"valueName":"search_term_string"}}],"inLanguage":"fr-FR"},{"@type":"Person","@id":"https:\/\/teatinos.org\/pt-br\/#\/schema\/person\/10193cb8ac6f163661033cf7ce9006a5","name":"Community Manager","url":"https:\/\/teatinos.org\/fr\/author\/pascual\/"}]}},"rttpg_featured_image_url":{"full":["https:\/\/teatinos.org\/wp-content\/uploads\/2023\/05\/Placa-Italia-2023.png",1080,1080,false],"landscape":["https:\/\/teatinos.org\/wp-content\/uploads\/2023\/05\/Placa-Italia-2023.png",1080,1080,false],"portraits":["https:\/\/teatinos.org\/wp-content\/uploads\/2023\/05\/Placa-Italia-2023.png",1080,1080,false],"thumbnail":["https:\/\/teatinos.org\/wp-content\/uploads\/2023\/05\/Placa-Italia-2023-150x150.png",150,150,true],"medium":["https:\/\/teatinos.org\/wp-content\/uploads\/2023\/05\/Placa-Italia-2023-300x300.png",300,300,true],"large":["https:\/\/teatinos.org\/wp-content\/uploads\/2023\/05\/Placa-Italia-2023-1024x1024.png",1000,1000,true],"1536x1536":["https:\/\/teatinos.org\/wp-content\/uploads\/2023\/05\/Placa-Italia-2023.png",1080,1080,false],"2048x2048":["https:\/\/teatinos.org\/wp-content\/uploads\/2023\/05\/Placa-Italia-2023.png",1080,1080,false]},"rttpg_author":{"display_name":"Community Manager","author_link":"https:\/\/teatinos.org\/fr\/author\/pascual\/"},"rttpg_comment":0,"rttpg_category":"<a href=\"https:\/\/teatinos.org\/fr\/category\/500-ans\/\" rel=\"category tag\">500 Ans<\/a> <a href=\"https:\/\/teatinos.org\/fr\/category\/actualite\/\" rel=\"category tag\">Actualit\u00e9<\/a>","rttpg_excerpt":"A tous les P\u00e8res, confr\u00e8res et amis de la Famille S\u00e9culi\u00e8re Th\u00e9atine Chers amis, Le 14 septembre 1524, quatre hommes de Dieu, confront\u00e9s aux exigences d&rsquo;une \u00c9glise qui avait besoin d&rsquo;un retour \u00e0 la vie \u00e9vang\u00e9lique, d\u00e9cid\u00e8rent d&rsquo;unir leurs forces pour restaurer le mod\u00e8le de vie de la premi\u00e8re communaut\u00e9\u2026","_links":{"self":[{"href":"https:\/\/teatinos.org\/fr\/wp-json\/wp\/v2\/posts\/12706","targetHints":{"allow":["GET"]}}],"collection":[{"href":"https:\/\/teatinos.org\/fr\/wp-json\/wp\/v2\/posts"}],"about":[{"href":"https:\/\/teatinos.org\/fr\/wp-json\/wp\/v2\/types\/post"}],"author":[{"embeddable":true,"href":"https:\/\/teatinos.org\/fr\/wp-json\/wp\/v2\/users\/5"}],"replies":[{"embeddable":true,"href":"https:\/\/teatinos.org\/fr\/wp-json\/wp\/v2\/comments?post=12706"}],"version-history":[{"count":2,"href":"https:\/\/teatinos.org\/fr\/wp-json\/wp\/v2\/posts\/12706\/revisions"}],"predecessor-version":[{"id":12714,"href":"https:\/\/teatinos.org\/fr\/wp-json\/wp\/v2\/posts\/12706\/revisions\/12714"}],"wp:featuredmedia":[{"embeddable":true,"href":"https:\/\/teatinos.org\/fr\/wp-json\/wp\/v2\/media\/11566"}],"wp:attachment":[{"href":"https:\/\/teatinos.org\/fr\/wp-json\/wp\/v2\/media?parent=12706"}],"wp:term":[{"taxonomy":"category","embeddable":true,"href":"https:\/\/teatinos.org\/fr\/wp-json\/wp\/v2\/categories?post=12706"},{"taxonomy":"post_tag","embeddable":true,"href":"https:\/\/teatinos.org\/fr\/wp-json\/wp\/v2\/tags?post=12706"}],"curies":[{"name":"wp","href":"https:\/\/api.w.org\/{rel}","templated":true}]}}