{"id":12560,"date":"2023-09-06T21:57:47","date_gmt":"2023-09-06T21:57:47","guid":{"rendered":"http:\/\/teatinos.org\/nueva-pintura-en-la-casa-general\/"},"modified":"2023-09-06T22:01:31","modified_gmt":"2023-09-06T22:01:31","slug":"nueva-pintura-en-la-casa-general","status":"publish","type":"post","link":"https:\/\/teatinos.org\/fr\/nueva-pintura-en-la-casa-general\/","title":{"rendered":"Nouveau tableau \u00e0 la Maison G\u00e9n\u00e9rale"},"content":{"rendered":"<p>Hier, le tableau command\u00e9 \u00e0 l&rsquo;artiste Rodolfo Papa a \u00e9t\u00e9 plac\u00e9 dans la cour centrale de la Maison g\u00e9n\u00e9rale de l&rsquo;Ordre :<\/p>\n<p>\u00ab\u00a0Marie se d\u00e9tache au centre, rayonnante de lumi\u00e8re. L&rsquo;arc-en-ciel qui l&rsquo;entoure symbolise la paix, conform\u00e9ment \u00e0 la tradition d&rsquo;Isa\u00efe selon laquelle le Christ est le Seigneur de la paix et l&rsquo;arc-en-ciel son symbole. Marie personnifie pleinement ce signe de paix. Elle porte l&rsquo;habit rouge, symbole de la gr\u00e2ce divine. Cajetan, \u00e0 c\u00f4t\u00e9 de l&rsquo;enfant J\u00e9sus, dialogue avec lui, partageant la lumi\u00e8re qu&rsquo;il repr\u00e9sente. La spiritualit\u00e9 th\u00e9atine cherche \u00e0 le rapprocher des gens, en promouvant la mis\u00e9ricorde et la lumi\u00e8re de l&rsquo;enfant J\u00e9sus\u00a0\u00bb.<\/p>\n<p>Merci beaucoup Rodolfo pour cette belle peinture ! Puissiez-vous \u00eatre tr\u00e8s b\u00e9nis !<\/p>\n<p><a href=\"http:\/\/teatinos.org\/wp-content\/uploads\/2023\/09\/Nuevo-Cuadro-Rodolfo-Papa-2023-1.png\"><img loading=\"lazy\" decoding=\"async\" class=\"alignnone size-full wp-image-12508\" src=\"http:\/\/teatinos.org\/wp-content\/uploads\/2023\/09\/Nuevo-Cuadro-Rodolfo-Papa-2023-1.png\" alt=\"\" width=\"1080\" height=\"1080\" \/><\/a><a href=\"http:\/\/teatinos.org\/wp-content\/uploads\/2023\/09\/Nuevo-Cuadro-Rodolfo-Papa-2023-2.png\"><img loading=\"lazy\" decoding=\"async\" class=\"alignnone size-full wp-image-12513\" src=\"http:\/\/teatinos.org\/wp-content\/uploads\/2023\/09\/Nuevo-Cuadro-Rodolfo-Papa-2023-2.png\" alt=\"\" width=\"1080\" height=\"1080\" \/><\/a><a href=\"http:\/\/teatinos.org\/wp-content\/uploads\/2023\/09\/Nuevo-Cuadro-Rodolfo-Papa-2023-3.png\"><img loading=\"lazy\" decoding=\"async\" class=\"alignnone size-full wp-image-12518\" src=\"http:\/\/teatinos.org\/wp-content\/uploads\/2023\/09\/Nuevo-Cuadro-Rodolfo-Papa-2023-3.png\" alt=\"\" width=\"1080\" height=\"1080\" \/><\/a><a href=\"http:\/\/teatinos.org\/wp-content\/uploads\/2023\/09\/Nuevo-Cuadro-Rodolfo-Papa-2023-4.png\"><img loading=\"lazy\" decoding=\"async\" class=\"alignnone size-full wp-image-12523\" src=\"http:\/\/teatinos.org\/wp-content\/uploads\/2023\/09\/Nuevo-Cuadro-Rodolfo-Papa-2023-4.png\" alt=\"\" width=\"1080\" height=\"1080\" \/><\/a><a href=\"http:\/\/teatinos.org\/wp-content\/uploads\/2023\/09\/Nuevo-Cuadro-Rodolfo-Papa-2023-5.png\"><img loading=\"lazy\" decoding=\"async\" class=\"alignnone size-full wp-image-12528\" src=\"http:\/\/teatinos.org\/wp-content\/uploads\/2023\/09\/Nuevo-Cuadro-Rodolfo-Papa-2023-5.png\" alt=\"\" width=\"1080\" height=\"1080\" \/><\/a><a href=\"http:\/\/teatinos.org\/wp-content\/uploads\/2023\/09\/Nuevo-Cuadro-Rodolfo-Papa-2023-6.png\"><img loading=\"lazy\" decoding=\"async\" class=\"alignnone size-full wp-image-12533\" src=\"http:\/\/teatinos.org\/wp-content\/uploads\/2023\/09\/Nuevo-Cuadro-Rodolfo-Papa-2023-6.png\" alt=\"\" width=\"1080\" height=\"1080\" \/><\/a><a href=\"http:\/\/teatinos.org\/wp-content\/uploads\/2023\/09\/Nuevo-Cuadro-Rodolfo-Papa-2023-7.png\"><img loading=\"lazy\" decoding=\"async\" class=\"alignnone size-full wp-image-12538\" src=\"http:\/\/teatinos.org\/wp-content\/uploads\/2023\/09\/Nuevo-Cuadro-Rodolfo-Papa-2023-7.png\" alt=\"\" width=\"1080\" height=\"1080\" \/><\/a><a href=\"http:\/\/teatinos.org\/wp-content\/uploads\/2023\/09\/Nuevo-Cuadro-Rodolfo-Papa-2023-8.png\"><img loading=\"lazy\" decoding=\"async\" class=\"alignnone size-full wp-image-12543\" src=\"http:\/\/teatinos.org\/wp-content\/uploads\/2023\/09\/Nuevo-Cuadro-Rodolfo-Papa-2023-8.png\" alt=\"\" width=\"1080\" height=\"1080\" \/><\/a><a href=\"http:\/\/teatinos.org\/wp-content\/uploads\/2023\/09\/Nuevo-Cuadro-Rodolfo-Papa-2023-9.png\"><img loading=\"lazy\" decoding=\"async\" class=\"alignnone size-full wp-image-12548\" src=\"http:\/\/teatinos.org\/wp-content\/uploads\/2023\/09\/Nuevo-Cuadro-Rodolfo-Papa-2023-9.png\" alt=\"\" width=\"1080\" height=\"1080\" \/><\/a><a href=\"http:\/\/teatinos.org\/wp-content\/uploads\/2023\/09\/Nuevo-Cuadro-Rodolfo-Papa-2023-10.png\"><img loading=\"lazy\" decoding=\"async\" class=\"alignnone size-full wp-image-12553\" src=\"http:\/\/teatinos.org\/wp-content\/uploads\/2023\/09\/Nuevo-Cuadro-Rodolfo-Papa-2023-10.png\" alt=\"\" width=\"1080\" height=\"1080\" \/><\/a><\/p>\n","protected":false},"excerpt":{"rendered":"<p>Hier, le tableau command\u00e9 \u00e0 l&rsquo;artiste Rodolfo Papa a \u00e9t\u00e9 plac\u00e9 dans la cour centrale de la Maison g\u00e9n\u00e9rale de l&rsquo;Ordre : \u00ab\u00a0Marie se d\u00e9tache au centre, rayonnante de lumi\u00e8re. L&rsquo;arc-en-ciel qui l&rsquo;entoure symbolise la paix, conform\u00e9ment \u00e0 la tradition d&rsquo;Isa\u00efe selon laquelle le Christ est le Seigneur de la\u2026<\/p>\n","protected":false},"author":5,"featured_media":11541,"comment_status":"closed","ping_status":"open","sticky":false,"template":"","format":"standard","meta":{"_acf_changed":false,"footnotes":"","_links_to":"","_links_to_target":""},"categories":[96],"tags":[],"class_list":["post-12560","post","type-post","status-publish","format-standard","has-post-thumbnail","hentry","category-actualite"],"acf":[],"yoast_head":"<!-- This site is optimized with the Yoast SEO plugin v23.5 - https:\/\/yoast.com\/wordpress\/plugins\/seo\/ -->\n<title>Nouveau tableau \u00e0 la Maison G\u00e9n\u00e9rale - Teatinos<\/title>\n<meta name=\"robots\" content=\"index, follow, max-snippet:-1, max-image-preview:large, max-video-preview:-1\" \/>\n<link rel=\"canonical\" href=\"https:\/\/teatinos.org\/fr\/nueva-pintura-en-la-casa-general\/\" \/>\n<meta property=\"og:locale\" content=\"fr_FR\" \/>\n<meta property=\"og:type\" content=\"article\" \/>\n<meta property=\"og:title\" content=\"Nouveau tableau \u00e0 la Maison G\u00e9n\u00e9rale - Teatinos\" \/>\n<meta property=\"og:description\" content=\"Hier, le tableau command\u00e9 \u00e0 l&rsquo;artiste Rodolfo Papa a \u00e9t\u00e9 plac\u00e9 dans la cour centrale de la Maison g\u00e9n\u00e9rale de l&rsquo;Ordre : \u00ab\u00a0Marie se d\u00e9tache au centre, rayonnante de lumi\u00e8re. L&rsquo;arc-en-ciel qui l&rsquo;entoure symbolise la paix, conform\u00e9ment \u00e0 la tradition d&rsquo;Isa\u00efe selon laquelle le Christ est le Seigneur de la\u2026\" \/>\n<meta property=\"og:url\" content=\"https:\/\/teatinos.org\/fr\/nueva-pintura-en-la-casa-general\/\" \/>\n<meta property=\"og:site_name\" content=\"Teatinos\" \/>\n<meta property=\"article:published_time\" content=\"2023-09-06T21:57:47+00:00\" \/>\n<meta property=\"article:modified_time\" content=\"2023-09-06T22:01:31+00:00\" \/>\n<meta property=\"og:image\" content=\"https:\/\/teatinos.org\/wp-content\/uploads\/2023\/05\/Placa-Curia-Fra-2023.png\" \/>\n\t<meta property=\"og:image:width\" content=\"1080\" \/>\n\t<meta property=\"og:image:height\" content=\"1080\" \/>\n\t<meta property=\"og:image:type\" content=\"image\/png\" \/>\n<meta name=\"author\" content=\"Community Manager\" \/>\n<meta name=\"twitter:card\" content=\"summary_large_image\" \/>\n<meta name=\"twitter:label1\" content=\"\u00c9crit par\" \/>\n\t<meta name=\"twitter:data1\" content=\"Community Manager\" \/>\n\t<meta name=\"twitter:label2\" content=\"Dur\u00e9e de lecture estim\u00e9e\" \/>\n\t<meta name=\"twitter:data2\" content=\"3 minutes\" \/>\n<script type=\"application\/ld+json\" class=\"yoast-schema-graph\">{\"@context\":\"https:\/\/schema.org\",\"@graph\":[{\"@type\":\"WebPage\",\"@id\":\"https:\/\/teatinos.org\/fr\/nueva-pintura-en-la-casa-general\/\",\"url\":\"https:\/\/teatinos.org\/fr\/nueva-pintura-en-la-casa-general\/\",\"name\":\"Nouveau tableau \u00e0 la Maison G\u00e9n\u00e9rale - Teatinos\",\"isPartOf\":{\"@id\":\"https:\/\/teatinos.org\/pt-br\/#website\"},\"primaryImageOfPage\":{\"@id\":\"https:\/\/teatinos.org\/fr\/nueva-pintura-en-la-casa-general\/#primaryimage\"},\"image\":{\"@id\":\"https:\/\/teatinos.org\/fr\/nueva-pintura-en-la-casa-general\/#primaryimage\"},\"thumbnailUrl\":\"https:\/\/teatinos.org\/wp-content\/uploads\/2023\/05\/Placa-Curia-Fra-2023.png\",\"datePublished\":\"2023-09-06T21:57:47+00:00\",\"dateModified\":\"2023-09-06T22:01:31+00:00\",\"author\":{\"@id\":\"https:\/\/teatinos.org\/pt-br\/#\/schema\/person\/10193cb8ac6f163661033cf7ce9006a5\"},\"breadcrumb\":{\"@id\":\"https:\/\/teatinos.org\/fr\/nueva-pintura-en-la-casa-general\/#breadcrumb\"},\"inLanguage\":\"fr-FR\",\"potentialAction\":[{\"@type\":\"ReadAction\",\"target\":[\"https:\/\/teatinos.org\/fr\/nueva-pintura-en-la-casa-general\/\"]}]},{\"@type\":\"ImageObject\",\"inLanguage\":\"fr-FR\",\"@id\":\"https:\/\/teatinos.org\/fr\/nueva-pintura-en-la-casa-general\/#primaryimage\",\"url\":\"https:\/\/teatinos.org\/wp-content\/uploads\/2023\/05\/Placa-Curia-Fra-2023.png\",\"contentUrl\":\"https:\/\/teatinos.org\/wp-content\/uploads\/2023\/05\/Placa-Curia-Fra-2023.png\",\"width\":1080,\"height\":1080},{\"@type\":\"BreadcrumbList\",\"@id\":\"https:\/\/teatinos.org\/fr\/nueva-pintura-en-la-casa-general\/#breadcrumb\",\"itemListElement\":[{\"@type\":\"ListItem\",\"position\":1,\"name\":\"Portada\",\"item\":\"https:\/\/teatinos.org\/fr\/\"},{\"@type\":\"ListItem\",\"position\":2,\"name\":\"Nouveau tableau \u00e0 la Maison G\u00e9n\u00e9rale\"}]},{\"@type\":\"WebSite\",\"@id\":\"https:\/\/teatinos.org\/pt-br\/#website\",\"url\":\"https:\/\/teatinos.org\/pt-br\/\",\"name\":\"Teatinos\",\"description\":\"Orden de Cl\u00e9rigos Regulares\",\"potentialAction\":[{\"@type\":\"SearchAction\",\"target\":{\"@type\":\"EntryPoint\",\"urlTemplate\":\"https:\/\/teatinos.org\/pt-br\/?s={search_term_string}\"},\"query-input\":{\"@type\":\"PropertyValueSpecification\",\"valueRequired\":true,\"valueName\":\"search_term_string\"}}],\"inLanguage\":\"fr-FR\"},{\"@type\":\"Person\",\"@id\":\"https:\/\/teatinos.org\/pt-br\/#\/schema\/person\/10193cb8ac6f163661033cf7ce9006a5\",\"name\":\"Community Manager\",\"url\":\"https:\/\/teatinos.org\/fr\/author\/pascual\/\"}]}<\/script>\n<!-- \/ Yoast SEO plugin. -->","yoast_head_json":{"title":"Nouveau tableau \u00e0 la Maison G\u00e9n\u00e9rale - Teatinos","robots":{"index":"index","follow":"follow","max-snippet":"max-snippet:-1","max-image-preview":"max-image-preview:large","max-video-preview":"max-video-preview:-1"},"canonical":"https:\/\/teatinos.org\/fr\/nueva-pintura-en-la-casa-general\/","og_locale":"fr_FR","og_type":"article","og_title":"Nouveau tableau \u00e0 la Maison G\u00e9n\u00e9rale - Teatinos","og_description":"Hier, le tableau command\u00e9 \u00e0 l&rsquo;artiste Rodolfo Papa a \u00e9t\u00e9 plac\u00e9 dans la cour centrale de la Maison g\u00e9n\u00e9rale de l&rsquo;Ordre : \u00ab\u00a0Marie se d\u00e9tache au centre, rayonnante de lumi\u00e8re. L&rsquo;arc-en-ciel qui l&rsquo;entoure symbolise la paix, conform\u00e9ment \u00e0 la tradition d&rsquo;Isa\u00efe selon laquelle le Christ est le Seigneur de la\u2026","og_url":"https:\/\/teatinos.org\/fr\/nueva-pintura-en-la-casa-general\/","og_site_name":"Teatinos","article_published_time":"2023-09-06T21:57:47+00:00","article_modified_time":"2023-09-06T22:01:31+00:00","og_image":[{"width":1080,"height":1080,"url":"https:\/\/teatinos.org\/wp-content\/uploads\/2023\/05\/Placa-Curia-Fra-2023.png","type":"image\/png"}],"author":"Community Manager","twitter_card":"summary_large_image","twitter_misc":{"\u00c9crit par":"Community Manager","Dur\u00e9e de lecture estim\u00e9e":"3 minutes"},"schema":{"@context":"https:\/\/schema.org","@graph":[{"@type":"WebPage","@id":"https:\/\/teatinos.org\/fr\/nueva-pintura-en-la-casa-general\/","url":"https:\/\/teatinos.org\/fr\/nueva-pintura-en-la-casa-general\/","name":"Nouveau tableau \u00e0 la Maison G\u00e9n\u00e9rale - Teatinos","isPartOf":{"@id":"https:\/\/teatinos.org\/pt-br\/#website"},"primaryImageOfPage":{"@id":"https:\/\/teatinos.org\/fr\/nueva-pintura-en-la-casa-general\/#primaryimage"},"image":{"@id":"https:\/\/teatinos.org\/fr\/nueva-pintura-en-la-casa-general\/#primaryimage"},"thumbnailUrl":"https:\/\/teatinos.org\/wp-content\/uploads\/2023\/05\/Placa-Curia-Fra-2023.png","datePublished":"2023-09-06T21:57:47+00:00","dateModified":"2023-09-06T22:01:31+00:00","author":{"@id":"https:\/\/teatinos.org\/pt-br\/#\/schema\/person\/10193cb8ac6f163661033cf7ce9006a5"},"breadcrumb":{"@id":"https:\/\/teatinos.org\/fr\/nueva-pintura-en-la-casa-general\/#breadcrumb"},"inLanguage":"fr-FR","potentialAction":[{"@type":"ReadAction","target":["https:\/\/teatinos.org\/fr\/nueva-pintura-en-la-casa-general\/"]}]},{"@type":"ImageObject","inLanguage":"fr-FR","@id":"https:\/\/teatinos.org\/fr\/nueva-pintura-en-la-casa-general\/#primaryimage","url":"https:\/\/teatinos.org\/wp-content\/uploads\/2023\/05\/Placa-Curia-Fra-2023.png","contentUrl":"https:\/\/teatinos.org\/wp-content\/uploads\/2023\/05\/Placa-Curia-Fra-2023.png","width":1080,"height":1080},{"@type":"BreadcrumbList","@id":"https:\/\/teatinos.org\/fr\/nueva-pintura-en-la-casa-general\/#breadcrumb","itemListElement":[{"@type":"ListItem","position":1,"name":"Portada","item":"https:\/\/teatinos.org\/fr\/"},{"@type":"ListItem","position":2,"name":"Nouveau tableau \u00e0 la Maison G\u00e9n\u00e9rale"}]},{"@type":"WebSite","@id":"https:\/\/teatinos.org\/pt-br\/#website","url":"https:\/\/teatinos.org\/pt-br\/","name":"Teatinos","description":"Orden de Cl\u00e9rigos Regulares","potentialAction":[{"@type":"SearchAction","target":{"@type":"EntryPoint","urlTemplate":"https:\/\/teatinos.org\/pt-br\/?s={search_term_string}"},"query-input":{"@type":"PropertyValueSpecification","valueRequired":true,"valueName":"search_term_string"}}],"inLanguage":"fr-FR"},{"@type":"Person","@id":"https:\/\/teatinos.org\/pt-br\/#\/schema\/person\/10193cb8ac6f163661033cf7ce9006a5","name":"Community Manager","url":"https:\/\/teatinos.org\/fr\/author\/pascual\/"}]}},"rttpg_featured_image_url":{"full":["https:\/\/teatinos.org\/wp-content\/uploads\/2023\/05\/Placa-Curia-Fra-2023.png",1080,1080,false],"landscape":["https:\/\/teatinos.org\/wp-content\/uploads\/2023\/05\/Placa-Curia-Fra-2023.png",1080,1080,false],"portraits":["https:\/\/teatinos.org\/wp-content\/uploads\/2023\/05\/Placa-Curia-Fra-2023.png",1080,1080,false],"thumbnail":["https:\/\/teatinos.org\/wp-content\/uploads\/2023\/05\/Placa-Curia-Fra-2023-150x150.png",150,150,true],"medium":["https:\/\/teatinos.org\/wp-content\/uploads\/2023\/05\/Placa-Curia-Fra-2023-300x300.png",300,300,true],"large":["https:\/\/teatinos.org\/wp-content\/uploads\/2023\/05\/Placa-Curia-Fra-2023-1024x1024.png",1000,1000,true],"1536x1536":["https:\/\/teatinos.org\/wp-content\/uploads\/2023\/05\/Placa-Curia-Fra-2023.png",1080,1080,false],"2048x2048":["https:\/\/teatinos.org\/wp-content\/uploads\/2023\/05\/Placa-Curia-Fra-2023.png",1080,1080,false]},"rttpg_author":{"display_name":"Community Manager","author_link":"https:\/\/teatinos.org\/fr\/author\/pascual\/"},"rttpg_comment":0,"rttpg_category":"<a href=\"https:\/\/teatinos.org\/fr\/category\/actualite\/\" rel=\"category tag\">Actualit\u00e9<\/a>","rttpg_excerpt":"Hier, le tableau command\u00e9 \u00e0 l&rsquo;artiste Rodolfo Papa a \u00e9t\u00e9 plac\u00e9 dans la cour centrale de la Maison g\u00e9n\u00e9rale de l&rsquo;Ordre : \u00ab\u00a0Marie se d\u00e9tache au centre, rayonnante de lumi\u00e8re. L&rsquo;arc-en-ciel qui l&rsquo;entoure symbolise la paix, conform\u00e9ment \u00e0 la tradition d&rsquo;Isa\u00efe selon laquelle le Christ est le Seigneur de la\u2026","_links":{"self":[{"href":"https:\/\/teatinos.org\/fr\/wp-json\/wp\/v2\/posts\/12560","targetHints":{"allow":["GET"]}}],"collection":[{"href":"https:\/\/teatinos.org\/fr\/wp-json\/wp\/v2\/posts"}],"about":[{"href":"https:\/\/teatinos.org\/fr\/wp-json\/wp\/v2\/types\/post"}],"author":[{"embeddable":true,"href":"https:\/\/teatinos.org\/fr\/wp-json\/wp\/v2\/users\/5"}],"replies":[{"embeddable":true,"href":"https:\/\/teatinos.org\/fr\/wp-json\/wp\/v2\/comments?post=12560"}],"version-history":[{"count":1,"href":"https:\/\/teatinos.org\/fr\/wp-json\/wp\/v2\/posts\/12560\/revisions"}],"predecessor-version":[{"id":12566,"href":"https:\/\/teatinos.org\/fr\/wp-json\/wp\/v2\/posts\/12560\/revisions\/12566"}],"wp:featuredmedia":[{"embeddable":true,"href":"https:\/\/teatinos.org\/fr\/wp-json\/wp\/v2\/media\/11541"}],"wp:attachment":[{"href":"https:\/\/teatinos.org\/fr\/wp-json\/wp\/v2\/media?parent=12560"}],"wp:term":[{"taxonomy":"category","embeddable":true,"href":"https:\/\/teatinos.org\/fr\/wp-json\/wp\/v2\/categories?post=12560"},{"taxonomy":"post_tag","embeddable":true,"href":"https:\/\/teatinos.org\/fr\/wp-json\/wp\/v2\/tags?post=12560"}],"curies":[{"name":"wp","href":"https:\/\/api.w.org\/{rel}","templated":true}]}}