{"id":11602,"date":"2023-06-03T19:55:26","date_gmt":"2023-06-03T19:55:26","guid":{"rendered":"http:\/\/teatinos.org\/ordenacion-presbiteral-del-diac-jose-lorenzo-de-maria-c-r\/"},"modified":"2023-06-03T20:00:49","modified_gmt":"2023-06-03T20:00:49","slug":"ordenacion-presbiteral-del-diac-jose-lorenzo-de-maria-c-r","status":"publish","type":"post","link":"https:\/\/teatinos.org\/fr\/ordenacion-presbiteral-del-diac-jose-lorenzo-de-maria-c-r\/","title":{"rendered":"Ordination presbyt\u00e9rale de Diac. Jos\u00e9 Lorenzo de Maria, C.R."},"content":{"rendered":"<p>L&rsquo;Ordre des Clercs R\u00e9guliers Th\u00e9atins, la Province Th\u00e9atine \u00ab\u00a0Paul VI\u00a0\u00bb du Br\u00e9sil, le Diacre Jos\u00e9 Lorenzo de Maria, C.R. et sa famille, invitent \u00e0 la c\u00e9l\u00e9bration eucharistique de son ordination sacerdotale, par l&rsquo;imposition des mains de Mgr Algacir Munhak, CS, \u00e9v\u00eaque dioc\u00e9sain de S\u00e3o Miguel Paulista.<\/p>\n<p>Le 1er juillet 2023, \u00e0 9h30 (S\u00e3o Paulo, Br\u00e9sil)<\/p>\n<p>En la Basilique Notre-Dame de Penha<br \/>\nR. Santo Afonso, 199 &#8211; Penha de Fran\u00e7a<br \/>\nS\u00e3o Paulo &#8211; SP<\/p>\n<p><a href=\"https:\/\/www.facebook.com\/ordemdosclerigosregulares\">https:\/\/www.facebook.com\/ordemdosclerigosregulares<\/a><\/p>\n<p><a href=\"http:\/\/teatinos.org\/wp-content\/uploads\/2023\/06\/Ordenacion-Brasil-Jose-Lorenzo-De-Maria-2023.jpeg\"><img loading=\"lazy\" decoding=\"async\" class=\"alignnone size-full wp-image-11595\" src=\"http:\/\/teatinos.org\/wp-content\/uploads\/2023\/06\/Ordenacion-Brasil-Jose-Lorenzo-De-Maria-2023.jpeg\" alt=\"\" width=\"940\" height=\"788\" \/><\/a><\/p>\n","protected":false},"excerpt":{"rendered":"<p>L&rsquo;Ordre des Clercs R\u00e9guliers Th\u00e9atins, la Province Th\u00e9atine \u00ab\u00a0Paul VI\u00a0\u00bb du Br\u00e9sil, le Diacre Jos\u00e9 Lorenzo de Maria, C.R. et sa famille, invitent \u00e0 la c\u00e9l\u00e9bration eucharistique de son ordination sacerdotale, par l&rsquo;imposition des mains de Mgr Algacir Munhak, CS, \u00e9v\u00eaque dioc\u00e9sain de S\u00e3o Miguel Paulista. Le 1er juillet 2023,\u2026<\/p>\n","protected":false},"author":5,"featured_media":11531,"comment_status":"closed","ping_status":"open","sticky":false,"template":"","format":"standard","meta":{"_acf_changed":false,"footnotes":"","_links_to":"","_links_to_target":""},"categories":[96],"tags":[],"class_list":["post-11602","post","type-post","status-publish","format-standard","has-post-thumbnail","hentry","category-actualite"],"acf":[],"yoast_head":"<!-- This site is optimized with the Yoast SEO plugin v23.5 - https:\/\/yoast.com\/wordpress\/plugins\/seo\/ -->\n<title>Ordination presbyt\u00e9rale de Diac. Jos\u00e9 Lorenzo de Maria, C.R. - Teatinos<\/title>\n<meta name=\"robots\" content=\"index, follow, max-snippet:-1, max-image-preview:large, max-video-preview:-1\" \/>\n<link rel=\"canonical\" href=\"https:\/\/teatinos.org\/fr\/ordenacion-presbiteral-del-diac-jose-lorenzo-de-maria-c-r\/\" \/>\n<meta property=\"og:locale\" content=\"fr_FR\" \/>\n<meta property=\"og:type\" content=\"article\" \/>\n<meta property=\"og:title\" content=\"Ordination presbyt\u00e9rale de Diac. Jos\u00e9 Lorenzo de Maria, C.R. - Teatinos\" \/>\n<meta property=\"og:description\" content=\"L&rsquo;Ordre des Clercs R\u00e9guliers Th\u00e9atins, la Province Th\u00e9atine \u00ab\u00a0Paul VI\u00a0\u00bb du Br\u00e9sil, le Diacre Jos\u00e9 Lorenzo de Maria, C.R. et sa famille, invitent \u00e0 la c\u00e9l\u00e9bration eucharistique de son ordination sacerdotale, par l&rsquo;imposition des mains de Mgr Algacir Munhak, CS, \u00e9v\u00eaque dioc\u00e9sain de S\u00e3o Miguel Paulista. Le 1er juillet 2023,\u2026\" \/>\n<meta property=\"og:url\" content=\"https:\/\/teatinos.org\/fr\/ordenacion-presbiteral-del-diac-jose-lorenzo-de-maria-c-r\/\" \/>\n<meta property=\"og:site_name\" content=\"Teatinos\" \/>\n<meta property=\"article:published_time\" content=\"2023-06-03T19:55:26+00:00\" \/>\n<meta property=\"article:modified_time\" content=\"2023-06-03T20:00:49+00:00\" \/>\n<meta property=\"og:image\" content=\"https:\/\/teatinos.org\/wp-content\/uploads\/2023\/05\/Placa-Brasil-2023.png\" \/>\n\t<meta property=\"og:image:width\" content=\"1080\" \/>\n\t<meta property=\"og:image:height\" content=\"1080\" \/>\n\t<meta property=\"og:image:type\" content=\"image\/png\" \/>\n<meta name=\"author\" content=\"Community Manager\" \/>\n<meta name=\"twitter:card\" content=\"summary_large_image\" \/>\n<meta name=\"twitter:label1\" content=\"\u00c9crit par\" \/>\n\t<meta name=\"twitter:data1\" content=\"Community Manager\" \/>\n\t<meta name=\"twitter:label2\" content=\"Dur\u00e9e de lecture estim\u00e9e\" \/>\n\t<meta name=\"twitter:data2\" content=\"1 minute\" \/>\n<script type=\"application\/ld+json\" class=\"yoast-schema-graph\">{\"@context\":\"https:\/\/schema.org\",\"@graph\":[{\"@type\":\"WebPage\",\"@id\":\"https:\/\/teatinos.org\/fr\/ordenacion-presbiteral-del-diac-jose-lorenzo-de-maria-c-r\/\",\"url\":\"https:\/\/teatinos.org\/fr\/ordenacion-presbiteral-del-diac-jose-lorenzo-de-maria-c-r\/\",\"name\":\"Ordination presbyt\u00e9rale de Diac. Jos\u00e9 Lorenzo de Maria, C.R. - Teatinos\",\"isPartOf\":{\"@id\":\"https:\/\/teatinos.org\/pt-br\/#website\"},\"primaryImageOfPage\":{\"@id\":\"https:\/\/teatinos.org\/fr\/ordenacion-presbiteral-del-diac-jose-lorenzo-de-maria-c-r\/#primaryimage\"},\"image\":{\"@id\":\"https:\/\/teatinos.org\/fr\/ordenacion-presbiteral-del-diac-jose-lorenzo-de-maria-c-r\/#primaryimage\"},\"thumbnailUrl\":\"https:\/\/teatinos.org\/wp-content\/uploads\/2023\/05\/Placa-Brasil-2023.png\",\"datePublished\":\"2023-06-03T19:55:26+00:00\",\"dateModified\":\"2023-06-03T20:00:49+00:00\",\"author\":{\"@id\":\"https:\/\/teatinos.org\/pt-br\/#\/schema\/person\/10193cb8ac6f163661033cf7ce9006a5\"},\"breadcrumb\":{\"@id\":\"https:\/\/teatinos.org\/fr\/ordenacion-presbiteral-del-diac-jose-lorenzo-de-maria-c-r\/#breadcrumb\"},\"inLanguage\":\"fr-FR\",\"potentialAction\":[{\"@type\":\"ReadAction\",\"target\":[\"https:\/\/teatinos.org\/fr\/ordenacion-presbiteral-del-diac-jose-lorenzo-de-maria-c-r\/\"]}]},{\"@type\":\"ImageObject\",\"inLanguage\":\"fr-FR\",\"@id\":\"https:\/\/teatinos.org\/fr\/ordenacion-presbiteral-del-diac-jose-lorenzo-de-maria-c-r\/#primaryimage\",\"url\":\"https:\/\/teatinos.org\/wp-content\/uploads\/2023\/05\/Placa-Brasil-2023.png\",\"contentUrl\":\"https:\/\/teatinos.org\/wp-content\/uploads\/2023\/05\/Placa-Brasil-2023.png\",\"width\":1080,\"height\":1080},{\"@type\":\"BreadcrumbList\",\"@id\":\"https:\/\/teatinos.org\/fr\/ordenacion-presbiteral-del-diac-jose-lorenzo-de-maria-c-r\/#breadcrumb\",\"itemListElement\":[{\"@type\":\"ListItem\",\"position\":1,\"name\":\"Portada\",\"item\":\"https:\/\/teatinos.org\/fr\/\"},{\"@type\":\"ListItem\",\"position\":2,\"name\":\"Ordination presbyt\u00e9rale de Diac. Jos\u00e9 Lorenzo de Maria, C.R.\"}]},{\"@type\":\"WebSite\",\"@id\":\"https:\/\/teatinos.org\/pt-br\/#website\",\"url\":\"https:\/\/teatinos.org\/pt-br\/\",\"name\":\"Teatinos\",\"description\":\"Orden de Cl\u00e9rigos Regulares\",\"potentialAction\":[{\"@type\":\"SearchAction\",\"target\":{\"@type\":\"EntryPoint\",\"urlTemplate\":\"https:\/\/teatinos.org\/pt-br\/?s={search_term_string}\"},\"query-input\":{\"@type\":\"PropertyValueSpecification\",\"valueRequired\":true,\"valueName\":\"search_term_string\"}}],\"inLanguage\":\"fr-FR\"},{\"@type\":\"Person\",\"@id\":\"https:\/\/teatinos.org\/pt-br\/#\/schema\/person\/10193cb8ac6f163661033cf7ce9006a5\",\"name\":\"Community Manager\",\"url\":\"https:\/\/teatinos.org\/fr\/author\/pascual\/\"}]}<\/script>\n<!-- \/ Yoast SEO plugin. -->","yoast_head_json":{"title":"Ordination presbyt\u00e9rale de Diac. Jos\u00e9 Lorenzo de Maria, C.R. - Teatinos","robots":{"index":"index","follow":"follow","max-snippet":"max-snippet:-1","max-image-preview":"max-image-preview:large","max-video-preview":"max-video-preview:-1"},"canonical":"https:\/\/teatinos.org\/fr\/ordenacion-presbiteral-del-diac-jose-lorenzo-de-maria-c-r\/","og_locale":"fr_FR","og_type":"article","og_title":"Ordination presbyt\u00e9rale de Diac. Jos\u00e9 Lorenzo de Maria, C.R. - Teatinos","og_description":"L&rsquo;Ordre des Clercs R\u00e9guliers Th\u00e9atins, la Province Th\u00e9atine \u00ab\u00a0Paul VI\u00a0\u00bb du Br\u00e9sil, le Diacre Jos\u00e9 Lorenzo de Maria, C.R. et sa famille, invitent \u00e0 la c\u00e9l\u00e9bration eucharistique de son ordination sacerdotale, par l&rsquo;imposition des mains de Mgr Algacir Munhak, CS, \u00e9v\u00eaque dioc\u00e9sain de S\u00e3o Miguel Paulista. Le 1er juillet 2023,\u2026","og_url":"https:\/\/teatinos.org\/fr\/ordenacion-presbiteral-del-diac-jose-lorenzo-de-maria-c-r\/","og_site_name":"Teatinos","article_published_time":"2023-06-03T19:55:26+00:00","article_modified_time":"2023-06-03T20:00:49+00:00","og_image":[{"width":1080,"height":1080,"url":"https:\/\/teatinos.org\/wp-content\/uploads\/2023\/05\/Placa-Brasil-2023.png","type":"image\/png"}],"author":"Community Manager","twitter_card":"summary_large_image","twitter_misc":{"\u00c9crit par":"Community Manager","Dur\u00e9e de lecture estim\u00e9e":"1 minute"},"schema":{"@context":"https:\/\/schema.org","@graph":[{"@type":"WebPage","@id":"https:\/\/teatinos.org\/fr\/ordenacion-presbiteral-del-diac-jose-lorenzo-de-maria-c-r\/","url":"https:\/\/teatinos.org\/fr\/ordenacion-presbiteral-del-diac-jose-lorenzo-de-maria-c-r\/","name":"Ordination presbyt\u00e9rale de Diac. Jos\u00e9 Lorenzo de Maria, C.R. - Teatinos","isPartOf":{"@id":"https:\/\/teatinos.org\/pt-br\/#website"},"primaryImageOfPage":{"@id":"https:\/\/teatinos.org\/fr\/ordenacion-presbiteral-del-diac-jose-lorenzo-de-maria-c-r\/#primaryimage"},"image":{"@id":"https:\/\/teatinos.org\/fr\/ordenacion-presbiteral-del-diac-jose-lorenzo-de-maria-c-r\/#primaryimage"},"thumbnailUrl":"https:\/\/teatinos.org\/wp-content\/uploads\/2023\/05\/Placa-Brasil-2023.png","datePublished":"2023-06-03T19:55:26+00:00","dateModified":"2023-06-03T20:00:49+00:00","author":{"@id":"https:\/\/teatinos.org\/pt-br\/#\/schema\/person\/10193cb8ac6f163661033cf7ce9006a5"},"breadcrumb":{"@id":"https:\/\/teatinos.org\/fr\/ordenacion-presbiteral-del-diac-jose-lorenzo-de-maria-c-r\/#breadcrumb"},"inLanguage":"fr-FR","potentialAction":[{"@type":"ReadAction","target":["https:\/\/teatinos.org\/fr\/ordenacion-presbiteral-del-diac-jose-lorenzo-de-maria-c-r\/"]}]},{"@type":"ImageObject","inLanguage":"fr-FR","@id":"https:\/\/teatinos.org\/fr\/ordenacion-presbiteral-del-diac-jose-lorenzo-de-maria-c-r\/#primaryimage","url":"https:\/\/teatinos.org\/wp-content\/uploads\/2023\/05\/Placa-Brasil-2023.png","contentUrl":"https:\/\/teatinos.org\/wp-content\/uploads\/2023\/05\/Placa-Brasil-2023.png","width":1080,"height":1080},{"@type":"BreadcrumbList","@id":"https:\/\/teatinos.org\/fr\/ordenacion-presbiteral-del-diac-jose-lorenzo-de-maria-c-r\/#breadcrumb","itemListElement":[{"@type":"ListItem","position":1,"name":"Portada","item":"https:\/\/teatinos.org\/fr\/"},{"@type":"ListItem","position":2,"name":"Ordination presbyt\u00e9rale de Diac. Jos\u00e9 Lorenzo de Maria, C.R."}]},{"@type":"WebSite","@id":"https:\/\/teatinos.org\/pt-br\/#website","url":"https:\/\/teatinos.org\/pt-br\/","name":"Teatinos","description":"Orden de Cl\u00e9rigos Regulares","potentialAction":[{"@type":"SearchAction","target":{"@type":"EntryPoint","urlTemplate":"https:\/\/teatinos.org\/pt-br\/?s={search_term_string}"},"query-input":{"@type":"PropertyValueSpecification","valueRequired":true,"valueName":"search_term_string"}}],"inLanguage":"fr-FR"},{"@type":"Person","@id":"https:\/\/teatinos.org\/pt-br\/#\/schema\/person\/10193cb8ac6f163661033cf7ce9006a5","name":"Community Manager","url":"https:\/\/teatinos.org\/fr\/author\/pascual\/"}]}},"rttpg_featured_image_url":{"full":["https:\/\/teatinos.org\/wp-content\/uploads\/2023\/05\/Placa-Brasil-2023.png",1080,1080,false],"landscape":["https:\/\/teatinos.org\/wp-content\/uploads\/2023\/05\/Placa-Brasil-2023.png",1080,1080,false],"portraits":["https:\/\/teatinos.org\/wp-content\/uploads\/2023\/05\/Placa-Brasil-2023.png",1080,1080,false],"thumbnail":["https:\/\/teatinos.org\/wp-content\/uploads\/2023\/05\/Placa-Brasil-2023-150x150.png",150,150,true],"medium":["https:\/\/teatinos.org\/wp-content\/uploads\/2023\/05\/Placa-Brasil-2023-300x300.png",300,300,true],"large":["https:\/\/teatinos.org\/wp-content\/uploads\/2023\/05\/Placa-Brasil-2023-1024x1024.png",1000,1000,true],"1536x1536":["https:\/\/teatinos.org\/wp-content\/uploads\/2023\/05\/Placa-Brasil-2023.png",1080,1080,false],"2048x2048":["https:\/\/teatinos.org\/wp-content\/uploads\/2023\/05\/Placa-Brasil-2023.png",1080,1080,false]},"rttpg_author":{"display_name":"Community Manager","author_link":"https:\/\/teatinos.org\/fr\/author\/pascual\/"},"rttpg_comment":0,"rttpg_category":"<a href=\"https:\/\/teatinos.org\/fr\/category\/actualite\/\" rel=\"category tag\">Actualit\u00e9<\/a>","rttpg_excerpt":"L&rsquo;Ordre des Clercs R\u00e9guliers Th\u00e9atins, la Province Th\u00e9atine \u00ab\u00a0Paul VI\u00a0\u00bb du Br\u00e9sil, le Diacre Jos\u00e9 Lorenzo de Maria, C.R. et sa famille, invitent \u00e0 la c\u00e9l\u00e9bration eucharistique de son ordination sacerdotale, par l&rsquo;imposition des mains de Mgr Algacir Munhak, CS, \u00e9v\u00eaque dioc\u00e9sain de S\u00e3o Miguel Paulista. Le 1er juillet 2023,\u2026","_links":{"self":[{"href":"https:\/\/teatinos.org\/fr\/wp-json\/wp\/v2\/posts\/11602","targetHints":{"allow":["GET"]}}],"collection":[{"href":"https:\/\/teatinos.org\/fr\/wp-json\/wp\/v2\/posts"}],"about":[{"href":"https:\/\/teatinos.org\/fr\/wp-json\/wp\/v2\/types\/post"}],"author":[{"embeddable":true,"href":"https:\/\/teatinos.org\/fr\/wp-json\/wp\/v2\/users\/5"}],"replies":[{"embeddable":true,"href":"https:\/\/teatinos.org\/fr\/wp-json\/wp\/v2\/comments?post=11602"}],"version-history":[{"count":3,"href":"https:\/\/teatinos.org\/fr\/wp-json\/wp\/v2\/posts\/11602\/revisions"}],"predecessor-version":[{"id":11614,"href":"https:\/\/teatinos.org\/fr\/wp-json\/wp\/v2\/posts\/11602\/revisions\/11614"}],"wp:featuredmedia":[{"embeddable":true,"href":"https:\/\/teatinos.org\/fr\/wp-json\/wp\/v2\/media\/11531"}],"wp:attachment":[{"href":"https:\/\/teatinos.org\/fr\/wp-json\/wp\/v2\/media?parent=11602"}],"wp:term":[{"taxonomy":"category","embeddable":true,"href":"https:\/\/teatinos.org\/fr\/wp-json\/wp\/v2\/categories?post=11602"},{"taxonomy":"post_tag","embeddable":true,"href":"https:\/\/teatinos.org\/fr\/wp-json\/wp\/v2\/tags?post=11602"}],"curies":[{"name":"wp","href":"https:\/\/api.w.org\/{rel}","templated":true}]}}